{"id":110186,"date":"2020-05-24T20:16:21","date_gmt":"2020-05-24T23:16:21","guid":{"rendered":"https:\/\/experienciadevida.com.ar\/portalurbano\/?p=110186"},"modified":"2020-05-24T20:17:42","modified_gmt":"2020-05-24T23:17:42","slug":"marta-morales-juan-se-murio-en-mis-brazos","status":"publish","type":"post","link":"https:\/\/experienciadevida.com.ar\/portalurbano\/marta-morales-juan-se-murio-en-mis-brazos\/","title":{"rendered":"Marta Morales: \u201cJuan se muri\u00f3 en mis brazos\u201d"},"content":{"rendered":"<p><strong>En la Vuelta de Olavarr\u00eda de 1963, Marta Morales acompa\u00f1\u00f3 la agon\u00eda del nueve veces campe\u00f3n. A 57 a\u00f1os del episodio, sus recuerdos permanecen intactos. Estremecedor relato del accidente que se llev\u00f3 la vida del piloto m\u00e1s exitoso de la historia del TC.<\/strong><\/p>\n<hr \/>\n<p><b><i>\u00a0<\/i><\/b>\u201cJuan se muri\u00f3 en mis brazos\u201d. La frase, que ni aun en su viaje de m\u00e1s de medio siglo pierde su impacto inicial, es de Marta Morales,<strong> la vecina de nuestra ciudad<\/strong> que tuvo el \u201ctriste privilegio\u201d de sentir tan cerca como nadie la agon\u00eda de Juan G\u00e1lvez, el 3 de marzo de 1963.<\/p>\n<p><img decoding=\"async\" class=\"aligncenter wp-image-110188 size-full\" src=\"https:\/\/experienciadevida.com.ar\/portalurbano\/wp-content\/uploads\/2020\/05\/a6956813-marta3.jpg\" alt=\"\" width=\"714\" height=\"960\" srcset=\"https:\/\/experienciadevida.com.ar\/portalurbano\/wp-content\/uploads\/2020\/05\/a6956813-marta3.jpg 714w, https:\/\/experienciadevida.com.ar\/portalurbano\/wp-content\/uploads\/2020\/05\/a6956813-marta3-223x300.jpg 223w, https:\/\/experienciadevida.com.ar\/portalurbano\/wp-content\/uploads\/2020\/05\/a6956813-marta3-571x768.jpg 571w\" sizes=\"(max-width: 714px) 100vw, 714px\" \/><\/p>\n<p>Marta es una de ese pu\u00f1ado de personas que vieron el accidente del piloto m\u00e1s exitoso de la historia del Turismo Carretera, la categor\u00eda por excelencia del automovilismo argentino. Eran las 12.38 de aquel d\u00eda cuando G\u00e1lvez se esforzaba denodadamente por darles alcance a los anfitriones hermanos, Dante y Torcuato Emiliozzi, y terminaba despidi\u00e9ndose para siempre en la \u201cS\u201d del Camino de los Chilenos, a unos 30 kil\u00f3metros de Olavarr\u00eda.<\/p>\n<p>Un coche de culto en la historia del automovilismo nacional como la m\u00edtica coup\u00e9 Ford \u201939, pintada de azul y rojo y con la firma Atma como sponsor, mordi\u00f3 una alcantarilla con su rueda delantera izquierda antes de emprender un alocado vuelo que decant\u00f3 en la muerte de G\u00e1lvez, \u00fanico damnificado de consideraci\u00f3n, puesto que su acompa\u00f1ante Ra\u00fal Cottet tuvo \u201cun Dios aparte\u201d y result\u00f3 pr\u00e1cticamente ileso. Seg\u00fan diversos relatos, la nueva caja de cambios traicion\u00f3 a G\u00e1lvez, que tras un par de intentos infructuosos de colocar la segunda, termin\u00f3 transitando en tercera un sinuoso tramo que demandaba otro tipo de torque.<\/p>\n<p>G\u00e1lvez encaraba esa temporada 1963 en b\u00fasqueda de su d\u00e9cima consagraci\u00f3n en el TC, pese a que su auto ya estaba vendido antes de esa Vuelta de Olavarr\u00eda y a que hab\u00eda avisado que no afrontar\u00eda tan de lleno ese certamen, priorizando su familia y otros negocios. No quedar\u00eda espacio para esos proyectos, puesto que su vida se acabar\u00eda en su segundo accidente de consideraci\u00f3n (el anterior hab\u00eda sido en cercan\u00edas de Pergamino, en 1960).<\/p>\n<p>Su cuerpo agonizante yac\u00eda junto al auto, sobre el pastizal del campo de la familia Aramburu, que a la postre donar\u00eda una parcela para la construcci\u00f3n del monolito. Urgida por socorrer al m\u00faltiple campe\u00f3n y obedeciendo al desesperado pedido de su padre, hasta all\u00ed se acerc\u00f3 Marta Morales, quien sostuvo a G\u00e1lvez en sus \u00faltimos segundos. El hecho, tan lejano como conmovedor, naturalmente permanece intacto en el recuerdo de Marta, que en su di\u00e1logo con\u00a0<strong><em>El Eco de Tandil<\/em><\/strong>\u00a0ofreci\u00f3 un relato plet\u00f3rico de detalles:<\/p>\n<p>\u201cMi padre era muy fan\u00e1tico de Juan y Oscar G\u00e1lvez. \u00c9l iba a todas las carreras, donde ellos corr\u00edan \u00e9l estaba. En este caso, fue a ver la carrera a la \u2018S\u2019 y nos llev\u00f3 a nosotros, que no entend\u00edamos demasiado de automovilismo\u201d.<\/p>\n<p><strong>-\u00bfCu\u00e1n cerca de su casa fue el accidente?<\/strong><\/p>\n<p>-A unos 1.500 metros. Nos fuimos a pie hasta la curva en el carro porque era un campo bajo y, como el d\u00eda anterior hab\u00eda llovido, no pod\u00edamos transitar en auto. Con mis hermanos, nos ubicamos en una tranquera, cerquita de donde fue el accidente, vimos todo.<\/p>\n<p><strong>-El accidente fue en un camino de tierra, \u00bfcu\u00e1l era su estado?<\/strong><\/p>\n<p>-Hab\u00eda llovido el d\u00eda anterior, pero no demasiado, unos 25 \u00f3 30 mil\u00edmetros. Con el paso de los coches se fue afirmando, estaba en buenas condiciones.<\/p>\n<p><strong>-\u00bfC\u00f3mo fue el accidente?<\/strong><\/p>\n<p>-A trav\u00e9s de los a\u00f1os, van apareciendo versiones distintas entre s\u00ed. Hay gente que opina al respecto, sobre c\u00f3mo pudo haber sido. Pero la realidad es que los \u00fanicos que lo vimos fuimos mi familia y yo. Pasaron los Emiliozzi y, detr\u00e1s, ven\u00eda G\u00e1lvez. Su auto mordi\u00f3 la alcantarilla en ese tramo del circuito, una \u201cS\u201d muy cerrada que ya no existe. Fue as\u00ed que empez\u00f3 a dar una serie de tumbos de los que no me voy a olvidar nunca. Fue impresionante, Juan ven\u00eda muy r\u00e1pido. Nunca hab\u00eda visto ni he vuelto a ver a un auto en esa situaci\u00f3n.<\/p>\n<p><strong>-\u00bfA qu\u00e9 distancia del vuelco estaban ustedes?<\/strong><\/p>\n<p>-Ser\u00edan entre cien y doscientos metros. Mientras daba tumbos, al auto le colgaba algo, que no sab\u00edamos si era una puerta o uno de los cuerpos. Una, en la desesperaci\u00f3n, no ve con tanta claridad.<\/p>\n<p><strong>-\u00bfQu\u00e9 ocurri\u00f3 despu\u00e9s?<\/strong><\/p>\n<p>-Con el accidente, Cottet fue despedido del auto y qued\u00f3 muy lejos de \u00e9l. Cay\u00f3 sobre unos pajonales, desmayado boca abajo, en una zona en la que hab\u00eda agua. Mi pap\u00e1 fue de inmediato a auxiliarlo, aunque pens\u00f3 que era el cuerpo de G\u00e1lvez. Mis hermanos y yo est\u00e1bamos muy asustados. Recuerdo que mi pap\u00e1, desesperado, nos gritaba: \u201c\u00a1Busquen al otro, busquen al otro!\u201d. Al rato, con mis hermanos, encontramos a G\u00e1lvez. Estaba junto al auto. Le avisamos a mi pap\u00e1 y \u00e9l nos pregunt\u00f3 si estaba vivo. Le dijimos que s\u00ed, y nos pidi\u00f3 que lo levantemos. Lo tuve en brazos, mi hermano le afloj\u00f3 el cinto, Juan trataba desesperadamente de respirar y hac\u00eda un ruido horrible. En ese momento, sent\u00ed que su coraz\u00f3n lat\u00eda, pero fueron sus \u00faltimos instantes.<\/p>\n<p><strong>-\u00bfCu\u00e1ndo lo subieron al avi\u00f3n ya estaba muerto?\u00a0\u00a0<\/strong><\/p>\n<p>-Totalmente. Aunque no tengo registro del momento exacto en que falleci\u00f3, Juan muri\u00f3 en mis brazos. Con el tiempo, uno de sus hijos revel\u00f3 que en el accidente se hab\u00eda desnucado.<\/p>\n<p><strong>-\u00bfY Cottet?<\/strong><\/p>\n<p>-Una vez que recuper\u00f3 el conocimiento, a toda costa quer\u00eda acercarse al auto para ver a Juan, pero mi padre no lo dejaba, le dec\u00eda que G\u00e1lvez estaba bien y que lo iban a trasladar para atenderlo. Cottet insist\u00eda con que \u201ca Juan algo le pas\u00f3\u201d. Mi pap\u00e1 nos ped\u00eda que nos call\u00e1ramos y no dij\u00e9ramos nada sobre el estado de G\u00e1lvez, a esa altura nosotros ya sab\u00edamos que hab\u00eda fallecido. Mi pap\u00e1 quer\u00eda que fuera el m\u00e9dico u otra persona la que se lo comunique, que no se entere en ese momento por nosotros.<\/p>\n<p><strong>-Luego, vino la asistencia.<\/strong><\/p>\n<p>-Claro, a G\u00e1lvez lo subieron al avi\u00f3n desde el que se hac\u00eda una transmisi\u00f3n de radio, para llevarlo hasta Olavarr\u00eda. Y a Cottet lo trasladaron en una ambulancia. No hab\u00eda forma de convencerlo para que se suba, no quer\u00eda dejar el auto de ninguna manera. Mi padre le insisti\u00f3 en que se fuera, le prometi\u00f3 que nadie tocar\u00eda nada y que \u00e9l cuidar\u00eda el auto hasta que las autoridades de la carrera fueran a retirarlo. Enseguida, se llen\u00f3 de gente. Mi padre no se movi\u00f3 de al lado del auto hasta que vinieron a llev\u00e1rselo.<\/p>\n<p><strong>-\u00bfLe dej\u00f3 a usted secuelas psicol\u00f3gicas el episodio?<\/strong><\/p>\n<p>-No. En un primer momento fue algo fuerte, l\u00f3gico. Fue un susto terrible. Yo ten\u00eda 18 a\u00f1os, me hab\u00eda criado en el campo y no hab\u00eda visto ni por televisi\u00f3n algo de esa magnitud.<\/p>\n<p><strong>-\u00bfSigui\u00f3 en contacto con Cottet?<\/strong><\/p>\n<p>-S\u00ed. Ocho d\u00edas despu\u00e9s, volvi\u00f3 al lugar del accidente. Lleg\u00f3 acompa\u00f1ado de gente de Buenos Aires, con la cual al d\u00eda de hoy mantengo una amistad muy grande. Vinieron con el prop\u00f3sito de instalar el monolito. En esa visita, me cont\u00f3 detalles del accidente.<\/p>\n<p><strong>-\u00bfCu\u00e1les?<\/strong><\/p>\n<p>-Las \u00faltimas palabras de Juan fueron \u201cagarrate que los paso\u201d, en referencia a los Emiliozzi. Yo lo apreciaba mucho a Cottet. Una vez, en el cementerio de Chacarita, fui a visitar la tumba de G\u00e1lvez y me llev\u00e9 la sorpresa que la de Cottet estaba a su lado. Fue una alegr\u00eda inmensa ver que descansan juntos.<\/p>\n<p><strong>-\u00bfRegresa con frecuencia al lugar del accidente?<\/strong><\/p>\n<p>-S\u00ed. Pero, actualmente, vivo lejos de all\u00ed. Estoy por Hinojo. Suelo ir a limpiar el monolito, est\u00e1 muy abandonado, me duele mucho. Se han hecho muchas promesas de pol\u00edticos y directivos, pero no pasa nada, el lugar est\u00e1 muy feo. Dijeron que ser\u00eda reinstaurado, que se alambrar\u00eda el sector, pero nada\u2026<\/p>\n<p><strong>-\u00bfC\u00f3mo fue su encuentro con Oscar G\u00e1lvez?<\/strong><\/p>\n<p>-Nos present\u00f3 Corsi, el encargado de la construcci\u00f3n del monolito de Juan. Tambi\u00e9n era su auxilio y durante muchos a\u00f1os, el fot\u00f3grafo. Pas\u00e9 un mal momento, porque Oscar estaba furioso, no conmigo. No s\u00e9 por qu\u00e9, pero estaba muy enojado con la gente de Olavarr\u00eda, \u00e9l no quer\u00eda que Juan vaya a esa carrera. Cuando lo visit\u00e9, hab\u00eda muchos periodistas en su casa y Oscar descarg\u00f3 toda su bronca. Despu\u00e9s, hicimos una buena amistad, incluso estuve en su velatorio.<\/p>\n<p><strong>Desatado, por miedo al fuego<\/strong><\/p>\n<p>Un factor que bien pudo ser un desencadenante decisivo en su fallecimiento es la rotunda negativa de Juan G\u00e1lvez a correr atado.<\/p>\n<p>Haber visto de cerca c\u00f3mo un colega fallec\u00eda alcanzado por el fuego en una carrera al no poder despojarse del cintur\u00f3n de seguridad lo convenci\u00f3 de la idea.<\/p>\n<p>Aquel 3 de marzo de 1963, tanto \u00e9l como Cottet prescindieron de ese dispositivo de seguridad, que en esas \u00e9pocas presentaba, respecto a la actualidad, mayores dificultades a la hora del desprendimiento.<\/p>\n<p><strong>Una inigualable dinast\u00eda<\/strong><\/p>\n<p>Juan G\u00e1lvez estableci\u00f3 dentro del Turismo Carretera un reinado ajeno a cualquier comparaci\u00f3n.<\/p>\n<p>Con 9 t\u00edtulos y 56 victorias es el l\u00edder hist\u00f3rico en ambos apartados estad\u00edsticos. Pero, independientemente de ellos, sus n\u00fameros en t\u00e9rminos de eficacia son de una dimensi\u00f3n inusitada.<\/p>\n<p>Adem\u00e1s de esas nueve consagraciones (con dos pentacampeonatos), el porte\u00f1o fue cuatro veces subcampe\u00f3n, habiendo ocupado el primero o segundo lugar del certamen durante doce temporadas consecutivas. Descomunal.<\/p>\n<p>Y su foja de t\u00edtulos bien podr\u00eda haber sido mayor, de no mediar su fatal desenlace o la Segunda Guerra Mundial, suceso hist\u00f3rico que dej\u00f3 al Turismo Carretera sin actividad durante cinco a\u00f1os, comprendidos en medio de la carrera deportiva de G\u00e1lvez.<\/p>\n<p>Fuente: El Eco \/ Fernando Iziquierdo<\/p>\n","protected":false},"excerpt":{"rendered":"<p>En la Vuelta de Olavarr\u00eda de 1963, Marta Morales acompa\u00f1\u00f3 la agon\u00eda del nueve veces&#8230;<\/p>\n","protected":false},"author":1,"featured_media":110189,"comment_status":"open","ping_status":"open","sticky":false,"template":"","format":"standard","meta":{"content-type":""},"categories":[27,51],"tags":[],"nelio_content":{"isAutoShareEnabled":false,"autoShareEndMode":"default","automationSources":{"useContentSentences":true,"useSocialTemplates":true,"useCustomSentences":false,"customSentences":[]},"followers":[1],"suggestedReferences":[],"includedReferences":[],"efiUrl":"","efiAlt":"","highlights":[]},"yoast_head":"<!-- This site is optimized with the Yoast SEO plugin v20.7 - https:\/\/yoast.com\/wordpress\/plugins\/seo\/ -->\n<title>Marta Morales: \u201cJuan se muri\u00f3 en mis brazos\u201d -<\/title>\n<meta name=\"robots\" content=\"index, follow, max-snippet:-1, max-image-preview:large, max-video-preview:-1\" \/>\n<link rel=\"canonical\" href=\"https:\/\/experienciadevida.com.ar\/portalurbano\/marta-morales-juan-se-murio-en-mis-brazos\/\" \/>\n<meta property=\"og:locale\" content=\"es_ES\" \/>\n<meta property=\"og:type\" content=\"article\" \/>\n<meta property=\"og:title\" content=\"Marta Morales: \u201cJuan se muri\u00f3 en mis brazos\u201d -\" \/>\n<meta property=\"og:description\" content=\"En la Vuelta de Olavarr\u00eda de 1963, Marta Morales acompa\u00f1\u00f3 la agon\u00eda del nueve veces...\" \/>\n<meta property=\"og:url\" content=\"https:\/\/experienciadevida.com.ar\/portalurbano\/marta-morales-juan-se-murio-en-mis-brazos\/\" \/>\n<meta property=\"article:publisher\" content=\"https:\/\/www.facebook.com\/Portal-Urbano-171542830093757\/\" \/>\n<meta property=\"article:published_time\" content=\"2020-05-24T23:16:21+00:00\" \/>\n<meta property=\"article:modified_time\" content=\"2020-05-24T23:17:42+00:00\" \/>\n<meta property=\"og:image\" content=\"https:\/\/experienciadevida.com.ar\/portalurbano\/wp-content\/uploads\/2020\/05\/3-de-marzo-juan-galvez-820x510-2.jpg\" \/>\n\t<meta property=\"og:image:width\" content=\"820\" \/>\n\t<meta property=\"og:image:height\" content=\"510\" \/>\n\t<meta property=\"og:image:type\" content=\"image\/jpeg\" \/>\n<meta name=\"author\" content=\"admpu17wp\" \/>\n<meta name=\"twitter:card\" content=\"summary_large_image\" \/>\n<meta name=\"twitter:creator\" content=\"@portalurbanook\" \/>\n<meta name=\"twitter:site\" content=\"@portalurbanook\" \/>\n<meta name=\"twitter:label1\" content=\"Escrito por\" \/>\n\t<meta name=\"twitter:data1\" content=\"admpu17wp\" \/>\n\t<meta name=\"twitter:label2\" content=\"Tiempo de lectura\" \/>\n\t<meta name=\"twitter:data2\" content=\"9 minutos\" \/>\n<script type=\"application\/ld+json\" class=\"yoast-schema-graph\">{\"@context\":\"https:\/\/schema.org\",\"@graph\":[{\"@type\":\"Article\",\"@id\":\"https:\/\/experienciadevida.com.ar\/portalurbano\/marta-morales-juan-se-murio-en-mis-brazos\/#article\",\"isPartOf\":{\"@id\":\"https:\/\/experienciadevida.com.ar\/portalurbano\/marta-morales-juan-se-murio-en-mis-brazos\/\"},\"author\":{\"name\":\"admpu17wp\",\"@id\":\"https:\/\/experienciadevida.com.ar\/portalurbano\/#\/schema\/person\/02dd326b1c4b056e9cc972486934a3a7\"},\"headline\":\"Marta Morales: \u201cJuan se muri\u00f3 en mis brazos\u201d\",\"datePublished\":\"2020-05-24T23:16:21+00:00\",\"dateModified\":\"2020-05-24T23:17:42+00:00\",\"mainEntityOfPage\":{\"@id\":\"https:\/\/experienciadevida.com.ar\/portalurbano\/marta-morales-juan-se-murio-en-mis-brazos\/\"},\"wordCount\":1734,\"commentCount\":0,\"publisher\":{\"@id\":\"https:\/\/experienciadevida.com.ar\/portalurbano\/#organization\"},\"articleSection\":[\"Ciudad\",\"Destacadas\"],\"inLanguage\":\"es\",\"potentialAction\":[{\"@type\":\"CommentAction\",\"name\":\"Comment\",\"target\":[\"https:\/\/experienciadevida.com.ar\/portalurbano\/marta-morales-juan-se-murio-en-mis-brazos\/#respond\"]}]},{\"@type\":\"WebPage\",\"@id\":\"https:\/\/experienciadevida.com.ar\/portalurbano\/marta-morales-juan-se-murio-en-mis-brazos\/\",\"url\":\"https:\/\/experienciadevida.com.ar\/portalurbano\/marta-morales-juan-se-murio-en-mis-brazos\/\",\"name\":\"Marta Morales: \u201cJuan se muri\u00f3 en mis brazos\u201d -\",\"isPartOf\":{\"@id\":\"https:\/\/experienciadevida.com.ar\/portalurbano\/#website\"},\"datePublished\":\"2020-05-24T23:16:21+00:00\",\"dateModified\":\"2020-05-24T23:17:42+00:00\",\"breadcrumb\":{\"@id\":\"https:\/\/experienciadevida.com.ar\/portalurbano\/marta-morales-juan-se-murio-en-mis-brazos\/#breadcrumb\"},\"inLanguage\":\"es\",\"potentialAction\":[{\"@type\":\"ReadAction\",\"target\":[\"https:\/\/experienciadevida.com.ar\/portalurbano\/marta-morales-juan-se-murio-en-mis-brazos\/\"]}]},{\"@type\":\"BreadcrumbList\",\"@id\":\"https:\/\/experienciadevida.com.ar\/portalurbano\/marta-morales-juan-se-murio-en-mis-brazos\/#breadcrumb\",\"itemListElement\":[{\"@type\":\"ListItem\",\"position\":1,\"name\":\"Portada\",\"item\":\"https:\/\/experienciadevida.com.ar\/portalurbano\/\"},{\"@type\":\"ListItem\",\"position\":2,\"name\":\"Marta Morales: \u201cJuan se muri\u00f3 en mis brazos\u201d\"}]},{\"@type\":\"WebSite\",\"@id\":\"https:\/\/experienciadevida.com.ar\/portalurbano\/#website\",\"url\":\"https:\/\/experienciadevida.com.ar\/portalurbano\/\",\"name\":\"\",\"description\":\"\",\"publisher\":{\"@id\":\"https:\/\/experienciadevida.com.ar\/portalurbano\/#organization\"},\"potentialAction\":[{\"@type\":\"SearchAction\",\"target\":{\"@type\":\"EntryPoint\",\"urlTemplate\":\"https:\/\/experienciadevida.com.ar\/portalurbano\/?s={search_term_string}\"},\"query-input\":\"required name=search_term_string\"}],\"inLanguage\":\"es\"},{\"@type\":\"Organization\",\"@id\":\"https:\/\/experienciadevida.com.ar\/portalurbano\/#organization\",\"name\":\"Portal Urbano\",\"url\":\"https:\/\/experienciadevida.com.ar\/portalurbano\/\",\"logo\":{\"@type\":\"ImageObject\",\"inLanguage\":\"es\",\"@id\":\"https:\/\/experienciadevida.com.ar\/portalurbano\/#\/schema\/logo\/image\/\",\"url\":\"https:\/\/experienciadevida.com.ar\/portalurbano\/wp-content\/uploads\/2019\/09\/Logo-Original.png\",\"contentUrl\":\"https:\/\/experienciadevida.com.ar\/portalurbano\/wp-content\/uploads\/2019\/09\/Logo-Original.png\",\"width\":2236,\"height\":1216,\"caption\":\"Portal Urbano\"},\"image\":{\"@id\":\"https:\/\/experienciadevida.com.ar\/portalurbano\/#\/schema\/logo\/image\/\"},\"sameAs\":[\"https:\/\/www.facebook.com\/Portal-Urbano-171542830093757\/\",\"https:\/\/twitter.com\/portalurbanook\",\"https:\/\/www.instagram.com\/_portalurbano\/\",\"https:\/\/www.youtube.com\/channel\/UCXhagIfszH8KxFiOok79zbA?view_as=subscriber\"]},{\"@type\":\"Person\",\"@id\":\"https:\/\/experienciadevida.com.ar\/portalurbano\/#\/schema\/person\/02dd326b1c4b056e9cc972486934a3a7\",\"name\":\"admpu17wp\",\"image\":{\"@type\":\"ImageObject\",\"inLanguage\":\"es\",\"@id\":\"https:\/\/experienciadevida.com.ar\/portalurbano\/#\/schema\/person\/image\/\",\"url\":\"https:\/\/secure.gravatar.com\/avatar\/830d4c57adaae6630765e449a6908047?s=96&d=mm&r=g\",\"contentUrl\":\"https:\/\/secure.gravatar.com\/avatar\/830d4c57adaae6630765e449a6908047?s=96&d=mm&r=g\",\"caption\":\"admpu17wp\"}}]}<\/script>\n<!-- \/ Yoast SEO plugin. -->","yoast_head_json":{"title":"Marta Morales: \u201cJuan se muri\u00f3 en mis brazos\u201d -","robots":{"index":"index","follow":"follow","max-snippet":"max-snippet:-1","max-image-preview":"max-image-preview:large","max-video-preview":"max-video-preview:-1"},"canonical":"https:\/\/experienciadevida.com.ar\/portalurbano\/marta-morales-juan-se-murio-en-mis-brazos\/","og_locale":"es_ES","og_type":"article","og_title":"Marta Morales: \u201cJuan se muri\u00f3 en mis brazos\u201d -","og_description":"En la Vuelta de Olavarr\u00eda de 1963, Marta Morales acompa\u00f1\u00f3 la agon\u00eda del nueve veces...","og_url":"https:\/\/experienciadevida.com.ar\/portalurbano\/marta-morales-juan-se-murio-en-mis-brazos\/","article_publisher":"https:\/\/www.facebook.com\/Portal-Urbano-171542830093757\/","article_published_time":"2020-05-24T23:16:21+00:00","article_modified_time":"2020-05-24T23:17:42+00:00","og_image":[{"width":820,"height":510,"url":"https:\/\/experienciadevida.com.ar\/portalurbano\/wp-content\/uploads\/2020\/05\/3-de-marzo-juan-galvez-820x510-2.jpg","type":"image\/jpeg"}],"author":"admpu17wp","twitter_card":"summary_large_image","twitter_creator":"@portalurbanook","twitter_site":"@portalurbanook","twitter_misc":{"Escrito por":"admpu17wp","Tiempo de lectura":"9 minutos"},"schema":{"@context":"https:\/\/schema.org","@graph":[{"@type":"Article","@id":"https:\/\/experienciadevida.com.ar\/portalurbano\/marta-morales-juan-se-murio-en-mis-brazos\/#article","isPartOf":{"@id":"https:\/\/experienciadevida.com.ar\/portalurbano\/marta-morales-juan-se-murio-en-mis-brazos\/"},"author":{"name":"admpu17wp","@id":"https:\/\/experienciadevida.com.ar\/portalurbano\/#\/schema\/person\/02dd326b1c4b056e9cc972486934a3a7"},"headline":"Marta Morales: \u201cJuan se muri\u00f3 en mis brazos\u201d","datePublished":"2020-05-24T23:16:21+00:00","dateModified":"2020-05-24T23:17:42+00:00","mainEntityOfPage":{"@id":"https:\/\/experienciadevida.com.ar\/portalurbano\/marta-morales-juan-se-murio-en-mis-brazos\/"},"wordCount":1734,"commentCount":0,"publisher":{"@id":"https:\/\/experienciadevida.com.ar\/portalurbano\/#organization"},"articleSection":["Ciudad","Destacadas"],"inLanguage":"es","potentialAction":[{"@type":"CommentAction","name":"Comment","target":["https:\/\/experienciadevida.com.ar\/portalurbano\/marta-morales-juan-se-murio-en-mis-brazos\/#respond"]}]},{"@type":"WebPage","@id":"https:\/\/experienciadevida.com.ar\/portalurbano\/marta-morales-juan-se-murio-en-mis-brazos\/","url":"https:\/\/experienciadevida.com.ar\/portalurbano\/marta-morales-juan-se-murio-en-mis-brazos\/","name":"Marta Morales: \u201cJuan se muri\u00f3 en mis brazos\u201d -","isPartOf":{"@id":"https:\/\/experienciadevida.com.ar\/portalurbano\/#website"},"datePublished":"2020-05-24T23:16:21+00:00","dateModified":"2020-05-24T23:17:42+00:00","breadcrumb":{"@id":"https:\/\/experienciadevida.com.ar\/portalurbano\/marta-morales-juan-se-murio-en-mis-brazos\/#breadcrumb"},"inLanguage":"es","potentialAction":[{"@type":"ReadAction","target":["https:\/\/experienciadevida.com.ar\/portalurbano\/marta-morales-juan-se-murio-en-mis-brazos\/"]}]},{"@type":"BreadcrumbList","@id":"https:\/\/experienciadevida.com.ar\/portalurbano\/marta-morales-juan-se-murio-en-mis-brazos\/#breadcrumb","itemListElement":[{"@type":"ListItem","position":1,"name":"Portada","item":"https:\/\/experienciadevida.com.ar\/portalurbano\/"},{"@type":"ListItem","position":2,"name":"Marta Morales: \u201cJuan se muri\u00f3 en mis brazos\u201d"}]},{"@type":"WebSite","@id":"https:\/\/experienciadevida.com.ar\/portalurbano\/#website","url":"https:\/\/experienciadevida.com.ar\/portalurbano\/","name":"","description":"","publisher":{"@id":"https:\/\/experienciadevida.com.ar\/portalurbano\/#organization"},"potentialAction":[{"@type":"SearchAction","target":{"@type":"EntryPoint","urlTemplate":"https:\/\/experienciadevida.com.ar\/portalurbano\/?s={search_term_string}"},"query-input":"required name=search_term_string"}],"inLanguage":"es"},{"@type":"Organization","@id":"https:\/\/experienciadevida.com.ar\/portalurbano\/#organization","name":"Portal Urbano","url":"https:\/\/experienciadevida.com.ar\/portalurbano\/","logo":{"@type":"ImageObject","inLanguage":"es","@id":"https:\/\/experienciadevida.com.ar\/portalurbano\/#\/schema\/logo\/image\/","url":"https:\/\/experienciadevida.com.ar\/portalurbano\/wp-content\/uploads\/2019\/09\/Logo-Original.png","contentUrl":"https:\/\/experienciadevida.com.ar\/portalurbano\/wp-content\/uploads\/2019\/09\/Logo-Original.png","width":2236,"height":1216,"caption":"Portal Urbano"},"image":{"@id":"https:\/\/experienciadevida.com.ar\/portalurbano\/#\/schema\/logo\/image\/"},"sameAs":["https:\/\/www.facebook.com\/Portal-Urbano-171542830093757\/","https:\/\/twitter.com\/portalurbanook","https:\/\/www.instagram.com\/_portalurbano\/","https:\/\/www.youtube.com\/channel\/UCXhagIfszH8KxFiOok79zbA?view_as=subscriber"]},{"@type":"Person","@id":"https:\/\/experienciadevida.com.ar\/portalurbano\/#\/schema\/person\/02dd326b1c4b056e9cc972486934a3a7","name":"admpu17wp","image":{"@type":"ImageObject","inLanguage":"es","@id":"https:\/\/experienciadevida.com.ar\/portalurbano\/#\/schema\/person\/image\/","url":"https:\/\/secure.gravatar.com\/avatar\/830d4c57adaae6630765e449a6908047?s=96&d=mm&r=g","contentUrl":"https:\/\/secure.gravatar.com\/avatar\/830d4c57adaae6630765e449a6908047?s=96&d=mm&r=g","caption":"admpu17wp"}}]}},"featured_image_urls":{"full":["https:\/\/experienciadevida.com.ar\/portalurbano\/wp-content\/uploads\/2020\/05\/3-de-marzo-juan-galvez-820x510-2.jpg",820,510,false],"thumbnail":["https:\/\/experienciadevida.com.ar\/portalurbano\/wp-content\/uploads\/2020\/05\/3-de-marzo-juan-galvez-820x510-2-150x150.jpg",150,150,true],"medium":["https:\/\/experienciadevida.com.ar\/portalurbano\/wp-content\/uploads\/2020\/05\/3-de-marzo-juan-galvez-820x510-2-300x187.jpg",300,187,true],"medium_large":["https:\/\/experienciadevida.com.ar\/portalurbano\/wp-content\/uploads\/2020\/05\/3-de-marzo-juan-galvez-820x510-2-768x478.jpg",640,398,true],"large":["https:\/\/experienciadevida.com.ar\/portalurbano\/wp-content\/uploads\/2020\/05\/3-de-marzo-juan-galvez-820x510-2.jpg",640,398,false],"ug_big":["https:\/\/experienciadevida.com.ar\/portalurbano\/wp-content\/uploads\/2020\/05\/3-de-marzo-juan-galvez-820x510-2-768x478.jpg",768,478,true],"1536x1536":["https:\/\/experienciadevida.com.ar\/portalurbano\/wp-content\/uploads\/2020\/05\/3-de-marzo-juan-galvez-820x510-2.jpg",820,510,false],"2048x2048":["https:\/\/experienciadevida.com.ar\/portalurbano\/wp-content\/uploads\/2020\/05\/3-de-marzo-juan-galvez-820x510-2.jpg",820,510,false],"newsever-slider-full":["https:\/\/experienciadevida.com.ar\/portalurbano\/wp-content\/uploads\/2020\/05\/3-de-marzo-juan-galvez-820x510-2.jpg",820,510,false],"newsever-featured":["https:\/\/experienciadevida.com.ar\/portalurbano\/wp-content\/uploads\/2020\/05\/3-de-marzo-juan-galvez-820x510-2.jpg",820,510,false],"newsever-medium":["https:\/\/experienciadevida.com.ar\/portalurbano\/wp-content\/uploads\/2020\/05\/3-de-marzo-juan-galvez-820x510-2.jpg",720,448,false],"web-stories-poster-portrait":["https:\/\/experienciadevida.com.ar\/portalurbano\/wp-content\/uploads\/2020\/05\/3-de-marzo-juan-galvez-820x510-2.jpg",640,398,false],"web-stories-publisher-logo":["https:\/\/experienciadevida.com.ar\/portalurbano\/wp-content\/uploads\/2020\/05\/3-de-marzo-juan-galvez-820x510-2.jpg",96,60,false],"web-stories-thumbnail":["https:\/\/experienciadevida.com.ar\/portalurbano\/wp-content\/uploads\/2020\/05\/3-de-marzo-juan-galvez-820x510-2.jpg",150,93,false]},"author_info":{"display_name":"admpu17wp","author_link":"https:\/\/experienciadevida.com.ar\/portalurbano\/author\/admpu17wp\/"},"category_info":"<a href=\"https:\/\/experienciadevida.com.ar\/portalurbano\/category\/ciudad\/\" rel=\"category tag\">Ciudad<\/a> <a href=\"https:\/\/experienciadevida.com.ar\/portalurbano\/category\/destacadas\/\" rel=\"category tag\">Destacadas<\/a>","tag_info":"Destacadas","comment_count":"0","amp_enabled":true,"_links":{"self":[{"href":"https:\/\/experienciadevida.com.ar\/portalurbano\/wp-json\/wp\/v2\/posts\/110186"}],"collection":[{"href":"https:\/\/experienciadevida.com.ar\/portalurbano\/wp-json\/wp\/v2\/posts"}],"about":[{"href":"https:\/\/experienciadevida.com.ar\/portalurbano\/wp-json\/wp\/v2\/types\/post"}],"author":[{"embeddable":true,"href":"https:\/\/experienciadevida.com.ar\/portalurbano\/wp-json\/wp\/v2\/users\/1"}],"replies":[{"embeddable":true,"href":"https:\/\/experienciadevida.com.ar\/portalurbano\/wp-json\/wp\/v2\/comments?post=110186"}],"version-history":[{"count":2,"href":"https:\/\/experienciadevida.com.ar\/portalurbano\/wp-json\/wp\/v2\/posts\/110186\/revisions"}],"predecessor-version":[{"id":110191,"href":"https:\/\/experienciadevida.com.ar\/portalurbano\/wp-json\/wp\/v2\/posts\/110186\/revisions\/110191"}],"wp:featuredmedia":[{"embeddable":true,"href":"https:\/\/experienciadevida.com.ar\/portalurbano\/wp-json\/wp\/v2\/media\/110189"}],"wp:attachment":[{"href":"https:\/\/experienciadevida.com.ar\/portalurbano\/wp-json\/wp\/v2\/media?parent=110186"}],"wp:term":[{"taxonomy":"category","embeddable":true,"href":"https:\/\/experienciadevida.com.ar\/portalurbano\/wp-json\/wp\/v2\/categories?post=110186"},{"taxonomy":"post_tag","embeddable":true,"href":"https:\/\/experienciadevida.com.ar\/portalurbano\/wp-json\/wp\/v2\/tags?post=110186"}],"curies":[{"name":"wp","href":"https:\/\/api.w.org\/{rel}","templated":true}]}}