{"id":108837,"date":"2020-05-08T08:38:55","date_gmt":"2020-05-08T11:38:55","guid":{"rendered":"https:\/\/experienciadevida.com.ar\/portalurbano\/?p=108837"},"modified":"2020-05-08T08:38:55","modified_gmt":"2020-05-08T11:38:55","slug":"autorizan-a-ninos-y-ninas-de-hasta-12-anos-a-hacer-compras-junto-a-uno-de-sus-padres","status":"publish","type":"post","link":"https:\/\/experienciadevida.com.ar\/portalurbano\/autorizan-a-ninos-y-ninas-de-hasta-12-anos-a-hacer-compras-junto-a-uno-de-sus-padres\/","title":{"rendered":"Autorizan a ni\u00f1os y ni\u00f1as de hasta 12 a\u00f1os a hacer compras junto a uno de sus padres"},"content":{"rendered":"<p><strong>As\u00ed lo dispone la Resoluci\u00f3n 262 que lleva la firma del ministro de Desarrollo Social, Daniel Arroyo, publicada hoy en el Bolet\u00edn Oficial.<\/strong><\/p>\n<hr \/>\n<p>El Gobierno nacional autoriz\u00f3 este viernes que ni\u00f1os menores de 12 a\u00f1os puedan concurrir junto a uno de sus padres a los comercios de cercan\u00eda, cuando no puedan dejarlos en el hogar al cuidado de otro adulto responsable, en el marco del aislamiento.<\/p>\n<p>As\u00ed lo dispone la Resoluci\u00f3n 262 que lleva la firma del ministro de Desarrollo Social, Daniel Arroyo, publicada hoy en el Bolet\u00edn Oficial, en la previa al anuncio que esta tarde realizar\u00e1 el presidente Alberto Fern\u00e1ndez, donde dar\u00e1 a conocer detalles sobre la nueva fase de la cuarentena, que comienza el pr\u00f3ximo lunes.<\/p>\n<p>\u201cLas y los progenitores o la persona adulta responsable, se encuentran autorizados para ingresar con sus hijos e hijas, o ni\u00f1os o ni\u00f1as que se encuentren a su cargo, de hasta doce a\u00f1os de edad, a los comercios de cercan\u00eda habilitados para funcionar, de conformidad con las excepciones previstas en el ordenamiento vigente, siempre que no puedan dejarlos en el hogar al cuidado de otro adulto responsable\u201d, se\u00f1ala la norma.<\/p>\n<p>En los considerandos, la medida indica que, \u201ca partir de la experiencia recogida, se han realizado diversas interpretaciones\u201d acerca del alcance de la excepciones previstas al aislamiento y algunas \u201chan sido err\u00f3neas y han devenido en pr\u00e1cticas discriminatorias respecto de ni\u00f1os y ni\u00f1as, as\u00ed como de sus progenitoras, progenitores y cuidadores que se han visto impedidos de realizar algunas compras y tr\u00e1mites imprescindibles en establecimientos en las inmediaciones de sus hogares\u201d.<\/p>\n<p>\u201cEn consecuencia, deviene necesario precisar que en caso de familias que no tengan la posibilidad de dejar a ni\u00f1os o ni\u00f1as de hasta doce (12) a\u00f1os de edad, de acuerdo con el distingo efectuado por el art\u00edculo 25 del C\u00f3digo Civil y Comercial de la Naci\u00f3n respecto de las personas menores de edad, al cuidado de otro adulto responsable en ocasi\u00f3n de concurrir a los comercios de cercan\u00eda que se encuentran habilitados para funcionar, corresponde permitir su ingreso a dichos establecimientos, en compa\u00f1\u00eda de los ni\u00f1os y las ni\u00f1as a su cargo\u201d, concluye la disposici\u00f3n. (DIB) MCH<\/p>\n","protected":false},"excerpt":{"rendered":"<p>As\u00ed lo dispone la Resoluci\u00f3n 262 que lleva la firma del ministro de Desarrollo Social,&#8230;<\/p>\n","protected":false},"author":1,"featured_media":108838,"comment_status":"open","ping_status":"open","sticky":false,"template":"","format":"standard","meta":{"content-type":""},"categories":[27,51],"tags":[],"nelio_content":{"isAutoShareEnabled":false,"autoShareEndMode":"default","automationSources":{"useContentSentences":true,"useSocialTemplates":true,"useCustomSentences":false,"customSentences":[]},"followers":[1],"suggestedReferences":[],"includedReferences":[],"efiUrl":"","efiAlt":"","highlights":[]},"yoast_head":"<!-- This site is optimized with the Yoast SEO plugin v20.7 - https:\/\/yoast.com\/wordpress\/plugins\/seo\/ -->\n<title>Autorizan a ni\u00f1os y ni\u00f1as de hasta 12 a\u00f1os a hacer compras junto a uno de sus padres -<\/title>\n<meta name=\"robots\" content=\"index, follow, max-snippet:-1, max-image-preview:large, max-video-preview:-1\" \/>\n<link rel=\"canonical\" href=\"https:\/\/experienciadevida.com.ar\/portalurbano\/autorizan-a-ninos-y-ninas-de-hasta-12-anos-a-hacer-compras-junto-a-uno-de-sus-padres\/\" \/>\n<meta property=\"og:locale\" content=\"es_ES\" \/>\n<meta property=\"og:type\" content=\"article\" \/>\n<meta property=\"og:title\" content=\"Autorizan a ni\u00f1os y ni\u00f1as de hasta 12 a\u00f1os a hacer compras junto a uno de sus padres -\" \/>\n<meta property=\"og:description\" content=\"As\u00ed lo dispone la Resoluci\u00f3n 262 que lleva la firma del ministro de Desarrollo Social,...\" \/>\n<meta property=\"og:url\" content=\"https:\/\/experienciadevida.com.ar\/portalurbano\/autorizan-a-ninos-y-ninas-de-hasta-12-anos-a-hacer-compras-junto-a-uno-de-sus-padres\/\" \/>\n<meta property=\"article:publisher\" content=\"https:\/\/www.facebook.com\/Portal-Urbano-171542830093757\/\" \/>\n<meta property=\"article:published_time\" content=\"2020-05-08T11:38:55+00:00\" \/>\n<meta property=\"og:image\" content=\"https:\/\/experienciadevida.com.ar\/portalurbano\/wp-content\/uploads\/2020\/05\/madre-e-hijo.jpg\" \/>\n\t<meta property=\"og:image:width\" content=\"746\" \/>\n\t<meta property=\"og:image:height\" content=\"420\" \/>\n\t<meta property=\"og:image:type\" content=\"image\/jpeg\" \/>\n<meta name=\"author\" content=\"admpu17wp\" \/>\n<meta name=\"twitter:card\" content=\"summary_large_image\" \/>\n<meta name=\"twitter:creator\" content=\"@portalurbanook\" \/>\n<meta name=\"twitter:site\" content=\"@portalurbanook\" \/>\n<meta name=\"twitter:label1\" content=\"Escrito por\" \/>\n\t<meta name=\"twitter:data1\" content=\"admpu17wp\" \/>\n\t<meta name=\"twitter:label2\" content=\"Tiempo de lectura\" \/>\n\t<meta name=\"twitter:data2\" content=\"2 minutos\" \/>\n<script type=\"application\/ld+json\" class=\"yoast-schema-graph\">{\"@context\":\"https:\/\/schema.org\",\"@graph\":[{\"@type\":\"Article\",\"@id\":\"https:\/\/experienciadevida.com.ar\/portalurbano\/autorizan-a-ninos-y-ninas-de-hasta-12-anos-a-hacer-compras-junto-a-uno-de-sus-padres\/#article\",\"isPartOf\":{\"@id\":\"https:\/\/experienciadevida.com.ar\/portalurbano\/autorizan-a-ninos-y-ninas-de-hasta-12-anos-a-hacer-compras-junto-a-uno-de-sus-padres\/\"},\"author\":{\"name\":\"admpu17wp\",\"@id\":\"https:\/\/experienciadevida.com.ar\/portalurbano\/#\/schema\/person\/02dd326b1c4b056e9cc972486934a3a7\"},\"headline\":\"Autorizan a ni\u00f1os y ni\u00f1as de hasta 12 a\u00f1os a hacer compras junto a uno de sus padres\",\"datePublished\":\"2020-05-08T11:38:55+00:00\",\"dateModified\":\"2020-05-08T11:38:55+00:00\",\"mainEntityOfPage\":{\"@id\":\"https:\/\/experienciadevida.com.ar\/portalurbano\/autorizan-a-ninos-y-ninas-de-hasta-12-anos-a-hacer-compras-junto-a-uno-de-sus-padres\/\"},\"wordCount\":403,\"commentCount\":1,\"publisher\":{\"@id\":\"https:\/\/experienciadevida.com.ar\/portalurbano\/#organization\"},\"articleSection\":[\"Ciudad\",\"Destacadas\"],\"inLanguage\":\"es\",\"potentialAction\":[{\"@type\":\"CommentAction\",\"name\":\"Comment\",\"target\":[\"https:\/\/experienciadevida.com.ar\/portalurbano\/autorizan-a-ninos-y-ninas-de-hasta-12-anos-a-hacer-compras-junto-a-uno-de-sus-padres\/#respond\"]}]},{\"@type\":\"WebPage\",\"@id\":\"https:\/\/experienciadevida.com.ar\/portalurbano\/autorizan-a-ninos-y-ninas-de-hasta-12-anos-a-hacer-compras-junto-a-uno-de-sus-padres\/\",\"url\":\"https:\/\/experienciadevida.com.ar\/portalurbano\/autorizan-a-ninos-y-ninas-de-hasta-12-anos-a-hacer-compras-junto-a-uno-de-sus-padres\/\",\"name\":\"Autorizan a ni\u00f1os y ni\u00f1as de hasta 12 a\u00f1os a hacer compras junto a uno de sus padres -\",\"isPartOf\":{\"@id\":\"https:\/\/experienciadevida.com.ar\/portalurbano\/#website\"},\"datePublished\":\"2020-05-08T11:38:55+00:00\",\"dateModified\":\"2020-05-08T11:38:55+00:00\",\"breadcrumb\":{\"@id\":\"https:\/\/experienciadevida.com.ar\/portalurbano\/autorizan-a-ninos-y-ninas-de-hasta-12-anos-a-hacer-compras-junto-a-uno-de-sus-padres\/#breadcrumb\"},\"inLanguage\":\"es\",\"potentialAction\":[{\"@type\":\"ReadAction\",\"target\":[\"https:\/\/experienciadevida.com.ar\/portalurbano\/autorizan-a-ninos-y-ninas-de-hasta-12-anos-a-hacer-compras-junto-a-uno-de-sus-padres\/\"]}]},{\"@type\":\"BreadcrumbList\",\"@id\":\"https:\/\/experienciadevida.com.ar\/portalurbano\/autorizan-a-ninos-y-ninas-de-hasta-12-anos-a-hacer-compras-junto-a-uno-de-sus-padres\/#breadcrumb\",\"itemListElement\":[{\"@type\":\"ListItem\",\"position\":1,\"name\":\"Portada\",\"item\":\"https:\/\/experienciadevida.com.ar\/portalurbano\/\"},{\"@type\":\"ListItem\",\"position\":2,\"name\":\"Autorizan a ni\u00f1os y ni\u00f1as de hasta 12 a\u00f1os a hacer compras junto a uno de sus padres\"}]},{\"@type\":\"WebSite\",\"@id\":\"https:\/\/experienciadevida.com.ar\/portalurbano\/#website\",\"url\":\"https:\/\/experienciadevida.com.ar\/portalurbano\/\",\"name\":\"\",\"description\":\"\",\"publisher\":{\"@id\":\"https:\/\/experienciadevida.com.ar\/portalurbano\/#organization\"},\"potentialAction\":[{\"@type\":\"SearchAction\",\"target\":{\"@type\":\"EntryPoint\",\"urlTemplate\":\"https:\/\/experienciadevida.com.ar\/portalurbano\/?s={search_term_string}\"},\"query-input\":\"required name=search_term_string\"}],\"inLanguage\":\"es\"},{\"@type\":\"Organization\",\"@id\":\"https:\/\/experienciadevida.com.ar\/portalurbano\/#organization\",\"name\":\"Portal Urbano\",\"url\":\"https:\/\/experienciadevida.com.ar\/portalurbano\/\",\"logo\":{\"@type\":\"ImageObject\",\"inLanguage\":\"es\",\"@id\":\"https:\/\/experienciadevida.com.ar\/portalurbano\/#\/schema\/logo\/image\/\",\"url\":\"https:\/\/experienciadevida.com.ar\/portalurbano\/wp-content\/uploads\/2019\/09\/Logo-Original.png\",\"contentUrl\":\"https:\/\/experienciadevida.com.ar\/portalurbano\/wp-content\/uploads\/2019\/09\/Logo-Original.png\",\"width\":2236,\"height\":1216,\"caption\":\"Portal Urbano\"},\"image\":{\"@id\":\"https:\/\/experienciadevida.com.ar\/portalurbano\/#\/schema\/logo\/image\/\"},\"sameAs\":[\"https:\/\/www.facebook.com\/Portal-Urbano-171542830093757\/\",\"https:\/\/twitter.com\/portalurbanook\",\"https:\/\/www.instagram.com\/_portalurbano\/\",\"https:\/\/www.youtube.com\/channel\/UCXhagIfszH8KxFiOok79zbA?view_as=subscriber\"]},{\"@type\":\"Person\",\"@id\":\"https:\/\/experienciadevida.com.ar\/portalurbano\/#\/schema\/person\/02dd326b1c4b056e9cc972486934a3a7\",\"name\":\"admpu17wp\",\"image\":{\"@type\":\"ImageObject\",\"inLanguage\":\"es\",\"@id\":\"https:\/\/experienciadevida.com.ar\/portalurbano\/#\/schema\/person\/image\/\",\"url\":\"https:\/\/secure.gravatar.com\/avatar\/830d4c57adaae6630765e449a6908047?s=96&d=mm&r=g\",\"contentUrl\":\"https:\/\/secure.gravatar.com\/avatar\/830d4c57adaae6630765e449a6908047?s=96&d=mm&r=g\",\"caption\":\"admpu17wp\"}}]}<\/script>\n<!-- \/ Yoast SEO plugin. -->","yoast_head_json":{"title":"Autorizan a ni\u00f1os y ni\u00f1as de hasta 12 a\u00f1os a hacer compras junto a uno de sus padres -","robots":{"index":"index","follow":"follow","max-snippet":"max-snippet:-1","max-image-preview":"max-image-preview:large","max-video-preview":"max-video-preview:-1"},"canonical":"https:\/\/experienciadevida.com.ar\/portalurbano\/autorizan-a-ninos-y-ninas-de-hasta-12-anos-a-hacer-compras-junto-a-uno-de-sus-padres\/","og_locale":"es_ES","og_type":"article","og_title":"Autorizan a ni\u00f1os y ni\u00f1as de hasta 12 a\u00f1os a hacer compras junto a uno de sus padres -","og_description":"As\u00ed lo dispone la Resoluci\u00f3n 262 que lleva la firma del ministro de Desarrollo Social,...","og_url":"https:\/\/experienciadevida.com.ar\/portalurbano\/autorizan-a-ninos-y-ninas-de-hasta-12-anos-a-hacer-compras-junto-a-uno-de-sus-padres\/","article_publisher":"https:\/\/www.facebook.com\/Portal-Urbano-171542830093757\/","article_published_time":"2020-05-08T11:38:55+00:00","og_image":[{"width":746,"height":420,"url":"https:\/\/experienciadevida.com.ar\/portalurbano\/wp-content\/uploads\/2020\/05\/madre-e-hijo.jpg","type":"image\/jpeg"}],"author":"admpu17wp","twitter_card":"summary_large_image","twitter_creator":"@portalurbanook","twitter_site":"@portalurbanook","twitter_misc":{"Escrito por":"admpu17wp","Tiempo de lectura":"2 minutos"},"schema":{"@context":"https:\/\/schema.org","@graph":[{"@type":"Article","@id":"https:\/\/experienciadevida.com.ar\/portalurbano\/autorizan-a-ninos-y-ninas-de-hasta-12-anos-a-hacer-compras-junto-a-uno-de-sus-padres\/#article","isPartOf":{"@id":"https:\/\/experienciadevida.com.ar\/portalurbano\/autorizan-a-ninos-y-ninas-de-hasta-12-anos-a-hacer-compras-junto-a-uno-de-sus-padres\/"},"author":{"name":"admpu17wp","@id":"https:\/\/experienciadevida.com.ar\/portalurbano\/#\/schema\/person\/02dd326b1c4b056e9cc972486934a3a7"},"headline":"Autorizan a ni\u00f1os y ni\u00f1as de hasta 12 a\u00f1os a hacer compras junto a uno de sus padres","datePublished":"2020-05-08T11:38:55+00:00","dateModified":"2020-05-08T11:38:55+00:00","mainEntityOfPage":{"@id":"https:\/\/experienciadevida.com.ar\/portalurbano\/autorizan-a-ninos-y-ninas-de-hasta-12-anos-a-hacer-compras-junto-a-uno-de-sus-padres\/"},"wordCount":403,"commentCount":1,"publisher":{"@id":"https:\/\/experienciadevida.com.ar\/portalurbano\/#organization"},"articleSection":["Ciudad","Destacadas"],"inLanguage":"es","potentialAction":[{"@type":"CommentAction","name":"Comment","target":["https:\/\/experienciadevida.com.ar\/portalurbano\/autorizan-a-ninos-y-ninas-de-hasta-12-anos-a-hacer-compras-junto-a-uno-de-sus-padres\/#respond"]}]},{"@type":"WebPage","@id":"https:\/\/experienciadevida.com.ar\/portalurbano\/autorizan-a-ninos-y-ninas-de-hasta-12-anos-a-hacer-compras-junto-a-uno-de-sus-padres\/","url":"https:\/\/experienciadevida.com.ar\/portalurbano\/autorizan-a-ninos-y-ninas-de-hasta-12-anos-a-hacer-compras-junto-a-uno-de-sus-padres\/","name":"Autorizan a ni\u00f1os y ni\u00f1as de hasta 12 a\u00f1os a hacer compras junto a uno de sus padres -","isPartOf":{"@id":"https:\/\/experienciadevida.com.ar\/portalurbano\/#website"},"datePublished":"2020-05-08T11:38:55+00:00","dateModified":"2020-05-08T11:38:55+00:00","breadcrumb":{"@id":"https:\/\/experienciadevida.com.ar\/portalurbano\/autorizan-a-ninos-y-ninas-de-hasta-12-anos-a-hacer-compras-junto-a-uno-de-sus-padres\/#breadcrumb"},"inLanguage":"es","potentialAction":[{"@type":"ReadAction","target":["https:\/\/experienciadevida.com.ar\/portalurbano\/autorizan-a-ninos-y-ninas-de-hasta-12-anos-a-hacer-compras-junto-a-uno-de-sus-padres\/"]}]},{"@type":"BreadcrumbList","@id":"https:\/\/experienciadevida.com.ar\/portalurbano\/autorizan-a-ninos-y-ninas-de-hasta-12-anos-a-hacer-compras-junto-a-uno-de-sus-padres\/#breadcrumb","itemListElement":[{"@type":"ListItem","position":1,"name":"Portada","item":"https:\/\/experienciadevida.com.ar\/portalurbano\/"},{"@type":"ListItem","position":2,"name":"Autorizan a ni\u00f1os y ni\u00f1as de hasta 12 a\u00f1os a hacer compras junto a uno de sus padres"}]},{"@type":"WebSite","@id":"https:\/\/experienciadevida.com.ar\/portalurbano\/#website","url":"https:\/\/experienciadevida.com.ar\/portalurbano\/","name":"","description":"","publisher":{"@id":"https:\/\/experienciadevida.com.ar\/portalurbano\/#organization"},"potentialAction":[{"@type":"SearchAction","target":{"@type":"EntryPoint","urlTemplate":"https:\/\/experienciadevida.com.ar\/portalurbano\/?s={search_term_string}"},"query-input":"required name=search_term_string"}],"inLanguage":"es"},{"@type":"Organization","@id":"https:\/\/experienciadevida.com.ar\/portalurbano\/#organization","name":"Portal Urbano","url":"https:\/\/experienciadevida.com.ar\/portalurbano\/","logo":{"@type":"ImageObject","inLanguage":"es","@id":"https:\/\/experienciadevida.com.ar\/portalurbano\/#\/schema\/logo\/image\/","url":"https:\/\/experienciadevida.com.ar\/portalurbano\/wp-content\/uploads\/2019\/09\/Logo-Original.png","contentUrl":"https:\/\/experienciadevida.com.ar\/portalurbano\/wp-content\/uploads\/2019\/09\/Logo-Original.png","width":2236,"height":1216,"caption":"Portal Urbano"},"image":{"@id":"https:\/\/experienciadevida.com.ar\/portalurbano\/#\/schema\/logo\/image\/"},"sameAs":["https:\/\/www.facebook.com\/Portal-Urbano-171542830093757\/","https:\/\/twitter.com\/portalurbanook","https:\/\/www.instagram.com\/_portalurbano\/","https:\/\/www.youtube.com\/channel\/UCXhagIfszH8KxFiOok79zbA?view_as=subscriber"]},{"@type":"Person","@id":"https:\/\/experienciadevida.com.ar\/portalurbano\/#\/schema\/person\/02dd326b1c4b056e9cc972486934a3a7","name":"admpu17wp","image":{"@type":"ImageObject","inLanguage":"es","@id":"https:\/\/experienciadevida.com.ar\/portalurbano\/#\/schema\/person\/image\/","url":"https:\/\/secure.gravatar.com\/avatar\/830d4c57adaae6630765e449a6908047?s=96&d=mm&r=g","contentUrl":"https:\/\/secure.gravatar.com\/avatar\/830d4c57adaae6630765e449a6908047?s=96&d=mm&r=g","caption":"admpu17wp"}}]}},"featured_image_urls":{"full":["https:\/\/experienciadevida.com.ar\/portalurbano\/wp-content\/uploads\/2020\/05\/madre-e-hijo.jpg",746,420,false],"thumbnail":["https:\/\/experienciadevida.com.ar\/portalurbano\/wp-content\/uploads\/2020\/05\/madre-e-hijo-150x150.jpg",150,150,true],"medium":["https:\/\/experienciadevida.com.ar\/portalurbano\/wp-content\/uploads\/2020\/05\/madre-e-hijo-300x169.jpg",300,169,true],"medium_large":["https:\/\/experienciadevida.com.ar\/portalurbano\/wp-content\/uploads\/2020\/05\/madre-e-hijo.jpg",640,360,false],"large":["https:\/\/experienciadevida.com.ar\/portalurbano\/wp-content\/uploads\/2020\/05\/madre-e-hijo.jpg",640,360,false],"ug_big":["https:\/\/experienciadevida.com.ar\/portalurbano\/wp-content\/uploads\/2020\/05\/madre-e-hijo.jpg",746,420,false],"1536x1536":["https:\/\/experienciadevida.com.ar\/portalurbano\/wp-content\/uploads\/2020\/05\/madre-e-hijo.jpg",746,420,false],"2048x2048":["https:\/\/experienciadevida.com.ar\/portalurbano\/wp-content\/uploads\/2020\/05\/madre-e-hijo.jpg",746,420,false],"newsever-slider-full":["https:\/\/experienciadevida.com.ar\/portalurbano\/wp-content\/uploads\/2020\/05\/madre-e-hijo.jpg",746,420,false],"newsever-featured":["https:\/\/experienciadevida.com.ar\/portalurbano\/wp-content\/uploads\/2020\/05\/madre-e-hijo.jpg",746,420,false],"newsever-medium":["https:\/\/experienciadevida.com.ar\/portalurbano\/wp-content\/uploads\/2020\/05\/madre-e-hijo.jpg",720,405,false],"web-stories-poster-portrait":["https:\/\/experienciadevida.com.ar\/portalurbano\/wp-content\/uploads\/2020\/05\/madre-e-hijo.jpg",640,360,false],"web-stories-publisher-logo":["https:\/\/experienciadevida.com.ar\/portalurbano\/wp-content\/uploads\/2020\/05\/madre-e-hijo.jpg",96,54,false],"web-stories-thumbnail":["https:\/\/experienciadevida.com.ar\/portalurbano\/wp-content\/uploads\/2020\/05\/madre-e-hijo.jpg",150,84,false]},"author_info":{"display_name":"admpu17wp","author_link":"https:\/\/experienciadevida.com.ar\/portalurbano\/author\/admpu17wp\/"},"category_info":"<a href=\"https:\/\/experienciadevida.com.ar\/portalurbano\/category\/ciudad\/\" rel=\"category tag\">Ciudad<\/a> <a href=\"https:\/\/experienciadevida.com.ar\/portalurbano\/category\/destacadas\/\" rel=\"category tag\">Destacadas<\/a>","tag_info":"Destacadas","comment_count":"1","amp_enabled":true,"_links":{"self":[{"href":"https:\/\/experienciadevida.com.ar\/portalurbano\/wp-json\/wp\/v2\/posts\/108837"}],"collection":[{"href":"https:\/\/experienciadevida.com.ar\/portalurbano\/wp-json\/wp\/v2\/posts"}],"about":[{"href":"https:\/\/experienciadevida.com.ar\/portalurbano\/wp-json\/wp\/v2\/types\/post"}],"author":[{"embeddable":true,"href":"https:\/\/experienciadevida.com.ar\/portalurbano\/wp-json\/wp\/v2\/users\/1"}],"replies":[{"embeddable":true,"href":"https:\/\/experienciadevida.com.ar\/portalurbano\/wp-json\/wp\/v2\/comments?post=108837"}],"version-history":[{"count":1,"href":"https:\/\/experienciadevida.com.ar\/portalurbano\/wp-json\/wp\/v2\/posts\/108837\/revisions"}],"predecessor-version":[{"id":108839,"href":"https:\/\/experienciadevida.com.ar\/portalurbano\/wp-json\/wp\/v2\/posts\/108837\/revisions\/108839"}],"wp:featuredmedia":[{"embeddable":true,"href":"https:\/\/experienciadevida.com.ar\/portalurbano\/wp-json\/wp\/v2\/media\/108838"}],"wp:attachment":[{"href":"https:\/\/experienciadevida.com.ar\/portalurbano\/wp-json\/wp\/v2\/media?parent=108837"}],"wp:term":[{"taxonomy":"category","embeddable":true,"href":"https:\/\/experienciadevida.com.ar\/portalurbano\/wp-json\/wp\/v2\/categories?post=108837"},{"taxonomy":"post_tag","embeddable":true,"href":"https:\/\/experienciadevida.com.ar\/portalurbano\/wp-json\/wp\/v2\/tags?post=108837"}],"curies":[{"name":"wp","href":"https:\/\/api.w.org\/{rel}","templated":true}]}}