{"id":107443,"date":"2020-04-21T18:18:57","date_gmt":"2020-04-21T21:18:57","guid":{"rendered":"https:\/\/experienciadevida.com.ar\/portalurbano\/?p=107443"},"modified":"2020-04-21T18:19:55","modified_gmt":"2020-04-21T21:19:55","slug":"anses-suspende-el-pago-de-creditos-hasta-junio-y-habilita-tramites-virtuales","status":"publish","type":"post","link":"https:\/\/experienciadevida.com.ar\/portalurbano\/anses-suspende-el-pago-de-creditos-hasta-junio-y-habilita-tramites-virtuales\/","title":{"rendered":"Anses suspende el pago de cr\u00e9ditos hasta junio y habilita tr\u00e1mites virtuales"},"content":{"rendered":"<p>Lo confirm\u00f3 su titular, Alejandro Vanoli. La medida beneficia a m\u00e1s de 5,6 millones de jubilados y tiene un costo para el Estado de $8 mil millones. Adem\u00e1s, inform\u00f3 que se habilitar\u00e1 la realizaci\u00f3n de tr\u00e1mites a trav\u00e9s de la p\u00e1gina web.<\/p>\n<p>El director ejecutivo de ANSES, Alejandro Vanoli, anunci\u00f3 la suspensi\u00f3n hasta el 30 de junio del cobro de cr\u00e9ditos ANSES para jubilados y pensionados. Vanoli, anunci\u00f3 que los 5,6 millones de jubilados, pensionados y titulares de otros beneficios que est\u00e1n endeudados con el organismo no deber\u00e1n pagar las cuotas de sus cr\u00e9ditos vigentes durante junio.<\/p>\n<p>La medida implicar\u00e1 &#8220;un esfuerzo para el Estado nacional&#8221; de $8.800 millones y significar\u00e1 &#8220;un alivio muy importante&#8221; de 3.000 pesos m\u00e1s en el bolsillo, detall\u00f3 el funcionario.<\/p>\n<p>Vanoli destac\u00f3 que el primer trimestre &#8220;los jubilados de la m\u00ednima, la AUH y las distintas pensiones tuvieron un aumento del 13%&#8221;, mientras que &#8220;la tasa de inflaci\u00f3n del trimestre fue de 7,8%&#8221;, dijo.<\/p>\n<p>&#8220;Los objetivos fundamentales de la pol\u00edtica econ\u00f3mica est\u00e1n orientados a empezar a paliar la situaci\u00f3n muy dif\u00edcil que est\u00e1n viviendo los sectores m\u00e1s vulnerables&#8221;, remarc\u00f3 el director ejecutivo de Anses.<\/p>\n<p>Pago de la IFE:<\/p>\n<p>Por otra parte, Vanoli confirm\u00f3 que este martes 21 de abril, comenz\u00f3 a acreditarse el monto del Ingreso Familiar de Emergencia (IFE) a las personas que habi\u00e9ndose inscripto entre el 27 y 31 de marzo seleccionaron la opci\u00f3n de cobro por CBU, entre el 11 y el 15 de abril pasados.<\/p>\n<p>El esquema de pago es el siguiente: martes 21, DNI terminados en 0; mi\u00e9rcoles 22, en 1; jueves 23, en 2; viernes 24, en 3; lunes 27, en 4; martes 28; en 5; mi\u00e9rcoles 29, en 6; jueves 30; en 7; lunes 4 de mayo, terminados en 8 y martes 5, en 9.<\/p>\n<p>Elegir una opci\u00f3n:<\/p>\n<p>Adem\u00e1s, Vanoli afirm\u00f3 que &#8220;a partir del 6 de mayo, empiezan a cobrar quienes eligieron otras opciones de pago, cuya elecci\u00f3n termin\u00f3 este lunes&#8221;, dijo el funcionario y agreg\u00f3 que son &#8220;cuatro millones de personas que eligieron diferentes modalidades de pago y hubo un remanente de ciudadanos que no hicieron uso de opci\u00f3n, por lo que\u00a0decidimos que a partir del lunes 27 de abril, van a tener otra oportunidad para aquellos a quienes les corresponda el IFE y no eligieron el m\u00e9todo de pago&#8221;, resalt\u00f3 el titular de la Anses.<\/p>\n<p>Tr\u00e1mites:<\/p>\n<p>El titular de la Anses afirm\u00f3 que tambi\u00e9n se habilitar\u00e1 la atenci\u00f3n virtual para actualizar determinados datos necesarios para acceder a diferentes beneficios que otorga el organismo. &#8220;A partir de este mi\u00e9rcoles, se habilita el mecanismo de atenci\u00f3n virtual de Anses, para quienes les corresponde el beneficio de la IFE y tengan que acreditar distintos motivos por los que estaba pendiente, puedan hacerlo&#8221;, dijo Vanoli y agreg\u00f3 que &#8220;por ejemplo, cambio de domicilio, cambio de estado civil, a\u00f1os de residencia en el pa\u00eds, etc&#8221;, explic\u00f3.<\/p>\n<p>&#8220;Luego de acreditar los datos, en una nueva instancia, van a poder acceder al beneficio&#8221;, se\u00f1al\u00f3.<\/p>\n<p>Atenci\u00f3n virtual:<\/p>\n<section class=\"texto\">&#8220;Vamos a ir ampliando el conjunto de tr\u00e1mites que se van a poder hacer a trav\u00e9s de la p\u00e1gina de internet de la Anses&#8221;, dijo Vanoli y agreg\u00f3 que en principio, se podr\u00e1n presentar\u00a0&#8220;acreditaci\u00f3n de licencia por maternidad para cobrar el beneficio; tr\u00e1mites de jubilados y pensionados por beneficios que no pudieron cobrar y tr\u00e1mites de jubilaciones o pensiones que fueron suspendidos&#8221;, mencion\u00f3 el funcionario.<\/section>\n<div class=\"publi-top publi-listado\">\n<div class=\"publi-728\">\n<div id=\"banner-interior-b\" class=\"banner-zone-found banner-step-1 banner-loop-1 banner-is-dfp banner-step-4\" data-google-query-id=\"CK3wofG1-ugCFTMGuQYdG74C9w\"><\/div>\n<\/div>\n<\/div>\n<p>&nbsp;<\/p>\n","protected":false},"excerpt":{"rendered":"<p>Lo confirm\u00f3 su titular, Alejandro Vanoli. La medida beneficia a m\u00e1s de 5,6 millones de&#8230;<\/p>\n","protected":false},"author":1,"featured_media":0,"comment_status":"open","ping_status":"open","sticky":false,"template":"","format":"standard","meta":{"content-type":""},"categories":[39],"tags":[],"nelio_content":{"isAutoShareEnabled":false,"autoShareEndMode":"default","automationSources":{"useContentSentences":true,"useSocialTemplates":true,"useCustomSentences":false,"customSentences":[]},"followers":[1],"suggestedReferences":[],"includedReferences":[],"efiUrl":"","efiAlt":"","highlights":[]},"yoast_head":"<!-- This site is optimized with the Yoast SEO plugin v20.7 - https:\/\/yoast.com\/wordpress\/plugins\/seo\/ -->\n<title>Anses suspende el pago de cr\u00e9ditos hasta junio y habilita tr\u00e1mites virtuales -<\/title>\n<meta name=\"robots\" content=\"index, follow, max-snippet:-1, max-image-preview:large, max-video-preview:-1\" \/>\n<link rel=\"canonical\" href=\"https:\/\/experienciadevida.com.ar\/portalurbano\/anses-suspende-el-pago-de-creditos-hasta-junio-y-habilita-tramites-virtuales\/\" \/>\n<meta property=\"og:locale\" content=\"es_ES\" \/>\n<meta property=\"og:type\" content=\"article\" \/>\n<meta property=\"og:title\" content=\"Anses suspende el pago de cr\u00e9ditos hasta junio y habilita tr\u00e1mites virtuales -\" \/>\n<meta property=\"og:description\" content=\"Lo confirm\u00f3 su titular, Alejandro Vanoli. La medida beneficia a m\u00e1s de 5,6 millones de...\" \/>\n<meta property=\"og:url\" content=\"https:\/\/experienciadevida.com.ar\/portalurbano\/anses-suspende-el-pago-de-creditos-hasta-junio-y-habilita-tramites-virtuales\/\" \/>\n<meta property=\"article:publisher\" content=\"https:\/\/www.facebook.com\/Portal-Urbano-171542830093757\/\" \/>\n<meta property=\"article:published_time\" content=\"2020-04-21T21:18:57+00:00\" \/>\n<meta property=\"article:modified_time\" content=\"2020-04-21T21:19:55+00:00\" \/>\n<meta property=\"og:image\" content=\"https:\/\/experienciadevida.com.ar\/portalurbano\/wp-content\/uploads\/2019\/12\/ANSES-e1577115241705.jpg\" \/>\n\t<meta property=\"og:image:width\" content=\"765\" \/>\n\t<meta property=\"og:image:height\" content=\"460\" \/>\n\t<meta property=\"og:image:type\" content=\"image\/jpeg\" \/>\n<meta name=\"author\" content=\"admpu17wp\" \/>\n<meta name=\"twitter:card\" content=\"summary_large_image\" \/>\n<meta name=\"twitter:creator\" content=\"@portalurbanook\" \/>\n<meta name=\"twitter:site\" content=\"@portalurbanook\" \/>\n<meta name=\"twitter:label1\" content=\"Escrito por\" \/>\n\t<meta name=\"twitter:data1\" content=\"admpu17wp\" \/>\n\t<meta name=\"twitter:label2\" content=\"Tiempo de lectura\" \/>\n\t<meta name=\"twitter:data2\" content=\"3 minutos\" \/>\n<script type=\"application\/ld+json\" class=\"yoast-schema-graph\">{\"@context\":\"https:\/\/schema.org\",\"@graph\":[{\"@type\":\"Article\",\"@id\":\"https:\/\/experienciadevida.com.ar\/portalurbano\/anses-suspende-el-pago-de-creditos-hasta-junio-y-habilita-tramites-virtuales\/#article\",\"isPartOf\":{\"@id\":\"https:\/\/experienciadevida.com.ar\/portalurbano\/anses-suspende-el-pago-de-creditos-hasta-junio-y-habilita-tramites-virtuales\/\"},\"author\":{\"name\":\"admpu17wp\",\"@id\":\"https:\/\/experienciadevida.com.ar\/portalurbano\/#\/schema\/person\/02dd326b1c4b056e9cc972486934a3a7\"},\"headline\":\"Anses suspende el pago de cr\u00e9ditos hasta junio y habilita tr\u00e1mites virtuales\",\"datePublished\":\"2020-04-21T21:18:57+00:00\",\"dateModified\":\"2020-04-21T21:19:55+00:00\",\"mainEntityOfPage\":{\"@id\":\"https:\/\/experienciadevida.com.ar\/portalurbano\/anses-suspende-el-pago-de-creditos-hasta-junio-y-habilita-tramites-virtuales\/\"},\"wordCount\":587,\"commentCount\":0,\"publisher\":{\"@id\":\"https:\/\/experienciadevida.com.ar\/portalurbano\/#organization\"},\"articleSection\":[\"Naci\u00f3n\"],\"inLanguage\":\"es\",\"potentialAction\":[{\"@type\":\"CommentAction\",\"name\":\"Comment\",\"target\":[\"https:\/\/experienciadevida.com.ar\/portalurbano\/anses-suspende-el-pago-de-creditos-hasta-junio-y-habilita-tramites-virtuales\/#respond\"]}]},{\"@type\":\"WebPage\",\"@id\":\"https:\/\/experienciadevida.com.ar\/portalurbano\/anses-suspende-el-pago-de-creditos-hasta-junio-y-habilita-tramites-virtuales\/\",\"url\":\"https:\/\/experienciadevida.com.ar\/portalurbano\/anses-suspende-el-pago-de-creditos-hasta-junio-y-habilita-tramites-virtuales\/\",\"name\":\"Anses suspende el pago de cr\u00e9ditos hasta junio y habilita tr\u00e1mites virtuales -\",\"isPartOf\":{\"@id\":\"https:\/\/experienciadevida.com.ar\/portalurbano\/#website\"},\"datePublished\":\"2020-04-21T21:18:57+00:00\",\"dateModified\":\"2020-04-21T21:19:55+00:00\",\"breadcrumb\":{\"@id\":\"https:\/\/experienciadevida.com.ar\/portalurbano\/anses-suspende-el-pago-de-creditos-hasta-junio-y-habilita-tramites-virtuales\/#breadcrumb\"},\"inLanguage\":\"es\",\"potentialAction\":[{\"@type\":\"ReadAction\",\"target\":[\"https:\/\/experienciadevida.com.ar\/portalurbano\/anses-suspende-el-pago-de-creditos-hasta-junio-y-habilita-tramites-virtuales\/\"]}]},{\"@type\":\"BreadcrumbList\",\"@id\":\"https:\/\/experienciadevida.com.ar\/portalurbano\/anses-suspende-el-pago-de-creditos-hasta-junio-y-habilita-tramites-virtuales\/#breadcrumb\",\"itemListElement\":[{\"@type\":\"ListItem\",\"position\":1,\"name\":\"Portada\",\"item\":\"https:\/\/experienciadevida.com.ar\/portalurbano\/\"},{\"@type\":\"ListItem\",\"position\":2,\"name\":\"Anses suspende el pago de cr\u00e9ditos hasta junio y habilita tr\u00e1mites virtuales\"}]},{\"@type\":\"WebSite\",\"@id\":\"https:\/\/experienciadevida.com.ar\/portalurbano\/#website\",\"url\":\"https:\/\/experienciadevida.com.ar\/portalurbano\/\",\"name\":\"\",\"description\":\"\",\"publisher\":{\"@id\":\"https:\/\/experienciadevida.com.ar\/portalurbano\/#organization\"},\"potentialAction\":[{\"@type\":\"SearchAction\",\"target\":{\"@type\":\"EntryPoint\",\"urlTemplate\":\"https:\/\/experienciadevida.com.ar\/portalurbano\/?s={search_term_string}\"},\"query-input\":\"required name=search_term_string\"}],\"inLanguage\":\"es\"},{\"@type\":\"Organization\",\"@id\":\"https:\/\/experienciadevida.com.ar\/portalurbano\/#organization\",\"name\":\"Portal Urbano\",\"url\":\"https:\/\/experienciadevida.com.ar\/portalurbano\/\",\"logo\":{\"@type\":\"ImageObject\",\"inLanguage\":\"es\",\"@id\":\"https:\/\/experienciadevida.com.ar\/portalurbano\/#\/schema\/logo\/image\/\",\"url\":\"https:\/\/experienciadevida.com.ar\/portalurbano\/wp-content\/uploads\/2019\/09\/Logo-Original.png\",\"contentUrl\":\"https:\/\/experienciadevida.com.ar\/portalurbano\/wp-content\/uploads\/2019\/09\/Logo-Original.png\",\"width\":2236,\"height\":1216,\"caption\":\"Portal Urbano\"},\"image\":{\"@id\":\"https:\/\/experienciadevida.com.ar\/portalurbano\/#\/schema\/logo\/image\/\"},\"sameAs\":[\"https:\/\/www.facebook.com\/Portal-Urbano-171542830093757\/\",\"https:\/\/twitter.com\/portalurbanook\",\"https:\/\/www.instagram.com\/_portalurbano\/\",\"https:\/\/www.youtube.com\/channel\/UCXhagIfszH8KxFiOok79zbA?view_as=subscriber\"]},{\"@type\":\"Person\",\"@id\":\"https:\/\/experienciadevida.com.ar\/portalurbano\/#\/schema\/person\/02dd326b1c4b056e9cc972486934a3a7\",\"name\":\"admpu17wp\",\"image\":{\"@type\":\"ImageObject\",\"inLanguage\":\"es\",\"@id\":\"https:\/\/experienciadevida.com.ar\/portalurbano\/#\/schema\/person\/image\/\",\"url\":\"https:\/\/secure.gravatar.com\/avatar\/830d4c57adaae6630765e449a6908047?s=96&d=mm&r=g\",\"contentUrl\":\"https:\/\/secure.gravatar.com\/avatar\/830d4c57adaae6630765e449a6908047?s=96&d=mm&r=g\",\"caption\":\"admpu17wp\"}}]}<\/script>\n<!-- \/ Yoast SEO plugin. -->","yoast_head_json":{"title":"Anses suspende el pago de cr\u00e9ditos hasta junio y habilita tr\u00e1mites virtuales -","robots":{"index":"index","follow":"follow","max-snippet":"max-snippet:-1","max-image-preview":"max-image-preview:large","max-video-preview":"max-video-preview:-1"},"canonical":"https:\/\/experienciadevida.com.ar\/portalurbano\/anses-suspende-el-pago-de-creditos-hasta-junio-y-habilita-tramites-virtuales\/","og_locale":"es_ES","og_type":"article","og_title":"Anses suspende el pago de cr\u00e9ditos hasta junio y habilita tr\u00e1mites virtuales -","og_description":"Lo confirm\u00f3 su titular, Alejandro Vanoli. La medida beneficia a m\u00e1s de 5,6 millones de...","og_url":"https:\/\/experienciadevida.com.ar\/portalurbano\/anses-suspende-el-pago-de-creditos-hasta-junio-y-habilita-tramites-virtuales\/","article_publisher":"https:\/\/www.facebook.com\/Portal-Urbano-171542830093757\/","article_published_time":"2020-04-21T21:18:57+00:00","article_modified_time":"2020-04-21T21:19:55+00:00","og_image":[{"width":765,"height":460,"url":"https:\/\/experienciadevida.com.ar\/portalurbano\/wp-content\/uploads\/2019\/12\/ANSES-e1577115241705.jpg","type":"image\/jpeg"}],"author":"admpu17wp","twitter_card":"summary_large_image","twitter_creator":"@portalurbanook","twitter_site":"@portalurbanook","twitter_misc":{"Escrito por":"admpu17wp","Tiempo de lectura":"3 minutos"},"schema":{"@context":"https:\/\/schema.org","@graph":[{"@type":"Article","@id":"https:\/\/experienciadevida.com.ar\/portalurbano\/anses-suspende-el-pago-de-creditos-hasta-junio-y-habilita-tramites-virtuales\/#article","isPartOf":{"@id":"https:\/\/experienciadevida.com.ar\/portalurbano\/anses-suspende-el-pago-de-creditos-hasta-junio-y-habilita-tramites-virtuales\/"},"author":{"name":"admpu17wp","@id":"https:\/\/experienciadevida.com.ar\/portalurbano\/#\/schema\/person\/02dd326b1c4b056e9cc972486934a3a7"},"headline":"Anses suspende el pago de cr\u00e9ditos hasta junio y habilita tr\u00e1mites virtuales","datePublished":"2020-04-21T21:18:57+00:00","dateModified":"2020-04-21T21:19:55+00:00","mainEntityOfPage":{"@id":"https:\/\/experienciadevida.com.ar\/portalurbano\/anses-suspende-el-pago-de-creditos-hasta-junio-y-habilita-tramites-virtuales\/"},"wordCount":587,"commentCount":0,"publisher":{"@id":"https:\/\/experienciadevida.com.ar\/portalurbano\/#organization"},"articleSection":["Naci\u00f3n"],"inLanguage":"es","potentialAction":[{"@type":"CommentAction","name":"Comment","target":["https:\/\/experienciadevida.com.ar\/portalurbano\/anses-suspende-el-pago-de-creditos-hasta-junio-y-habilita-tramites-virtuales\/#respond"]}]},{"@type":"WebPage","@id":"https:\/\/experienciadevida.com.ar\/portalurbano\/anses-suspende-el-pago-de-creditos-hasta-junio-y-habilita-tramites-virtuales\/","url":"https:\/\/experienciadevida.com.ar\/portalurbano\/anses-suspende-el-pago-de-creditos-hasta-junio-y-habilita-tramites-virtuales\/","name":"Anses suspende el pago de cr\u00e9ditos hasta junio y habilita tr\u00e1mites virtuales -","isPartOf":{"@id":"https:\/\/experienciadevida.com.ar\/portalurbano\/#website"},"datePublished":"2020-04-21T21:18:57+00:00","dateModified":"2020-04-21T21:19:55+00:00","breadcrumb":{"@id":"https:\/\/experienciadevida.com.ar\/portalurbano\/anses-suspende-el-pago-de-creditos-hasta-junio-y-habilita-tramites-virtuales\/#breadcrumb"},"inLanguage":"es","potentialAction":[{"@type":"ReadAction","target":["https:\/\/experienciadevida.com.ar\/portalurbano\/anses-suspende-el-pago-de-creditos-hasta-junio-y-habilita-tramites-virtuales\/"]}]},{"@type":"BreadcrumbList","@id":"https:\/\/experienciadevida.com.ar\/portalurbano\/anses-suspende-el-pago-de-creditos-hasta-junio-y-habilita-tramites-virtuales\/#breadcrumb","itemListElement":[{"@type":"ListItem","position":1,"name":"Portada","item":"https:\/\/experienciadevida.com.ar\/portalurbano\/"},{"@type":"ListItem","position":2,"name":"Anses suspende el pago de cr\u00e9ditos hasta junio y habilita tr\u00e1mites virtuales"}]},{"@type":"WebSite","@id":"https:\/\/experienciadevida.com.ar\/portalurbano\/#website","url":"https:\/\/experienciadevida.com.ar\/portalurbano\/","name":"","description":"","publisher":{"@id":"https:\/\/experienciadevida.com.ar\/portalurbano\/#organization"},"potentialAction":[{"@type":"SearchAction","target":{"@type":"EntryPoint","urlTemplate":"https:\/\/experienciadevida.com.ar\/portalurbano\/?s={search_term_string}"},"query-input":"required name=search_term_string"}],"inLanguage":"es"},{"@type":"Organization","@id":"https:\/\/experienciadevida.com.ar\/portalurbano\/#organization","name":"Portal Urbano","url":"https:\/\/experienciadevida.com.ar\/portalurbano\/","logo":{"@type":"ImageObject","inLanguage":"es","@id":"https:\/\/experienciadevida.com.ar\/portalurbano\/#\/schema\/logo\/image\/","url":"https:\/\/experienciadevida.com.ar\/portalurbano\/wp-content\/uploads\/2019\/09\/Logo-Original.png","contentUrl":"https:\/\/experienciadevida.com.ar\/portalurbano\/wp-content\/uploads\/2019\/09\/Logo-Original.png","width":2236,"height":1216,"caption":"Portal Urbano"},"image":{"@id":"https:\/\/experienciadevida.com.ar\/portalurbano\/#\/schema\/logo\/image\/"},"sameAs":["https:\/\/www.facebook.com\/Portal-Urbano-171542830093757\/","https:\/\/twitter.com\/portalurbanook","https:\/\/www.instagram.com\/_portalurbano\/","https:\/\/www.youtube.com\/channel\/UCXhagIfszH8KxFiOok79zbA?view_as=subscriber"]},{"@type":"Person","@id":"https:\/\/experienciadevida.com.ar\/portalurbano\/#\/schema\/person\/02dd326b1c4b056e9cc972486934a3a7","name":"admpu17wp","image":{"@type":"ImageObject","inLanguage":"es","@id":"https:\/\/experienciadevida.com.ar\/portalurbano\/#\/schema\/person\/image\/","url":"https:\/\/secure.gravatar.com\/avatar\/830d4c57adaae6630765e449a6908047?s=96&d=mm&r=g","contentUrl":"https:\/\/secure.gravatar.com\/avatar\/830d4c57adaae6630765e449a6908047?s=96&d=mm&r=g","caption":"admpu17wp"}}]}},"featured_image_urls":{"full":"","thumbnail":"","medium":"","medium_large":"","large":"","ug_big":"","1536x1536":"","2048x2048":"","newsever-slider-full":"","newsever-featured":"","newsever-medium":"","web-stories-poster-portrait":"","web-stories-publisher-logo":"","web-stories-thumbnail":""},"author_info":{"display_name":"admpu17wp","author_link":"https:\/\/experienciadevida.com.ar\/portalurbano\/author\/admpu17wp\/"},"category_info":"<a href=\"https:\/\/experienciadevida.com.ar\/portalurbano\/category\/nacion\/\" rel=\"category tag\">Naci\u00f3n<\/a>","tag_info":"Naci\u00f3n","comment_count":"0","amp_enabled":true,"_links":{"self":[{"href":"https:\/\/experienciadevida.com.ar\/portalurbano\/wp-json\/wp\/v2\/posts\/107443"}],"collection":[{"href":"https:\/\/experienciadevida.com.ar\/portalurbano\/wp-json\/wp\/v2\/posts"}],"about":[{"href":"https:\/\/experienciadevida.com.ar\/portalurbano\/wp-json\/wp\/v2\/types\/post"}],"author":[{"embeddable":true,"href":"https:\/\/experienciadevida.com.ar\/portalurbano\/wp-json\/wp\/v2\/users\/1"}],"replies":[{"embeddable":true,"href":"https:\/\/experienciadevida.com.ar\/portalurbano\/wp-json\/wp\/v2\/comments?post=107443"}],"version-history":[{"count":1,"href":"https:\/\/experienciadevida.com.ar\/portalurbano\/wp-json\/wp\/v2\/posts\/107443\/revisions"}],"predecessor-version":[{"id":107444,"href":"https:\/\/experienciadevida.com.ar\/portalurbano\/wp-json\/wp\/v2\/posts\/107443\/revisions\/107444"}],"wp:attachment":[{"href":"https:\/\/experienciadevida.com.ar\/portalurbano\/wp-json\/wp\/v2\/media?parent=107443"}],"wp:term":[{"taxonomy":"category","embeddable":true,"href":"https:\/\/experienciadevida.com.ar\/portalurbano\/wp-json\/wp\/v2\/categories?post=107443"},{"taxonomy":"post_tag","embeddable":true,"href":"https:\/\/experienciadevida.com.ar\/portalurbano\/wp-json\/wp\/v2\/tags?post=107443"}],"curies":[{"name":"wp","href":"https:\/\/api.w.org\/{rel}","templated":true}]}}