{"id":107380,"date":"2020-04-21T09:18:56","date_gmt":"2020-04-21T12:18:56","guid":{"rendered":"https:\/\/experienciadevida.com.ar\/portalurbano\/?p=107380"},"modified":"2020-04-21T09:18:56","modified_gmt":"2020-04-21T12:18:56","slug":"comunicado-de-la-compania-cerro-negro-se-ha-detenido-completa-y-drasticamente","status":"publish","type":"post","link":"https:\/\/experienciadevida.com.ar\/portalurbano\/comunicado-de-la-compania-cerro-negro-se-ha-detenido-completa-y-drasticamente\/","title":{"rendered":"Comunicado de la Compa\u00f1\u00eda: &#8220;Cerro Negro se ha detenido completa y dr\u00e1sticamente&#8221;"},"content":{"rendered":"<div class=\"col-lg-12 col-12 mb-3\">\n<p>La empresa envi\u00f3 un comunicado a los medios donde confirma que est\u00e1 parada y que no est\u00e1 vendiendo su stock. Esto ocurri\u00f3\u00a0 luego de la denuncia del SOECO donde informaron sobre el recorte que tuvieron los trabajadores en la segunda quincena de marzo.<\/p>\n<hr \/>\n<\/div>\n<div class=\"col-lg-12 col-12 mb-3\">\n<div id=\"fb-root\" class=\" fb_reset\">\n<div>\n<h3>\n<div class=\"penci-pullqoute align-none\">\n<blockquote><p>\u201cLa pandemia de Covid-19 est\u00e1 generando un profundo impacto global sobre las personas y la econom\u00eda, cuyo alcance todav\u00eda no se puede dimensionar\u201d.<\/p><\/blockquote>\n<\/div>\n<\/h3>\n<\/div>\n<\/div>\n<div class=\"col-lg-12 col-12 p-0\">\n<p>\u201cPor lo pronto, la actividad de Cerro Negro se ha detenido &#8211; completa y dr\u00e1sticamente &#8211; desde el 20 de marzo. Todas nuestras plantas industriales est\u00e1n paralizadas, sin ninguna actividad, imposibilitadas de despachar los productos ya vendidos o tomar nuevos pedidos. Los cheques que se recibieron antes del inicio del Aislamiento Obligatorio fueron mayoritariamente rechazados, y las facturas emitidas no han sido cobradas. Sin ingresos para el pago de los salarios de marzo hemos tenido que recurrir nuevamente al financiamiento de los bancos, con el costo que ello implica\u201d.<\/p>\n<p>\u201cDesde la compra de la Compa\u00f1\u00eda en octubre de 2015, el accionista hizo un gran esfuerzo para lograr la transformaci\u00f3n de una Compa\u00f1\u00eda devastada. Una prueba de ello es que a marzo de 2020 los aportes de capital realizados ascendieron a 107 millones de d\u00f3lares\u201d.<\/p>\n<p>\u201cLas acciones implementadas a lo largo de estos cuatro a\u00f1os, permiti\u00f3 reposicionar a Cerro Negro en el mercado local de materiales de la construcci\u00f3n a trav\u00e9s del lanzamiento de nuevos productos y la utilizaci\u00f3n de una mayor tecnolog\u00eda en un proceso de mejora continua de la calidad\u201d.<\/p>\n<p>\u201cA pesar del gran esfuerzo realizado por todos -incluidos los trabajadores- los avatares padecidos por el pa\u00eds en los \u00faltimos a\u00f1os &#8211; que afectaron particularmente la industria de la construcci\u00f3n, especialmente en el per\u00edodo 2018-2020 &#8211; terminaron pulverizando las posibilidades de recuperaci\u00f3n. Los resultados de los \u00faltimos 5 a\u00f1os mostraron p\u00e9rdidas millonarias\u201d.<\/p>\n<p>\u201cA este escenario cr\u00edtico para la industria en general y Cerro Negro en particular, se suma el impacto negativo de la pandemia. Estamos en una situaci\u00f3n cr\u00edtica, que excede nuestro esfuerzo, capacidad t\u00e9cnica, financiera y econ\u00f3mica. Esta situaci\u00f3n podr\u00e1 ser superada \u00fanicamente a partir de la colaboraci\u00f3n y el aporte de todos los que forman parte de Cerro Negro\u201d.<\/p>\n<p>\u201cConfiamos en poder encontrar soluciones que nos permitan superar este desaf\u00edo y a partir de ello construir un futuro mejor para la compa\u00f1\u00eda y todos sus colaboradores\u201d.<\/p>\n<\/div>\n<\/div>\n","protected":false},"excerpt":{"rendered":"<p>La empresa envi\u00f3 un comunicado a los medios donde confirma que est\u00e1 parada y que&#8230;<\/p>\n","protected":false},"author":1,"featured_media":107381,"comment_status":"open","ping_status":"open","sticky":false,"template":"","format":"standard","meta":{"content-type":""},"categories":[27,51],"tags":[],"nelio_content":{"isAutoShareEnabled":false,"autoShareEndMode":"default","automationSources":{"useContentSentences":true,"useSocialTemplates":true,"useCustomSentences":false,"customSentences":[]},"followers":[1],"suggestedReferences":[],"includedReferences":[],"efiUrl":"","efiAlt":"","highlights":[]},"yoast_head":"<!-- This site is optimized with the Yoast SEO plugin v20.7 - https:\/\/yoast.com\/wordpress\/plugins\/seo\/ -->\n<title>Comunicado de la Compa\u00f1\u00eda: &quot;Cerro Negro se ha detenido completa y dr\u00e1sticamente&quot; -<\/title>\n<meta name=\"robots\" content=\"index, follow, max-snippet:-1, max-image-preview:large, max-video-preview:-1\" \/>\n<link rel=\"canonical\" href=\"https:\/\/experienciadevida.com.ar\/portalurbano\/comunicado-de-la-compania-cerro-negro-se-ha-detenido-completa-y-drasticamente\/\" \/>\n<meta property=\"og:locale\" content=\"es_ES\" \/>\n<meta property=\"og:type\" content=\"article\" \/>\n<meta property=\"og:title\" content=\"Comunicado de la Compa\u00f1\u00eda: &quot;Cerro Negro se ha detenido completa y dr\u00e1sticamente&quot; -\" \/>\n<meta property=\"og:description\" content=\"La empresa envi\u00f3 un comunicado a los medios donde confirma que est\u00e1 parada y que...\" \/>\n<meta property=\"og:url\" content=\"https:\/\/experienciadevida.com.ar\/portalurbano\/comunicado-de-la-compania-cerro-negro-se-ha-detenido-completa-y-drasticamente\/\" \/>\n<meta property=\"article:publisher\" content=\"https:\/\/www.facebook.com\/Portal-Urbano-171542830093757\/\" \/>\n<meta property=\"article:published_time\" content=\"2020-04-21T12:18:56+00:00\" \/>\n<meta property=\"og:image\" content=\"https:\/\/experienciadevida.com.ar\/portalurbano\/wp-content\/uploads\/2020\/04\/cerro-negro.jpg\" \/>\n\t<meta property=\"og:image:width\" content=\"707\" \/>\n\t<meta property=\"og:image:height\" content=\"419\" \/>\n\t<meta property=\"og:image:type\" content=\"image\/jpeg\" \/>\n<meta name=\"author\" content=\"admpu17wp\" \/>\n<meta name=\"twitter:card\" content=\"summary_large_image\" \/>\n<meta name=\"twitter:creator\" content=\"@portalurbanook\" \/>\n<meta name=\"twitter:site\" content=\"@portalurbanook\" \/>\n<meta name=\"twitter:label1\" content=\"Escrito por\" \/>\n\t<meta name=\"twitter:data1\" content=\"admpu17wp\" \/>\n\t<meta name=\"twitter:label2\" content=\"Tiempo de lectura\" \/>\n\t<meta name=\"twitter:data2\" content=\"2 minutos\" \/>\n<script type=\"application\/ld+json\" class=\"yoast-schema-graph\">{\"@context\":\"https:\/\/schema.org\",\"@graph\":[{\"@type\":\"Article\",\"@id\":\"https:\/\/experienciadevida.com.ar\/portalurbano\/comunicado-de-la-compania-cerro-negro-se-ha-detenido-completa-y-drasticamente\/#article\",\"isPartOf\":{\"@id\":\"https:\/\/experienciadevida.com.ar\/portalurbano\/comunicado-de-la-compania-cerro-negro-se-ha-detenido-completa-y-drasticamente\/\"},\"author\":{\"name\":\"admpu17wp\",\"@id\":\"https:\/\/experienciadevida.com.ar\/portalurbano\/#\/schema\/person\/02dd326b1c4b056e9cc972486934a3a7\"},\"headline\":\"Comunicado de la Compa\u00f1\u00eda: &#8220;Cerro Negro se ha detenido completa y dr\u00e1sticamente&#8221;\",\"datePublished\":\"2020-04-21T12:18:56+00:00\",\"dateModified\":\"2020-04-21T12:18:56+00:00\",\"mainEntityOfPage\":{\"@id\":\"https:\/\/experienciadevida.com.ar\/portalurbano\/comunicado-de-la-compania-cerro-negro-se-ha-detenido-completa-y-drasticamente\/\"},\"wordCount\":426,\"commentCount\":0,\"publisher\":{\"@id\":\"https:\/\/experienciadevida.com.ar\/portalurbano\/#organization\"},\"articleSection\":[\"Ciudad\",\"Destacadas\"],\"inLanguage\":\"es\",\"potentialAction\":[{\"@type\":\"CommentAction\",\"name\":\"Comment\",\"target\":[\"https:\/\/experienciadevida.com.ar\/portalurbano\/comunicado-de-la-compania-cerro-negro-se-ha-detenido-completa-y-drasticamente\/#respond\"]}]},{\"@type\":\"WebPage\",\"@id\":\"https:\/\/experienciadevida.com.ar\/portalurbano\/comunicado-de-la-compania-cerro-negro-se-ha-detenido-completa-y-drasticamente\/\",\"url\":\"https:\/\/experienciadevida.com.ar\/portalurbano\/comunicado-de-la-compania-cerro-negro-se-ha-detenido-completa-y-drasticamente\/\",\"name\":\"Comunicado de la Compa\u00f1\u00eda: \\\"Cerro Negro se ha detenido completa y dr\u00e1sticamente\\\" -\",\"isPartOf\":{\"@id\":\"https:\/\/experienciadevida.com.ar\/portalurbano\/#website\"},\"datePublished\":\"2020-04-21T12:18:56+00:00\",\"dateModified\":\"2020-04-21T12:18:56+00:00\",\"breadcrumb\":{\"@id\":\"https:\/\/experienciadevida.com.ar\/portalurbano\/comunicado-de-la-compania-cerro-negro-se-ha-detenido-completa-y-drasticamente\/#breadcrumb\"},\"inLanguage\":\"es\",\"potentialAction\":[{\"@type\":\"ReadAction\",\"target\":[\"https:\/\/experienciadevida.com.ar\/portalurbano\/comunicado-de-la-compania-cerro-negro-se-ha-detenido-completa-y-drasticamente\/\"]}]},{\"@type\":\"BreadcrumbList\",\"@id\":\"https:\/\/experienciadevida.com.ar\/portalurbano\/comunicado-de-la-compania-cerro-negro-se-ha-detenido-completa-y-drasticamente\/#breadcrumb\",\"itemListElement\":[{\"@type\":\"ListItem\",\"position\":1,\"name\":\"Portada\",\"item\":\"https:\/\/experienciadevida.com.ar\/portalurbano\/\"},{\"@type\":\"ListItem\",\"position\":2,\"name\":\"Comunicado de la Compa\u00f1\u00eda: \u00abCerro Negro se ha detenido completa y dr\u00e1sticamente\u00bb\"}]},{\"@type\":\"WebSite\",\"@id\":\"https:\/\/experienciadevida.com.ar\/portalurbano\/#website\",\"url\":\"https:\/\/experienciadevida.com.ar\/portalurbano\/\",\"name\":\"\",\"description\":\"\",\"publisher\":{\"@id\":\"https:\/\/experienciadevida.com.ar\/portalurbano\/#organization\"},\"potentialAction\":[{\"@type\":\"SearchAction\",\"target\":{\"@type\":\"EntryPoint\",\"urlTemplate\":\"https:\/\/experienciadevida.com.ar\/portalurbano\/?s={search_term_string}\"},\"query-input\":\"required name=search_term_string\"}],\"inLanguage\":\"es\"},{\"@type\":\"Organization\",\"@id\":\"https:\/\/experienciadevida.com.ar\/portalurbano\/#organization\",\"name\":\"Portal Urbano\",\"url\":\"https:\/\/experienciadevida.com.ar\/portalurbano\/\",\"logo\":{\"@type\":\"ImageObject\",\"inLanguage\":\"es\",\"@id\":\"https:\/\/experienciadevida.com.ar\/portalurbano\/#\/schema\/logo\/image\/\",\"url\":\"https:\/\/experienciadevida.com.ar\/portalurbano\/wp-content\/uploads\/2019\/09\/Logo-Original.png\",\"contentUrl\":\"https:\/\/experienciadevida.com.ar\/portalurbano\/wp-content\/uploads\/2019\/09\/Logo-Original.png\",\"width\":2236,\"height\":1216,\"caption\":\"Portal Urbano\"},\"image\":{\"@id\":\"https:\/\/experienciadevida.com.ar\/portalurbano\/#\/schema\/logo\/image\/\"},\"sameAs\":[\"https:\/\/www.facebook.com\/Portal-Urbano-171542830093757\/\",\"https:\/\/twitter.com\/portalurbanook\",\"https:\/\/www.instagram.com\/_portalurbano\/\",\"https:\/\/www.youtube.com\/channel\/UCXhagIfszH8KxFiOok79zbA?view_as=subscriber\"]},{\"@type\":\"Person\",\"@id\":\"https:\/\/experienciadevida.com.ar\/portalurbano\/#\/schema\/person\/02dd326b1c4b056e9cc972486934a3a7\",\"name\":\"admpu17wp\",\"image\":{\"@type\":\"ImageObject\",\"inLanguage\":\"es\",\"@id\":\"https:\/\/experienciadevida.com.ar\/portalurbano\/#\/schema\/person\/image\/\",\"url\":\"https:\/\/secure.gravatar.com\/avatar\/830d4c57adaae6630765e449a6908047?s=96&d=mm&r=g\",\"contentUrl\":\"https:\/\/secure.gravatar.com\/avatar\/830d4c57adaae6630765e449a6908047?s=96&d=mm&r=g\",\"caption\":\"admpu17wp\"}}]}<\/script>\n<!-- \/ Yoast SEO plugin. -->","yoast_head_json":{"title":"Comunicado de la Compa\u00f1\u00eda: \"Cerro Negro se ha detenido completa y dr\u00e1sticamente\" -","robots":{"index":"index","follow":"follow","max-snippet":"max-snippet:-1","max-image-preview":"max-image-preview:large","max-video-preview":"max-video-preview:-1"},"canonical":"https:\/\/experienciadevida.com.ar\/portalurbano\/comunicado-de-la-compania-cerro-negro-se-ha-detenido-completa-y-drasticamente\/","og_locale":"es_ES","og_type":"article","og_title":"Comunicado de la Compa\u00f1\u00eda: \"Cerro Negro se ha detenido completa y dr\u00e1sticamente\" -","og_description":"La empresa envi\u00f3 un comunicado a los medios donde confirma que est\u00e1 parada y que...","og_url":"https:\/\/experienciadevida.com.ar\/portalurbano\/comunicado-de-la-compania-cerro-negro-se-ha-detenido-completa-y-drasticamente\/","article_publisher":"https:\/\/www.facebook.com\/Portal-Urbano-171542830093757\/","article_published_time":"2020-04-21T12:18:56+00:00","og_image":[{"width":707,"height":419,"url":"https:\/\/experienciadevida.com.ar\/portalurbano\/wp-content\/uploads\/2020\/04\/cerro-negro.jpg","type":"image\/jpeg"}],"author":"admpu17wp","twitter_card":"summary_large_image","twitter_creator":"@portalurbanook","twitter_site":"@portalurbanook","twitter_misc":{"Escrito por":"admpu17wp","Tiempo de lectura":"2 minutos"},"schema":{"@context":"https:\/\/schema.org","@graph":[{"@type":"Article","@id":"https:\/\/experienciadevida.com.ar\/portalurbano\/comunicado-de-la-compania-cerro-negro-se-ha-detenido-completa-y-drasticamente\/#article","isPartOf":{"@id":"https:\/\/experienciadevida.com.ar\/portalurbano\/comunicado-de-la-compania-cerro-negro-se-ha-detenido-completa-y-drasticamente\/"},"author":{"name":"admpu17wp","@id":"https:\/\/experienciadevida.com.ar\/portalurbano\/#\/schema\/person\/02dd326b1c4b056e9cc972486934a3a7"},"headline":"Comunicado de la Compa\u00f1\u00eda: &#8220;Cerro Negro se ha detenido completa y dr\u00e1sticamente&#8221;","datePublished":"2020-04-21T12:18:56+00:00","dateModified":"2020-04-21T12:18:56+00:00","mainEntityOfPage":{"@id":"https:\/\/experienciadevida.com.ar\/portalurbano\/comunicado-de-la-compania-cerro-negro-se-ha-detenido-completa-y-drasticamente\/"},"wordCount":426,"commentCount":0,"publisher":{"@id":"https:\/\/experienciadevida.com.ar\/portalurbano\/#organization"},"articleSection":["Ciudad","Destacadas"],"inLanguage":"es","potentialAction":[{"@type":"CommentAction","name":"Comment","target":["https:\/\/experienciadevida.com.ar\/portalurbano\/comunicado-de-la-compania-cerro-negro-se-ha-detenido-completa-y-drasticamente\/#respond"]}]},{"@type":"WebPage","@id":"https:\/\/experienciadevida.com.ar\/portalurbano\/comunicado-de-la-compania-cerro-negro-se-ha-detenido-completa-y-drasticamente\/","url":"https:\/\/experienciadevida.com.ar\/portalurbano\/comunicado-de-la-compania-cerro-negro-se-ha-detenido-completa-y-drasticamente\/","name":"Comunicado de la Compa\u00f1\u00eda: \"Cerro Negro se ha detenido completa y dr\u00e1sticamente\" -","isPartOf":{"@id":"https:\/\/experienciadevida.com.ar\/portalurbano\/#website"},"datePublished":"2020-04-21T12:18:56+00:00","dateModified":"2020-04-21T12:18:56+00:00","breadcrumb":{"@id":"https:\/\/experienciadevida.com.ar\/portalurbano\/comunicado-de-la-compania-cerro-negro-se-ha-detenido-completa-y-drasticamente\/#breadcrumb"},"inLanguage":"es","potentialAction":[{"@type":"ReadAction","target":["https:\/\/experienciadevida.com.ar\/portalurbano\/comunicado-de-la-compania-cerro-negro-se-ha-detenido-completa-y-drasticamente\/"]}]},{"@type":"BreadcrumbList","@id":"https:\/\/experienciadevida.com.ar\/portalurbano\/comunicado-de-la-compania-cerro-negro-se-ha-detenido-completa-y-drasticamente\/#breadcrumb","itemListElement":[{"@type":"ListItem","position":1,"name":"Portada","item":"https:\/\/experienciadevida.com.ar\/portalurbano\/"},{"@type":"ListItem","position":2,"name":"Comunicado de la Compa\u00f1\u00eda: \u00abCerro Negro se ha detenido completa y dr\u00e1sticamente\u00bb"}]},{"@type":"WebSite","@id":"https:\/\/experienciadevida.com.ar\/portalurbano\/#website","url":"https:\/\/experienciadevida.com.ar\/portalurbano\/","name":"","description":"","publisher":{"@id":"https:\/\/experienciadevida.com.ar\/portalurbano\/#organization"},"potentialAction":[{"@type":"SearchAction","target":{"@type":"EntryPoint","urlTemplate":"https:\/\/experienciadevida.com.ar\/portalurbano\/?s={search_term_string}"},"query-input":"required name=search_term_string"}],"inLanguage":"es"},{"@type":"Organization","@id":"https:\/\/experienciadevida.com.ar\/portalurbano\/#organization","name":"Portal Urbano","url":"https:\/\/experienciadevida.com.ar\/portalurbano\/","logo":{"@type":"ImageObject","inLanguage":"es","@id":"https:\/\/experienciadevida.com.ar\/portalurbano\/#\/schema\/logo\/image\/","url":"https:\/\/experienciadevida.com.ar\/portalurbano\/wp-content\/uploads\/2019\/09\/Logo-Original.png","contentUrl":"https:\/\/experienciadevida.com.ar\/portalurbano\/wp-content\/uploads\/2019\/09\/Logo-Original.png","width":2236,"height":1216,"caption":"Portal Urbano"},"image":{"@id":"https:\/\/experienciadevida.com.ar\/portalurbano\/#\/schema\/logo\/image\/"},"sameAs":["https:\/\/www.facebook.com\/Portal-Urbano-171542830093757\/","https:\/\/twitter.com\/portalurbanook","https:\/\/www.instagram.com\/_portalurbano\/","https:\/\/www.youtube.com\/channel\/UCXhagIfszH8KxFiOok79zbA?view_as=subscriber"]},{"@type":"Person","@id":"https:\/\/experienciadevida.com.ar\/portalurbano\/#\/schema\/person\/02dd326b1c4b056e9cc972486934a3a7","name":"admpu17wp","image":{"@type":"ImageObject","inLanguage":"es","@id":"https:\/\/experienciadevida.com.ar\/portalurbano\/#\/schema\/person\/image\/","url":"https:\/\/secure.gravatar.com\/avatar\/830d4c57adaae6630765e449a6908047?s=96&d=mm&r=g","contentUrl":"https:\/\/secure.gravatar.com\/avatar\/830d4c57adaae6630765e449a6908047?s=96&d=mm&r=g","caption":"admpu17wp"}}]}},"featured_image_urls":{"full":["https:\/\/experienciadevida.com.ar\/portalurbano\/wp-content\/uploads\/2020\/04\/cerro-negro.jpg",707,419,false],"thumbnail":["https:\/\/experienciadevida.com.ar\/portalurbano\/wp-content\/uploads\/2020\/04\/cerro-negro-150x150.jpg",150,150,true],"medium":["https:\/\/experienciadevida.com.ar\/portalurbano\/wp-content\/uploads\/2020\/04\/cerro-negro-300x178.jpg",300,178,true],"medium_large":["https:\/\/experienciadevida.com.ar\/portalurbano\/wp-content\/uploads\/2020\/04\/cerro-negro.jpg",640,379,false],"large":["https:\/\/experienciadevida.com.ar\/portalurbano\/wp-content\/uploads\/2020\/04\/cerro-negro.jpg",640,379,false],"ug_big":["https:\/\/experienciadevida.com.ar\/portalurbano\/wp-content\/uploads\/2020\/04\/cerro-negro.jpg",707,419,false],"1536x1536":["https:\/\/experienciadevida.com.ar\/portalurbano\/wp-content\/uploads\/2020\/04\/cerro-negro.jpg",707,419,false],"2048x2048":["https:\/\/experienciadevida.com.ar\/portalurbano\/wp-content\/uploads\/2020\/04\/cerro-negro.jpg",707,419,false],"newsever-slider-full":["https:\/\/experienciadevida.com.ar\/portalurbano\/wp-content\/uploads\/2020\/04\/cerro-negro.jpg",707,419,false],"newsever-featured":["https:\/\/experienciadevida.com.ar\/portalurbano\/wp-content\/uploads\/2020\/04\/cerro-negro.jpg",707,419,false],"newsever-medium":["https:\/\/experienciadevida.com.ar\/portalurbano\/wp-content\/uploads\/2020\/04\/cerro-negro.jpg",707,419,false],"web-stories-poster-portrait":["https:\/\/experienciadevida.com.ar\/portalurbano\/wp-content\/uploads\/2020\/04\/cerro-negro.jpg",640,379,false],"web-stories-publisher-logo":["https:\/\/experienciadevida.com.ar\/portalurbano\/wp-content\/uploads\/2020\/04\/cerro-negro.jpg",96,57,false],"web-stories-thumbnail":["https:\/\/experienciadevida.com.ar\/portalurbano\/wp-content\/uploads\/2020\/04\/cerro-negro.jpg",150,89,false]},"author_info":{"display_name":"admpu17wp","author_link":"https:\/\/experienciadevida.com.ar\/portalurbano\/author\/admpu17wp\/"},"category_info":"<a href=\"https:\/\/experienciadevida.com.ar\/portalurbano\/category\/ciudad\/\" rel=\"category tag\">Ciudad<\/a> <a href=\"https:\/\/experienciadevida.com.ar\/portalurbano\/category\/destacadas\/\" rel=\"category tag\">Destacadas<\/a>","tag_info":"Destacadas","comment_count":"0","amp_enabled":true,"_links":{"self":[{"href":"https:\/\/experienciadevida.com.ar\/portalurbano\/wp-json\/wp\/v2\/posts\/107380"}],"collection":[{"href":"https:\/\/experienciadevida.com.ar\/portalurbano\/wp-json\/wp\/v2\/posts"}],"about":[{"href":"https:\/\/experienciadevida.com.ar\/portalurbano\/wp-json\/wp\/v2\/types\/post"}],"author":[{"embeddable":true,"href":"https:\/\/experienciadevida.com.ar\/portalurbano\/wp-json\/wp\/v2\/users\/1"}],"replies":[{"embeddable":true,"href":"https:\/\/experienciadevida.com.ar\/portalurbano\/wp-json\/wp\/v2\/comments?post=107380"}],"version-history":[{"count":4,"href":"https:\/\/experienciadevida.com.ar\/portalurbano\/wp-json\/wp\/v2\/posts\/107380\/revisions"}],"predecessor-version":[{"id":107385,"href":"https:\/\/experienciadevida.com.ar\/portalurbano\/wp-json\/wp\/v2\/posts\/107380\/revisions\/107385"}],"wp:featuredmedia":[{"embeddable":true,"href":"https:\/\/experienciadevida.com.ar\/portalurbano\/wp-json\/wp\/v2\/media\/107381"}],"wp:attachment":[{"href":"https:\/\/experienciadevida.com.ar\/portalurbano\/wp-json\/wp\/v2\/media?parent=107380"}],"wp:term":[{"taxonomy":"category","embeddable":true,"href":"https:\/\/experienciadevida.com.ar\/portalurbano\/wp-json\/wp\/v2\/categories?post=107380"},{"taxonomy":"post_tag","embeddable":true,"href":"https:\/\/experienciadevida.com.ar\/portalurbano\/wp-json\/wp\/v2\/tags?post=107380"}],"curies":[{"name":"wp","href":"https:\/\/api.w.org\/{rel}","templated":true}]}}