{"id":107267,"date":"2020-04-20T11:23:05","date_gmt":"2020-04-20T14:23:05","guid":{"rendered":"https:\/\/experienciadevida.com.ar\/portalurbano\/?p=107267"},"modified":"2020-04-20T11:23:05","modified_gmt":"2020-04-20T14:23:05","slug":"el-estado-pagara-el-50-de-los-sueldos-de-empresas-en-crisis","status":"publish","type":"post","link":"https:\/\/experienciadevida.com.ar\/portalurbano\/el-estado-pagara-el-50-de-los-sueldos-de-empresas-en-crisis\/","title":{"rendered":"El Estado pagar\u00e1 el 50% de los sueldos de empresas en crisis"},"content":{"rendered":"<p>El Gobierno anunci\u00f3 anoche la ampliaci\u00f3n del decreto N\u00b0 332\/20 vinculado con el Programa de Asistencia de Emergencia al Trabajo y la Producci\u00f3n y dispuso que el Estado abonar\u00e1 parte de los sueldos de empleados de empresas del sector privado en crisis a causa de la par\u00e1lisis econ\u00f3mica por la pandemia de coronavirus.<\/p>\n<p>Mediante un nuevo DNU, n\u00famero 376\/20, difundido este domingo, se anunci\u00f3 adem\u00e1s que se otorgar\u00e1n a monotributistas y aut\u00f3nomos cr\u00e9ditos a tasa cero con garant\u00eda del Estado.<\/p>\n<p>Con respecto al \u00absalario complementario\u00bb de cuyo pago se har\u00e1 cargo el Estado, consistir\u00e1 en una suma abonada por la ANSES para todos o parte de los trabajadores\/as en relaci\u00f3n de dependencia cuyos empleadores cumplan con una serie de requisitos establecidos en el mismo DNU conocido ayer.<\/p>\n<p>El monto de la asignaci\u00f3n ser\u00e1 equivalente al 50 por ciento del sueldo neto del trabajador\/a correspondiente a febrero de 2020, \u00abno pudiendo ser inferior a una suma equivalente a un salario m\u00ednimo, vital y m\u00f3vil ni superar dos salarios m\u00ednimos, vitales y m\u00f3viles, o al total del salario neto correspondiente a ese mes\u00bb, resalt\u00f3 el decreto.<\/p>\n<p>A partir de esta ampliaci\u00f3n mediante el Decreto de Necesidad y Urgencia N\u00b0 376, el Programa de Asistencia de Emergencia al Trabajo y la Producci\u00f3n (ATP) consistir\u00e1 en la obtenci\u00f3n de uno o m\u00e1s de los siguientes beneficios:<br \/>\n* Postergaci\u00f3n o reducci\u00f3n de hasta el 95% del pago de las contribuciones patronales al Sistema Integrado Previsional Argentino.<br \/>\n* Salario complementario: asignaci\u00f3n abonada por el Estado Nacional para los trabajadores y las trabajadoras en relaci\u00f3n de dependencia del sector privado.<br \/>\n* Cr\u00e9dito a tasa cero para personas adheridas al R\u00e9gimen Simplificado para Peque\u00f1os Contribuyentes (monotributistas) y para trabajadores\/as aut\u00f3nomos en las condiciones que establezcan la Jefatura de Gabinete de la Naci\u00f3n y el Banco Central, con un subsidio del 100% del costo financiero total.<br \/>\n* Sistema integral de prestaciones por desempleo: los trabajadores\/as que re\u00fanan los requisitos previstos en las leyes N\u00b0 24.013 y 25.371 acceder\u00e1n a una prestaci\u00f3n econ\u00f3mica por desempleo de entre 6.000 y 10.000 pesos.<\/p>\n<p>En tanto, el cr\u00e9dito a tasa cero para monotributistas y aut\u00f3nomos \u00abconsistir\u00e1 en una financiaci\u00f3n a ser acreditada en la tarjeta de cr\u00e9dito del beneficiario en los t\u00e9rminos que, para la implementaci\u00f3n de la medida, establezca el Banco Central de la Rep\u00fablica Argentina\u00bb, indic\u00f3 el DNU.<\/p>\n<p>\u00abEl monto de la financiaci\u00f3n no podr\u00e1 exceder una cuarta parte el l\u00edmite superior de ingresos brutos establecidos para cada categor\u00eda\u00bb del Monotributo, con un l\u00edmite m\u00e1ximo de $150 mil, en tanto, \u00abel financiamiento ser\u00e1 desembolsado en tres cuotas mensuales, iguales y consecutivas\u00bb, agreg\u00f3 el decreto.<\/p>\n<p>El Fondo Nacional de Desarrollo Productivo (FONDEP) bonificar\u00e1 el 100% de la tasa de inter\u00e9s y del costo financiero total que devenguen los cr\u00e9ditos a tasa cero.<\/p>\n<p>En este sentido, el jefe de Gabinete, Santiago Cafiero, podr\u00e1 transferir al FONDEP, dependiente del Ministerio de Desarrollo Productivo, en concepto de aporte directo, la suma de 11.000 millones de pesos.<\/p>\n<p>El Fondo de Garant\u00edas Argentina (FoGAR), por su parte, creado por el art\u00edculo 8\u00b0 de la Ley N\u00ba 25.300 y modificaciones, podr\u00e1 avalar hasta el 100% de los cr\u00e9ditos a tasa cero, \u00absin exigir contragarant\u00edas\u00bb, seg\u00fan el DNU.<\/p>\n<p>Cafiero tambi\u00e9n estar\u00e1 facultado para \u00abrealizar las adecuaciones presupuestarias que resulten pertinentes con el fin de transferir al Fondo de Garant\u00edas Argentino (FoGAR), en concepto de aporte directo\u00bb, la suma $26.000 millones.<\/p>\n<p>Finalmente, el Ministerio de Trabajo tendr\u00e1 la potestad de modificar e implementar el Seguro por Desempleo<\/p>\n","protected":false},"excerpt":{"rendered":"<p>El Gobierno anunci\u00f3 anoche la ampliaci\u00f3n del decreto N\u00b0 332\/20 vinculado con el Programa de&#8230;<\/p>\n","protected":false},"author":1,"featured_media":107273,"comment_status":"open","ping_status":"open","sticky":false,"template":"","format":"standard","meta":{"content-type":""},"categories":[39],"tags":[],"nelio_content":{"isAutoShareEnabled":false,"autoShareEndMode":"default","automationSources":{"useContentSentences":true,"useSocialTemplates":true,"useCustomSentences":false,"customSentences":[]},"followers":[1],"suggestedReferences":[],"includedReferences":[],"efiUrl":"","efiAlt":"","highlights":[]},"yoast_head":"<!-- This site is optimized with the Yoast SEO plugin v20.7 - https:\/\/yoast.com\/wordpress\/plugins\/seo\/ -->\n<title>El Estado pagar\u00e1 el 50% de los sueldos de empresas en crisis -<\/title>\n<meta name=\"robots\" content=\"index, follow, max-snippet:-1, max-image-preview:large, max-video-preview:-1\" \/>\n<link rel=\"canonical\" href=\"https:\/\/experienciadevida.com.ar\/portalurbano\/el-estado-pagara-el-50-de-los-sueldos-de-empresas-en-crisis\/\" \/>\n<meta property=\"og:locale\" content=\"es_ES\" \/>\n<meta property=\"og:type\" content=\"article\" \/>\n<meta property=\"og:title\" content=\"El Estado pagar\u00e1 el 50% de los sueldos de empresas en crisis -\" \/>\n<meta property=\"og:description\" content=\"El Gobierno anunci\u00f3 anoche la ampliaci\u00f3n del decreto N\u00b0 332\/20 vinculado con el Programa de...\" \/>\n<meta property=\"og:url\" content=\"https:\/\/experienciadevida.com.ar\/portalurbano\/el-estado-pagara-el-50-de-los-sueldos-de-empresas-en-crisis\/\" \/>\n<meta property=\"article:publisher\" content=\"https:\/\/www.facebook.com\/Portal-Urbano-171542830093757\/\" \/>\n<meta property=\"article:published_time\" content=\"2020-04-20T14:23:05+00:00\" \/>\n<meta property=\"og:image\" content=\"https:\/\/experienciadevida.com.ar\/portalurbano\/wp-content\/uploads\/2020\/04\/na05fo01_19-770x433-1.jpg\" \/>\n\t<meta property=\"og:image:width\" content=\"770\" \/>\n\t<meta property=\"og:image:height\" content=\"433\" \/>\n\t<meta property=\"og:image:type\" content=\"image\/jpeg\" \/>\n<meta name=\"author\" content=\"admpu17wp\" \/>\n<meta name=\"twitter:card\" content=\"summary_large_image\" \/>\n<meta name=\"twitter:creator\" content=\"@portalurbanook\" \/>\n<meta name=\"twitter:site\" content=\"@portalurbanook\" \/>\n<meta name=\"twitter:label1\" content=\"Escrito por\" \/>\n\t<meta name=\"twitter:data1\" content=\"admpu17wp\" \/>\n\t<meta name=\"twitter:label2\" content=\"Tiempo de lectura\" \/>\n\t<meta name=\"twitter:data2\" content=\"3 minutos\" \/>\n<script type=\"application\/ld+json\" class=\"yoast-schema-graph\">{\"@context\":\"https:\/\/schema.org\",\"@graph\":[{\"@type\":\"Article\",\"@id\":\"https:\/\/experienciadevida.com.ar\/portalurbano\/el-estado-pagara-el-50-de-los-sueldos-de-empresas-en-crisis\/#article\",\"isPartOf\":{\"@id\":\"https:\/\/experienciadevida.com.ar\/portalurbano\/el-estado-pagara-el-50-de-los-sueldos-de-empresas-en-crisis\/\"},\"author\":{\"name\":\"admpu17wp\",\"@id\":\"https:\/\/experienciadevida.com.ar\/portalurbano\/#\/schema\/person\/02dd326b1c4b056e9cc972486934a3a7\"},\"headline\":\"El Estado pagar\u00e1 el 50% de los sueldos de empresas en crisis\",\"datePublished\":\"2020-04-20T14:23:05+00:00\",\"dateModified\":\"2020-04-20T14:23:05+00:00\",\"mainEntityOfPage\":{\"@id\":\"https:\/\/experienciadevida.com.ar\/portalurbano\/el-estado-pagara-el-50-de-los-sueldos-de-empresas-en-crisis\/\"},\"wordCount\":624,\"commentCount\":0,\"publisher\":{\"@id\":\"https:\/\/experienciadevida.com.ar\/portalurbano\/#organization\"},\"articleSection\":[\"Naci\u00f3n\"],\"inLanguage\":\"es\",\"potentialAction\":[{\"@type\":\"CommentAction\",\"name\":\"Comment\",\"target\":[\"https:\/\/experienciadevida.com.ar\/portalurbano\/el-estado-pagara-el-50-de-los-sueldos-de-empresas-en-crisis\/#respond\"]}]},{\"@type\":\"WebPage\",\"@id\":\"https:\/\/experienciadevida.com.ar\/portalurbano\/el-estado-pagara-el-50-de-los-sueldos-de-empresas-en-crisis\/\",\"url\":\"https:\/\/experienciadevida.com.ar\/portalurbano\/el-estado-pagara-el-50-de-los-sueldos-de-empresas-en-crisis\/\",\"name\":\"El Estado pagar\u00e1 el 50% de los sueldos de empresas en crisis -\",\"isPartOf\":{\"@id\":\"https:\/\/experienciadevida.com.ar\/portalurbano\/#website\"},\"datePublished\":\"2020-04-20T14:23:05+00:00\",\"dateModified\":\"2020-04-20T14:23:05+00:00\",\"breadcrumb\":{\"@id\":\"https:\/\/experienciadevida.com.ar\/portalurbano\/el-estado-pagara-el-50-de-los-sueldos-de-empresas-en-crisis\/#breadcrumb\"},\"inLanguage\":\"es\",\"potentialAction\":[{\"@type\":\"ReadAction\",\"target\":[\"https:\/\/experienciadevida.com.ar\/portalurbano\/el-estado-pagara-el-50-de-los-sueldos-de-empresas-en-crisis\/\"]}]},{\"@type\":\"BreadcrumbList\",\"@id\":\"https:\/\/experienciadevida.com.ar\/portalurbano\/el-estado-pagara-el-50-de-los-sueldos-de-empresas-en-crisis\/#breadcrumb\",\"itemListElement\":[{\"@type\":\"ListItem\",\"position\":1,\"name\":\"Portada\",\"item\":\"https:\/\/experienciadevida.com.ar\/portalurbano\/\"},{\"@type\":\"ListItem\",\"position\":2,\"name\":\"El Estado pagar\u00e1 el 50% de los sueldos de empresas en crisis\"}]},{\"@type\":\"WebSite\",\"@id\":\"https:\/\/experienciadevida.com.ar\/portalurbano\/#website\",\"url\":\"https:\/\/experienciadevida.com.ar\/portalurbano\/\",\"name\":\"\",\"description\":\"\",\"publisher\":{\"@id\":\"https:\/\/experienciadevida.com.ar\/portalurbano\/#organization\"},\"potentialAction\":[{\"@type\":\"SearchAction\",\"target\":{\"@type\":\"EntryPoint\",\"urlTemplate\":\"https:\/\/experienciadevida.com.ar\/portalurbano\/?s={search_term_string}\"},\"query-input\":\"required name=search_term_string\"}],\"inLanguage\":\"es\"},{\"@type\":\"Organization\",\"@id\":\"https:\/\/experienciadevida.com.ar\/portalurbano\/#organization\",\"name\":\"Portal Urbano\",\"url\":\"https:\/\/experienciadevida.com.ar\/portalurbano\/\",\"logo\":{\"@type\":\"ImageObject\",\"inLanguage\":\"es\",\"@id\":\"https:\/\/experienciadevida.com.ar\/portalurbano\/#\/schema\/logo\/image\/\",\"url\":\"https:\/\/experienciadevida.com.ar\/portalurbano\/wp-content\/uploads\/2019\/09\/Logo-Original.png\",\"contentUrl\":\"https:\/\/experienciadevida.com.ar\/portalurbano\/wp-content\/uploads\/2019\/09\/Logo-Original.png\",\"width\":2236,\"height\":1216,\"caption\":\"Portal Urbano\"},\"image\":{\"@id\":\"https:\/\/experienciadevida.com.ar\/portalurbano\/#\/schema\/logo\/image\/\"},\"sameAs\":[\"https:\/\/www.facebook.com\/Portal-Urbano-171542830093757\/\",\"https:\/\/twitter.com\/portalurbanook\",\"https:\/\/www.instagram.com\/_portalurbano\/\",\"https:\/\/www.youtube.com\/channel\/UCXhagIfszH8KxFiOok79zbA?view_as=subscriber\"]},{\"@type\":\"Person\",\"@id\":\"https:\/\/experienciadevida.com.ar\/portalurbano\/#\/schema\/person\/02dd326b1c4b056e9cc972486934a3a7\",\"name\":\"admpu17wp\",\"image\":{\"@type\":\"ImageObject\",\"inLanguage\":\"es\",\"@id\":\"https:\/\/experienciadevida.com.ar\/portalurbano\/#\/schema\/person\/image\/\",\"url\":\"https:\/\/secure.gravatar.com\/avatar\/830d4c57adaae6630765e449a6908047?s=96&d=mm&r=g\",\"contentUrl\":\"https:\/\/secure.gravatar.com\/avatar\/830d4c57adaae6630765e449a6908047?s=96&d=mm&r=g\",\"caption\":\"admpu17wp\"}}]}<\/script>\n<!-- \/ Yoast SEO plugin. -->","yoast_head_json":{"title":"El Estado pagar\u00e1 el 50% de los sueldos de empresas en crisis -","robots":{"index":"index","follow":"follow","max-snippet":"max-snippet:-1","max-image-preview":"max-image-preview:large","max-video-preview":"max-video-preview:-1"},"canonical":"https:\/\/experienciadevida.com.ar\/portalurbano\/el-estado-pagara-el-50-de-los-sueldos-de-empresas-en-crisis\/","og_locale":"es_ES","og_type":"article","og_title":"El Estado pagar\u00e1 el 50% de los sueldos de empresas en crisis -","og_description":"El Gobierno anunci\u00f3 anoche la ampliaci\u00f3n del decreto N\u00b0 332\/20 vinculado con el Programa de...","og_url":"https:\/\/experienciadevida.com.ar\/portalurbano\/el-estado-pagara-el-50-de-los-sueldos-de-empresas-en-crisis\/","article_publisher":"https:\/\/www.facebook.com\/Portal-Urbano-171542830093757\/","article_published_time":"2020-04-20T14:23:05+00:00","og_image":[{"width":770,"height":433,"url":"https:\/\/experienciadevida.com.ar\/portalurbano\/wp-content\/uploads\/2020\/04\/na05fo01_19-770x433-1.jpg","type":"image\/jpeg"}],"author":"admpu17wp","twitter_card":"summary_large_image","twitter_creator":"@portalurbanook","twitter_site":"@portalurbanook","twitter_misc":{"Escrito por":"admpu17wp","Tiempo de lectura":"3 minutos"},"schema":{"@context":"https:\/\/schema.org","@graph":[{"@type":"Article","@id":"https:\/\/experienciadevida.com.ar\/portalurbano\/el-estado-pagara-el-50-de-los-sueldos-de-empresas-en-crisis\/#article","isPartOf":{"@id":"https:\/\/experienciadevida.com.ar\/portalurbano\/el-estado-pagara-el-50-de-los-sueldos-de-empresas-en-crisis\/"},"author":{"name":"admpu17wp","@id":"https:\/\/experienciadevida.com.ar\/portalurbano\/#\/schema\/person\/02dd326b1c4b056e9cc972486934a3a7"},"headline":"El Estado pagar\u00e1 el 50% de los sueldos de empresas en crisis","datePublished":"2020-04-20T14:23:05+00:00","dateModified":"2020-04-20T14:23:05+00:00","mainEntityOfPage":{"@id":"https:\/\/experienciadevida.com.ar\/portalurbano\/el-estado-pagara-el-50-de-los-sueldos-de-empresas-en-crisis\/"},"wordCount":624,"commentCount":0,"publisher":{"@id":"https:\/\/experienciadevida.com.ar\/portalurbano\/#organization"},"articleSection":["Naci\u00f3n"],"inLanguage":"es","potentialAction":[{"@type":"CommentAction","name":"Comment","target":["https:\/\/experienciadevida.com.ar\/portalurbano\/el-estado-pagara-el-50-de-los-sueldos-de-empresas-en-crisis\/#respond"]}]},{"@type":"WebPage","@id":"https:\/\/experienciadevida.com.ar\/portalurbano\/el-estado-pagara-el-50-de-los-sueldos-de-empresas-en-crisis\/","url":"https:\/\/experienciadevida.com.ar\/portalurbano\/el-estado-pagara-el-50-de-los-sueldos-de-empresas-en-crisis\/","name":"El Estado pagar\u00e1 el 50% de los sueldos de empresas en crisis -","isPartOf":{"@id":"https:\/\/experienciadevida.com.ar\/portalurbano\/#website"},"datePublished":"2020-04-20T14:23:05+00:00","dateModified":"2020-04-20T14:23:05+00:00","breadcrumb":{"@id":"https:\/\/experienciadevida.com.ar\/portalurbano\/el-estado-pagara-el-50-de-los-sueldos-de-empresas-en-crisis\/#breadcrumb"},"inLanguage":"es","potentialAction":[{"@type":"ReadAction","target":["https:\/\/experienciadevida.com.ar\/portalurbano\/el-estado-pagara-el-50-de-los-sueldos-de-empresas-en-crisis\/"]}]},{"@type":"BreadcrumbList","@id":"https:\/\/experienciadevida.com.ar\/portalurbano\/el-estado-pagara-el-50-de-los-sueldos-de-empresas-en-crisis\/#breadcrumb","itemListElement":[{"@type":"ListItem","position":1,"name":"Portada","item":"https:\/\/experienciadevida.com.ar\/portalurbano\/"},{"@type":"ListItem","position":2,"name":"El Estado pagar\u00e1 el 50% de los sueldos de empresas en crisis"}]},{"@type":"WebSite","@id":"https:\/\/experienciadevida.com.ar\/portalurbano\/#website","url":"https:\/\/experienciadevida.com.ar\/portalurbano\/","name":"","description":"","publisher":{"@id":"https:\/\/experienciadevida.com.ar\/portalurbano\/#organization"},"potentialAction":[{"@type":"SearchAction","target":{"@type":"EntryPoint","urlTemplate":"https:\/\/experienciadevida.com.ar\/portalurbano\/?s={search_term_string}"},"query-input":"required name=search_term_string"}],"inLanguage":"es"},{"@type":"Organization","@id":"https:\/\/experienciadevida.com.ar\/portalurbano\/#organization","name":"Portal Urbano","url":"https:\/\/experienciadevida.com.ar\/portalurbano\/","logo":{"@type":"ImageObject","inLanguage":"es","@id":"https:\/\/experienciadevida.com.ar\/portalurbano\/#\/schema\/logo\/image\/","url":"https:\/\/experienciadevida.com.ar\/portalurbano\/wp-content\/uploads\/2019\/09\/Logo-Original.png","contentUrl":"https:\/\/experienciadevida.com.ar\/portalurbano\/wp-content\/uploads\/2019\/09\/Logo-Original.png","width":2236,"height":1216,"caption":"Portal Urbano"},"image":{"@id":"https:\/\/experienciadevida.com.ar\/portalurbano\/#\/schema\/logo\/image\/"},"sameAs":["https:\/\/www.facebook.com\/Portal-Urbano-171542830093757\/","https:\/\/twitter.com\/portalurbanook","https:\/\/www.instagram.com\/_portalurbano\/","https:\/\/www.youtube.com\/channel\/UCXhagIfszH8KxFiOok79zbA?view_as=subscriber"]},{"@type":"Person","@id":"https:\/\/experienciadevida.com.ar\/portalurbano\/#\/schema\/person\/02dd326b1c4b056e9cc972486934a3a7","name":"admpu17wp","image":{"@type":"ImageObject","inLanguage":"es","@id":"https:\/\/experienciadevida.com.ar\/portalurbano\/#\/schema\/person\/image\/","url":"https:\/\/secure.gravatar.com\/avatar\/830d4c57adaae6630765e449a6908047?s=96&d=mm&r=g","contentUrl":"https:\/\/secure.gravatar.com\/avatar\/830d4c57adaae6630765e449a6908047?s=96&d=mm&r=g","caption":"admpu17wp"}}]}},"featured_image_urls":{"full":["https:\/\/experienciadevida.com.ar\/portalurbano\/wp-content\/uploads\/2020\/04\/na05fo01_19-770x433-1.jpg",770,433,false],"thumbnail":["https:\/\/experienciadevida.com.ar\/portalurbano\/wp-content\/uploads\/2020\/04\/na05fo01_19-770x433-1-150x150.jpg",150,150,true],"medium":["https:\/\/experienciadevida.com.ar\/portalurbano\/wp-content\/uploads\/2020\/04\/na05fo01_19-770x433-1-300x169.jpg",300,169,true],"medium_large":["https:\/\/experienciadevida.com.ar\/portalurbano\/wp-content\/uploads\/2020\/04\/na05fo01_19-770x433-1-768x432.jpg",640,360,true],"large":["https:\/\/experienciadevida.com.ar\/portalurbano\/wp-content\/uploads\/2020\/04\/na05fo01_19-770x433-1.jpg",640,360,false],"ug_big":["https:\/\/experienciadevida.com.ar\/portalurbano\/wp-content\/uploads\/2020\/04\/na05fo01_19-770x433-1-768x432.jpg",768,432,true],"1536x1536":["https:\/\/experienciadevida.com.ar\/portalurbano\/wp-content\/uploads\/2020\/04\/na05fo01_19-770x433-1.jpg",770,433,false],"2048x2048":["https:\/\/experienciadevida.com.ar\/portalurbano\/wp-content\/uploads\/2020\/04\/na05fo01_19-770x433-1.jpg",770,433,false],"newsever-slider-full":["https:\/\/experienciadevida.com.ar\/portalurbano\/wp-content\/uploads\/2020\/04\/na05fo01_19-770x433-1.jpg",770,433,false],"newsever-featured":["https:\/\/experienciadevida.com.ar\/portalurbano\/wp-content\/uploads\/2020\/04\/na05fo01_19-770x433-1.jpg",770,433,false],"newsever-medium":["https:\/\/experienciadevida.com.ar\/portalurbano\/wp-content\/uploads\/2020\/04\/na05fo01_19-770x433-1.jpg",720,405,false],"web-stories-poster-portrait":["https:\/\/experienciadevida.com.ar\/portalurbano\/wp-content\/uploads\/2020\/04\/na05fo01_19-770x433-1.jpg",640,360,false],"web-stories-publisher-logo":["https:\/\/experienciadevida.com.ar\/portalurbano\/wp-content\/uploads\/2020\/04\/na05fo01_19-770x433-1.jpg",96,54,false],"web-stories-thumbnail":["https:\/\/experienciadevida.com.ar\/portalurbano\/wp-content\/uploads\/2020\/04\/na05fo01_19-770x433-1.jpg",150,84,false]},"author_info":{"display_name":"admpu17wp","author_link":"https:\/\/experienciadevida.com.ar\/portalurbano\/author\/admpu17wp\/"},"category_info":"<a href=\"https:\/\/experienciadevida.com.ar\/portalurbano\/category\/nacion\/\" rel=\"category tag\">Naci\u00f3n<\/a>","tag_info":"Naci\u00f3n","comment_count":"0","amp_enabled":true,"_links":{"self":[{"href":"https:\/\/experienciadevida.com.ar\/portalurbano\/wp-json\/wp\/v2\/posts\/107267"}],"collection":[{"href":"https:\/\/experienciadevida.com.ar\/portalurbano\/wp-json\/wp\/v2\/posts"}],"about":[{"href":"https:\/\/experienciadevida.com.ar\/portalurbano\/wp-json\/wp\/v2\/types\/post"}],"author":[{"embeddable":true,"href":"https:\/\/experienciadevida.com.ar\/portalurbano\/wp-json\/wp\/v2\/users\/1"}],"replies":[{"embeddable":true,"href":"https:\/\/experienciadevida.com.ar\/portalurbano\/wp-json\/wp\/v2\/comments?post=107267"}],"version-history":[{"count":1,"href":"https:\/\/experienciadevida.com.ar\/portalurbano\/wp-json\/wp\/v2\/posts\/107267\/revisions"}],"predecessor-version":[{"id":107274,"href":"https:\/\/experienciadevida.com.ar\/portalurbano\/wp-json\/wp\/v2\/posts\/107267\/revisions\/107274"}],"wp:featuredmedia":[{"embeddable":true,"href":"https:\/\/experienciadevida.com.ar\/portalurbano\/wp-json\/wp\/v2\/media\/107273"}],"wp:attachment":[{"href":"https:\/\/experienciadevida.com.ar\/portalurbano\/wp-json\/wp\/v2\/media?parent=107267"}],"wp:term":[{"taxonomy":"category","embeddable":true,"href":"https:\/\/experienciadevida.com.ar\/portalurbano\/wp-json\/wp\/v2\/categories?post=107267"},{"taxonomy":"post_tag","embeddable":true,"href":"https:\/\/experienciadevida.com.ar\/portalurbano\/wp-json\/wp\/v2\/tags?post=107267"}],"curies":[{"name":"wp","href":"https:\/\/api.w.org\/{rel}","templated":true}]}}