{"id":106899,"date":"2020-04-15T09:45:41","date_gmt":"2020-04-15T12:45:41","guid":{"rendered":"https:\/\/experienciadevida.com.ar\/portalurbano\/?p=106899"},"modified":"2020-04-15T09:45:41","modified_gmt":"2020-04-15T12:45:41","slug":"piden-autorizacion-para-que-se-les-permita-atender-por-turnos-a-las-opticas","status":"publish","type":"post","link":"https:\/\/experienciadevida.com.ar\/portalurbano\/piden-autorizacion-para-que-se-les-permita-atender-por-turnos-a-las-opticas\/","title":{"rendered":"Piden autorizaci\u00f3n para que se les permita atender por turnos a las Opticas"},"content":{"rendered":"<p><strong>No entran dentro de los comercios habilitados para abrir durante la cuarentena. Sin embargo, la vista es esencial, consideran.<\/strong><\/p>\n<hr \/>\n<p align=\"justify\">Las \u00f3pticas no entran dentro de los comercios habilitados para abrir durante la cuarentena, sin embargo, la vista es esencial. Por eso, desde estos comercios solicitan al gobierno nacional que se los incluya dentro del rubro &#8220;farmacias&#8221;, para resolver las urgencias que presentan sus clientes.<\/p>\n<p align=\"justify\">&#8220;Hay gente que llama porque se le rompieron los anteojos, y no tiene otro par, y otros que necesitan reponer las lentes de contacto y no se lo podemos resolver&#8221;, cont\u00f3 Marcelo Lencioni, un conocido referente\u00a0 para todo el pa\u00eds.<\/p>\n<p align=\"justify\">El hombre, asegur\u00f3 que est\u00e1n recibiendo muchos pedidos para retirar anteojos, comprar l\u00edquidos para las lentes de contacto, o porque necesitan un nuevo par. &#8220;Estamos muy preocupados porque no podemos dar respuesta a esta necesidad que es esencial&#8221;, subray\u00f3 el especialista.<\/p>\n<p align=\"justify\">&#8220;Como la cuarentena se extendi\u00f3, hay quienes necesitan resolver cuestiones de la vista en los pr\u00f3ximos d\u00edas&#8221;, se\u00f1al\u00f3 Lencioni, quien desarroll\u00f3 una empresa que fabrica cristales y distribuye l\u00edquido de contacto a todo el pa\u00eds.<\/p>\n<p class=\" aBigClassNameToAvoidCollisionInText\" align=\"justify\">&#8220;Me llaman de distintos lugares: Rosario, Salta, Buenos Aires y mis clientes, que necesitan reponer las lentes de contacto, porque la gran mayor\u00eda son descartables y tienen fecha de vencimiento. Tambi\u00e9n hay que considerar que las \u00f3pticas venden las pilas de los aud\u00edfonos, algo que se pide mucho&#8221;, reconoci\u00f3 Lencioni.<\/p>\n<p align=\"justify\">A su vez, explic\u00f3 que en otros pa\u00edses &#8220;las \u00f3pticas est\u00e1n incluidas en las excepciones&#8221;, en cambio en Argentina no se contempl\u00f3 la posibliidad de que estos comercios puedan prestar un servicio.<\/p>\n<p align=\"justify\">&#8220;Est\u00e1n abiertas las ferreter\u00edas, \u00bfpor qu\u00e9 no vamos a poder nosotros resolver los problemas que la gente est\u00e1 teniendo con la vista?&#8221;, se pregunt\u00f3 el \u00f3ptico, en consonancia con otros colegas del Pais.<\/p>\n<p align=\"justify\">Fuente Diario La Capital<\/p>\n","protected":false},"excerpt":{"rendered":"<p>No entran dentro de los comercios habilitados para abrir durante la cuarentena. Sin embargo, la&#8230;<\/p>\n","protected":false},"author":1,"featured_media":106903,"comment_status":"open","ping_status":"open","sticky":false,"template":"","format":"standard","meta":{"content-type":""},"categories":[39],"tags":[],"nelio_content":{"isAutoShareEnabled":false,"autoShareEndMode":"default","automationSources":{"useContentSentences":true,"useSocialTemplates":true,"useCustomSentences":false,"customSentences":[]},"followers":[1],"suggestedReferences":[],"includedReferences":[],"efiUrl":"","efiAlt":"","highlights":[]},"yoast_head":"<!-- This site is optimized with the Yoast SEO plugin v20.7 - https:\/\/yoast.com\/wordpress\/plugins\/seo\/ -->\n<title>Piden autorizaci\u00f3n para que se les permita atender por turnos a las Opticas -<\/title>\n<meta name=\"robots\" content=\"index, follow, max-snippet:-1, max-image-preview:large, max-video-preview:-1\" \/>\n<link rel=\"canonical\" href=\"https:\/\/experienciadevida.com.ar\/portalurbano\/piden-autorizacion-para-que-se-les-permita-atender-por-turnos-a-las-opticas\/\" \/>\n<meta property=\"og:locale\" content=\"es_ES\" \/>\n<meta property=\"og:type\" content=\"article\" \/>\n<meta property=\"og:title\" content=\"Piden autorizaci\u00f3n para que se les permita atender por turnos a las Opticas -\" \/>\n<meta property=\"og:description\" content=\"No entran dentro de los comercios habilitados para abrir durante la cuarentena. Sin embargo, la...\" \/>\n<meta property=\"og:url\" content=\"https:\/\/experienciadevida.com.ar\/portalurbano\/piden-autorizacion-para-que-se-les-permita-atender-por-turnos-a-las-opticas\/\" \/>\n<meta property=\"article:publisher\" content=\"https:\/\/www.facebook.com\/Portal-Urbano-171542830093757\/\" \/>\n<meta property=\"article:published_time\" content=\"2020-04-15T12:45:41+00:00\" \/>\n<meta property=\"og:image\" content=\"https:\/\/experienciadevida.com.ar\/portalurbano\/wp-content\/uploads\/2020\/04\/0006400818-e1586954384340.jpeg\" \/>\n\t<meta property=\"og:image:width\" content=\"750\" \/>\n\t<meta property=\"og:image:height\" content=\"498\" \/>\n\t<meta property=\"og:image:type\" content=\"image\/jpeg\" \/>\n<meta name=\"author\" content=\"admpu17wp\" \/>\n<meta name=\"twitter:card\" content=\"summary_large_image\" \/>\n<meta name=\"twitter:creator\" content=\"@portalurbanook\" \/>\n<meta name=\"twitter:site\" content=\"@portalurbanook\" \/>\n<meta name=\"twitter:label1\" content=\"Escrito por\" \/>\n\t<meta name=\"twitter:data1\" content=\"admpu17wp\" \/>\n\t<meta name=\"twitter:label2\" content=\"Tiempo de lectura\" \/>\n\t<meta name=\"twitter:data2\" content=\"2 minutos\" \/>\n<script type=\"application\/ld+json\" class=\"yoast-schema-graph\">{\"@context\":\"https:\/\/schema.org\",\"@graph\":[{\"@type\":\"Article\",\"@id\":\"https:\/\/experienciadevida.com.ar\/portalurbano\/piden-autorizacion-para-que-se-les-permita-atender-por-turnos-a-las-opticas\/#article\",\"isPartOf\":{\"@id\":\"https:\/\/experienciadevida.com.ar\/portalurbano\/piden-autorizacion-para-que-se-les-permita-atender-por-turnos-a-las-opticas\/\"},\"author\":{\"name\":\"admpu17wp\",\"@id\":\"https:\/\/experienciadevida.com.ar\/portalurbano\/#\/schema\/person\/02dd326b1c4b056e9cc972486934a3a7\"},\"headline\":\"Piden autorizaci\u00f3n para que se les permita atender por turnos a las Opticas\",\"datePublished\":\"2020-04-15T12:45:41+00:00\",\"dateModified\":\"2020-04-15T12:45:41+00:00\",\"mainEntityOfPage\":{\"@id\":\"https:\/\/experienciadevida.com.ar\/portalurbano\/piden-autorizacion-para-que-se-les-permita-atender-por-turnos-a-las-opticas\/\"},\"wordCount\":328,\"commentCount\":0,\"publisher\":{\"@id\":\"https:\/\/experienciadevida.com.ar\/portalurbano\/#organization\"},\"articleSection\":[\"Naci\u00f3n\"],\"inLanguage\":\"es\",\"potentialAction\":[{\"@type\":\"CommentAction\",\"name\":\"Comment\",\"target\":[\"https:\/\/experienciadevida.com.ar\/portalurbano\/piden-autorizacion-para-que-se-les-permita-atender-por-turnos-a-las-opticas\/#respond\"]}]},{\"@type\":\"WebPage\",\"@id\":\"https:\/\/experienciadevida.com.ar\/portalurbano\/piden-autorizacion-para-que-se-les-permita-atender-por-turnos-a-las-opticas\/\",\"url\":\"https:\/\/experienciadevida.com.ar\/portalurbano\/piden-autorizacion-para-que-se-les-permita-atender-por-turnos-a-las-opticas\/\",\"name\":\"Piden autorizaci\u00f3n para que se les permita atender por turnos a las Opticas -\",\"isPartOf\":{\"@id\":\"https:\/\/experienciadevida.com.ar\/portalurbano\/#website\"},\"datePublished\":\"2020-04-15T12:45:41+00:00\",\"dateModified\":\"2020-04-15T12:45:41+00:00\",\"breadcrumb\":{\"@id\":\"https:\/\/experienciadevida.com.ar\/portalurbano\/piden-autorizacion-para-que-se-les-permita-atender-por-turnos-a-las-opticas\/#breadcrumb\"},\"inLanguage\":\"es\",\"potentialAction\":[{\"@type\":\"ReadAction\",\"target\":[\"https:\/\/experienciadevida.com.ar\/portalurbano\/piden-autorizacion-para-que-se-les-permita-atender-por-turnos-a-las-opticas\/\"]}]},{\"@type\":\"BreadcrumbList\",\"@id\":\"https:\/\/experienciadevida.com.ar\/portalurbano\/piden-autorizacion-para-que-se-les-permita-atender-por-turnos-a-las-opticas\/#breadcrumb\",\"itemListElement\":[{\"@type\":\"ListItem\",\"position\":1,\"name\":\"Portada\",\"item\":\"https:\/\/experienciadevida.com.ar\/portalurbano\/\"},{\"@type\":\"ListItem\",\"position\":2,\"name\":\"Piden autorizaci\u00f3n para que se les permita atender por turnos a las Opticas\"}]},{\"@type\":\"WebSite\",\"@id\":\"https:\/\/experienciadevida.com.ar\/portalurbano\/#website\",\"url\":\"https:\/\/experienciadevida.com.ar\/portalurbano\/\",\"name\":\"\",\"description\":\"\",\"publisher\":{\"@id\":\"https:\/\/experienciadevida.com.ar\/portalurbano\/#organization\"},\"potentialAction\":[{\"@type\":\"SearchAction\",\"target\":{\"@type\":\"EntryPoint\",\"urlTemplate\":\"https:\/\/experienciadevida.com.ar\/portalurbano\/?s={search_term_string}\"},\"query-input\":\"required name=search_term_string\"}],\"inLanguage\":\"es\"},{\"@type\":\"Organization\",\"@id\":\"https:\/\/experienciadevida.com.ar\/portalurbano\/#organization\",\"name\":\"Portal Urbano\",\"url\":\"https:\/\/experienciadevida.com.ar\/portalurbano\/\",\"logo\":{\"@type\":\"ImageObject\",\"inLanguage\":\"es\",\"@id\":\"https:\/\/experienciadevida.com.ar\/portalurbano\/#\/schema\/logo\/image\/\",\"url\":\"https:\/\/experienciadevida.com.ar\/portalurbano\/wp-content\/uploads\/2019\/09\/Logo-Original.png\",\"contentUrl\":\"https:\/\/experienciadevida.com.ar\/portalurbano\/wp-content\/uploads\/2019\/09\/Logo-Original.png\",\"width\":2236,\"height\":1216,\"caption\":\"Portal Urbano\"},\"image\":{\"@id\":\"https:\/\/experienciadevida.com.ar\/portalurbano\/#\/schema\/logo\/image\/\"},\"sameAs\":[\"https:\/\/www.facebook.com\/Portal-Urbano-171542830093757\/\",\"https:\/\/twitter.com\/portalurbanook\",\"https:\/\/www.instagram.com\/_portalurbano\/\",\"https:\/\/www.youtube.com\/channel\/UCXhagIfszH8KxFiOok79zbA?view_as=subscriber\"]},{\"@type\":\"Person\",\"@id\":\"https:\/\/experienciadevida.com.ar\/portalurbano\/#\/schema\/person\/02dd326b1c4b056e9cc972486934a3a7\",\"name\":\"admpu17wp\",\"image\":{\"@type\":\"ImageObject\",\"inLanguage\":\"es\",\"@id\":\"https:\/\/experienciadevida.com.ar\/portalurbano\/#\/schema\/person\/image\/\",\"url\":\"https:\/\/secure.gravatar.com\/avatar\/830d4c57adaae6630765e449a6908047?s=96&d=mm&r=g\",\"contentUrl\":\"https:\/\/secure.gravatar.com\/avatar\/830d4c57adaae6630765e449a6908047?s=96&d=mm&r=g\",\"caption\":\"admpu17wp\"}}]}<\/script>\n<!-- \/ Yoast SEO plugin. -->","yoast_head_json":{"title":"Piden autorizaci\u00f3n para que se les permita atender por turnos a las Opticas -","robots":{"index":"index","follow":"follow","max-snippet":"max-snippet:-1","max-image-preview":"max-image-preview:large","max-video-preview":"max-video-preview:-1"},"canonical":"https:\/\/experienciadevida.com.ar\/portalurbano\/piden-autorizacion-para-que-se-les-permita-atender-por-turnos-a-las-opticas\/","og_locale":"es_ES","og_type":"article","og_title":"Piden autorizaci\u00f3n para que se les permita atender por turnos a las Opticas -","og_description":"No entran dentro de los comercios habilitados para abrir durante la cuarentena. Sin embargo, la...","og_url":"https:\/\/experienciadevida.com.ar\/portalurbano\/piden-autorizacion-para-que-se-les-permita-atender-por-turnos-a-las-opticas\/","article_publisher":"https:\/\/www.facebook.com\/Portal-Urbano-171542830093757\/","article_published_time":"2020-04-15T12:45:41+00:00","og_image":[{"width":750,"height":498,"url":"https:\/\/experienciadevida.com.ar\/portalurbano\/wp-content\/uploads\/2020\/04\/0006400818-e1586954384340.jpeg","type":"image\/jpeg"}],"author":"admpu17wp","twitter_card":"summary_large_image","twitter_creator":"@portalurbanook","twitter_site":"@portalurbanook","twitter_misc":{"Escrito por":"admpu17wp","Tiempo de lectura":"2 minutos"},"schema":{"@context":"https:\/\/schema.org","@graph":[{"@type":"Article","@id":"https:\/\/experienciadevida.com.ar\/portalurbano\/piden-autorizacion-para-que-se-les-permita-atender-por-turnos-a-las-opticas\/#article","isPartOf":{"@id":"https:\/\/experienciadevida.com.ar\/portalurbano\/piden-autorizacion-para-que-se-les-permita-atender-por-turnos-a-las-opticas\/"},"author":{"name":"admpu17wp","@id":"https:\/\/experienciadevida.com.ar\/portalurbano\/#\/schema\/person\/02dd326b1c4b056e9cc972486934a3a7"},"headline":"Piden autorizaci\u00f3n para que se les permita atender por turnos a las Opticas","datePublished":"2020-04-15T12:45:41+00:00","dateModified":"2020-04-15T12:45:41+00:00","mainEntityOfPage":{"@id":"https:\/\/experienciadevida.com.ar\/portalurbano\/piden-autorizacion-para-que-se-les-permita-atender-por-turnos-a-las-opticas\/"},"wordCount":328,"commentCount":0,"publisher":{"@id":"https:\/\/experienciadevida.com.ar\/portalurbano\/#organization"},"articleSection":["Naci\u00f3n"],"inLanguage":"es","potentialAction":[{"@type":"CommentAction","name":"Comment","target":["https:\/\/experienciadevida.com.ar\/portalurbano\/piden-autorizacion-para-que-se-les-permita-atender-por-turnos-a-las-opticas\/#respond"]}]},{"@type":"WebPage","@id":"https:\/\/experienciadevida.com.ar\/portalurbano\/piden-autorizacion-para-que-se-les-permita-atender-por-turnos-a-las-opticas\/","url":"https:\/\/experienciadevida.com.ar\/portalurbano\/piden-autorizacion-para-que-se-les-permita-atender-por-turnos-a-las-opticas\/","name":"Piden autorizaci\u00f3n para que se les permita atender por turnos a las Opticas -","isPartOf":{"@id":"https:\/\/experienciadevida.com.ar\/portalurbano\/#website"},"datePublished":"2020-04-15T12:45:41+00:00","dateModified":"2020-04-15T12:45:41+00:00","breadcrumb":{"@id":"https:\/\/experienciadevida.com.ar\/portalurbano\/piden-autorizacion-para-que-se-les-permita-atender-por-turnos-a-las-opticas\/#breadcrumb"},"inLanguage":"es","potentialAction":[{"@type":"ReadAction","target":["https:\/\/experienciadevida.com.ar\/portalurbano\/piden-autorizacion-para-que-se-les-permita-atender-por-turnos-a-las-opticas\/"]}]},{"@type":"BreadcrumbList","@id":"https:\/\/experienciadevida.com.ar\/portalurbano\/piden-autorizacion-para-que-se-les-permita-atender-por-turnos-a-las-opticas\/#breadcrumb","itemListElement":[{"@type":"ListItem","position":1,"name":"Portada","item":"https:\/\/experienciadevida.com.ar\/portalurbano\/"},{"@type":"ListItem","position":2,"name":"Piden autorizaci\u00f3n para que se les permita atender por turnos a las Opticas"}]},{"@type":"WebSite","@id":"https:\/\/experienciadevida.com.ar\/portalurbano\/#website","url":"https:\/\/experienciadevida.com.ar\/portalurbano\/","name":"","description":"","publisher":{"@id":"https:\/\/experienciadevida.com.ar\/portalurbano\/#organization"},"potentialAction":[{"@type":"SearchAction","target":{"@type":"EntryPoint","urlTemplate":"https:\/\/experienciadevida.com.ar\/portalurbano\/?s={search_term_string}"},"query-input":"required name=search_term_string"}],"inLanguage":"es"},{"@type":"Organization","@id":"https:\/\/experienciadevida.com.ar\/portalurbano\/#organization","name":"Portal Urbano","url":"https:\/\/experienciadevida.com.ar\/portalurbano\/","logo":{"@type":"ImageObject","inLanguage":"es","@id":"https:\/\/experienciadevida.com.ar\/portalurbano\/#\/schema\/logo\/image\/","url":"https:\/\/experienciadevida.com.ar\/portalurbano\/wp-content\/uploads\/2019\/09\/Logo-Original.png","contentUrl":"https:\/\/experienciadevida.com.ar\/portalurbano\/wp-content\/uploads\/2019\/09\/Logo-Original.png","width":2236,"height":1216,"caption":"Portal Urbano"},"image":{"@id":"https:\/\/experienciadevida.com.ar\/portalurbano\/#\/schema\/logo\/image\/"},"sameAs":["https:\/\/www.facebook.com\/Portal-Urbano-171542830093757\/","https:\/\/twitter.com\/portalurbanook","https:\/\/www.instagram.com\/_portalurbano\/","https:\/\/www.youtube.com\/channel\/UCXhagIfszH8KxFiOok79zbA?view_as=subscriber"]},{"@type":"Person","@id":"https:\/\/experienciadevida.com.ar\/portalurbano\/#\/schema\/person\/02dd326b1c4b056e9cc972486934a3a7","name":"admpu17wp","image":{"@type":"ImageObject","inLanguage":"es","@id":"https:\/\/experienciadevida.com.ar\/portalurbano\/#\/schema\/person\/image\/","url":"https:\/\/secure.gravatar.com\/avatar\/830d4c57adaae6630765e449a6908047?s=96&d=mm&r=g","contentUrl":"https:\/\/secure.gravatar.com\/avatar\/830d4c57adaae6630765e449a6908047?s=96&d=mm&r=g","caption":"admpu17wp"}}]}},"featured_image_urls":{"full":["https:\/\/experienciadevida.com.ar\/portalurbano\/wp-content\/uploads\/2020\/04\/0006400818-e1586954384340.jpeg",750,498,false],"thumbnail":["https:\/\/experienciadevida.com.ar\/portalurbano\/wp-content\/uploads\/2020\/04\/0006400818-150x150.jpeg",150,150,true],"medium":["https:\/\/experienciadevida.com.ar\/portalurbano\/wp-content\/uploads\/2020\/04\/0006400818-300x199.jpeg",300,199,true],"medium_large":["https:\/\/experienciadevida.com.ar\/portalurbano\/wp-content\/uploads\/2020\/04\/0006400818-768x510.jpeg",640,425,true],"large":["https:\/\/experienciadevida.com.ar\/portalurbano\/wp-content\/uploads\/2020\/04\/0006400818-e1586954384340.jpeg",640,425,false],"ug_big":["https:\/\/experienciadevida.com.ar\/portalurbano\/wp-content\/uploads\/2020\/04\/0006400818-768x510.jpeg",768,510,true],"1536x1536":["https:\/\/experienciadevida.com.ar\/portalurbano\/wp-content\/uploads\/2020\/04\/0006400818-e1586954384340.jpeg",750,498,false],"2048x2048":["https:\/\/experienciadevida.com.ar\/portalurbano\/wp-content\/uploads\/2020\/04\/0006400818-e1586954384340.jpeg",750,498,false],"newsever-slider-full":["https:\/\/experienciadevida.com.ar\/portalurbano\/wp-content\/uploads\/2020\/04\/0006400818-e1586954384340.jpeg",750,498,false],"newsever-featured":["https:\/\/experienciadevida.com.ar\/portalurbano\/wp-content\/uploads\/2020\/04\/0006400818-e1586954384340.jpeg",750,498,false],"newsever-medium":["https:\/\/experienciadevida.com.ar\/portalurbano\/wp-content\/uploads\/2020\/04\/0006400818-e1586954384340.jpeg",715,475,false],"web-stories-poster-portrait":["https:\/\/experienciadevida.com.ar\/portalurbano\/wp-content\/uploads\/2020\/04\/0006400818-e1586954384340.jpeg",640,425,false],"web-stories-publisher-logo":["https:\/\/experienciadevida.com.ar\/portalurbano\/wp-content\/uploads\/2020\/04\/0006400818-e1586954384340.jpeg",96,64,false],"web-stories-thumbnail":["https:\/\/experienciadevida.com.ar\/portalurbano\/wp-content\/uploads\/2020\/04\/0006400818-e1586954384340.jpeg",150,100,false]},"author_info":{"display_name":"admpu17wp","author_link":"https:\/\/experienciadevida.com.ar\/portalurbano\/author\/admpu17wp\/"},"category_info":"<a href=\"https:\/\/experienciadevida.com.ar\/portalurbano\/category\/nacion\/\" rel=\"category tag\">Naci\u00f3n<\/a>","tag_info":"Naci\u00f3n","comment_count":"0","amp_enabled":true,"_links":{"self":[{"href":"https:\/\/experienciadevida.com.ar\/portalurbano\/wp-json\/wp\/v2\/posts\/106899"}],"collection":[{"href":"https:\/\/experienciadevida.com.ar\/portalurbano\/wp-json\/wp\/v2\/posts"}],"about":[{"href":"https:\/\/experienciadevida.com.ar\/portalurbano\/wp-json\/wp\/v2\/types\/post"}],"author":[{"embeddable":true,"href":"https:\/\/experienciadevida.com.ar\/portalurbano\/wp-json\/wp\/v2\/users\/1"}],"replies":[{"embeddable":true,"href":"https:\/\/experienciadevida.com.ar\/portalurbano\/wp-json\/wp\/v2\/comments?post=106899"}],"version-history":[{"count":2,"href":"https:\/\/experienciadevida.com.ar\/portalurbano\/wp-json\/wp\/v2\/posts\/106899\/revisions"}],"predecessor-version":[{"id":106905,"href":"https:\/\/experienciadevida.com.ar\/portalurbano\/wp-json\/wp\/v2\/posts\/106899\/revisions\/106905"}],"wp:featuredmedia":[{"embeddable":true,"href":"https:\/\/experienciadevida.com.ar\/portalurbano\/wp-json\/wp\/v2\/media\/106903"}],"wp:attachment":[{"href":"https:\/\/experienciadevida.com.ar\/portalurbano\/wp-json\/wp\/v2\/media?parent=106899"}],"wp:term":[{"taxonomy":"category","embeddable":true,"href":"https:\/\/experienciadevida.com.ar\/portalurbano\/wp-json\/wp\/v2\/categories?post=106899"},{"taxonomy":"post_tag","embeddable":true,"href":"https:\/\/experienciadevida.com.ar\/portalurbano\/wp-json\/wp\/v2\/tags?post=106899"}],"curies":[{"name":"wp","href":"https:\/\/api.w.org\/{rel}","templated":true}]}}