{"id":106697,"date":"2020-04-12T10:12:37","date_gmt":"2020-04-12T13:12:37","guid":{"rendered":"https:\/\/experienciadevida.com.ar\/portalurbano\/?p=106697"},"modified":"2020-04-12T10:12:37","modified_gmt":"2020-04-12T13:12:37","slug":"cuarentena-el-detalle-de-las-actividades-exceptuadas-a-partir-del-lunes","status":"publish","type":"post","link":"https:\/\/experienciadevida.com.ar\/portalurbano\/cuarentena-el-detalle-de-las-actividades-exceptuadas-a-partir-del-lunes\/","title":{"rendered":"Cuarentena: El detalle de las actividades exceptuadas a partir del lunes"},"content":{"rendered":"<p><strong>Se ampli\u00f3 el listado de actividades y servicios exceptuados de la cuarentena obligatoria, y que podr\u00e1n operar a partir del lunes.<\/strong><\/p>\n<hr \/>\n<p>El Gobierno termin\u00f3 de redactar el\u00a0<strong>decreto de necesidad y urgencia<\/strong>\u00a0(DNU) donde\u00a0<strong>prorrogar\u00e1 la cuarentena nacional hasta el 26 de abril inclusive<\/strong>\u00a0y habilitar\u00e1 a los gobernadores a que realicen sus propuestas para (autorizaci\u00f3n nacional mediante) liberar algunas actividades productivas regionales y flexibilizar la vida interna de algunos pueblos del interior.<\/p>\n<p>En paralelo, el Gobierno public\u00f3 la decisi\u00f3n administrativa con las\u00a0<strong>nuevas actividades exceptuadas<\/strong>, que podr\u00e1n operar a partir del lunes. Estas son:<\/p>\n<p>&#8211;<strong>Actividad bancaria<\/strong>\u00a0con turnos previos.<\/p>\n<p>-Habilitaci\u00f3n para las salidas de\u00a0<strong>personas con discapacidad<\/strong>\u00a0o con trastorno del espectro autista (TEA) &#8220;dentro de los lugares de cercan\u00eda a su domicilio&#8221;.<\/p>\n<p>-Habilitaci\u00f3n de salidas para los\u00a0<strong>acompa\u00f1antes terap\u00e9uticos<\/strong>\u00a0de las personas con discapacidad.<\/p>\n<p>-Habilitaci\u00f3n de los\u00a0<strong>talleres mec\u00e1nicos<\/strong>, para la atenci\u00f3n de veh\u00edculos del transporte p\u00fablico, los m\u00f3viles afectados a las fuerzas de seguridad y el sistema sanitario.<\/p>\n<p>&#8211;<strong>Venta de repuestos<\/strong>\u00a0para los veh\u00edculos del transporte p\u00fablico, los m\u00f3viles afectados a las fuerzas de seguridad y el sistema sanitario.<\/p>\n<p>&#8211;<strong>Fabricaci\u00f3n de neum\u00e1ticos y venta<\/strong>\u00a0sin atenci\u00f3n al p\u00fablico.<\/p>\n<p>-Venta a domicilio de\u00a0<strong>art\u00edculos de librer\u00eda e insumos inform\u00e1ticos.<\/strong><\/p>\n<p>Entre las actividades liberadas por la decisi\u00f3n administrativa nacional no figura la actividad f\u00edsica al aire libre. El Presidente hab\u00eda manifestado que muchos gobernadores hab\u00edan trasladado la inquietud de personas que reclaman poder salir a correr o hacer deportes. &#8220;Veremos cu\u00e1l es el protocolo y la factibilidad que tiene de cumplirse. La decisi\u00f3n final es del gobierno nacional, no es de las provincias&#8221;, aclar\u00f3 Alberto Fern\u00e1ndez.<\/p>\n<p>El Gobierno anunci\u00f3 que la nueva etapa de la cuarentena contemplar\u00e1 &#8220;un aislamiento administrado&#8221; en el que el Gobierno, a pedido de los gobernadores, podr\u00e1 analizar la flexibilizaci\u00f3n de algunas actividades y de &#8220;cuarentenas comunitarias&#8221; con circulaci\u00f3n dentro de peque\u00f1os pueblos. Los gobernadores deber\u00e1n ahora elevar sus propuestas. Pero la autorizaci\u00f3n final correr\u00e1 por cuenta de Naci\u00f3n.<\/p>\n","protected":false},"excerpt":{"rendered":"<p>Se ampli\u00f3 el listado de actividades y servicios exceptuados de la cuarentena obligatoria, y que&#8230;<\/p>\n","protected":false},"author":1,"featured_media":106699,"comment_status":"open","ping_status":"open","sticky":false,"template":"","format":"standard","meta":{"content-type":""},"categories":[51,39],"tags":[90],"nelio_content":{"isAutoShareEnabled":false,"autoShareEndMode":"default","automationSources":{"useContentSentences":true,"useSocialTemplates":true,"useCustomSentences":false,"customSentences":[]},"followers":[1],"suggestedReferences":[],"includedReferences":[],"efiUrl":"","efiAlt":"","highlights":[]},"yoast_head":"<!-- This site is optimized with the Yoast SEO plugin v20.7 - https:\/\/yoast.com\/wordpress\/plugins\/seo\/ -->\n<title>Cuarentena: El detalle de las actividades exceptuadas a partir del lunes -<\/title>\n<meta name=\"robots\" content=\"index, follow, max-snippet:-1, max-image-preview:large, max-video-preview:-1\" \/>\n<link rel=\"canonical\" href=\"https:\/\/experienciadevida.com.ar\/portalurbano\/cuarentena-el-detalle-de-las-actividades-exceptuadas-a-partir-del-lunes\/\" \/>\n<meta property=\"og:locale\" content=\"es_ES\" \/>\n<meta property=\"og:type\" content=\"article\" \/>\n<meta property=\"og:title\" content=\"Cuarentena: El detalle de las actividades exceptuadas a partir del lunes -\" \/>\n<meta property=\"og:description\" content=\"Se ampli\u00f3 el listado de actividades y servicios exceptuados de la cuarentena obligatoria, y que...\" \/>\n<meta property=\"og:url\" content=\"https:\/\/experienciadevida.com.ar\/portalurbano\/cuarentena-el-detalle-de-las-actividades-exceptuadas-a-partir-del-lunes\/\" \/>\n<meta property=\"article:publisher\" content=\"https:\/\/www.facebook.com\/Portal-Urbano-171542830093757\/\" \/>\n<meta property=\"article:published_time\" content=\"2020-04-12T13:12:37+00:00\" \/>\n<meta property=\"og:image\" content=\"https:\/\/experienciadevida.com.ar\/portalurbano\/wp-content\/uploads\/2020\/04\/8278_1586640565.jpg_g.jpg\" \/>\n\t<meta property=\"og:image:width\" content=\"730\" \/>\n\t<meta property=\"og:image:height\" content=\"500\" \/>\n\t<meta property=\"og:image:type\" content=\"image\/jpeg\" \/>\n<meta name=\"author\" content=\"admpu17wp\" \/>\n<meta name=\"twitter:card\" content=\"summary_large_image\" \/>\n<meta name=\"twitter:creator\" content=\"@portalurbanook\" \/>\n<meta name=\"twitter:site\" content=\"@portalurbanook\" \/>\n<meta name=\"twitter:label1\" content=\"Escrito por\" \/>\n\t<meta name=\"twitter:data1\" content=\"admpu17wp\" \/>\n\t<meta name=\"twitter:label2\" content=\"Tiempo de lectura\" \/>\n\t<meta name=\"twitter:data2\" content=\"2 minutos\" \/>\n<script type=\"application\/ld+json\" class=\"yoast-schema-graph\">{\"@context\":\"https:\/\/schema.org\",\"@graph\":[{\"@type\":\"Article\",\"@id\":\"https:\/\/experienciadevida.com.ar\/portalurbano\/cuarentena-el-detalle-de-las-actividades-exceptuadas-a-partir-del-lunes\/#article\",\"isPartOf\":{\"@id\":\"https:\/\/experienciadevida.com.ar\/portalurbano\/cuarentena-el-detalle-de-las-actividades-exceptuadas-a-partir-del-lunes\/\"},\"author\":{\"name\":\"admpu17wp\",\"@id\":\"https:\/\/experienciadevida.com.ar\/portalurbano\/#\/schema\/person\/02dd326b1c4b056e9cc972486934a3a7\"},\"headline\":\"Cuarentena: El detalle de las actividades exceptuadas a partir del lunes\",\"datePublished\":\"2020-04-12T13:12:37+00:00\",\"dateModified\":\"2020-04-12T13:12:37+00:00\",\"mainEntityOfPage\":{\"@id\":\"https:\/\/experienciadevida.com.ar\/portalurbano\/cuarentena-el-detalle-de-las-actividades-exceptuadas-a-partir-del-lunes\/\"},\"wordCount\":372,\"commentCount\":0,\"publisher\":{\"@id\":\"https:\/\/experienciadevida.com.ar\/portalurbano\/#organization\"},\"keywords\":[\"cuarentena\"],\"articleSection\":[\"Destacadas\",\"Naci\u00f3n\"],\"inLanguage\":\"es\",\"potentialAction\":[{\"@type\":\"CommentAction\",\"name\":\"Comment\",\"target\":[\"https:\/\/experienciadevida.com.ar\/portalurbano\/cuarentena-el-detalle-de-las-actividades-exceptuadas-a-partir-del-lunes\/#respond\"]}]},{\"@type\":\"WebPage\",\"@id\":\"https:\/\/experienciadevida.com.ar\/portalurbano\/cuarentena-el-detalle-de-las-actividades-exceptuadas-a-partir-del-lunes\/\",\"url\":\"https:\/\/experienciadevida.com.ar\/portalurbano\/cuarentena-el-detalle-de-las-actividades-exceptuadas-a-partir-del-lunes\/\",\"name\":\"Cuarentena: El detalle de las actividades exceptuadas a partir del lunes -\",\"isPartOf\":{\"@id\":\"https:\/\/experienciadevida.com.ar\/portalurbano\/#website\"},\"datePublished\":\"2020-04-12T13:12:37+00:00\",\"dateModified\":\"2020-04-12T13:12:37+00:00\",\"breadcrumb\":{\"@id\":\"https:\/\/experienciadevida.com.ar\/portalurbano\/cuarentena-el-detalle-de-las-actividades-exceptuadas-a-partir-del-lunes\/#breadcrumb\"},\"inLanguage\":\"es\",\"potentialAction\":[{\"@type\":\"ReadAction\",\"target\":[\"https:\/\/experienciadevida.com.ar\/portalurbano\/cuarentena-el-detalle-de-las-actividades-exceptuadas-a-partir-del-lunes\/\"]}]},{\"@type\":\"BreadcrumbList\",\"@id\":\"https:\/\/experienciadevida.com.ar\/portalurbano\/cuarentena-el-detalle-de-las-actividades-exceptuadas-a-partir-del-lunes\/#breadcrumb\",\"itemListElement\":[{\"@type\":\"ListItem\",\"position\":1,\"name\":\"Portada\",\"item\":\"https:\/\/experienciadevida.com.ar\/portalurbano\/\"},{\"@type\":\"ListItem\",\"position\":2,\"name\":\"Cuarentena: El detalle de las actividades exceptuadas a partir del lunes\"}]},{\"@type\":\"WebSite\",\"@id\":\"https:\/\/experienciadevida.com.ar\/portalurbano\/#website\",\"url\":\"https:\/\/experienciadevida.com.ar\/portalurbano\/\",\"name\":\"\",\"description\":\"\",\"publisher\":{\"@id\":\"https:\/\/experienciadevida.com.ar\/portalurbano\/#organization\"},\"potentialAction\":[{\"@type\":\"SearchAction\",\"target\":{\"@type\":\"EntryPoint\",\"urlTemplate\":\"https:\/\/experienciadevida.com.ar\/portalurbano\/?s={search_term_string}\"},\"query-input\":\"required name=search_term_string\"}],\"inLanguage\":\"es\"},{\"@type\":\"Organization\",\"@id\":\"https:\/\/experienciadevida.com.ar\/portalurbano\/#organization\",\"name\":\"Portal Urbano\",\"url\":\"https:\/\/experienciadevida.com.ar\/portalurbano\/\",\"logo\":{\"@type\":\"ImageObject\",\"inLanguage\":\"es\",\"@id\":\"https:\/\/experienciadevida.com.ar\/portalurbano\/#\/schema\/logo\/image\/\",\"url\":\"https:\/\/experienciadevida.com.ar\/portalurbano\/wp-content\/uploads\/2019\/09\/Logo-Original.png\",\"contentUrl\":\"https:\/\/experienciadevida.com.ar\/portalurbano\/wp-content\/uploads\/2019\/09\/Logo-Original.png\",\"width\":2236,\"height\":1216,\"caption\":\"Portal Urbano\"},\"image\":{\"@id\":\"https:\/\/experienciadevida.com.ar\/portalurbano\/#\/schema\/logo\/image\/\"},\"sameAs\":[\"https:\/\/www.facebook.com\/Portal-Urbano-171542830093757\/\",\"https:\/\/twitter.com\/portalurbanook\",\"https:\/\/www.instagram.com\/_portalurbano\/\",\"https:\/\/www.youtube.com\/channel\/UCXhagIfszH8KxFiOok79zbA?view_as=subscriber\"]},{\"@type\":\"Person\",\"@id\":\"https:\/\/experienciadevida.com.ar\/portalurbano\/#\/schema\/person\/02dd326b1c4b056e9cc972486934a3a7\",\"name\":\"admpu17wp\",\"image\":{\"@type\":\"ImageObject\",\"inLanguage\":\"es\",\"@id\":\"https:\/\/experienciadevida.com.ar\/portalurbano\/#\/schema\/person\/image\/\",\"url\":\"https:\/\/secure.gravatar.com\/avatar\/830d4c57adaae6630765e449a6908047?s=96&d=mm&r=g\",\"contentUrl\":\"https:\/\/secure.gravatar.com\/avatar\/830d4c57adaae6630765e449a6908047?s=96&d=mm&r=g\",\"caption\":\"admpu17wp\"}}]}<\/script>\n<!-- \/ Yoast SEO plugin. -->","yoast_head_json":{"title":"Cuarentena: El detalle de las actividades exceptuadas a partir del lunes -","robots":{"index":"index","follow":"follow","max-snippet":"max-snippet:-1","max-image-preview":"max-image-preview:large","max-video-preview":"max-video-preview:-1"},"canonical":"https:\/\/experienciadevida.com.ar\/portalurbano\/cuarentena-el-detalle-de-las-actividades-exceptuadas-a-partir-del-lunes\/","og_locale":"es_ES","og_type":"article","og_title":"Cuarentena: El detalle de las actividades exceptuadas a partir del lunes -","og_description":"Se ampli\u00f3 el listado de actividades y servicios exceptuados de la cuarentena obligatoria, y que...","og_url":"https:\/\/experienciadevida.com.ar\/portalurbano\/cuarentena-el-detalle-de-las-actividades-exceptuadas-a-partir-del-lunes\/","article_publisher":"https:\/\/www.facebook.com\/Portal-Urbano-171542830093757\/","article_published_time":"2020-04-12T13:12:37+00:00","og_image":[{"width":730,"height":500,"url":"https:\/\/experienciadevida.com.ar\/portalurbano\/wp-content\/uploads\/2020\/04\/8278_1586640565.jpg_g.jpg","type":"image\/jpeg"}],"author":"admpu17wp","twitter_card":"summary_large_image","twitter_creator":"@portalurbanook","twitter_site":"@portalurbanook","twitter_misc":{"Escrito por":"admpu17wp","Tiempo de lectura":"2 minutos"},"schema":{"@context":"https:\/\/schema.org","@graph":[{"@type":"Article","@id":"https:\/\/experienciadevida.com.ar\/portalurbano\/cuarentena-el-detalle-de-las-actividades-exceptuadas-a-partir-del-lunes\/#article","isPartOf":{"@id":"https:\/\/experienciadevida.com.ar\/portalurbano\/cuarentena-el-detalle-de-las-actividades-exceptuadas-a-partir-del-lunes\/"},"author":{"name":"admpu17wp","@id":"https:\/\/experienciadevida.com.ar\/portalurbano\/#\/schema\/person\/02dd326b1c4b056e9cc972486934a3a7"},"headline":"Cuarentena: El detalle de las actividades exceptuadas a partir del lunes","datePublished":"2020-04-12T13:12:37+00:00","dateModified":"2020-04-12T13:12:37+00:00","mainEntityOfPage":{"@id":"https:\/\/experienciadevida.com.ar\/portalurbano\/cuarentena-el-detalle-de-las-actividades-exceptuadas-a-partir-del-lunes\/"},"wordCount":372,"commentCount":0,"publisher":{"@id":"https:\/\/experienciadevida.com.ar\/portalurbano\/#organization"},"keywords":["cuarentena"],"articleSection":["Destacadas","Naci\u00f3n"],"inLanguage":"es","potentialAction":[{"@type":"CommentAction","name":"Comment","target":["https:\/\/experienciadevida.com.ar\/portalurbano\/cuarentena-el-detalle-de-las-actividades-exceptuadas-a-partir-del-lunes\/#respond"]}]},{"@type":"WebPage","@id":"https:\/\/experienciadevida.com.ar\/portalurbano\/cuarentena-el-detalle-de-las-actividades-exceptuadas-a-partir-del-lunes\/","url":"https:\/\/experienciadevida.com.ar\/portalurbano\/cuarentena-el-detalle-de-las-actividades-exceptuadas-a-partir-del-lunes\/","name":"Cuarentena: El detalle de las actividades exceptuadas a partir del lunes -","isPartOf":{"@id":"https:\/\/experienciadevida.com.ar\/portalurbano\/#website"},"datePublished":"2020-04-12T13:12:37+00:00","dateModified":"2020-04-12T13:12:37+00:00","breadcrumb":{"@id":"https:\/\/experienciadevida.com.ar\/portalurbano\/cuarentena-el-detalle-de-las-actividades-exceptuadas-a-partir-del-lunes\/#breadcrumb"},"inLanguage":"es","potentialAction":[{"@type":"ReadAction","target":["https:\/\/experienciadevida.com.ar\/portalurbano\/cuarentena-el-detalle-de-las-actividades-exceptuadas-a-partir-del-lunes\/"]}]},{"@type":"BreadcrumbList","@id":"https:\/\/experienciadevida.com.ar\/portalurbano\/cuarentena-el-detalle-de-las-actividades-exceptuadas-a-partir-del-lunes\/#breadcrumb","itemListElement":[{"@type":"ListItem","position":1,"name":"Portada","item":"https:\/\/experienciadevida.com.ar\/portalurbano\/"},{"@type":"ListItem","position":2,"name":"Cuarentena: El detalle de las actividades exceptuadas a partir del lunes"}]},{"@type":"WebSite","@id":"https:\/\/experienciadevida.com.ar\/portalurbano\/#website","url":"https:\/\/experienciadevida.com.ar\/portalurbano\/","name":"","description":"","publisher":{"@id":"https:\/\/experienciadevida.com.ar\/portalurbano\/#organization"},"potentialAction":[{"@type":"SearchAction","target":{"@type":"EntryPoint","urlTemplate":"https:\/\/experienciadevida.com.ar\/portalurbano\/?s={search_term_string}"},"query-input":"required name=search_term_string"}],"inLanguage":"es"},{"@type":"Organization","@id":"https:\/\/experienciadevida.com.ar\/portalurbano\/#organization","name":"Portal Urbano","url":"https:\/\/experienciadevida.com.ar\/portalurbano\/","logo":{"@type":"ImageObject","inLanguage":"es","@id":"https:\/\/experienciadevida.com.ar\/portalurbano\/#\/schema\/logo\/image\/","url":"https:\/\/experienciadevida.com.ar\/portalurbano\/wp-content\/uploads\/2019\/09\/Logo-Original.png","contentUrl":"https:\/\/experienciadevida.com.ar\/portalurbano\/wp-content\/uploads\/2019\/09\/Logo-Original.png","width":2236,"height":1216,"caption":"Portal Urbano"},"image":{"@id":"https:\/\/experienciadevida.com.ar\/portalurbano\/#\/schema\/logo\/image\/"},"sameAs":["https:\/\/www.facebook.com\/Portal-Urbano-171542830093757\/","https:\/\/twitter.com\/portalurbanook","https:\/\/www.instagram.com\/_portalurbano\/","https:\/\/www.youtube.com\/channel\/UCXhagIfszH8KxFiOok79zbA?view_as=subscriber"]},{"@type":"Person","@id":"https:\/\/experienciadevida.com.ar\/portalurbano\/#\/schema\/person\/02dd326b1c4b056e9cc972486934a3a7","name":"admpu17wp","image":{"@type":"ImageObject","inLanguage":"es","@id":"https:\/\/experienciadevida.com.ar\/portalurbano\/#\/schema\/person\/image\/","url":"https:\/\/secure.gravatar.com\/avatar\/830d4c57adaae6630765e449a6908047?s=96&d=mm&r=g","contentUrl":"https:\/\/secure.gravatar.com\/avatar\/830d4c57adaae6630765e449a6908047?s=96&d=mm&r=g","caption":"admpu17wp"}}]}},"featured_image_urls":{"full":["https:\/\/experienciadevida.com.ar\/portalurbano\/wp-content\/uploads\/2020\/04\/8278_1586640565.jpg_g.jpg",730,500,false],"thumbnail":["https:\/\/experienciadevida.com.ar\/portalurbano\/wp-content\/uploads\/2020\/04\/8278_1586640565.jpg_g-150x150.jpg",150,150,true],"medium":["https:\/\/experienciadevida.com.ar\/portalurbano\/wp-content\/uploads\/2020\/04\/8278_1586640565.jpg_g-300x205.jpg",300,205,true],"medium_large":["https:\/\/experienciadevida.com.ar\/portalurbano\/wp-content\/uploads\/2020\/04\/8278_1586640565.jpg_g.jpg",640,438,false],"large":["https:\/\/experienciadevida.com.ar\/portalurbano\/wp-content\/uploads\/2020\/04\/8278_1586640565.jpg_g.jpg",640,438,false],"ug_big":["https:\/\/experienciadevida.com.ar\/portalurbano\/wp-content\/uploads\/2020\/04\/8278_1586640565.jpg_g.jpg",730,500,false],"1536x1536":["https:\/\/experienciadevida.com.ar\/portalurbano\/wp-content\/uploads\/2020\/04\/8278_1586640565.jpg_g.jpg",730,500,false],"2048x2048":["https:\/\/experienciadevida.com.ar\/portalurbano\/wp-content\/uploads\/2020\/04\/8278_1586640565.jpg_g.jpg",730,500,false],"newsever-slider-full":["https:\/\/experienciadevida.com.ar\/portalurbano\/wp-content\/uploads\/2020\/04\/8278_1586640565.jpg_g.jpg",730,500,false],"newsever-featured":["https:\/\/experienciadevida.com.ar\/portalurbano\/wp-content\/uploads\/2020\/04\/8278_1586640565.jpg_g.jpg",730,500,false],"newsever-medium":["https:\/\/experienciadevida.com.ar\/portalurbano\/wp-content\/uploads\/2020\/04\/8278_1586640565.jpg_g.jpg",694,475,false],"web-stories-poster-portrait":["https:\/\/experienciadevida.com.ar\/portalurbano\/wp-content\/uploads\/2020\/04\/8278_1586640565.jpg_g.jpg",640,438,false],"web-stories-publisher-logo":["https:\/\/experienciadevida.com.ar\/portalurbano\/wp-content\/uploads\/2020\/04\/8278_1586640565.jpg_g.jpg",96,66,false],"web-stories-thumbnail":["https:\/\/experienciadevida.com.ar\/portalurbano\/wp-content\/uploads\/2020\/04\/8278_1586640565.jpg_g.jpg",150,103,false]},"author_info":{"display_name":"admpu17wp","author_link":"https:\/\/experienciadevida.com.ar\/portalurbano\/author\/admpu17wp\/"},"category_info":"<a href=\"https:\/\/experienciadevida.com.ar\/portalurbano\/category\/destacadas\/\" rel=\"category tag\">Destacadas<\/a> <a href=\"https:\/\/experienciadevida.com.ar\/portalurbano\/category\/nacion\/\" rel=\"category tag\">Naci\u00f3n<\/a>","tag_info":"Naci\u00f3n","comment_count":"0","amp_enabled":true,"_links":{"self":[{"href":"https:\/\/experienciadevida.com.ar\/portalurbano\/wp-json\/wp\/v2\/posts\/106697"}],"collection":[{"href":"https:\/\/experienciadevida.com.ar\/portalurbano\/wp-json\/wp\/v2\/posts"}],"about":[{"href":"https:\/\/experienciadevida.com.ar\/portalurbano\/wp-json\/wp\/v2\/types\/post"}],"author":[{"embeddable":true,"href":"https:\/\/experienciadevida.com.ar\/portalurbano\/wp-json\/wp\/v2\/users\/1"}],"replies":[{"embeddable":true,"href":"https:\/\/experienciadevida.com.ar\/portalurbano\/wp-json\/wp\/v2\/comments?post=106697"}],"version-history":[{"count":2,"href":"https:\/\/experienciadevida.com.ar\/portalurbano\/wp-json\/wp\/v2\/posts\/106697\/revisions"}],"predecessor-version":[{"id":106701,"href":"https:\/\/experienciadevida.com.ar\/portalurbano\/wp-json\/wp\/v2\/posts\/106697\/revisions\/106701"}],"wp:featuredmedia":[{"embeddable":true,"href":"https:\/\/experienciadevida.com.ar\/portalurbano\/wp-json\/wp\/v2\/media\/106699"}],"wp:attachment":[{"href":"https:\/\/experienciadevida.com.ar\/portalurbano\/wp-json\/wp\/v2\/media?parent=106697"}],"wp:term":[{"taxonomy":"category","embeddable":true,"href":"https:\/\/experienciadevida.com.ar\/portalurbano\/wp-json\/wp\/v2\/categories?post=106697"},{"taxonomy":"post_tag","embeddable":true,"href":"https:\/\/experienciadevida.com.ar\/portalurbano\/wp-json\/wp\/v2\/tags?post=106697"}],"curies":[{"name":"wp","href":"https:\/\/api.w.org\/{rel}","templated":true}]}}