{"id":106557,"date":"2020-04-09T11:50:32","date_gmt":"2020-04-09T14:50:32","guid":{"rendered":"https:\/\/experienciadevida.com.ar\/portalurbano\/?p=106557"},"modified":"2020-04-09T11:50:54","modified_gmt":"2020-04-09T14:50:54","slug":"piden-que-paguen-la-cuota-de-colegios-los-no-afectados","status":"publish","type":"post","link":"https:\/\/experienciadevida.com.ar\/portalurbano\/piden-que-paguen-la-cuota-de-colegios-los-no-afectados\/","title":{"rendered":"Piden que paguen la cuota de colegios los no afectados"},"content":{"rendered":"<p>El ministerio de Educaci\u00f3n diferenci\u00f3 la situaci\u00f3n de quienes pueden abonar para &#8220;garantizar los salarios&#8221; y aquellos que &#8220;no est\u00e1n en condiciones de pagar&#8221; afectados econ\u00f3micamente por el coronavirus.<\/p>\n<p>El ministro de Educaci\u00f3n, Nicol\u00e1s Trotta, pidi\u00f3 este jueves a los padres cuyos hijos asisten a escuelas privadas y sus ingresos no fueron afectados por la cuarentena del coronavirus que \u201cpaguen la cuota para garantizar los salarios, el mantenimiento de la instituci\u00f3n educativa&#8221;, y a los colegios que &#8220;desplieguen medidas para acompa\u00f1ar a las familias que no est\u00e1n en condiciones de pagar\u201d.<\/p>\n<p>\u201cJunto a las cuatro c\u00e1maras que aglutinan a las instituciones privadas definimos el diferimiento del pago de las cuotas de aquellas familias que no pueden garantizar su ingreso, y que al momento del regreso a la escuela se termine de regularizar, sin intereses, cuando la familia regularice y estabilice sus ingresos\u201d, dijo Trotta.<\/p>\n<p>El ministro sostuvo que &#8220;tambi\u00e9n pedimos a las familias cuyas cuarentena no hayan afectado sus ingresos que paguen la cuota porque permite garantizar salarios, el mantenimiento de la instituci\u00f3n y que la escuela despliegue estas medidas para acompa\u00f1ar a las familias que no est\u00e1n en condiciones de pagar la cuota\u201d. Al respecto, el funcionario destac\u00f3 que \u201cel concepto b\u00e1sico, mucho m\u00e1s en este momento, debe ser la solidaridad\u201d.<\/p>\n<p>Trotta remarc\u00f3 que \u201cla certeza es priorizar el cuidado de la salud y la incertidumbre es cu\u00e1ndo esa priorizaci\u00f3n va a permitir volver a las aulas\u201d, en relaci\u00f3n al inicio del ciclo lectivo.<\/p>\n<p>Consciente de que es una inquietud global en el marco de la pandemia, resalt\u00f3 que la escolaridad \u201cno se va a perder porque a la distancia se sigue educando con enorme esfuerzo\u201d de docentes, estudiantes y familias.<\/p>\n<p>\u201cObviamente nuestro principal objetivo es que no se profundice la desigualdad educativa, la escuela tambi\u00e9n es irreemplazable como el rol del maestro, el impacto en el proceso de aprendizaje claramente no es lo mismo y nosotros vamos a tener que analizar la trayectoria educativa de cada estudiante\u201d, advirti\u00f3.<\/p>\n<p>En ese sentido, destac\u00f3 que \u201cel ciclo lectivo de toda carrera estudiantil no es s\u00f3lo el 2020 sino los 14 a\u00f1os de educaci\u00f3n obligatoria\u201d y que al momento de regresar a las aulas tendr\u00e1n que ver \u201cel impacto que ha tenido todo este esfuerzo a la distancia\u201d garantizando los saberes en 2020 y tambi\u00e9n en 2021.<\/p>\n<p>Por \u00faltimo, resalt\u00f3 la importancia de \u201cfortalecer el v\u00ednculo entre las maestras y maestros con los estudiantes en ese seguimiento diario en una Argentina caracterizada por la desigualdad econ\u00f3mica, de acceso a la tecnolog\u00eda y, fundamentalmente, lo que m\u00e1s impacta, la desigualdad del capital educativo de los adultos del hogar al momento de poder acompa\u00f1ar a los m\u00e1s peque\u00f1os\u201d.<\/p>\n","protected":false},"excerpt":{"rendered":"<p>El ministerio de Educaci\u00f3n diferenci\u00f3 la situaci\u00f3n de quienes pueden abonar para &#8220;garantizar los salarios&#8221;&#8230;<\/p>\n","protected":false},"author":1,"featured_media":106558,"comment_status":"open","ping_status":"open","sticky":false,"template":"","format":"standard","meta":{"content-type":""},"categories":[71,44],"tags":[],"nelio_content":{"isAutoShareEnabled":false,"autoShareEndMode":"default","automationSources":{"useContentSentences":true,"useSocialTemplates":true,"useCustomSentences":false,"customSentences":[]},"followers":[1],"suggestedReferences":[],"includedReferences":[],"efiUrl":"","efiAlt":"","highlights":[]},"yoast_head":"<!-- This site is optimized with the Yoast SEO plugin v20.7 - https:\/\/yoast.com\/wordpress\/plugins\/seo\/ -->\n<title>Piden que paguen la cuota de colegios los no afectados -<\/title>\n<meta name=\"robots\" content=\"index, follow, max-snippet:-1, max-image-preview:large, max-video-preview:-1\" \/>\n<link rel=\"canonical\" href=\"https:\/\/experienciadevida.com.ar\/portalurbano\/piden-que-paguen-la-cuota-de-colegios-los-no-afectados\/\" \/>\n<meta property=\"og:locale\" content=\"es_ES\" \/>\n<meta property=\"og:type\" content=\"article\" \/>\n<meta property=\"og:title\" content=\"Piden que paguen la cuota de colegios los no afectados -\" \/>\n<meta property=\"og:description\" content=\"El ministerio de Educaci\u00f3n diferenci\u00f3 la situaci\u00f3n de quienes pueden abonar para &#8220;garantizar los salarios&#8221;...\" \/>\n<meta property=\"og:url\" content=\"https:\/\/experienciadevida.com.ar\/portalurbano\/piden-que-paguen-la-cuota-de-colegios-los-no-afectados\/\" \/>\n<meta property=\"article:publisher\" content=\"https:\/\/www.facebook.com\/Portal-Urbano-171542830093757\/\" \/>\n<meta property=\"article:published_time\" content=\"2020-04-09T14:50:32+00:00\" \/>\n<meta property=\"article:modified_time\" content=\"2020-04-09T14:50:54+00:00\" \/>\n<meta property=\"og:image\" content=\"https:\/\/experienciadevida.com.ar\/portalurbano\/wp-content\/uploads\/2020\/04\/TROTTA-1.jpg\" \/>\n\t<meta property=\"og:image:width\" content=\"765\" \/>\n\t<meta property=\"og:image:height\" content=\"510\" \/>\n\t<meta property=\"og:image:type\" content=\"image\/jpeg\" \/>\n<meta name=\"author\" content=\"admpu17wp\" \/>\n<meta name=\"twitter:card\" content=\"summary_large_image\" \/>\n<meta name=\"twitter:creator\" content=\"@portalurbanook\" \/>\n<meta name=\"twitter:site\" content=\"@portalurbanook\" \/>\n<meta name=\"twitter:label1\" content=\"Escrito por\" \/>\n\t<meta name=\"twitter:data1\" content=\"admpu17wp\" \/>\n\t<meta name=\"twitter:label2\" content=\"Tiempo de lectura\" \/>\n\t<meta name=\"twitter:data2\" content=\"2 minutos\" \/>\n<script type=\"application\/ld+json\" class=\"yoast-schema-graph\">{\"@context\":\"https:\/\/schema.org\",\"@graph\":[{\"@type\":\"Article\",\"@id\":\"https:\/\/experienciadevida.com.ar\/portalurbano\/piden-que-paguen-la-cuota-de-colegios-los-no-afectados\/#article\",\"isPartOf\":{\"@id\":\"https:\/\/experienciadevida.com.ar\/portalurbano\/piden-que-paguen-la-cuota-de-colegios-los-no-afectados\/\"},\"author\":{\"name\":\"admpu17wp\",\"@id\":\"https:\/\/experienciadevida.com.ar\/portalurbano\/#\/schema\/person\/02dd326b1c4b056e9cc972486934a3a7\"},\"headline\":\"Piden que paguen la cuota de colegios los no afectados\",\"datePublished\":\"2020-04-09T14:50:32+00:00\",\"dateModified\":\"2020-04-09T14:50:54+00:00\",\"mainEntityOfPage\":{\"@id\":\"https:\/\/experienciadevida.com.ar\/portalurbano\/piden-que-paguen-la-cuota-de-colegios-los-no-afectados\/\"},\"wordCount\":483,\"commentCount\":0,\"publisher\":{\"@id\":\"https:\/\/experienciadevida.com.ar\/portalurbano\/#organization\"},\"articleSection\":[\"Coronavirus\",\"Provincia\"],\"inLanguage\":\"es\",\"potentialAction\":[{\"@type\":\"CommentAction\",\"name\":\"Comment\",\"target\":[\"https:\/\/experienciadevida.com.ar\/portalurbano\/piden-que-paguen-la-cuota-de-colegios-los-no-afectados\/#respond\"]}]},{\"@type\":\"WebPage\",\"@id\":\"https:\/\/experienciadevida.com.ar\/portalurbano\/piden-que-paguen-la-cuota-de-colegios-los-no-afectados\/\",\"url\":\"https:\/\/experienciadevida.com.ar\/portalurbano\/piden-que-paguen-la-cuota-de-colegios-los-no-afectados\/\",\"name\":\"Piden que paguen la cuota de colegios los no afectados -\",\"isPartOf\":{\"@id\":\"https:\/\/experienciadevida.com.ar\/portalurbano\/#website\"},\"datePublished\":\"2020-04-09T14:50:32+00:00\",\"dateModified\":\"2020-04-09T14:50:54+00:00\",\"breadcrumb\":{\"@id\":\"https:\/\/experienciadevida.com.ar\/portalurbano\/piden-que-paguen-la-cuota-de-colegios-los-no-afectados\/#breadcrumb\"},\"inLanguage\":\"es\",\"potentialAction\":[{\"@type\":\"ReadAction\",\"target\":[\"https:\/\/experienciadevida.com.ar\/portalurbano\/piden-que-paguen-la-cuota-de-colegios-los-no-afectados\/\"]}]},{\"@type\":\"BreadcrumbList\",\"@id\":\"https:\/\/experienciadevida.com.ar\/portalurbano\/piden-que-paguen-la-cuota-de-colegios-los-no-afectados\/#breadcrumb\",\"itemListElement\":[{\"@type\":\"ListItem\",\"position\":1,\"name\":\"Portada\",\"item\":\"https:\/\/experienciadevida.com.ar\/portalurbano\/\"},{\"@type\":\"ListItem\",\"position\":2,\"name\":\"Piden que paguen la cuota de colegios los no afectados\"}]},{\"@type\":\"WebSite\",\"@id\":\"https:\/\/experienciadevida.com.ar\/portalurbano\/#website\",\"url\":\"https:\/\/experienciadevida.com.ar\/portalurbano\/\",\"name\":\"\",\"description\":\"\",\"publisher\":{\"@id\":\"https:\/\/experienciadevida.com.ar\/portalurbano\/#organization\"},\"potentialAction\":[{\"@type\":\"SearchAction\",\"target\":{\"@type\":\"EntryPoint\",\"urlTemplate\":\"https:\/\/experienciadevida.com.ar\/portalurbano\/?s={search_term_string}\"},\"query-input\":\"required name=search_term_string\"}],\"inLanguage\":\"es\"},{\"@type\":\"Organization\",\"@id\":\"https:\/\/experienciadevida.com.ar\/portalurbano\/#organization\",\"name\":\"Portal Urbano\",\"url\":\"https:\/\/experienciadevida.com.ar\/portalurbano\/\",\"logo\":{\"@type\":\"ImageObject\",\"inLanguage\":\"es\",\"@id\":\"https:\/\/experienciadevida.com.ar\/portalurbano\/#\/schema\/logo\/image\/\",\"url\":\"https:\/\/experienciadevida.com.ar\/portalurbano\/wp-content\/uploads\/2019\/09\/Logo-Original.png\",\"contentUrl\":\"https:\/\/experienciadevida.com.ar\/portalurbano\/wp-content\/uploads\/2019\/09\/Logo-Original.png\",\"width\":2236,\"height\":1216,\"caption\":\"Portal Urbano\"},\"image\":{\"@id\":\"https:\/\/experienciadevida.com.ar\/portalurbano\/#\/schema\/logo\/image\/\"},\"sameAs\":[\"https:\/\/www.facebook.com\/Portal-Urbano-171542830093757\/\",\"https:\/\/twitter.com\/portalurbanook\",\"https:\/\/www.instagram.com\/_portalurbano\/\",\"https:\/\/www.youtube.com\/channel\/UCXhagIfszH8KxFiOok79zbA?view_as=subscriber\"]},{\"@type\":\"Person\",\"@id\":\"https:\/\/experienciadevida.com.ar\/portalurbano\/#\/schema\/person\/02dd326b1c4b056e9cc972486934a3a7\",\"name\":\"admpu17wp\",\"image\":{\"@type\":\"ImageObject\",\"inLanguage\":\"es\",\"@id\":\"https:\/\/experienciadevida.com.ar\/portalurbano\/#\/schema\/person\/image\/\",\"url\":\"https:\/\/secure.gravatar.com\/avatar\/830d4c57adaae6630765e449a6908047?s=96&d=mm&r=g\",\"contentUrl\":\"https:\/\/secure.gravatar.com\/avatar\/830d4c57adaae6630765e449a6908047?s=96&d=mm&r=g\",\"caption\":\"admpu17wp\"}}]}<\/script>\n<!-- \/ Yoast SEO plugin. -->","yoast_head_json":{"title":"Piden que paguen la cuota de colegios los no afectados -","robots":{"index":"index","follow":"follow","max-snippet":"max-snippet:-1","max-image-preview":"max-image-preview:large","max-video-preview":"max-video-preview:-1"},"canonical":"https:\/\/experienciadevida.com.ar\/portalurbano\/piden-que-paguen-la-cuota-de-colegios-los-no-afectados\/","og_locale":"es_ES","og_type":"article","og_title":"Piden que paguen la cuota de colegios los no afectados -","og_description":"El ministerio de Educaci\u00f3n diferenci\u00f3 la situaci\u00f3n de quienes pueden abonar para &#8220;garantizar los salarios&#8221;...","og_url":"https:\/\/experienciadevida.com.ar\/portalurbano\/piden-que-paguen-la-cuota-de-colegios-los-no-afectados\/","article_publisher":"https:\/\/www.facebook.com\/Portal-Urbano-171542830093757\/","article_published_time":"2020-04-09T14:50:32+00:00","article_modified_time":"2020-04-09T14:50:54+00:00","og_image":[{"width":765,"height":510,"url":"https:\/\/experienciadevida.com.ar\/portalurbano\/wp-content\/uploads\/2020\/04\/TROTTA-1.jpg","type":"image\/jpeg"}],"author":"admpu17wp","twitter_card":"summary_large_image","twitter_creator":"@portalurbanook","twitter_site":"@portalurbanook","twitter_misc":{"Escrito por":"admpu17wp","Tiempo de lectura":"2 minutos"},"schema":{"@context":"https:\/\/schema.org","@graph":[{"@type":"Article","@id":"https:\/\/experienciadevida.com.ar\/portalurbano\/piden-que-paguen-la-cuota-de-colegios-los-no-afectados\/#article","isPartOf":{"@id":"https:\/\/experienciadevida.com.ar\/portalurbano\/piden-que-paguen-la-cuota-de-colegios-los-no-afectados\/"},"author":{"name":"admpu17wp","@id":"https:\/\/experienciadevida.com.ar\/portalurbano\/#\/schema\/person\/02dd326b1c4b056e9cc972486934a3a7"},"headline":"Piden que paguen la cuota de colegios los no afectados","datePublished":"2020-04-09T14:50:32+00:00","dateModified":"2020-04-09T14:50:54+00:00","mainEntityOfPage":{"@id":"https:\/\/experienciadevida.com.ar\/portalurbano\/piden-que-paguen-la-cuota-de-colegios-los-no-afectados\/"},"wordCount":483,"commentCount":0,"publisher":{"@id":"https:\/\/experienciadevida.com.ar\/portalurbano\/#organization"},"articleSection":["Coronavirus","Provincia"],"inLanguage":"es","potentialAction":[{"@type":"CommentAction","name":"Comment","target":["https:\/\/experienciadevida.com.ar\/portalurbano\/piden-que-paguen-la-cuota-de-colegios-los-no-afectados\/#respond"]}]},{"@type":"WebPage","@id":"https:\/\/experienciadevida.com.ar\/portalurbano\/piden-que-paguen-la-cuota-de-colegios-los-no-afectados\/","url":"https:\/\/experienciadevida.com.ar\/portalurbano\/piden-que-paguen-la-cuota-de-colegios-los-no-afectados\/","name":"Piden que paguen la cuota de colegios los no afectados -","isPartOf":{"@id":"https:\/\/experienciadevida.com.ar\/portalurbano\/#website"},"datePublished":"2020-04-09T14:50:32+00:00","dateModified":"2020-04-09T14:50:54+00:00","breadcrumb":{"@id":"https:\/\/experienciadevida.com.ar\/portalurbano\/piden-que-paguen-la-cuota-de-colegios-los-no-afectados\/#breadcrumb"},"inLanguage":"es","potentialAction":[{"@type":"ReadAction","target":["https:\/\/experienciadevida.com.ar\/portalurbano\/piden-que-paguen-la-cuota-de-colegios-los-no-afectados\/"]}]},{"@type":"BreadcrumbList","@id":"https:\/\/experienciadevida.com.ar\/portalurbano\/piden-que-paguen-la-cuota-de-colegios-los-no-afectados\/#breadcrumb","itemListElement":[{"@type":"ListItem","position":1,"name":"Portada","item":"https:\/\/experienciadevida.com.ar\/portalurbano\/"},{"@type":"ListItem","position":2,"name":"Piden que paguen la cuota de colegios los no afectados"}]},{"@type":"WebSite","@id":"https:\/\/experienciadevida.com.ar\/portalurbano\/#website","url":"https:\/\/experienciadevida.com.ar\/portalurbano\/","name":"","description":"","publisher":{"@id":"https:\/\/experienciadevida.com.ar\/portalurbano\/#organization"},"potentialAction":[{"@type":"SearchAction","target":{"@type":"EntryPoint","urlTemplate":"https:\/\/experienciadevida.com.ar\/portalurbano\/?s={search_term_string}"},"query-input":"required name=search_term_string"}],"inLanguage":"es"},{"@type":"Organization","@id":"https:\/\/experienciadevida.com.ar\/portalurbano\/#organization","name":"Portal Urbano","url":"https:\/\/experienciadevida.com.ar\/portalurbano\/","logo":{"@type":"ImageObject","inLanguage":"es","@id":"https:\/\/experienciadevida.com.ar\/portalurbano\/#\/schema\/logo\/image\/","url":"https:\/\/experienciadevida.com.ar\/portalurbano\/wp-content\/uploads\/2019\/09\/Logo-Original.png","contentUrl":"https:\/\/experienciadevida.com.ar\/portalurbano\/wp-content\/uploads\/2019\/09\/Logo-Original.png","width":2236,"height":1216,"caption":"Portal Urbano"},"image":{"@id":"https:\/\/experienciadevida.com.ar\/portalurbano\/#\/schema\/logo\/image\/"},"sameAs":["https:\/\/www.facebook.com\/Portal-Urbano-171542830093757\/","https:\/\/twitter.com\/portalurbanook","https:\/\/www.instagram.com\/_portalurbano\/","https:\/\/www.youtube.com\/channel\/UCXhagIfszH8KxFiOok79zbA?view_as=subscriber"]},{"@type":"Person","@id":"https:\/\/experienciadevida.com.ar\/portalurbano\/#\/schema\/person\/02dd326b1c4b056e9cc972486934a3a7","name":"admpu17wp","image":{"@type":"ImageObject","inLanguage":"es","@id":"https:\/\/experienciadevida.com.ar\/portalurbano\/#\/schema\/person\/image\/","url":"https:\/\/secure.gravatar.com\/avatar\/830d4c57adaae6630765e449a6908047?s=96&d=mm&r=g","contentUrl":"https:\/\/secure.gravatar.com\/avatar\/830d4c57adaae6630765e449a6908047?s=96&d=mm&r=g","caption":"admpu17wp"}}]}},"featured_image_urls":{"full":["https:\/\/experienciadevida.com.ar\/portalurbano\/wp-content\/uploads\/2020\/04\/TROTTA-1.jpg",765,510,false],"thumbnail":["https:\/\/experienciadevida.com.ar\/portalurbano\/wp-content\/uploads\/2020\/04\/TROTTA-1-150x150.jpg",150,150,true],"medium":["https:\/\/experienciadevida.com.ar\/portalurbano\/wp-content\/uploads\/2020\/04\/TROTTA-1-300x200.jpg",300,200,true],"medium_large":["https:\/\/experienciadevida.com.ar\/portalurbano\/wp-content\/uploads\/2020\/04\/TROTTA-1.jpg",640,427,false],"large":["https:\/\/experienciadevida.com.ar\/portalurbano\/wp-content\/uploads\/2020\/04\/TROTTA-1.jpg",640,427,false],"ug_big":["https:\/\/experienciadevida.com.ar\/portalurbano\/wp-content\/uploads\/2020\/04\/TROTTA-1.jpg",765,510,false],"1536x1536":["https:\/\/experienciadevida.com.ar\/portalurbano\/wp-content\/uploads\/2020\/04\/TROTTA-1.jpg",765,510,false],"2048x2048":["https:\/\/experienciadevida.com.ar\/portalurbano\/wp-content\/uploads\/2020\/04\/TROTTA-1.jpg",765,510,false],"newsever-slider-full":["https:\/\/experienciadevida.com.ar\/portalurbano\/wp-content\/uploads\/2020\/04\/TROTTA-1.jpg",765,510,false],"newsever-featured":["https:\/\/experienciadevida.com.ar\/portalurbano\/wp-content\/uploads\/2020\/04\/TROTTA-1.jpg",765,510,false],"newsever-medium":["https:\/\/experienciadevida.com.ar\/portalurbano\/wp-content\/uploads\/2020\/04\/TROTTA-1.jpg",713,475,false],"web-stories-poster-portrait":["https:\/\/experienciadevida.com.ar\/portalurbano\/wp-content\/uploads\/2020\/04\/TROTTA-1.jpg",640,427,false],"web-stories-publisher-logo":["https:\/\/experienciadevida.com.ar\/portalurbano\/wp-content\/uploads\/2020\/04\/TROTTA-1.jpg",96,64,false],"web-stories-thumbnail":["https:\/\/experienciadevida.com.ar\/portalurbano\/wp-content\/uploads\/2020\/04\/TROTTA-1.jpg",150,100,false]},"author_info":{"display_name":"admpu17wp","author_link":"https:\/\/experienciadevida.com.ar\/portalurbano\/author\/admpu17wp\/"},"category_info":"<a href=\"https:\/\/experienciadevida.com.ar\/portalurbano\/category\/nacion\/coronavirus\/\" rel=\"category tag\">Coronavirus<\/a> <a href=\"https:\/\/experienciadevida.com.ar\/portalurbano\/category\/provincia\/\" rel=\"category tag\">Provincia<\/a>","tag_info":"Provincia","comment_count":"0","amp_enabled":true,"_links":{"self":[{"href":"https:\/\/experienciadevida.com.ar\/portalurbano\/wp-json\/wp\/v2\/posts\/106557"}],"collection":[{"href":"https:\/\/experienciadevida.com.ar\/portalurbano\/wp-json\/wp\/v2\/posts"}],"about":[{"href":"https:\/\/experienciadevida.com.ar\/portalurbano\/wp-json\/wp\/v2\/types\/post"}],"author":[{"embeddable":true,"href":"https:\/\/experienciadevida.com.ar\/portalurbano\/wp-json\/wp\/v2\/users\/1"}],"replies":[{"embeddable":true,"href":"https:\/\/experienciadevida.com.ar\/portalurbano\/wp-json\/wp\/v2\/comments?post=106557"}],"version-history":[{"count":1,"href":"https:\/\/experienciadevida.com.ar\/portalurbano\/wp-json\/wp\/v2\/posts\/106557\/revisions"}],"predecessor-version":[{"id":106559,"href":"https:\/\/experienciadevida.com.ar\/portalurbano\/wp-json\/wp\/v2\/posts\/106557\/revisions\/106559"}],"wp:featuredmedia":[{"embeddable":true,"href":"https:\/\/experienciadevida.com.ar\/portalurbano\/wp-json\/wp\/v2\/media\/106558"}],"wp:attachment":[{"href":"https:\/\/experienciadevida.com.ar\/portalurbano\/wp-json\/wp\/v2\/media?parent=106557"}],"wp:term":[{"taxonomy":"category","embeddable":true,"href":"https:\/\/experienciadevida.com.ar\/portalurbano\/wp-json\/wp\/v2\/categories?post=106557"},{"taxonomy":"post_tag","embeddable":true,"href":"https:\/\/experienciadevida.com.ar\/portalurbano\/wp-json\/wp\/v2\/tags?post=106557"}],"curies":[{"name":"wp","href":"https:\/\/api.w.org\/{rel}","templated":true}]}}