{"id":106521,"date":"2020-04-08T19:53:26","date_gmt":"2020-04-08T22:53:26","guid":{"rendered":"https:\/\/experienciadevida.com.ar\/portalurbano\/?p=106521"},"modified":"2020-04-08T19:54:14","modified_gmt":"2020-04-08T22:54:14","slug":"la-defensoria-alerto-sobre-el-incumplimiento-de-los-precios-maximos-fijados-para-los-alimentos","status":"publish","type":"post","link":"https:\/\/experienciadevida.com.ar\/portalurbano\/la-defensoria-alerto-sobre-el-incumplimiento-de-los-precios-maximos-fijados-para-los-alimentos\/","title":{"rendered":"La Defensor\u00eda alert\u00f3 sobre el incumplimiento de los precios m\u00e1ximos fijados para los alimentos"},"content":{"rendered":"<p>El organismo relev\u00f3 a grandes cadenas de supermercados y determin\u00f3 que varias no cumplen con los importes ni el stock establecidos para los productos de la canasta b\u00e1sica.<\/p>\n<hr \/>\n<p>La Defensor\u00eda del Pueblo bonaerense realiz\u00f3 un relevamiento en las grandes cadenas de supermercados de los precios m\u00e1ximos fijados por el gobierno nacional para productos que forman parte de la canasta b\u00e1sica, y alert\u00f3 que varias firmas no cumplen con los importes ni con el stock establecidos como medida durante la cuarentena por el coronavirus.<\/p>\n<p>Mediante un an\u00e1lisis los precios publicados por estas cadenas en sus p\u00e1ginas web, el organismo que conduce Guido Lorenzino busc\u00f3 determinar si cumpl\u00edan con la resoluci\u00f3n de la Secretar\u00eda de Comercio que fij\u00f3 el precio m\u00e1ximo para los art\u00edculos seg\u00fan el que ten\u00edan el 6 de marzo, una obligaci\u00f3n que deben cumplir tanto hipermercados, supermercados minoristas y mayoristas, minimercados, almacenes y autoservicios.<\/p>\n<div class=\"penci-pullqoute align-none\">\n<blockquote><p><strong>El relevamiento fue realizado sobre 135 art\u00edculos y se compararon los precios que Vea, D\u00eda %, Coto, Disco y Walmart fijaron en sus p\u00e1ginas con los verificados en sus sucursales de La Plata<\/strong>.<\/p><\/blockquote>\n<\/div>\n<p>En ese sentido, se observ\u00f3 que COTO fue el supermercado con mayor cantidad de art\u00edculos que no respetaban los precios m\u00e1ximos, con el 32% de los productos m\u00e1s caros, seguido por D\u00eda %, con el 13,33%, y Disco, con el 6%. Al hacer un ranking de los productos por encima de la lista de precios m\u00e1ximos aparecen los fideos, un 44,35% m\u00e1s caros; aceite, con un 23,47%; y tomates en lata, con un 22,8%.<\/p>\n<p>Al analizar sobre el abastecimiento de la lista de art\u00edculos, se determin\u00f3 que los hipermercados con mayores problemas de stock fueron Walmart, con un faltante del 63%; D\u00eda%, un 55,56%; y Vea, con un 47,41%. Entre los productos con menos presencia en las g\u00f3ndolas aparecen las cremas, con un stock del 24,44%; queso-manteca, con un 34,29%; dulce de leche, con un 44%; fideos, con un 45%; harinas, con un 47,69%; y az\u00facar, con 48%.<\/p>\n<p>\u201c<em>Este relevamiento muestra la falta de compromiso de los grandes empresarios con la realidad que atravesamos los bonaerenses durante la pandemia, y tiene que ser un llamado de atenci\u00f3n a las autoridades para que redoblen el esfuerzo para que se respeten los precios, ya que se trata de una situaci\u00f3n que da\u00f1a a las econom\u00eda de todos, especialmente a los m\u00e1s complicados por esta cuarentena\u201d,<\/em> sostuvo Lorenzino.<\/p>\n<p>En ese sentido, indic\u00f3 que se pueden denunciar estos sobreprecios en la Defensor\u00eda como en los canales habilitados por el gobierno, como la web de Precios M\u00e1ximos (www.argentina.gob.ar\/preciosmaximos), o en el Sistema de Monitoreo de Abastecimientos y Precios de la Provincia (www.simap.gba.gob.ar\/).<\/p>\n<p>Foto: archivo<\/p>\n","protected":false},"excerpt":{"rendered":"<p>El organismo relev\u00f3 a grandes cadenas de supermercados y determin\u00f3 que varias no cumplen con&#8230;<\/p>\n","protected":false},"author":1,"featured_media":0,"comment_status":"open","ping_status":"open","sticky":false,"template":"","format":"standard","meta":{"content-type":""},"categories":[39],"tags":[],"nelio_content":{"isAutoShareEnabled":false,"autoShareEndMode":"default","automationSources":{"useContentSentences":true,"useSocialTemplates":true,"useCustomSentences":false,"customSentences":[]},"followers":[1],"suggestedReferences":[],"includedReferences":[],"efiUrl":"","efiAlt":"","highlights":[]},"yoast_head":"<!-- This site is optimized with the Yoast SEO plugin v20.7 - https:\/\/yoast.com\/wordpress\/plugins\/seo\/ -->\n<title>La Defensor\u00eda alert\u00f3 sobre el incumplimiento de los precios m\u00e1ximos fijados para los alimentos -<\/title>\n<meta name=\"robots\" content=\"index, follow, max-snippet:-1, max-image-preview:large, max-video-preview:-1\" \/>\n<link rel=\"canonical\" href=\"https:\/\/experienciadevida.com.ar\/portalurbano\/la-defensoria-alerto-sobre-el-incumplimiento-de-los-precios-maximos-fijados-para-los-alimentos\/\" \/>\n<meta property=\"og:locale\" content=\"es_ES\" \/>\n<meta property=\"og:type\" content=\"article\" \/>\n<meta property=\"og:title\" content=\"La Defensor\u00eda alert\u00f3 sobre el incumplimiento de los precios m\u00e1ximos fijados para los alimentos -\" \/>\n<meta property=\"og:description\" content=\"El organismo relev\u00f3 a grandes cadenas de supermercados y determin\u00f3 que varias no cumplen con...\" \/>\n<meta property=\"og:url\" content=\"https:\/\/experienciadevida.com.ar\/portalurbano\/la-defensoria-alerto-sobre-el-incumplimiento-de-los-precios-maximos-fijados-para-los-alimentos\/\" \/>\n<meta property=\"article:publisher\" content=\"https:\/\/www.facebook.com\/Portal-Urbano-171542830093757\/\" \/>\n<meta property=\"article:published_time\" content=\"2020-04-08T22:53:26+00:00\" \/>\n<meta property=\"article:modified_time\" content=\"2020-04-08T22:54:14+00:00\" \/>\n<meta property=\"og:image\" content=\"https:\/\/experienciadevida.com.ar\/portalurbano\/wp-content\/uploads\/2019\/03\/DEFENSOR\u00cdA3.jpg\" \/>\n\t<meta property=\"og:image:width\" content=\"800\" \/>\n\t<meta property=\"og:image:height\" content=\"535\" \/>\n\t<meta property=\"og:image:type\" content=\"image\/jpeg\" \/>\n<meta name=\"author\" content=\"admpu17wp\" \/>\n<meta name=\"twitter:card\" content=\"summary_large_image\" \/>\n<meta name=\"twitter:creator\" content=\"@portalurbanook\" \/>\n<meta name=\"twitter:site\" content=\"@portalurbanook\" \/>\n<meta name=\"twitter:label1\" content=\"Escrito por\" \/>\n\t<meta name=\"twitter:data1\" content=\"admpu17wp\" \/>\n\t<meta name=\"twitter:label2\" content=\"Tiempo de lectura\" \/>\n\t<meta name=\"twitter:data2\" content=\"2 minutos\" \/>\n<script type=\"application\/ld+json\" class=\"yoast-schema-graph\">{\"@context\":\"https:\/\/schema.org\",\"@graph\":[{\"@type\":\"Article\",\"@id\":\"https:\/\/experienciadevida.com.ar\/portalurbano\/la-defensoria-alerto-sobre-el-incumplimiento-de-los-precios-maximos-fijados-para-los-alimentos\/#article\",\"isPartOf\":{\"@id\":\"https:\/\/experienciadevida.com.ar\/portalurbano\/la-defensoria-alerto-sobre-el-incumplimiento-de-los-precios-maximos-fijados-para-los-alimentos\/\"},\"author\":{\"name\":\"admpu17wp\",\"@id\":\"https:\/\/experienciadevida.com.ar\/portalurbano\/#\/schema\/person\/02dd326b1c4b056e9cc972486934a3a7\"},\"headline\":\"La Defensor\u00eda alert\u00f3 sobre el incumplimiento de los precios m\u00e1ximos fijados para los alimentos\",\"datePublished\":\"2020-04-08T22:53:26+00:00\",\"dateModified\":\"2020-04-08T22:54:14+00:00\",\"mainEntityOfPage\":{\"@id\":\"https:\/\/experienciadevida.com.ar\/portalurbano\/la-defensoria-alerto-sobre-el-incumplimiento-de-los-precios-maximos-fijados-para-los-alimentos\/\"},\"wordCount\":479,\"commentCount\":0,\"publisher\":{\"@id\":\"https:\/\/experienciadevida.com.ar\/portalurbano\/#organization\"},\"articleSection\":[\"Naci\u00f3n\"],\"inLanguage\":\"es\",\"potentialAction\":[{\"@type\":\"CommentAction\",\"name\":\"Comment\",\"target\":[\"https:\/\/experienciadevida.com.ar\/portalurbano\/la-defensoria-alerto-sobre-el-incumplimiento-de-los-precios-maximos-fijados-para-los-alimentos\/#respond\"]}]},{\"@type\":\"WebPage\",\"@id\":\"https:\/\/experienciadevida.com.ar\/portalurbano\/la-defensoria-alerto-sobre-el-incumplimiento-de-los-precios-maximos-fijados-para-los-alimentos\/\",\"url\":\"https:\/\/experienciadevida.com.ar\/portalurbano\/la-defensoria-alerto-sobre-el-incumplimiento-de-los-precios-maximos-fijados-para-los-alimentos\/\",\"name\":\"La Defensor\u00eda alert\u00f3 sobre el incumplimiento de los precios m\u00e1ximos fijados para los alimentos -\",\"isPartOf\":{\"@id\":\"https:\/\/experienciadevida.com.ar\/portalurbano\/#website\"},\"datePublished\":\"2020-04-08T22:53:26+00:00\",\"dateModified\":\"2020-04-08T22:54:14+00:00\",\"breadcrumb\":{\"@id\":\"https:\/\/experienciadevida.com.ar\/portalurbano\/la-defensoria-alerto-sobre-el-incumplimiento-de-los-precios-maximos-fijados-para-los-alimentos\/#breadcrumb\"},\"inLanguage\":\"es\",\"potentialAction\":[{\"@type\":\"ReadAction\",\"target\":[\"https:\/\/experienciadevida.com.ar\/portalurbano\/la-defensoria-alerto-sobre-el-incumplimiento-de-los-precios-maximos-fijados-para-los-alimentos\/\"]}]},{\"@type\":\"BreadcrumbList\",\"@id\":\"https:\/\/experienciadevida.com.ar\/portalurbano\/la-defensoria-alerto-sobre-el-incumplimiento-de-los-precios-maximos-fijados-para-los-alimentos\/#breadcrumb\",\"itemListElement\":[{\"@type\":\"ListItem\",\"position\":1,\"name\":\"Portada\",\"item\":\"https:\/\/experienciadevida.com.ar\/portalurbano\/\"},{\"@type\":\"ListItem\",\"position\":2,\"name\":\"La Defensor\u00eda alert\u00f3 sobre el incumplimiento de los precios m\u00e1ximos fijados para los alimentos\"}]},{\"@type\":\"WebSite\",\"@id\":\"https:\/\/experienciadevida.com.ar\/portalurbano\/#website\",\"url\":\"https:\/\/experienciadevida.com.ar\/portalurbano\/\",\"name\":\"\",\"description\":\"\",\"publisher\":{\"@id\":\"https:\/\/experienciadevida.com.ar\/portalurbano\/#organization\"},\"potentialAction\":[{\"@type\":\"SearchAction\",\"target\":{\"@type\":\"EntryPoint\",\"urlTemplate\":\"https:\/\/experienciadevida.com.ar\/portalurbano\/?s={search_term_string}\"},\"query-input\":\"required name=search_term_string\"}],\"inLanguage\":\"es\"},{\"@type\":\"Organization\",\"@id\":\"https:\/\/experienciadevida.com.ar\/portalurbano\/#organization\",\"name\":\"Portal Urbano\",\"url\":\"https:\/\/experienciadevida.com.ar\/portalurbano\/\",\"logo\":{\"@type\":\"ImageObject\",\"inLanguage\":\"es\",\"@id\":\"https:\/\/experienciadevida.com.ar\/portalurbano\/#\/schema\/logo\/image\/\",\"url\":\"https:\/\/experienciadevida.com.ar\/portalurbano\/wp-content\/uploads\/2019\/09\/Logo-Original.png\",\"contentUrl\":\"https:\/\/experienciadevida.com.ar\/portalurbano\/wp-content\/uploads\/2019\/09\/Logo-Original.png\",\"width\":2236,\"height\":1216,\"caption\":\"Portal Urbano\"},\"image\":{\"@id\":\"https:\/\/experienciadevida.com.ar\/portalurbano\/#\/schema\/logo\/image\/\"},\"sameAs\":[\"https:\/\/www.facebook.com\/Portal-Urbano-171542830093757\/\",\"https:\/\/twitter.com\/portalurbanook\",\"https:\/\/www.instagram.com\/_portalurbano\/\",\"https:\/\/www.youtube.com\/channel\/UCXhagIfszH8KxFiOok79zbA?view_as=subscriber\"]},{\"@type\":\"Person\",\"@id\":\"https:\/\/experienciadevida.com.ar\/portalurbano\/#\/schema\/person\/02dd326b1c4b056e9cc972486934a3a7\",\"name\":\"admpu17wp\",\"image\":{\"@type\":\"ImageObject\",\"inLanguage\":\"es\",\"@id\":\"https:\/\/experienciadevida.com.ar\/portalurbano\/#\/schema\/person\/image\/\",\"url\":\"https:\/\/secure.gravatar.com\/avatar\/830d4c57adaae6630765e449a6908047?s=96&d=mm&r=g\",\"contentUrl\":\"https:\/\/secure.gravatar.com\/avatar\/830d4c57adaae6630765e449a6908047?s=96&d=mm&r=g\",\"caption\":\"admpu17wp\"}}]}<\/script>\n<!-- \/ Yoast SEO plugin. -->","yoast_head_json":{"title":"La Defensor\u00eda alert\u00f3 sobre el incumplimiento de los precios m\u00e1ximos fijados para los alimentos -","robots":{"index":"index","follow":"follow","max-snippet":"max-snippet:-1","max-image-preview":"max-image-preview:large","max-video-preview":"max-video-preview:-1"},"canonical":"https:\/\/experienciadevida.com.ar\/portalurbano\/la-defensoria-alerto-sobre-el-incumplimiento-de-los-precios-maximos-fijados-para-los-alimentos\/","og_locale":"es_ES","og_type":"article","og_title":"La Defensor\u00eda alert\u00f3 sobre el incumplimiento de los precios m\u00e1ximos fijados para los alimentos -","og_description":"El organismo relev\u00f3 a grandes cadenas de supermercados y determin\u00f3 que varias no cumplen con...","og_url":"https:\/\/experienciadevida.com.ar\/portalurbano\/la-defensoria-alerto-sobre-el-incumplimiento-de-los-precios-maximos-fijados-para-los-alimentos\/","article_publisher":"https:\/\/www.facebook.com\/Portal-Urbano-171542830093757\/","article_published_time":"2020-04-08T22:53:26+00:00","article_modified_time":"2020-04-08T22:54:14+00:00","og_image":[{"width":800,"height":535,"url":"https:\/\/experienciadevida.com.ar\/portalurbano\/wp-content\/uploads\/2019\/03\/DEFENSOR\u00cdA3.jpg","type":"image\/jpeg"}],"author":"admpu17wp","twitter_card":"summary_large_image","twitter_creator":"@portalurbanook","twitter_site":"@portalurbanook","twitter_misc":{"Escrito por":"admpu17wp","Tiempo de lectura":"2 minutos"},"schema":{"@context":"https:\/\/schema.org","@graph":[{"@type":"Article","@id":"https:\/\/experienciadevida.com.ar\/portalurbano\/la-defensoria-alerto-sobre-el-incumplimiento-de-los-precios-maximos-fijados-para-los-alimentos\/#article","isPartOf":{"@id":"https:\/\/experienciadevida.com.ar\/portalurbano\/la-defensoria-alerto-sobre-el-incumplimiento-de-los-precios-maximos-fijados-para-los-alimentos\/"},"author":{"name":"admpu17wp","@id":"https:\/\/experienciadevida.com.ar\/portalurbano\/#\/schema\/person\/02dd326b1c4b056e9cc972486934a3a7"},"headline":"La Defensor\u00eda alert\u00f3 sobre el incumplimiento de los precios m\u00e1ximos fijados para los alimentos","datePublished":"2020-04-08T22:53:26+00:00","dateModified":"2020-04-08T22:54:14+00:00","mainEntityOfPage":{"@id":"https:\/\/experienciadevida.com.ar\/portalurbano\/la-defensoria-alerto-sobre-el-incumplimiento-de-los-precios-maximos-fijados-para-los-alimentos\/"},"wordCount":479,"commentCount":0,"publisher":{"@id":"https:\/\/experienciadevida.com.ar\/portalurbano\/#organization"},"articleSection":["Naci\u00f3n"],"inLanguage":"es","potentialAction":[{"@type":"CommentAction","name":"Comment","target":["https:\/\/experienciadevida.com.ar\/portalurbano\/la-defensoria-alerto-sobre-el-incumplimiento-de-los-precios-maximos-fijados-para-los-alimentos\/#respond"]}]},{"@type":"WebPage","@id":"https:\/\/experienciadevida.com.ar\/portalurbano\/la-defensoria-alerto-sobre-el-incumplimiento-de-los-precios-maximos-fijados-para-los-alimentos\/","url":"https:\/\/experienciadevida.com.ar\/portalurbano\/la-defensoria-alerto-sobre-el-incumplimiento-de-los-precios-maximos-fijados-para-los-alimentos\/","name":"La Defensor\u00eda alert\u00f3 sobre el incumplimiento de los precios m\u00e1ximos fijados para los alimentos -","isPartOf":{"@id":"https:\/\/experienciadevida.com.ar\/portalurbano\/#website"},"datePublished":"2020-04-08T22:53:26+00:00","dateModified":"2020-04-08T22:54:14+00:00","breadcrumb":{"@id":"https:\/\/experienciadevida.com.ar\/portalurbano\/la-defensoria-alerto-sobre-el-incumplimiento-de-los-precios-maximos-fijados-para-los-alimentos\/#breadcrumb"},"inLanguage":"es","potentialAction":[{"@type":"ReadAction","target":["https:\/\/experienciadevida.com.ar\/portalurbano\/la-defensoria-alerto-sobre-el-incumplimiento-de-los-precios-maximos-fijados-para-los-alimentos\/"]}]},{"@type":"BreadcrumbList","@id":"https:\/\/experienciadevida.com.ar\/portalurbano\/la-defensoria-alerto-sobre-el-incumplimiento-de-los-precios-maximos-fijados-para-los-alimentos\/#breadcrumb","itemListElement":[{"@type":"ListItem","position":1,"name":"Portada","item":"https:\/\/experienciadevida.com.ar\/portalurbano\/"},{"@type":"ListItem","position":2,"name":"La Defensor\u00eda alert\u00f3 sobre el incumplimiento de los precios m\u00e1ximos fijados para los alimentos"}]},{"@type":"WebSite","@id":"https:\/\/experienciadevida.com.ar\/portalurbano\/#website","url":"https:\/\/experienciadevida.com.ar\/portalurbano\/","name":"","description":"","publisher":{"@id":"https:\/\/experienciadevida.com.ar\/portalurbano\/#organization"},"potentialAction":[{"@type":"SearchAction","target":{"@type":"EntryPoint","urlTemplate":"https:\/\/experienciadevida.com.ar\/portalurbano\/?s={search_term_string}"},"query-input":"required name=search_term_string"}],"inLanguage":"es"},{"@type":"Organization","@id":"https:\/\/experienciadevida.com.ar\/portalurbano\/#organization","name":"Portal Urbano","url":"https:\/\/experienciadevida.com.ar\/portalurbano\/","logo":{"@type":"ImageObject","inLanguage":"es","@id":"https:\/\/experienciadevida.com.ar\/portalurbano\/#\/schema\/logo\/image\/","url":"https:\/\/experienciadevida.com.ar\/portalurbano\/wp-content\/uploads\/2019\/09\/Logo-Original.png","contentUrl":"https:\/\/experienciadevida.com.ar\/portalurbano\/wp-content\/uploads\/2019\/09\/Logo-Original.png","width":2236,"height":1216,"caption":"Portal Urbano"},"image":{"@id":"https:\/\/experienciadevida.com.ar\/portalurbano\/#\/schema\/logo\/image\/"},"sameAs":["https:\/\/www.facebook.com\/Portal-Urbano-171542830093757\/","https:\/\/twitter.com\/portalurbanook","https:\/\/www.instagram.com\/_portalurbano\/","https:\/\/www.youtube.com\/channel\/UCXhagIfszH8KxFiOok79zbA?view_as=subscriber"]},{"@type":"Person","@id":"https:\/\/experienciadevida.com.ar\/portalurbano\/#\/schema\/person\/02dd326b1c4b056e9cc972486934a3a7","name":"admpu17wp","image":{"@type":"ImageObject","inLanguage":"es","@id":"https:\/\/experienciadevida.com.ar\/portalurbano\/#\/schema\/person\/image\/","url":"https:\/\/secure.gravatar.com\/avatar\/830d4c57adaae6630765e449a6908047?s=96&d=mm&r=g","contentUrl":"https:\/\/secure.gravatar.com\/avatar\/830d4c57adaae6630765e449a6908047?s=96&d=mm&r=g","caption":"admpu17wp"}}]}},"featured_image_urls":{"full":"","thumbnail":"","medium":"","medium_large":"","large":"","ug_big":"","1536x1536":"","2048x2048":"","newsever-slider-full":"","newsever-featured":"","newsever-medium":"","web-stories-poster-portrait":"","web-stories-publisher-logo":"","web-stories-thumbnail":""},"author_info":{"display_name":"admpu17wp","author_link":"https:\/\/experienciadevida.com.ar\/portalurbano\/author\/admpu17wp\/"},"category_info":"<a href=\"https:\/\/experienciadevida.com.ar\/portalurbano\/category\/nacion\/\" rel=\"category tag\">Naci\u00f3n<\/a>","tag_info":"Naci\u00f3n","comment_count":"0","amp_enabled":true,"_links":{"self":[{"href":"https:\/\/experienciadevida.com.ar\/portalurbano\/wp-json\/wp\/v2\/posts\/106521"}],"collection":[{"href":"https:\/\/experienciadevida.com.ar\/portalurbano\/wp-json\/wp\/v2\/posts"}],"about":[{"href":"https:\/\/experienciadevida.com.ar\/portalurbano\/wp-json\/wp\/v2\/types\/post"}],"author":[{"embeddable":true,"href":"https:\/\/experienciadevida.com.ar\/portalurbano\/wp-json\/wp\/v2\/users\/1"}],"replies":[{"embeddable":true,"href":"https:\/\/experienciadevida.com.ar\/portalurbano\/wp-json\/wp\/v2\/comments?post=106521"}],"version-history":[{"count":3,"href":"https:\/\/experienciadevida.com.ar\/portalurbano\/wp-json\/wp\/v2\/posts\/106521\/revisions"}],"predecessor-version":[{"id":106524,"href":"https:\/\/experienciadevida.com.ar\/portalurbano\/wp-json\/wp\/v2\/posts\/106521\/revisions\/106524"}],"wp:attachment":[{"href":"https:\/\/experienciadevida.com.ar\/portalurbano\/wp-json\/wp\/v2\/media?parent=106521"}],"wp:term":[{"taxonomy":"category","embeddable":true,"href":"https:\/\/experienciadevida.com.ar\/portalurbano\/wp-json\/wp\/v2\/categories?post=106521"},{"taxonomy":"post_tag","embeddable":true,"href":"https:\/\/experienciadevida.com.ar\/portalurbano\/wp-json\/wp\/v2\/tags?post=106521"}],"curies":[{"name":"wp","href":"https:\/\/api.w.org\/{rel}","templated":true}]}}