{"id":106355,"date":"2020-04-06T14:15:43","date_gmt":"2020-04-06T17:15:43","guid":{"rendered":"https:\/\/experienciadevida.com.ar\/portalurbano\/?p=106355"},"modified":"2020-04-06T14:16:02","modified_gmt":"2020-04-06T17:16:02","slug":"sabina-frederic-la-gente-esta-cumpliendo-la-cuarentena","status":"publish","type":"post","link":"https:\/\/experienciadevida.com.ar\/portalurbano\/sabina-frederic-la-gente-esta-cumpliendo-la-cuarentena\/","title":{"rendered":"Sabina Frederic: &#8220;La gente est\u00e1 cumpliendo la cuarentena&#8221;"},"content":{"rendered":"<p>La ministra de Seguridad destac\u00f3 el amplio nivel de cumplimiento del aislamiento socia, preventivo y obligatorio. Asimismo, inform\u00f3 que se ir\u00e1n incorporando nuevas excepciones.<\/p>\n<p>La ministra de Seguridad, Sabina Frederic, destac\u00f3 hoy el alto nivel de cumplimiento del aislamiento social, preventivo y obligatorio dispuesto por el Poder Ejecutivo para mitigar la propagaci\u00f3n del coronavirus, y asumi\u00f3 que la semana que viene habr\u00e1 otras excepciones, sobre las que est\u00e1 trabajando Jefatura de Gabinete.<\/p>\n<p>&#8220;La gente est\u00e1 cumpliendo la cuarentena&#8221;, dijo la ministra.<\/p>\n<p>&#8220;Hay un alt\u00edsimo porcentaje de gente que cumpli\u00f3 con el aislamiento: no hay gente circulando, as\u00ed que estamos muy satisfechos y creemos que la gente asumi\u00f3 y tom\u00f3 conciencia de la importancia que tiene respetar las normas y la decisi\u00f3n que tom\u00f3 el Gobierno&#8221;, agreg\u00f3.<\/p>\n<p>Estas medidas &#8220;fueron tomadas muy a tiempo y que est\u00e1n haciendo que la cantidad de contagios sea m\u00e1s baja que el mejor escenario simulado hace tres semanas&#8221;, asever\u00f3 Frederic.<\/p>\n<p>La funcionaria, que coment\u00f3 que lleg\u00f3 en 15 minutos en vez de los 45 que le suele tomar un d\u00eda normal, previo al aislamiento, afirm\u00f3 que Jefatura de Gabinete trabaja en la ampliaci\u00f3n de los rubros exceptuados del cumplimiento del aislamiento social, preventivo y obligatorio luego del 13 de abril.<\/p>\n<p>&#8220;En la semana probablemente haya algunas otras excepciones, pero es algo que est\u00e1 resolviendo la Jefatura de Gabinete con las c\u00e1maras empresariales, de comercio y los gremios&#8221;, explic\u00f3 la ministra.<\/p>\n<p>En este sentido, agreg\u00f3: &#8220;Luego de que se acuerde con ellos, se les pedir\u00e1 a los ministros que contribuyan para resolver en cada una de las \u00e1reas correspondientes lo que hay que hacer para garantizar que el aislamiento contin\u00fae&#8221;.<\/p>\n","protected":false},"excerpt":{"rendered":"<p>La ministra de Seguridad destac\u00f3 el amplio nivel de cumplimiento del aislamiento socia, preventivo y&#8230;<\/p>\n","protected":false},"author":1,"featured_media":106356,"comment_status":"open","ping_status":"open","sticky":false,"template":"","format":"standard","meta":{"content-type":""},"categories":[39],"tags":[],"nelio_content":{"isAutoShareEnabled":false,"autoShareEndMode":"default","automationSources":{"useContentSentences":true,"useSocialTemplates":true,"useCustomSentences":false,"customSentences":[]},"followers":[1],"suggestedReferences":[],"includedReferences":[],"efiUrl":"","efiAlt":"","highlights":[]},"yoast_head":"<!-- This site is optimized with the Yoast SEO plugin v20.7 - https:\/\/yoast.com\/wordpress\/plugins\/seo\/ -->\n<title>Sabina Frederic: &quot;La gente est\u00e1 cumpliendo la cuarentena&quot; -<\/title>\n<meta name=\"robots\" content=\"index, follow, max-snippet:-1, max-image-preview:large, max-video-preview:-1\" \/>\n<link rel=\"canonical\" href=\"https:\/\/experienciadevida.com.ar\/portalurbano\/sabina-frederic-la-gente-esta-cumpliendo-la-cuarentena\/\" \/>\n<meta property=\"og:locale\" content=\"es_ES\" \/>\n<meta property=\"og:type\" content=\"article\" \/>\n<meta property=\"og:title\" content=\"Sabina Frederic: &quot;La gente est\u00e1 cumpliendo la cuarentena&quot; -\" \/>\n<meta property=\"og:description\" content=\"La ministra de Seguridad destac\u00f3 el amplio nivel de cumplimiento del aislamiento socia, preventivo y...\" \/>\n<meta property=\"og:url\" content=\"https:\/\/experienciadevida.com.ar\/portalurbano\/sabina-frederic-la-gente-esta-cumpliendo-la-cuarentena\/\" \/>\n<meta property=\"article:publisher\" content=\"https:\/\/www.facebook.com\/Portal-Urbano-171542830093757\/\" \/>\n<meta property=\"article:published_time\" content=\"2020-04-06T17:15:43+00:00\" \/>\n<meta property=\"article:modified_time\" content=\"2020-04-06T17:16:02+00:00\" \/>\n<meta property=\"og:image\" content=\"https:\/\/experienciadevida.com.ar\/portalurbano\/wp-content\/uploads\/2020\/04\/CUARENTENA-1.jpg\" \/>\n\t<meta property=\"og:image:width\" content=\"1140\" \/>\n\t<meta property=\"og:image:height\" content=\"627\" \/>\n\t<meta property=\"og:image:type\" content=\"image\/jpeg\" \/>\n<meta name=\"author\" content=\"admpu17wp\" \/>\n<meta name=\"twitter:card\" content=\"summary_large_image\" \/>\n<meta name=\"twitter:creator\" content=\"@portalurbanook\" \/>\n<meta name=\"twitter:site\" content=\"@portalurbanook\" \/>\n<meta name=\"twitter:label1\" content=\"Escrito por\" \/>\n\t<meta name=\"twitter:data1\" content=\"admpu17wp\" \/>\n\t<meta name=\"twitter:label2\" content=\"Tiempo de lectura\" \/>\n\t<meta name=\"twitter:data2\" content=\"1 minuto\" \/>\n<script type=\"application\/ld+json\" class=\"yoast-schema-graph\">{\"@context\":\"https:\/\/schema.org\",\"@graph\":[{\"@type\":\"Article\",\"@id\":\"https:\/\/experienciadevida.com.ar\/portalurbano\/sabina-frederic-la-gente-esta-cumpliendo-la-cuarentena\/#article\",\"isPartOf\":{\"@id\":\"https:\/\/experienciadevida.com.ar\/portalurbano\/sabina-frederic-la-gente-esta-cumpliendo-la-cuarentena\/\"},\"author\":{\"name\":\"admpu17wp\",\"@id\":\"https:\/\/experienciadevida.com.ar\/portalurbano\/#\/schema\/person\/02dd326b1c4b056e9cc972486934a3a7\"},\"headline\":\"Sabina Frederic: &#8220;La gente est\u00e1 cumpliendo la cuarentena&#8221;\",\"datePublished\":\"2020-04-06T17:15:43+00:00\",\"dateModified\":\"2020-04-06T17:16:02+00:00\",\"mainEntityOfPage\":{\"@id\":\"https:\/\/experienciadevida.com.ar\/portalurbano\/sabina-frederic-la-gente-esta-cumpliendo-la-cuarentena\/\"},\"wordCount\":289,\"commentCount\":0,\"publisher\":{\"@id\":\"https:\/\/experienciadevida.com.ar\/portalurbano\/#organization\"},\"articleSection\":[\"Naci\u00f3n\"],\"inLanguage\":\"es\",\"potentialAction\":[{\"@type\":\"CommentAction\",\"name\":\"Comment\",\"target\":[\"https:\/\/experienciadevida.com.ar\/portalurbano\/sabina-frederic-la-gente-esta-cumpliendo-la-cuarentena\/#respond\"]}]},{\"@type\":\"WebPage\",\"@id\":\"https:\/\/experienciadevida.com.ar\/portalurbano\/sabina-frederic-la-gente-esta-cumpliendo-la-cuarentena\/\",\"url\":\"https:\/\/experienciadevida.com.ar\/portalurbano\/sabina-frederic-la-gente-esta-cumpliendo-la-cuarentena\/\",\"name\":\"Sabina Frederic: \\\"La gente est\u00e1 cumpliendo la cuarentena\\\" -\",\"isPartOf\":{\"@id\":\"https:\/\/experienciadevida.com.ar\/portalurbano\/#website\"},\"datePublished\":\"2020-04-06T17:15:43+00:00\",\"dateModified\":\"2020-04-06T17:16:02+00:00\",\"breadcrumb\":{\"@id\":\"https:\/\/experienciadevida.com.ar\/portalurbano\/sabina-frederic-la-gente-esta-cumpliendo-la-cuarentena\/#breadcrumb\"},\"inLanguage\":\"es\",\"potentialAction\":[{\"@type\":\"ReadAction\",\"target\":[\"https:\/\/experienciadevida.com.ar\/portalurbano\/sabina-frederic-la-gente-esta-cumpliendo-la-cuarentena\/\"]}]},{\"@type\":\"BreadcrumbList\",\"@id\":\"https:\/\/experienciadevida.com.ar\/portalurbano\/sabina-frederic-la-gente-esta-cumpliendo-la-cuarentena\/#breadcrumb\",\"itemListElement\":[{\"@type\":\"ListItem\",\"position\":1,\"name\":\"Portada\",\"item\":\"https:\/\/experienciadevida.com.ar\/portalurbano\/\"},{\"@type\":\"ListItem\",\"position\":2,\"name\":\"Sabina Frederic: \u00abLa gente est\u00e1 cumpliendo la cuarentena\u00bb\"}]},{\"@type\":\"WebSite\",\"@id\":\"https:\/\/experienciadevida.com.ar\/portalurbano\/#website\",\"url\":\"https:\/\/experienciadevida.com.ar\/portalurbano\/\",\"name\":\"\",\"description\":\"\",\"publisher\":{\"@id\":\"https:\/\/experienciadevida.com.ar\/portalurbano\/#organization\"},\"potentialAction\":[{\"@type\":\"SearchAction\",\"target\":{\"@type\":\"EntryPoint\",\"urlTemplate\":\"https:\/\/experienciadevida.com.ar\/portalurbano\/?s={search_term_string}\"},\"query-input\":\"required name=search_term_string\"}],\"inLanguage\":\"es\"},{\"@type\":\"Organization\",\"@id\":\"https:\/\/experienciadevida.com.ar\/portalurbano\/#organization\",\"name\":\"Portal Urbano\",\"url\":\"https:\/\/experienciadevida.com.ar\/portalurbano\/\",\"logo\":{\"@type\":\"ImageObject\",\"inLanguage\":\"es\",\"@id\":\"https:\/\/experienciadevida.com.ar\/portalurbano\/#\/schema\/logo\/image\/\",\"url\":\"https:\/\/experienciadevida.com.ar\/portalurbano\/wp-content\/uploads\/2019\/09\/Logo-Original.png\",\"contentUrl\":\"https:\/\/experienciadevida.com.ar\/portalurbano\/wp-content\/uploads\/2019\/09\/Logo-Original.png\",\"width\":2236,\"height\":1216,\"caption\":\"Portal Urbano\"},\"image\":{\"@id\":\"https:\/\/experienciadevida.com.ar\/portalurbano\/#\/schema\/logo\/image\/\"},\"sameAs\":[\"https:\/\/www.facebook.com\/Portal-Urbano-171542830093757\/\",\"https:\/\/twitter.com\/portalurbanook\",\"https:\/\/www.instagram.com\/_portalurbano\/\",\"https:\/\/www.youtube.com\/channel\/UCXhagIfszH8KxFiOok79zbA?view_as=subscriber\"]},{\"@type\":\"Person\",\"@id\":\"https:\/\/experienciadevida.com.ar\/portalurbano\/#\/schema\/person\/02dd326b1c4b056e9cc972486934a3a7\",\"name\":\"admpu17wp\",\"image\":{\"@type\":\"ImageObject\",\"inLanguage\":\"es\",\"@id\":\"https:\/\/experienciadevida.com.ar\/portalurbano\/#\/schema\/person\/image\/\",\"url\":\"https:\/\/secure.gravatar.com\/avatar\/830d4c57adaae6630765e449a6908047?s=96&d=mm&r=g\",\"contentUrl\":\"https:\/\/secure.gravatar.com\/avatar\/830d4c57adaae6630765e449a6908047?s=96&d=mm&r=g\",\"caption\":\"admpu17wp\"}}]}<\/script>\n<!-- \/ Yoast SEO plugin. -->","yoast_head_json":{"title":"Sabina Frederic: \"La gente est\u00e1 cumpliendo la cuarentena\" -","robots":{"index":"index","follow":"follow","max-snippet":"max-snippet:-1","max-image-preview":"max-image-preview:large","max-video-preview":"max-video-preview:-1"},"canonical":"https:\/\/experienciadevida.com.ar\/portalurbano\/sabina-frederic-la-gente-esta-cumpliendo-la-cuarentena\/","og_locale":"es_ES","og_type":"article","og_title":"Sabina Frederic: \"La gente est\u00e1 cumpliendo la cuarentena\" -","og_description":"La ministra de Seguridad destac\u00f3 el amplio nivel de cumplimiento del aislamiento socia, preventivo y...","og_url":"https:\/\/experienciadevida.com.ar\/portalurbano\/sabina-frederic-la-gente-esta-cumpliendo-la-cuarentena\/","article_publisher":"https:\/\/www.facebook.com\/Portal-Urbano-171542830093757\/","article_published_time":"2020-04-06T17:15:43+00:00","article_modified_time":"2020-04-06T17:16:02+00:00","og_image":[{"width":1140,"height":627,"url":"https:\/\/experienciadevida.com.ar\/portalurbano\/wp-content\/uploads\/2020\/04\/CUARENTENA-1.jpg","type":"image\/jpeg"}],"author":"admpu17wp","twitter_card":"summary_large_image","twitter_creator":"@portalurbanook","twitter_site":"@portalurbanook","twitter_misc":{"Escrito por":"admpu17wp","Tiempo de lectura":"1 minuto"},"schema":{"@context":"https:\/\/schema.org","@graph":[{"@type":"Article","@id":"https:\/\/experienciadevida.com.ar\/portalurbano\/sabina-frederic-la-gente-esta-cumpliendo-la-cuarentena\/#article","isPartOf":{"@id":"https:\/\/experienciadevida.com.ar\/portalurbano\/sabina-frederic-la-gente-esta-cumpliendo-la-cuarentena\/"},"author":{"name":"admpu17wp","@id":"https:\/\/experienciadevida.com.ar\/portalurbano\/#\/schema\/person\/02dd326b1c4b056e9cc972486934a3a7"},"headline":"Sabina Frederic: &#8220;La gente est\u00e1 cumpliendo la cuarentena&#8221;","datePublished":"2020-04-06T17:15:43+00:00","dateModified":"2020-04-06T17:16:02+00:00","mainEntityOfPage":{"@id":"https:\/\/experienciadevida.com.ar\/portalurbano\/sabina-frederic-la-gente-esta-cumpliendo-la-cuarentena\/"},"wordCount":289,"commentCount":0,"publisher":{"@id":"https:\/\/experienciadevida.com.ar\/portalurbano\/#organization"},"articleSection":["Naci\u00f3n"],"inLanguage":"es","potentialAction":[{"@type":"CommentAction","name":"Comment","target":["https:\/\/experienciadevida.com.ar\/portalurbano\/sabina-frederic-la-gente-esta-cumpliendo-la-cuarentena\/#respond"]}]},{"@type":"WebPage","@id":"https:\/\/experienciadevida.com.ar\/portalurbano\/sabina-frederic-la-gente-esta-cumpliendo-la-cuarentena\/","url":"https:\/\/experienciadevida.com.ar\/portalurbano\/sabina-frederic-la-gente-esta-cumpliendo-la-cuarentena\/","name":"Sabina Frederic: \"La gente est\u00e1 cumpliendo la cuarentena\" -","isPartOf":{"@id":"https:\/\/experienciadevida.com.ar\/portalurbano\/#website"},"datePublished":"2020-04-06T17:15:43+00:00","dateModified":"2020-04-06T17:16:02+00:00","breadcrumb":{"@id":"https:\/\/experienciadevida.com.ar\/portalurbano\/sabina-frederic-la-gente-esta-cumpliendo-la-cuarentena\/#breadcrumb"},"inLanguage":"es","potentialAction":[{"@type":"ReadAction","target":["https:\/\/experienciadevida.com.ar\/portalurbano\/sabina-frederic-la-gente-esta-cumpliendo-la-cuarentena\/"]}]},{"@type":"BreadcrumbList","@id":"https:\/\/experienciadevida.com.ar\/portalurbano\/sabina-frederic-la-gente-esta-cumpliendo-la-cuarentena\/#breadcrumb","itemListElement":[{"@type":"ListItem","position":1,"name":"Portada","item":"https:\/\/experienciadevida.com.ar\/portalurbano\/"},{"@type":"ListItem","position":2,"name":"Sabina Frederic: \u00abLa gente est\u00e1 cumpliendo la cuarentena\u00bb"}]},{"@type":"WebSite","@id":"https:\/\/experienciadevida.com.ar\/portalurbano\/#website","url":"https:\/\/experienciadevida.com.ar\/portalurbano\/","name":"","description":"","publisher":{"@id":"https:\/\/experienciadevida.com.ar\/portalurbano\/#organization"},"potentialAction":[{"@type":"SearchAction","target":{"@type":"EntryPoint","urlTemplate":"https:\/\/experienciadevida.com.ar\/portalurbano\/?s={search_term_string}"},"query-input":"required name=search_term_string"}],"inLanguage":"es"},{"@type":"Organization","@id":"https:\/\/experienciadevida.com.ar\/portalurbano\/#organization","name":"Portal Urbano","url":"https:\/\/experienciadevida.com.ar\/portalurbano\/","logo":{"@type":"ImageObject","inLanguage":"es","@id":"https:\/\/experienciadevida.com.ar\/portalurbano\/#\/schema\/logo\/image\/","url":"https:\/\/experienciadevida.com.ar\/portalurbano\/wp-content\/uploads\/2019\/09\/Logo-Original.png","contentUrl":"https:\/\/experienciadevida.com.ar\/portalurbano\/wp-content\/uploads\/2019\/09\/Logo-Original.png","width":2236,"height":1216,"caption":"Portal Urbano"},"image":{"@id":"https:\/\/experienciadevida.com.ar\/portalurbano\/#\/schema\/logo\/image\/"},"sameAs":["https:\/\/www.facebook.com\/Portal-Urbano-171542830093757\/","https:\/\/twitter.com\/portalurbanook","https:\/\/www.instagram.com\/_portalurbano\/","https:\/\/www.youtube.com\/channel\/UCXhagIfszH8KxFiOok79zbA?view_as=subscriber"]},{"@type":"Person","@id":"https:\/\/experienciadevida.com.ar\/portalurbano\/#\/schema\/person\/02dd326b1c4b056e9cc972486934a3a7","name":"admpu17wp","image":{"@type":"ImageObject","inLanguage":"es","@id":"https:\/\/experienciadevida.com.ar\/portalurbano\/#\/schema\/person\/image\/","url":"https:\/\/secure.gravatar.com\/avatar\/830d4c57adaae6630765e449a6908047?s=96&d=mm&r=g","contentUrl":"https:\/\/secure.gravatar.com\/avatar\/830d4c57adaae6630765e449a6908047?s=96&d=mm&r=g","caption":"admpu17wp"}}]}},"featured_image_urls":{"full":["https:\/\/experienciadevida.com.ar\/portalurbano\/wp-content\/uploads\/2020\/04\/CUARENTENA-1.jpg",1140,627,false],"thumbnail":["https:\/\/experienciadevida.com.ar\/portalurbano\/wp-content\/uploads\/2020\/04\/CUARENTENA-1-150x150.jpg",150,150,true],"medium":["https:\/\/experienciadevida.com.ar\/portalurbano\/wp-content\/uploads\/2020\/04\/CUARENTENA-1-300x165.jpg",300,165,true],"medium_large":["https:\/\/experienciadevida.com.ar\/portalurbano\/wp-content\/uploads\/2020\/04\/CUARENTENA-1-768x422.jpg",640,352,true],"large":["https:\/\/experienciadevida.com.ar\/portalurbano\/wp-content\/uploads\/2020\/04\/CUARENTENA-1-1024x563.jpg",640,352,true],"ug_big":["https:\/\/experienciadevida.com.ar\/portalurbano\/wp-content\/uploads\/2020\/04\/CUARENTENA-1-768x422.jpg",768,422,true],"1536x1536":["https:\/\/experienciadevida.com.ar\/portalurbano\/wp-content\/uploads\/2020\/04\/CUARENTENA-1.jpg",1140,627,false],"2048x2048":["https:\/\/experienciadevida.com.ar\/portalurbano\/wp-content\/uploads\/2020\/04\/CUARENTENA-1.jpg",1140,627,false],"newsever-slider-full":["https:\/\/experienciadevida.com.ar\/portalurbano\/wp-content\/uploads\/2020\/04\/CUARENTENA-1.jpg",1140,627,false],"newsever-featured":["https:\/\/experienciadevida.com.ar\/portalurbano\/wp-content\/uploads\/2020\/04\/CUARENTENA-1.jpg",1024,563,false],"newsever-medium":["https:\/\/experienciadevida.com.ar\/portalurbano\/wp-content\/uploads\/2020\/04\/CUARENTENA-1.jpg",720,396,false],"web-stories-poster-portrait":["https:\/\/experienciadevida.com.ar\/portalurbano\/wp-content\/uploads\/2020\/04\/CUARENTENA-1.jpg",640,352,false],"web-stories-publisher-logo":["https:\/\/experienciadevida.com.ar\/portalurbano\/wp-content\/uploads\/2020\/04\/CUARENTENA-1.jpg",96,53,false],"web-stories-thumbnail":["https:\/\/experienciadevida.com.ar\/portalurbano\/wp-content\/uploads\/2020\/04\/CUARENTENA-1.jpg",150,83,false]},"author_info":{"display_name":"admpu17wp","author_link":"https:\/\/experienciadevida.com.ar\/portalurbano\/author\/admpu17wp\/"},"category_info":"<a href=\"https:\/\/experienciadevida.com.ar\/portalurbano\/category\/nacion\/\" rel=\"category tag\">Naci\u00f3n<\/a>","tag_info":"Naci\u00f3n","comment_count":"0","amp_enabled":true,"_links":{"self":[{"href":"https:\/\/experienciadevida.com.ar\/portalurbano\/wp-json\/wp\/v2\/posts\/106355"}],"collection":[{"href":"https:\/\/experienciadevida.com.ar\/portalurbano\/wp-json\/wp\/v2\/posts"}],"about":[{"href":"https:\/\/experienciadevida.com.ar\/portalurbano\/wp-json\/wp\/v2\/types\/post"}],"author":[{"embeddable":true,"href":"https:\/\/experienciadevida.com.ar\/portalurbano\/wp-json\/wp\/v2\/users\/1"}],"replies":[{"embeddable":true,"href":"https:\/\/experienciadevida.com.ar\/portalurbano\/wp-json\/wp\/v2\/comments?post=106355"}],"version-history":[{"count":1,"href":"https:\/\/experienciadevida.com.ar\/portalurbano\/wp-json\/wp\/v2\/posts\/106355\/revisions"}],"predecessor-version":[{"id":106357,"href":"https:\/\/experienciadevida.com.ar\/portalurbano\/wp-json\/wp\/v2\/posts\/106355\/revisions\/106357"}],"wp:featuredmedia":[{"embeddable":true,"href":"https:\/\/experienciadevida.com.ar\/portalurbano\/wp-json\/wp\/v2\/media\/106356"}],"wp:attachment":[{"href":"https:\/\/experienciadevida.com.ar\/portalurbano\/wp-json\/wp\/v2\/media?parent=106355"}],"wp:term":[{"taxonomy":"category","embeddable":true,"href":"https:\/\/experienciadevida.com.ar\/portalurbano\/wp-json\/wp\/v2\/categories?post=106355"},{"taxonomy":"post_tag","embeddable":true,"href":"https:\/\/experienciadevida.com.ar\/portalurbano\/wp-json\/wp\/v2\/tags?post=106355"}],"curies":[{"name":"wp","href":"https:\/\/api.w.org\/{rel}","templated":true}]}}