{"id":106271,"date":"2020-04-05T13:22:45","date_gmt":"2020-04-05T16:22:45","guid":{"rendered":"https:\/\/experienciadevida.com.ar\/portalurbano\/?p=106271"},"modified":"2020-04-05T13:23:11","modified_gmt":"2020-04-05T16:23:11","slug":"asi-es-el-plan-del-gobierno-para-salir-de-la-cuarentena","status":"publish","type":"post","link":"https:\/\/experienciadevida.com.ar\/portalurbano\/asi-es-el-plan-del-gobierno-para-salir-de-la-cuarentena\/","title":{"rendered":"Aislamiento Selectivo: As\u00ed es el plan del gobierno para salir de la cuarentena"},"content":{"rendered":"<h3 class=\"negrita\">El Presidente anticip\u00f3 que el proceso se dar\u00e1 de forma \u201cmuy paulatina\u201d y dio detalles sobre algunas actividades. Los chicos no volver\u00e1n por el momento a las aulas.<\/h3>\n<hr \/>\n<p class=\"fecha\">Alberto Fern\u00e1ndez ya estudia la forma en que el pa\u00eds dejar\u00e1 atr\u00e1s el aislamiento social, preventivo y obligatorio. La situaci\u00f3n econ\u00f3mica, entre otras cosas, hace que la cuarentena empiece a hacer algo dif\u00edcil de sostener y es por eso que se piensa en variantes.<\/p>\n<div class=\"texto\">\n<p>Aunque sin confirmarlo,<strong>\u00a0el Presidente adelant\u00f3 que la salida de la cuarentena ser\u00e1 del 13 de abril pero que \u201cse har\u00e1 de forma paulatina y flexibilizando las restricciones\u201d<\/strong>. El Gobierno tiene el objetivo de lograr un equilibrio entre la reactivaci\u00f3n econ\u00f3mica y la protecci\u00f3n ante la pandemia,\u00a0 poniendo en pr\u00e1ctica un sistema que fue llamado\u00a0<strong>&#8220;aislamiento selectivo&#8221;<\/strong>.<\/p>\n<p><a href=\"https:\/\/pxb.cdn.0221.com.ar\/0221\/032020\/1585578044510.jpg\"><img decoding=\"async\" class=\"\" src=\"https:\/\/pxb.cdn.0221.com.ar\/0221\/032020\/1585578044510.jpg\" alt=\"\" width=\"797\" height=\"562\" \/><\/a><\/p>\n<p><strong>\u201cSi salimos como si nada hubiera pasado, y nos llega una persona de Espa\u00f1a, nos puede hacer un estrago. Hay casos que tendr\u00e1n que seguir en cuarentena. Seguramente los chicos seguir\u00e1n sin ir al colegio, la administraci\u00f3n p\u00fablica seguir\u00e1 con trabajo a distancia, y seguir\u00e1n los mayores adultos\u201d<\/strong>, dijo el Presidente.<\/p>\n<p>En ese sentido, Fern\u00e1ndez\u00a0 aclar\u00f3 que \u201cno se va terminar\u201d el aislamiento, sino que \u201cpodr\u00eda flexibilizarse\u201d al permitir que determinadas actividades retomen la normalidad paulatinamente, como por ejemplo los comercios y los bancos. Para ellos alent\u00f3 las ventas por delivery no s\u00f3lo de comida, sino de cualquier producto \u201cal menos moment\u00e1neamente\u201d.<\/p>\n<p>&nbsp;<\/p>\n<p>En lo que s\u00ed se mostr\u00f3 tajante fue respecto a los estudiantes. Reiter\u00f3 que no van a volver a los colegios por el momento.<strong> \u201cYa tendremos tiempo para recuperar el tiempo de clases. Las escuelas han desarrollado un sistema de educaci\u00f3n a distancia que no est\u00e1 funcionando mal. Los\u00a0 chicos tienen la tarea que les manda el colegio. A muchos que me consultan, les aclar\u00e9 que yo dije que no hay clases, no que no haya tarea<\/strong>\u201d, indic\u00f3 el Jefe de Estado.<\/p>\n<p>El cine y el teatro ser\u00e1n las actividades que m\u00e1s sufrir\u00e1n el distanciamiento social. El f\u00fatbol, en cambio, podr\u00eda empezar pero sin espectadores. La gastronom\u00eda y la hoteler\u00eda estar\u00e1n entre los sectores m\u00e1s golpeados tambi\u00e9n, ya que no podr\u00e1n retomar su actividad habitual.<\/p>\n<p><a href=\"https:\/\/pxb.cdn.0221.com.ar\/0221\/032020\/1584314005913.jpg\"><img decoding=\"async\" src=\"https:\/\/pxb.cdn.0221.com.ar\/0221\/032020\/1584314005913.jpg\" alt=\"\" \/><\/a><\/p>\n<p>A su vez, los trabajadores de la Salud, de Seguridad y el transporte seguir\u00e1n siendo considerados esenciales.\u00a0<strong>Se instrumentar\u00edan protocolos espec\u00edficos de circulaci\u00f3n y horarios restringidos para salir para otra parte de la poblaci\u00f3n<\/strong>.<\/p>\n<p>&nbsp;<\/p>\n<p>Con las medidas tomadas hasta el momento y las que se encuentran en an\u00e1lisis para llevar adelante en los pr\u00f3ximos d\u00edas, el equipo del Ministerio de Salud se muestra conforme con los resultados del aislamiento. El sistema de salud no est\u00e1 desbordado y el pico de contagios se corri\u00f3 para mediados de mayo, algo que era uno de los objetivos primordiales. Si bien todo puede cambiar de un d\u00eda a otro, en el Gobierno ya van diagramando c\u00f3mo sacar al pa\u00eds de la cuarentena.<\/p>\n<\/div>\n","protected":false},"excerpt":{"rendered":"<p>El Presidente anticip\u00f3 que el proceso se dar\u00e1 de forma \u201cmuy paulatina\u201d y dio detalles&#8230;<\/p>\n","protected":false},"author":1,"featured_media":106272,"comment_status":"open","ping_status":"open","sticky":false,"template":"","format":"standard","meta":{"content-type":""},"categories":[39],"tags":[],"nelio_content":{"isAutoShareEnabled":false,"autoShareEndMode":"default","automationSources":{"useContentSentences":true,"useSocialTemplates":true,"useCustomSentences":false,"customSentences":[]},"followers":[1],"suggestedReferences":[],"includedReferences":[],"efiUrl":"","efiAlt":"","highlights":[]},"yoast_head":"<!-- This site is optimized with the Yoast SEO plugin v20.7 - https:\/\/yoast.com\/wordpress\/plugins\/seo\/ -->\n<title>Aislamiento Selectivo: As\u00ed es el plan del gobierno para salir de la cuarentena -<\/title>\n<meta name=\"robots\" content=\"index, follow, max-snippet:-1, max-image-preview:large, max-video-preview:-1\" \/>\n<link rel=\"canonical\" href=\"https:\/\/experienciadevida.com.ar\/portalurbano\/asi-es-el-plan-del-gobierno-para-salir-de-la-cuarentena\/\" \/>\n<meta property=\"og:locale\" content=\"es_ES\" \/>\n<meta property=\"og:type\" content=\"article\" \/>\n<meta property=\"og:title\" content=\"Aislamiento Selectivo: As\u00ed es el plan del gobierno para salir de la cuarentena -\" \/>\n<meta property=\"og:description\" content=\"El Presidente anticip\u00f3 que el proceso se dar\u00e1 de forma \u201cmuy paulatina\u201d y dio detalles...\" \/>\n<meta property=\"og:url\" content=\"https:\/\/experienciadevida.com.ar\/portalurbano\/asi-es-el-plan-del-gobierno-para-salir-de-la-cuarentena\/\" \/>\n<meta property=\"article:publisher\" content=\"https:\/\/www.facebook.com\/Portal-Urbano-171542830093757\/\" \/>\n<meta property=\"article:published_time\" content=\"2020-04-05T16:22:45+00:00\" \/>\n<meta property=\"article:modified_time\" content=\"2020-04-05T16:23:11+00:00\" \/>\n<meta property=\"og:image\" content=\"https:\/\/experienciadevida.com.ar\/portalurbano\/wp-content\/uploads\/2020\/04\/f800x450-130715_182161_5050.jpg\" \/>\n\t<meta property=\"og:image:width\" content=\"800\" \/>\n\t<meta property=\"og:image:height\" content=\"450\" \/>\n\t<meta property=\"og:image:type\" content=\"image\/jpeg\" \/>\n<meta name=\"author\" content=\"admpu17wp\" \/>\n<meta name=\"twitter:card\" content=\"summary_large_image\" \/>\n<meta name=\"twitter:creator\" content=\"@portalurbanook\" \/>\n<meta name=\"twitter:site\" content=\"@portalurbanook\" \/>\n<meta name=\"twitter:label1\" content=\"Escrito por\" \/>\n\t<meta name=\"twitter:data1\" content=\"admpu17wp\" \/>\n\t<meta name=\"twitter:label2\" content=\"Tiempo de lectura\" \/>\n\t<meta name=\"twitter:data2\" content=\"3 minutos\" \/>\n<script type=\"application\/ld+json\" class=\"yoast-schema-graph\">{\"@context\":\"https:\/\/schema.org\",\"@graph\":[{\"@type\":\"Article\",\"@id\":\"https:\/\/experienciadevida.com.ar\/portalurbano\/asi-es-el-plan-del-gobierno-para-salir-de-la-cuarentena\/#article\",\"isPartOf\":{\"@id\":\"https:\/\/experienciadevida.com.ar\/portalurbano\/asi-es-el-plan-del-gobierno-para-salir-de-la-cuarentena\/\"},\"author\":{\"name\":\"admpu17wp\",\"@id\":\"https:\/\/experienciadevida.com.ar\/portalurbano\/#\/schema\/person\/02dd326b1c4b056e9cc972486934a3a7\"},\"headline\":\"Aislamiento Selectivo: As\u00ed es el plan del gobierno para salir de la cuarentena\",\"datePublished\":\"2020-04-05T16:22:45+00:00\",\"dateModified\":\"2020-04-05T16:23:11+00:00\",\"mainEntityOfPage\":{\"@id\":\"https:\/\/experienciadevida.com.ar\/portalurbano\/asi-es-el-plan-del-gobierno-para-salir-de-la-cuarentena\/\"},\"wordCount\":532,\"commentCount\":0,\"publisher\":{\"@id\":\"https:\/\/experienciadevida.com.ar\/portalurbano\/#organization\"},\"articleSection\":[\"Naci\u00f3n\"],\"inLanguage\":\"es\",\"potentialAction\":[{\"@type\":\"CommentAction\",\"name\":\"Comment\",\"target\":[\"https:\/\/experienciadevida.com.ar\/portalurbano\/asi-es-el-plan-del-gobierno-para-salir-de-la-cuarentena\/#respond\"]}]},{\"@type\":\"WebPage\",\"@id\":\"https:\/\/experienciadevida.com.ar\/portalurbano\/asi-es-el-plan-del-gobierno-para-salir-de-la-cuarentena\/\",\"url\":\"https:\/\/experienciadevida.com.ar\/portalurbano\/asi-es-el-plan-del-gobierno-para-salir-de-la-cuarentena\/\",\"name\":\"Aislamiento Selectivo: As\u00ed es el plan del gobierno para salir de la cuarentena -\",\"isPartOf\":{\"@id\":\"https:\/\/experienciadevida.com.ar\/portalurbano\/#website\"},\"datePublished\":\"2020-04-05T16:22:45+00:00\",\"dateModified\":\"2020-04-05T16:23:11+00:00\",\"breadcrumb\":{\"@id\":\"https:\/\/experienciadevida.com.ar\/portalurbano\/asi-es-el-plan-del-gobierno-para-salir-de-la-cuarentena\/#breadcrumb\"},\"inLanguage\":\"es\",\"potentialAction\":[{\"@type\":\"ReadAction\",\"target\":[\"https:\/\/experienciadevida.com.ar\/portalurbano\/asi-es-el-plan-del-gobierno-para-salir-de-la-cuarentena\/\"]}]},{\"@type\":\"BreadcrumbList\",\"@id\":\"https:\/\/experienciadevida.com.ar\/portalurbano\/asi-es-el-plan-del-gobierno-para-salir-de-la-cuarentena\/#breadcrumb\",\"itemListElement\":[{\"@type\":\"ListItem\",\"position\":1,\"name\":\"Portada\",\"item\":\"https:\/\/experienciadevida.com.ar\/portalurbano\/\"},{\"@type\":\"ListItem\",\"position\":2,\"name\":\"Aislamiento Selectivo: As\u00ed es el plan del gobierno para salir de la cuarentena\"}]},{\"@type\":\"WebSite\",\"@id\":\"https:\/\/experienciadevida.com.ar\/portalurbano\/#website\",\"url\":\"https:\/\/experienciadevida.com.ar\/portalurbano\/\",\"name\":\"\",\"description\":\"\",\"publisher\":{\"@id\":\"https:\/\/experienciadevida.com.ar\/portalurbano\/#organization\"},\"potentialAction\":[{\"@type\":\"SearchAction\",\"target\":{\"@type\":\"EntryPoint\",\"urlTemplate\":\"https:\/\/experienciadevida.com.ar\/portalurbano\/?s={search_term_string}\"},\"query-input\":\"required name=search_term_string\"}],\"inLanguage\":\"es\"},{\"@type\":\"Organization\",\"@id\":\"https:\/\/experienciadevida.com.ar\/portalurbano\/#organization\",\"name\":\"Portal Urbano\",\"url\":\"https:\/\/experienciadevida.com.ar\/portalurbano\/\",\"logo\":{\"@type\":\"ImageObject\",\"inLanguage\":\"es\",\"@id\":\"https:\/\/experienciadevida.com.ar\/portalurbano\/#\/schema\/logo\/image\/\",\"url\":\"https:\/\/experienciadevida.com.ar\/portalurbano\/wp-content\/uploads\/2019\/09\/Logo-Original.png\",\"contentUrl\":\"https:\/\/experienciadevida.com.ar\/portalurbano\/wp-content\/uploads\/2019\/09\/Logo-Original.png\",\"width\":2236,\"height\":1216,\"caption\":\"Portal Urbano\"},\"image\":{\"@id\":\"https:\/\/experienciadevida.com.ar\/portalurbano\/#\/schema\/logo\/image\/\"},\"sameAs\":[\"https:\/\/www.facebook.com\/Portal-Urbano-171542830093757\/\",\"https:\/\/twitter.com\/portalurbanook\",\"https:\/\/www.instagram.com\/_portalurbano\/\",\"https:\/\/www.youtube.com\/channel\/UCXhagIfszH8KxFiOok79zbA?view_as=subscriber\"]},{\"@type\":\"Person\",\"@id\":\"https:\/\/experienciadevida.com.ar\/portalurbano\/#\/schema\/person\/02dd326b1c4b056e9cc972486934a3a7\",\"name\":\"admpu17wp\",\"image\":{\"@type\":\"ImageObject\",\"inLanguage\":\"es\",\"@id\":\"https:\/\/experienciadevida.com.ar\/portalurbano\/#\/schema\/person\/image\/\",\"url\":\"https:\/\/secure.gravatar.com\/avatar\/830d4c57adaae6630765e449a6908047?s=96&d=mm&r=g\",\"contentUrl\":\"https:\/\/secure.gravatar.com\/avatar\/830d4c57adaae6630765e449a6908047?s=96&d=mm&r=g\",\"caption\":\"admpu17wp\"}}]}<\/script>\n<!-- \/ Yoast SEO plugin. -->","yoast_head_json":{"title":"Aislamiento Selectivo: As\u00ed es el plan del gobierno para salir de la cuarentena -","robots":{"index":"index","follow":"follow","max-snippet":"max-snippet:-1","max-image-preview":"max-image-preview:large","max-video-preview":"max-video-preview:-1"},"canonical":"https:\/\/experienciadevida.com.ar\/portalurbano\/asi-es-el-plan-del-gobierno-para-salir-de-la-cuarentena\/","og_locale":"es_ES","og_type":"article","og_title":"Aislamiento Selectivo: As\u00ed es el plan del gobierno para salir de la cuarentena -","og_description":"El Presidente anticip\u00f3 que el proceso se dar\u00e1 de forma \u201cmuy paulatina\u201d y dio detalles...","og_url":"https:\/\/experienciadevida.com.ar\/portalurbano\/asi-es-el-plan-del-gobierno-para-salir-de-la-cuarentena\/","article_publisher":"https:\/\/www.facebook.com\/Portal-Urbano-171542830093757\/","article_published_time":"2020-04-05T16:22:45+00:00","article_modified_time":"2020-04-05T16:23:11+00:00","og_image":[{"width":800,"height":450,"url":"https:\/\/experienciadevida.com.ar\/portalurbano\/wp-content\/uploads\/2020\/04\/f800x450-130715_182161_5050.jpg","type":"image\/jpeg"}],"author":"admpu17wp","twitter_card":"summary_large_image","twitter_creator":"@portalurbanook","twitter_site":"@portalurbanook","twitter_misc":{"Escrito por":"admpu17wp","Tiempo de lectura":"3 minutos"},"schema":{"@context":"https:\/\/schema.org","@graph":[{"@type":"Article","@id":"https:\/\/experienciadevida.com.ar\/portalurbano\/asi-es-el-plan-del-gobierno-para-salir-de-la-cuarentena\/#article","isPartOf":{"@id":"https:\/\/experienciadevida.com.ar\/portalurbano\/asi-es-el-plan-del-gobierno-para-salir-de-la-cuarentena\/"},"author":{"name":"admpu17wp","@id":"https:\/\/experienciadevida.com.ar\/portalurbano\/#\/schema\/person\/02dd326b1c4b056e9cc972486934a3a7"},"headline":"Aislamiento Selectivo: As\u00ed es el plan del gobierno para salir de la cuarentena","datePublished":"2020-04-05T16:22:45+00:00","dateModified":"2020-04-05T16:23:11+00:00","mainEntityOfPage":{"@id":"https:\/\/experienciadevida.com.ar\/portalurbano\/asi-es-el-plan-del-gobierno-para-salir-de-la-cuarentena\/"},"wordCount":532,"commentCount":0,"publisher":{"@id":"https:\/\/experienciadevida.com.ar\/portalurbano\/#organization"},"articleSection":["Naci\u00f3n"],"inLanguage":"es","potentialAction":[{"@type":"CommentAction","name":"Comment","target":["https:\/\/experienciadevida.com.ar\/portalurbano\/asi-es-el-plan-del-gobierno-para-salir-de-la-cuarentena\/#respond"]}]},{"@type":"WebPage","@id":"https:\/\/experienciadevida.com.ar\/portalurbano\/asi-es-el-plan-del-gobierno-para-salir-de-la-cuarentena\/","url":"https:\/\/experienciadevida.com.ar\/portalurbano\/asi-es-el-plan-del-gobierno-para-salir-de-la-cuarentena\/","name":"Aislamiento Selectivo: As\u00ed es el plan del gobierno para salir de la cuarentena -","isPartOf":{"@id":"https:\/\/experienciadevida.com.ar\/portalurbano\/#website"},"datePublished":"2020-04-05T16:22:45+00:00","dateModified":"2020-04-05T16:23:11+00:00","breadcrumb":{"@id":"https:\/\/experienciadevida.com.ar\/portalurbano\/asi-es-el-plan-del-gobierno-para-salir-de-la-cuarentena\/#breadcrumb"},"inLanguage":"es","potentialAction":[{"@type":"ReadAction","target":["https:\/\/experienciadevida.com.ar\/portalurbano\/asi-es-el-plan-del-gobierno-para-salir-de-la-cuarentena\/"]}]},{"@type":"BreadcrumbList","@id":"https:\/\/experienciadevida.com.ar\/portalurbano\/asi-es-el-plan-del-gobierno-para-salir-de-la-cuarentena\/#breadcrumb","itemListElement":[{"@type":"ListItem","position":1,"name":"Portada","item":"https:\/\/experienciadevida.com.ar\/portalurbano\/"},{"@type":"ListItem","position":2,"name":"Aislamiento Selectivo: As\u00ed es el plan del gobierno para salir de la cuarentena"}]},{"@type":"WebSite","@id":"https:\/\/experienciadevida.com.ar\/portalurbano\/#website","url":"https:\/\/experienciadevida.com.ar\/portalurbano\/","name":"","description":"","publisher":{"@id":"https:\/\/experienciadevida.com.ar\/portalurbano\/#organization"},"potentialAction":[{"@type":"SearchAction","target":{"@type":"EntryPoint","urlTemplate":"https:\/\/experienciadevida.com.ar\/portalurbano\/?s={search_term_string}"},"query-input":"required name=search_term_string"}],"inLanguage":"es"},{"@type":"Organization","@id":"https:\/\/experienciadevida.com.ar\/portalurbano\/#organization","name":"Portal Urbano","url":"https:\/\/experienciadevida.com.ar\/portalurbano\/","logo":{"@type":"ImageObject","inLanguage":"es","@id":"https:\/\/experienciadevida.com.ar\/portalurbano\/#\/schema\/logo\/image\/","url":"https:\/\/experienciadevida.com.ar\/portalurbano\/wp-content\/uploads\/2019\/09\/Logo-Original.png","contentUrl":"https:\/\/experienciadevida.com.ar\/portalurbano\/wp-content\/uploads\/2019\/09\/Logo-Original.png","width":2236,"height":1216,"caption":"Portal Urbano"},"image":{"@id":"https:\/\/experienciadevida.com.ar\/portalurbano\/#\/schema\/logo\/image\/"},"sameAs":["https:\/\/www.facebook.com\/Portal-Urbano-171542830093757\/","https:\/\/twitter.com\/portalurbanook","https:\/\/www.instagram.com\/_portalurbano\/","https:\/\/www.youtube.com\/channel\/UCXhagIfszH8KxFiOok79zbA?view_as=subscriber"]},{"@type":"Person","@id":"https:\/\/experienciadevida.com.ar\/portalurbano\/#\/schema\/person\/02dd326b1c4b056e9cc972486934a3a7","name":"admpu17wp","image":{"@type":"ImageObject","inLanguage":"es","@id":"https:\/\/experienciadevida.com.ar\/portalurbano\/#\/schema\/person\/image\/","url":"https:\/\/secure.gravatar.com\/avatar\/830d4c57adaae6630765e449a6908047?s=96&d=mm&r=g","contentUrl":"https:\/\/secure.gravatar.com\/avatar\/830d4c57adaae6630765e449a6908047?s=96&d=mm&r=g","caption":"admpu17wp"}}]}},"featured_image_urls":{"full":["https:\/\/experienciadevida.com.ar\/portalurbano\/wp-content\/uploads\/2020\/04\/f800x450-130715_182161_5050.jpg",800,450,false],"thumbnail":["https:\/\/experienciadevida.com.ar\/portalurbano\/wp-content\/uploads\/2020\/04\/f800x450-130715_182161_5050-150x150.jpg",150,150,true],"medium":["https:\/\/experienciadevida.com.ar\/portalurbano\/wp-content\/uploads\/2020\/04\/f800x450-130715_182161_5050-300x169.jpg",300,169,true],"medium_large":["https:\/\/experienciadevida.com.ar\/portalurbano\/wp-content\/uploads\/2020\/04\/f800x450-130715_182161_5050-768x432.jpg",640,360,true],"large":["https:\/\/experienciadevida.com.ar\/portalurbano\/wp-content\/uploads\/2020\/04\/f800x450-130715_182161_5050.jpg",640,360,false],"ug_big":["https:\/\/experienciadevida.com.ar\/portalurbano\/wp-content\/uploads\/2020\/04\/f800x450-130715_182161_5050-768x432.jpg",768,432,true],"1536x1536":["https:\/\/experienciadevida.com.ar\/portalurbano\/wp-content\/uploads\/2020\/04\/f800x450-130715_182161_5050.jpg",800,450,false],"2048x2048":["https:\/\/experienciadevida.com.ar\/portalurbano\/wp-content\/uploads\/2020\/04\/f800x450-130715_182161_5050.jpg",800,450,false],"newsever-slider-full":["https:\/\/experienciadevida.com.ar\/portalurbano\/wp-content\/uploads\/2020\/04\/f800x450-130715_182161_5050.jpg",800,450,false],"newsever-featured":["https:\/\/experienciadevida.com.ar\/portalurbano\/wp-content\/uploads\/2020\/04\/f800x450-130715_182161_5050.jpg",800,450,false],"newsever-medium":["https:\/\/experienciadevida.com.ar\/portalurbano\/wp-content\/uploads\/2020\/04\/f800x450-130715_182161_5050.jpg",720,405,false],"web-stories-poster-portrait":["https:\/\/experienciadevida.com.ar\/portalurbano\/wp-content\/uploads\/2020\/04\/f800x450-130715_182161_5050.jpg",640,360,false],"web-stories-publisher-logo":["https:\/\/experienciadevida.com.ar\/portalurbano\/wp-content\/uploads\/2020\/04\/f800x450-130715_182161_5050.jpg",96,54,false],"web-stories-thumbnail":["https:\/\/experienciadevida.com.ar\/portalurbano\/wp-content\/uploads\/2020\/04\/f800x450-130715_182161_5050.jpg",150,84,false]},"author_info":{"display_name":"admpu17wp","author_link":"https:\/\/experienciadevida.com.ar\/portalurbano\/author\/admpu17wp\/"},"category_info":"<a href=\"https:\/\/experienciadevida.com.ar\/portalurbano\/category\/nacion\/\" rel=\"category tag\">Naci\u00f3n<\/a>","tag_info":"Naci\u00f3n","comment_count":"0","amp_enabled":true,"_links":{"self":[{"href":"https:\/\/experienciadevida.com.ar\/portalurbano\/wp-json\/wp\/v2\/posts\/106271"}],"collection":[{"href":"https:\/\/experienciadevida.com.ar\/portalurbano\/wp-json\/wp\/v2\/posts"}],"about":[{"href":"https:\/\/experienciadevida.com.ar\/portalurbano\/wp-json\/wp\/v2\/types\/post"}],"author":[{"embeddable":true,"href":"https:\/\/experienciadevida.com.ar\/portalurbano\/wp-json\/wp\/v2\/users\/1"}],"replies":[{"embeddable":true,"href":"https:\/\/experienciadevida.com.ar\/portalurbano\/wp-json\/wp\/v2\/comments?post=106271"}],"version-history":[{"count":2,"href":"https:\/\/experienciadevida.com.ar\/portalurbano\/wp-json\/wp\/v2\/posts\/106271\/revisions"}],"predecessor-version":[{"id":106274,"href":"https:\/\/experienciadevida.com.ar\/portalurbano\/wp-json\/wp\/v2\/posts\/106271\/revisions\/106274"}],"wp:featuredmedia":[{"embeddable":true,"href":"https:\/\/experienciadevida.com.ar\/portalurbano\/wp-json\/wp\/v2\/media\/106272"}],"wp:attachment":[{"href":"https:\/\/experienciadevida.com.ar\/portalurbano\/wp-json\/wp\/v2\/media?parent=106271"}],"wp:term":[{"taxonomy":"category","embeddable":true,"href":"https:\/\/experienciadevida.com.ar\/portalurbano\/wp-json\/wp\/v2\/categories?post=106271"},{"taxonomy":"post_tag","embeddable":true,"href":"https:\/\/experienciadevida.com.ar\/portalurbano\/wp-json\/wp\/v2\/tags?post=106271"}],"curies":[{"name":"wp","href":"https:\/\/api.w.org\/{rel}","templated":true}]}}