{"id":106205,"date":"2020-04-04T12:29:23","date_gmt":"2020-04-04T15:29:23","guid":{"rendered":"https:\/\/experienciadevida.com.ar\/portalurbano\/?p=106205"},"modified":"2020-04-04T12:30:01","modified_gmt":"2020-04-04T15:30:01","slug":"alberto-fernandez-dijo-que-salida-de-la-cuarentena-sera-en-forma-paulatina-y-muy-cuidadosa","status":"publish","type":"post","link":"https:\/\/experienciadevida.com.ar\/portalurbano\/alberto-fernandez-dijo-que-salida-de-la-cuarentena-sera-en-forma-paulatina-y-muy-cuidadosa\/","title":{"rendered":"Alberto Fern\u00e1ndez dijo que salida de la cuarentena &#8220;ser\u00e1 en forma paulatina y muy cuidadosa&#8221;"},"content":{"rendered":"<p>&#8220;Seguramente los chicos seguir\u00e1n sin ir al colegio, la administraci\u00f3n p\u00fablica seguir\u00e1 con trabajo a distancia y concurrir\u00e1 la gente elemental para poder movernos, y seguir\u00e1 la cuarentena en mayores adultos&#8221;, afirm\u00f3 el Presidente.<\/p>\n<p>El presidente Alberto Fern\u00e1ndez afirm\u00f3 hoy que la salida del aislamiento social, preventivo y obligatorio dispuesto hasta el domingo 12 de abril para mitigar el avance del coronavirus en el pa\u00eds &#8220;ser\u00e1 en forma paulatina y muy cuidadosa&#8221;, y adelant\u00f3 que algunos sectores y actividades -como las clases en las escuelas, los adultos mayores y la administraci\u00f3n p\u00fablica- continuar\u00e1n con la cuarentena m\u00e1s all\u00e1 de esa fecha.<\/p>\n<p>&#8220;Tenemos previsto que el domingo pr\u00f3ximo se termine la cuarentena, pero es d\u00eda a d\u00eda, hay que ir viendo c\u00f3mo evoluciona. Salir de la cuarentena tiene que ser una cosa muy cuidada&#8221;, afirm\u00f3 esta ma\u00f1ana el mandatario.<\/p>\n<p>En ese marco, el Presidente explic\u00f3 que la cuarentena &#8220;se va a abrir paulatinamente y habr\u00e1 casos que deber\u00e1n seguir en cuarentena&#8221; y puso como ejemplo que &#8220;seguramente los chicos seguir\u00e1n sin ir al colegio, la administraci\u00f3n p\u00fablica seguir\u00e1 con trabajo a distancia y concurrir\u00e1 la gente elemental para poder movernos, y seguir\u00e1 la cuarentena en mayores adultos&#8221;.<\/p>\n<p>Para analizar esa flexibilizaci\u00f3n de la cuarentena, Fern\u00e1ndez estuvo reunido ayer en Olivos con sindicalistas, empresarios e industriales, con quienes volver\u00e1 a reunirse el pr\u00f3ximo martes a fin de analizar la apertura del aislamiento masivo en algunos sectores de la producci\u00f3n y el comercio.<\/p>\n<p>&#8220;Ayer me reun\u00ed con la CAC, la CGT y la UIA. Les plante\u00e9 que hagamos un comit\u00e9 con los epidemi\u00f3logos para ir viendo como flexibilizar la cuarentena, no levantarla, pero eso depender\u00e1 de c\u00f3mo evolucionen las cosas y de las recomendaciones de los expertos&#8221;, sostuvo Fern\u00e1ndez.<\/p>\n<p>El Presidente explic\u00f3: &#8220;Lo que no quiero es que nadie sienta que este es un espacio oscuro donde el Presidente dice vos trabajas o vos no. Les ped\u00ed a los tres sectores, junto a los infect\u00f3logos, que participen del comit\u00e9 para ir analizando como paulatinamente levantar la cuarentena&#8221;.<\/p>\n<p>&#8220;Tendremos que ver c\u00f3mo volver al trabajo poco a poco porque el mayor canal de transmisi\u00f3n es el servicio de transporte p\u00fablico&#8221;, dijo Fern\u00e1ndez hoy, sostuvo que el comercio es uno de los sectores &#8220;m\u00e1s lastimados&#8221; y dijo que se analiza &#8220;de qu\u00e9 manera resolver el tema del comercio, tal vez con delivery para todos los comercios, moment\u00e1neamente&#8221;.<\/p>\n<p>Seg\u00fan reconoci\u00f3, &#8220;el momento m\u00e1s duro que tendremos que afrontar ser\u00e1 la primera quincena de mayo&#8221;, donde los contagios llegar\u00edan a su pico, y ratific\u00f3 la importancia del cierre de fronteras: &#8220;si liberamos eso, el riesgo es muy grande; por eso hay que ser cuidadosos con aviones, micros y todo eso&#8221;.<\/p>\n<p>Por otro lado, expres\u00f3 que est\u00e1 &#8220;preocupado, enojado y molesto&#8221; ante las largas filas que se registraron ayer en los bancos de todo el pa\u00eds por parte de jubilados y beneficiarios de asignaciones sociales, y reconoci\u00f3 que &#8220;alguien hizo mal las cosas, no cabe ninguna duda&#8221;, pero aclar\u00f3 que el Gobierno no est\u00e1 &#8220;pensando en renuncias&#8221;.<\/p>\n<p>El Presidente se refiri\u00f3 de esta manera a las largas filas que se registraron ayer en los bancos, lo que motiv\u00f3 que el gobierno decidiera anoche que las entidades bancarias trabajen durante el fin de semana y con horario ampliado para el pago de jubilaciones, pensiones y asignaciones sociales de la Administraci\u00f3n Nacional de la Seguridad Social (Anses) a aquellas personas que no operan con tarjeta de d\u00e9bito.<\/p>\n","protected":false},"excerpt":{"rendered":"<p>&#8220;Seguramente los chicos seguir\u00e1n sin ir al colegio, la administraci\u00f3n p\u00fablica seguir\u00e1 con trabajo a&#8230;<\/p>\n","protected":false},"author":1,"featured_media":103711,"comment_status":"open","ping_status":"open","sticky":false,"template":"","format":"standard","meta":{"content-type":""},"categories":[39],"tags":[],"nelio_content":{"isAutoShareEnabled":false,"autoShareEndMode":"default","automationSources":{"useContentSentences":true,"useSocialTemplates":true,"useCustomSentences":false,"customSentences":[]},"followers":[1],"suggestedReferences":[],"includedReferences":[],"efiUrl":"","efiAlt":"","highlights":[]},"yoast_head":"<!-- This site is optimized with the Yoast SEO plugin v20.7 - https:\/\/yoast.com\/wordpress\/plugins\/seo\/ -->\n<title>Alberto Fern\u00e1ndez dijo que salida de la cuarentena &quot;ser\u00e1 en forma paulatina y muy cuidadosa&quot; -<\/title>\n<meta name=\"robots\" content=\"index, follow, max-snippet:-1, max-image-preview:large, max-video-preview:-1\" \/>\n<link rel=\"canonical\" href=\"https:\/\/experienciadevida.com.ar\/portalurbano\/alberto-fernandez-dijo-que-salida-de-la-cuarentena-sera-en-forma-paulatina-y-muy-cuidadosa\/\" \/>\n<meta property=\"og:locale\" content=\"es_ES\" \/>\n<meta property=\"og:type\" content=\"article\" \/>\n<meta property=\"og:title\" content=\"Alberto Fern\u00e1ndez dijo que salida de la cuarentena &quot;ser\u00e1 en forma paulatina y muy cuidadosa&quot; -\" \/>\n<meta property=\"og:description\" content=\"&#8220;Seguramente los chicos seguir\u00e1n sin ir al colegio, la administraci\u00f3n p\u00fablica seguir\u00e1 con trabajo a...\" \/>\n<meta property=\"og:url\" content=\"https:\/\/experienciadevida.com.ar\/portalurbano\/alberto-fernandez-dijo-que-salida-de-la-cuarentena-sera-en-forma-paulatina-y-muy-cuidadosa\/\" \/>\n<meta property=\"article:publisher\" content=\"https:\/\/www.facebook.com\/Portal-Urbano-171542830093757\/\" \/>\n<meta property=\"article:published_time\" content=\"2020-04-04T15:29:23+00:00\" \/>\n<meta property=\"article:modified_time\" content=\"2020-04-04T15:30:01+00:00\" \/>\n<meta property=\"og:image\" content=\"https:\/\/experienciadevida.com.ar\/portalurbano\/wp-content\/uploads\/2020\/03\/FERNANDEZ-e1583859691848.jpg\" \/>\n\t<meta property=\"og:image:width\" content=\"765\" \/>\n\t<meta property=\"og:image:height\" content=\"540\" \/>\n\t<meta property=\"og:image:type\" content=\"image\/jpeg\" \/>\n<meta name=\"author\" content=\"admpu17wp\" \/>\n<meta name=\"twitter:card\" content=\"summary_large_image\" \/>\n<meta name=\"twitter:creator\" content=\"@portalurbanook\" \/>\n<meta name=\"twitter:site\" content=\"@portalurbanook\" \/>\n<meta name=\"twitter:label1\" content=\"Escrito por\" \/>\n\t<meta name=\"twitter:data1\" content=\"admpu17wp\" \/>\n\t<meta name=\"twitter:label2\" content=\"Tiempo de lectura\" \/>\n\t<meta name=\"twitter:data2\" content=\"3 minutos\" \/>\n<script type=\"application\/ld+json\" class=\"yoast-schema-graph\">{\"@context\":\"https:\/\/schema.org\",\"@graph\":[{\"@type\":\"Article\",\"@id\":\"https:\/\/experienciadevida.com.ar\/portalurbano\/alberto-fernandez-dijo-que-salida-de-la-cuarentena-sera-en-forma-paulatina-y-muy-cuidadosa\/#article\",\"isPartOf\":{\"@id\":\"https:\/\/experienciadevida.com.ar\/portalurbano\/alberto-fernandez-dijo-que-salida-de-la-cuarentena-sera-en-forma-paulatina-y-muy-cuidadosa\/\"},\"author\":{\"name\":\"admpu17wp\",\"@id\":\"https:\/\/experienciadevida.com.ar\/portalurbano\/#\/schema\/person\/02dd326b1c4b056e9cc972486934a3a7\"},\"headline\":\"Alberto Fern\u00e1ndez dijo que salida de la cuarentena &#8220;ser\u00e1 en forma paulatina y muy cuidadosa&#8221;\",\"datePublished\":\"2020-04-04T15:29:23+00:00\",\"dateModified\":\"2020-04-04T15:30:01+00:00\",\"mainEntityOfPage\":{\"@id\":\"https:\/\/experienciadevida.com.ar\/portalurbano\/alberto-fernandez-dijo-que-salida-de-la-cuarentena-sera-en-forma-paulatina-y-muy-cuidadosa\/\"},\"wordCount\":620,\"commentCount\":0,\"publisher\":{\"@id\":\"https:\/\/experienciadevida.com.ar\/portalurbano\/#organization\"},\"articleSection\":[\"Naci\u00f3n\"],\"inLanguage\":\"es\",\"potentialAction\":[{\"@type\":\"CommentAction\",\"name\":\"Comment\",\"target\":[\"https:\/\/experienciadevida.com.ar\/portalurbano\/alberto-fernandez-dijo-que-salida-de-la-cuarentena-sera-en-forma-paulatina-y-muy-cuidadosa\/#respond\"]}]},{\"@type\":\"WebPage\",\"@id\":\"https:\/\/experienciadevida.com.ar\/portalurbano\/alberto-fernandez-dijo-que-salida-de-la-cuarentena-sera-en-forma-paulatina-y-muy-cuidadosa\/\",\"url\":\"https:\/\/experienciadevida.com.ar\/portalurbano\/alberto-fernandez-dijo-que-salida-de-la-cuarentena-sera-en-forma-paulatina-y-muy-cuidadosa\/\",\"name\":\"Alberto Fern\u00e1ndez dijo que salida de la cuarentena \\\"ser\u00e1 en forma paulatina y muy cuidadosa\\\" -\",\"isPartOf\":{\"@id\":\"https:\/\/experienciadevida.com.ar\/portalurbano\/#website\"},\"datePublished\":\"2020-04-04T15:29:23+00:00\",\"dateModified\":\"2020-04-04T15:30:01+00:00\",\"breadcrumb\":{\"@id\":\"https:\/\/experienciadevida.com.ar\/portalurbano\/alberto-fernandez-dijo-que-salida-de-la-cuarentena-sera-en-forma-paulatina-y-muy-cuidadosa\/#breadcrumb\"},\"inLanguage\":\"es\",\"potentialAction\":[{\"@type\":\"ReadAction\",\"target\":[\"https:\/\/experienciadevida.com.ar\/portalurbano\/alberto-fernandez-dijo-que-salida-de-la-cuarentena-sera-en-forma-paulatina-y-muy-cuidadosa\/\"]}]},{\"@type\":\"BreadcrumbList\",\"@id\":\"https:\/\/experienciadevida.com.ar\/portalurbano\/alberto-fernandez-dijo-que-salida-de-la-cuarentena-sera-en-forma-paulatina-y-muy-cuidadosa\/#breadcrumb\",\"itemListElement\":[{\"@type\":\"ListItem\",\"position\":1,\"name\":\"Portada\",\"item\":\"https:\/\/experienciadevida.com.ar\/portalurbano\/\"},{\"@type\":\"ListItem\",\"position\":2,\"name\":\"Alberto Fern\u00e1ndez dijo que salida de la cuarentena \u00abser\u00e1 en forma paulatina y muy cuidadosa\u00bb\"}]},{\"@type\":\"WebSite\",\"@id\":\"https:\/\/experienciadevida.com.ar\/portalurbano\/#website\",\"url\":\"https:\/\/experienciadevida.com.ar\/portalurbano\/\",\"name\":\"\",\"description\":\"\",\"publisher\":{\"@id\":\"https:\/\/experienciadevida.com.ar\/portalurbano\/#organization\"},\"potentialAction\":[{\"@type\":\"SearchAction\",\"target\":{\"@type\":\"EntryPoint\",\"urlTemplate\":\"https:\/\/experienciadevida.com.ar\/portalurbano\/?s={search_term_string}\"},\"query-input\":\"required name=search_term_string\"}],\"inLanguage\":\"es\"},{\"@type\":\"Organization\",\"@id\":\"https:\/\/experienciadevida.com.ar\/portalurbano\/#organization\",\"name\":\"Portal Urbano\",\"url\":\"https:\/\/experienciadevida.com.ar\/portalurbano\/\",\"logo\":{\"@type\":\"ImageObject\",\"inLanguage\":\"es\",\"@id\":\"https:\/\/experienciadevida.com.ar\/portalurbano\/#\/schema\/logo\/image\/\",\"url\":\"https:\/\/experienciadevida.com.ar\/portalurbano\/wp-content\/uploads\/2019\/09\/Logo-Original.png\",\"contentUrl\":\"https:\/\/experienciadevida.com.ar\/portalurbano\/wp-content\/uploads\/2019\/09\/Logo-Original.png\",\"width\":2236,\"height\":1216,\"caption\":\"Portal Urbano\"},\"image\":{\"@id\":\"https:\/\/experienciadevida.com.ar\/portalurbano\/#\/schema\/logo\/image\/\"},\"sameAs\":[\"https:\/\/www.facebook.com\/Portal-Urbano-171542830093757\/\",\"https:\/\/twitter.com\/portalurbanook\",\"https:\/\/www.instagram.com\/_portalurbano\/\",\"https:\/\/www.youtube.com\/channel\/UCXhagIfszH8KxFiOok79zbA?view_as=subscriber\"]},{\"@type\":\"Person\",\"@id\":\"https:\/\/experienciadevida.com.ar\/portalurbano\/#\/schema\/person\/02dd326b1c4b056e9cc972486934a3a7\",\"name\":\"admpu17wp\",\"image\":{\"@type\":\"ImageObject\",\"inLanguage\":\"es\",\"@id\":\"https:\/\/experienciadevida.com.ar\/portalurbano\/#\/schema\/person\/image\/\",\"url\":\"https:\/\/secure.gravatar.com\/avatar\/830d4c57adaae6630765e449a6908047?s=96&d=mm&r=g\",\"contentUrl\":\"https:\/\/secure.gravatar.com\/avatar\/830d4c57adaae6630765e449a6908047?s=96&d=mm&r=g\",\"caption\":\"admpu17wp\"}}]}<\/script>\n<!-- \/ Yoast SEO plugin. -->","yoast_head_json":{"title":"Alberto Fern\u00e1ndez dijo que salida de la cuarentena \"ser\u00e1 en forma paulatina y muy cuidadosa\" -","robots":{"index":"index","follow":"follow","max-snippet":"max-snippet:-1","max-image-preview":"max-image-preview:large","max-video-preview":"max-video-preview:-1"},"canonical":"https:\/\/experienciadevida.com.ar\/portalurbano\/alberto-fernandez-dijo-que-salida-de-la-cuarentena-sera-en-forma-paulatina-y-muy-cuidadosa\/","og_locale":"es_ES","og_type":"article","og_title":"Alberto Fern\u00e1ndez dijo que salida de la cuarentena \"ser\u00e1 en forma paulatina y muy cuidadosa\" -","og_description":"&#8220;Seguramente los chicos seguir\u00e1n sin ir al colegio, la administraci\u00f3n p\u00fablica seguir\u00e1 con trabajo a...","og_url":"https:\/\/experienciadevida.com.ar\/portalurbano\/alberto-fernandez-dijo-que-salida-de-la-cuarentena-sera-en-forma-paulatina-y-muy-cuidadosa\/","article_publisher":"https:\/\/www.facebook.com\/Portal-Urbano-171542830093757\/","article_published_time":"2020-04-04T15:29:23+00:00","article_modified_time":"2020-04-04T15:30:01+00:00","og_image":[{"width":765,"height":540,"url":"https:\/\/experienciadevida.com.ar\/portalurbano\/wp-content\/uploads\/2020\/03\/FERNANDEZ-e1583859691848.jpg","type":"image\/jpeg"}],"author":"admpu17wp","twitter_card":"summary_large_image","twitter_creator":"@portalurbanook","twitter_site":"@portalurbanook","twitter_misc":{"Escrito por":"admpu17wp","Tiempo de lectura":"3 minutos"},"schema":{"@context":"https:\/\/schema.org","@graph":[{"@type":"Article","@id":"https:\/\/experienciadevida.com.ar\/portalurbano\/alberto-fernandez-dijo-que-salida-de-la-cuarentena-sera-en-forma-paulatina-y-muy-cuidadosa\/#article","isPartOf":{"@id":"https:\/\/experienciadevida.com.ar\/portalurbano\/alberto-fernandez-dijo-que-salida-de-la-cuarentena-sera-en-forma-paulatina-y-muy-cuidadosa\/"},"author":{"name":"admpu17wp","@id":"https:\/\/experienciadevida.com.ar\/portalurbano\/#\/schema\/person\/02dd326b1c4b056e9cc972486934a3a7"},"headline":"Alberto Fern\u00e1ndez dijo que salida de la cuarentena &#8220;ser\u00e1 en forma paulatina y muy cuidadosa&#8221;","datePublished":"2020-04-04T15:29:23+00:00","dateModified":"2020-04-04T15:30:01+00:00","mainEntityOfPage":{"@id":"https:\/\/experienciadevida.com.ar\/portalurbano\/alberto-fernandez-dijo-que-salida-de-la-cuarentena-sera-en-forma-paulatina-y-muy-cuidadosa\/"},"wordCount":620,"commentCount":0,"publisher":{"@id":"https:\/\/experienciadevida.com.ar\/portalurbano\/#organization"},"articleSection":["Naci\u00f3n"],"inLanguage":"es","potentialAction":[{"@type":"CommentAction","name":"Comment","target":["https:\/\/experienciadevida.com.ar\/portalurbano\/alberto-fernandez-dijo-que-salida-de-la-cuarentena-sera-en-forma-paulatina-y-muy-cuidadosa\/#respond"]}]},{"@type":"WebPage","@id":"https:\/\/experienciadevida.com.ar\/portalurbano\/alberto-fernandez-dijo-que-salida-de-la-cuarentena-sera-en-forma-paulatina-y-muy-cuidadosa\/","url":"https:\/\/experienciadevida.com.ar\/portalurbano\/alberto-fernandez-dijo-que-salida-de-la-cuarentena-sera-en-forma-paulatina-y-muy-cuidadosa\/","name":"Alberto Fern\u00e1ndez dijo que salida de la cuarentena \"ser\u00e1 en forma paulatina y muy cuidadosa\" -","isPartOf":{"@id":"https:\/\/experienciadevida.com.ar\/portalurbano\/#website"},"datePublished":"2020-04-04T15:29:23+00:00","dateModified":"2020-04-04T15:30:01+00:00","breadcrumb":{"@id":"https:\/\/experienciadevida.com.ar\/portalurbano\/alberto-fernandez-dijo-que-salida-de-la-cuarentena-sera-en-forma-paulatina-y-muy-cuidadosa\/#breadcrumb"},"inLanguage":"es","potentialAction":[{"@type":"ReadAction","target":["https:\/\/experienciadevida.com.ar\/portalurbano\/alberto-fernandez-dijo-que-salida-de-la-cuarentena-sera-en-forma-paulatina-y-muy-cuidadosa\/"]}]},{"@type":"BreadcrumbList","@id":"https:\/\/experienciadevida.com.ar\/portalurbano\/alberto-fernandez-dijo-que-salida-de-la-cuarentena-sera-en-forma-paulatina-y-muy-cuidadosa\/#breadcrumb","itemListElement":[{"@type":"ListItem","position":1,"name":"Portada","item":"https:\/\/experienciadevida.com.ar\/portalurbano\/"},{"@type":"ListItem","position":2,"name":"Alberto Fern\u00e1ndez dijo que salida de la cuarentena \u00abser\u00e1 en forma paulatina y muy cuidadosa\u00bb"}]},{"@type":"WebSite","@id":"https:\/\/experienciadevida.com.ar\/portalurbano\/#website","url":"https:\/\/experienciadevida.com.ar\/portalurbano\/","name":"","description":"","publisher":{"@id":"https:\/\/experienciadevida.com.ar\/portalurbano\/#organization"},"potentialAction":[{"@type":"SearchAction","target":{"@type":"EntryPoint","urlTemplate":"https:\/\/experienciadevida.com.ar\/portalurbano\/?s={search_term_string}"},"query-input":"required name=search_term_string"}],"inLanguage":"es"},{"@type":"Organization","@id":"https:\/\/experienciadevida.com.ar\/portalurbano\/#organization","name":"Portal Urbano","url":"https:\/\/experienciadevida.com.ar\/portalurbano\/","logo":{"@type":"ImageObject","inLanguage":"es","@id":"https:\/\/experienciadevida.com.ar\/portalurbano\/#\/schema\/logo\/image\/","url":"https:\/\/experienciadevida.com.ar\/portalurbano\/wp-content\/uploads\/2019\/09\/Logo-Original.png","contentUrl":"https:\/\/experienciadevida.com.ar\/portalurbano\/wp-content\/uploads\/2019\/09\/Logo-Original.png","width":2236,"height":1216,"caption":"Portal Urbano"},"image":{"@id":"https:\/\/experienciadevida.com.ar\/portalurbano\/#\/schema\/logo\/image\/"},"sameAs":["https:\/\/www.facebook.com\/Portal-Urbano-171542830093757\/","https:\/\/twitter.com\/portalurbanook","https:\/\/www.instagram.com\/_portalurbano\/","https:\/\/www.youtube.com\/channel\/UCXhagIfszH8KxFiOok79zbA?view_as=subscriber"]},{"@type":"Person","@id":"https:\/\/experienciadevida.com.ar\/portalurbano\/#\/schema\/person\/02dd326b1c4b056e9cc972486934a3a7","name":"admpu17wp","image":{"@type":"ImageObject","inLanguage":"es","@id":"https:\/\/experienciadevida.com.ar\/portalurbano\/#\/schema\/person\/image\/","url":"https:\/\/secure.gravatar.com\/avatar\/830d4c57adaae6630765e449a6908047?s=96&d=mm&r=g","contentUrl":"https:\/\/secure.gravatar.com\/avatar\/830d4c57adaae6630765e449a6908047?s=96&d=mm&r=g","caption":"admpu17wp"}}]}},"featured_image_urls":{"full":["https:\/\/experienciadevida.com.ar\/portalurbano\/wp-content\/uploads\/2020\/03\/FERNANDEZ-e1583859691848.jpg",765,540,false],"thumbnail":["https:\/\/experienciadevida.com.ar\/portalurbano\/wp-content\/uploads\/2020\/03\/FERNANDEZ-150x150.jpg",150,150,true],"medium":["https:\/\/experienciadevida.com.ar\/portalurbano\/wp-content\/uploads\/2020\/03\/FERNANDEZ-300x212.jpg",300,212,true],"medium_large":["https:\/\/experienciadevida.com.ar\/portalurbano\/wp-content\/uploads\/2020\/03\/FERNANDEZ-768x542.jpg",640,452,true],"large":["https:\/\/experienciadevida.com.ar\/portalurbano\/wp-content\/uploads\/2020\/03\/FERNANDEZ-1024x722.jpg",640,451,true],"ug_big":["https:\/\/experienciadevida.com.ar\/portalurbano\/wp-content\/uploads\/2020\/03\/FERNANDEZ-768x542.jpg",768,542,true],"1536x1536":["https:\/\/experienciadevida.com.ar\/portalurbano\/wp-content\/uploads\/2020\/03\/FERNANDEZ-e1583859691848.jpg",765,540,false],"2048x2048":["https:\/\/experienciadevida.com.ar\/portalurbano\/wp-content\/uploads\/2020\/03\/FERNANDEZ-e1583859691848.jpg",765,540,false],"newsever-slider-full":["https:\/\/experienciadevida.com.ar\/portalurbano\/wp-content\/uploads\/2020\/03\/FERNANDEZ-e1583859691848.jpg",765,540,false],"newsever-featured":["https:\/\/experienciadevida.com.ar\/portalurbano\/wp-content\/uploads\/2020\/03\/FERNANDEZ-e1583859691848.jpg",765,540,false],"newsever-medium":["https:\/\/experienciadevida.com.ar\/portalurbano\/wp-content\/uploads\/2020\/03\/FERNANDEZ-e1583859691848.jpg",673,475,false],"web-stories-poster-portrait":["https:\/\/experienciadevida.com.ar\/portalurbano\/wp-content\/uploads\/2020\/03\/FERNANDEZ-e1583859691848.jpg",640,452,false],"web-stories-publisher-logo":["https:\/\/experienciadevida.com.ar\/portalurbano\/wp-content\/uploads\/2020\/03\/FERNANDEZ-e1583859691848.jpg",96,68,false],"web-stories-thumbnail":["https:\/\/experienciadevida.com.ar\/portalurbano\/wp-content\/uploads\/2020\/03\/FERNANDEZ-e1583859691848.jpg",150,106,false]},"author_info":{"display_name":"admpu17wp","author_link":"https:\/\/experienciadevida.com.ar\/portalurbano\/author\/admpu17wp\/"},"category_info":"<a href=\"https:\/\/experienciadevida.com.ar\/portalurbano\/category\/nacion\/\" rel=\"category tag\">Naci\u00f3n<\/a>","tag_info":"Naci\u00f3n","comment_count":"0","amp_enabled":true,"_links":{"self":[{"href":"https:\/\/experienciadevida.com.ar\/portalurbano\/wp-json\/wp\/v2\/posts\/106205"}],"collection":[{"href":"https:\/\/experienciadevida.com.ar\/portalurbano\/wp-json\/wp\/v2\/posts"}],"about":[{"href":"https:\/\/experienciadevida.com.ar\/portalurbano\/wp-json\/wp\/v2\/types\/post"}],"author":[{"embeddable":true,"href":"https:\/\/experienciadevida.com.ar\/portalurbano\/wp-json\/wp\/v2\/users\/1"}],"replies":[{"embeddable":true,"href":"https:\/\/experienciadevida.com.ar\/portalurbano\/wp-json\/wp\/v2\/comments?post=106205"}],"version-history":[{"count":1,"href":"https:\/\/experienciadevida.com.ar\/portalurbano\/wp-json\/wp\/v2\/posts\/106205\/revisions"}],"predecessor-version":[{"id":106206,"href":"https:\/\/experienciadevida.com.ar\/portalurbano\/wp-json\/wp\/v2\/posts\/106205\/revisions\/106206"}],"wp:featuredmedia":[{"embeddable":true,"href":"https:\/\/experienciadevida.com.ar\/portalurbano\/wp-json\/wp\/v2\/media\/103711"}],"wp:attachment":[{"href":"https:\/\/experienciadevida.com.ar\/portalurbano\/wp-json\/wp\/v2\/media?parent=106205"}],"wp:term":[{"taxonomy":"category","embeddable":true,"href":"https:\/\/experienciadevida.com.ar\/portalurbano\/wp-json\/wp\/v2\/categories?post=106205"},{"taxonomy":"post_tag","embeddable":true,"href":"https:\/\/experienciadevida.com.ar\/portalurbano\/wp-json\/wp\/v2\/tags?post=106205"}],"curies":[{"name":"wp","href":"https:\/\/api.w.org\/{rel}","templated":true}]}}