{"id":106198,"date":"2020-04-04T12:15:29","date_gmt":"2020-04-04T15:15:29","guid":{"rendered":"https:\/\/experienciadevida.com.ar\/portalurbano\/?p=106198"},"modified":"2020-04-04T12:15:55","modified_gmt":"2020-04-04T15:15:55","slug":"alberto-fernandez-sobre-el-caos-en-los-bancos-ordene-que-no-vuelva-a-repetirse","status":"publish","type":"post","link":"https:\/\/experienciadevida.com.ar\/portalurbano\/alberto-fernandez-sobre-el-caos-en-los-bancos-ordene-que-no-vuelva-a-repetirse\/","title":{"rendered":"Alberto Fern\u00e1ndez, sobre el caos en los bancos: &#8220;Orden\u00e9 que no vuelva a repetirse&#8221;"},"content":{"rendered":"<p>El Presidente se refiri\u00f3 por Twitter a lo sucedido en distintas sedes bancarias el viernes. &#8220;Es inadmisible que cobrar se convierta en un riesgo para la salud&#8221;, asegur\u00f3.<\/p>\n<p>El presidente Alberto Fern\u00e1ndez consider\u00f3 &#8220;inadmisible&#8221; que cobrar una jubilaci\u00f3n o un beneficio del Estado pueda &#8220;convertirse en un riesgo para la salud&#8221; y segur\u00f3 haber ordenado a &#8220;los responsables que no vuelva a repetirse lo de hoy&#8221;, en referencia a las largas filas que se registraron este viernes en entidades bancarias.<\/p>\n<p>As\u00ed lo expres\u00f3 en una serie de tuits emitidos cerca de la medianoche del viernes, en los que subray\u00f3 que &#8220;los jubilados y los hermanos m\u00e1s necesitados&#8221; son la &#8220;prioridad&#8221; del Gobierno.<\/p>\n<p>&#8220;En medio de una pandemia, cobrar una jubilaci\u00f3n o un beneficio del Estado no puede convertirse en un riesgo para la salud. Eso es inadmisible. Ya orden\u00e9 a los responsables que no vuelva a repetirse lo de hoy&#8221;, sostuvo el Presidente a trav\u00e9s de la red social Twitter.<\/p>\n<p>Los mensajes aparecen acompa\u00f1ados por una imagen que consigna que este s\u00e1bado ser\u00e1 el turno para que puedan acercarse a los bancos a cobrar por ventanilla, entre las 10 y las 17, jubilados y pensionados cuyos documentos finalicen en 0 y en 1, y que no posean tarjeta de d\u00e9bito.<\/p>\n<p>&#8220;Seguir respetando la cuarentena y preservar la distancia en el espacio p\u00fablico es una obligaci\u00f3n que tenemos. Nuestros mayores adultos son quienes enfrentan un riesgo mayor. Es nuestro deber cuidarlos y protegerlos. Exigir\u00e9 que nadie los descuide. Cuid\u00e9monos y cuidemos al otro&#8221;, sostuvo el mandatario.<\/p>\n<p>En este punto, indic\u00f3 que, &#8220;al margen de ello&#8221;, tambi\u00e9n pidi\u00f3 &#8220;la colaboraci\u00f3n de los intendentes y sus polic\u00edas para preservar el orden&#8221;.<\/p>\n<p>&#8220;A ustedes les ruego respetar el cronograma de pagos previsto. Ma\u00f1ana los bancos pagar\u00e1n entre las 10 y las 17 solo a jubilados y pensionados cuyos documentos terminan en 0 y 1&#8221;, asever\u00f3 Alberto Fern\u00e1ndez.<\/p>\n<p>Tras las largas filas y aglomeraciones que se produjeron hoy ante la apertura de los bancos para la percepci\u00f3n en efectivo de jubilaciones y prestaciones sociales de la Anses, el Banco Central dispuso que las entidades bancarias abran sus puertas el s\u00e1bado y domingo, en su horario habitual y adicion\u00e1ndole dos horas m\u00e1s de atenci\u00f3n<\/p>\n","protected":false},"excerpt":{"rendered":"<p>El Presidente se refiri\u00f3 por Twitter a lo sucedido en distintas sedes bancarias el viernes&#8230;.<\/p>\n","protected":false},"author":1,"featured_media":106199,"comment_status":"open","ping_status":"open","sticky":false,"template":"","format":"standard","meta":{"content-type":""},"categories":[39],"tags":[],"nelio_content":{"isAutoShareEnabled":false,"autoShareEndMode":"default","automationSources":{"useContentSentences":true,"useSocialTemplates":true,"useCustomSentences":false,"customSentences":[]},"followers":[1],"suggestedReferences":[],"includedReferences":[],"efiUrl":"","efiAlt":"","highlights":[]},"yoast_head":"<!-- This site is optimized with the Yoast SEO plugin v20.7 - https:\/\/yoast.com\/wordpress\/plugins\/seo\/ -->\n<title>Alberto Fern\u00e1ndez, sobre el caos en los bancos: &quot;Orden\u00e9 que no vuelva a repetirse&quot; -<\/title>\n<meta name=\"robots\" content=\"index, follow, max-snippet:-1, max-image-preview:large, max-video-preview:-1\" \/>\n<link rel=\"canonical\" href=\"https:\/\/experienciadevida.com.ar\/portalurbano\/alberto-fernandez-sobre-el-caos-en-los-bancos-ordene-que-no-vuelva-a-repetirse\/\" \/>\n<meta property=\"og:locale\" content=\"es_ES\" \/>\n<meta property=\"og:type\" content=\"article\" \/>\n<meta property=\"og:title\" content=\"Alberto Fern\u00e1ndez, sobre el caos en los bancos: &quot;Orden\u00e9 que no vuelva a repetirse&quot; -\" \/>\n<meta property=\"og:description\" content=\"El Presidente se refiri\u00f3 por Twitter a lo sucedido en distintas sedes bancarias el viernes....\" \/>\n<meta property=\"og:url\" content=\"https:\/\/experienciadevida.com.ar\/portalurbano\/alberto-fernandez-sobre-el-caos-en-los-bancos-ordene-que-no-vuelva-a-repetirse\/\" \/>\n<meta property=\"article:publisher\" content=\"https:\/\/www.facebook.com\/Portal-Urbano-171542830093757\/\" \/>\n<meta property=\"article:published_time\" content=\"2020-04-04T15:15:29+00:00\" \/>\n<meta property=\"article:modified_time\" content=\"2020-04-04T15:15:55+00:00\" \/>\n<meta property=\"og:image\" content=\"https:\/\/experienciadevida.com.ar\/portalurbano\/wp-content\/uploads\/2020\/04\/FERNANDEZ-1.jpg\" \/>\n\t<meta property=\"og:image:width\" content=\"1140\" \/>\n\t<meta property=\"og:image:height\" content=\"641\" \/>\n\t<meta property=\"og:image:type\" content=\"image\/jpeg\" \/>\n<meta name=\"author\" content=\"admpu17wp\" \/>\n<meta name=\"twitter:card\" content=\"summary_large_image\" \/>\n<meta name=\"twitter:creator\" content=\"@portalurbanook\" \/>\n<meta name=\"twitter:site\" content=\"@portalurbanook\" \/>\n<meta name=\"twitter:label1\" content=\"Escrito por\" \/>\n\t<meta name=\"twitter:data1\" content=\"admpu17wp\" \/>\n\t<meta name=\"twitter:label2\" content=\"Tiempo de lectura\" \/>\n\t<meta name=\"twitter:data2\" content=\"2 minutos\" \/>\n<script type=\"application\/ld+json\" class=\"yoast-schema-graph\">{\"@context\":\"https:\/\/schema.org\",\"@graph\":[{\"@type\":\"Article\",\"@id\":\"https:\/\/experienciadevida.com.ar\/portalurbano\/alberto-fernandez-sobre-el-caos-en-los-bancos-ordene-que-no-vuelva-a-repetirse\/#article\",\"isPartOf\":{\"@id\":\"https:\/\/experienciadevida.com.ar\/portalurbano\/alberto-fernandez-sobre-el-caos-en-los-bancos-ordene-que-no-vuelva-a-repetirse\/\"},\"author\":{\"name\":\"admpu17wp\",\"@id\":\"https:\/\/experienciadevida.com.ar\/portalurbano\/#\/schema\/person\/02dd326b1c4b056e9cc972486934a3a7\"},\"headline\":\"Alberto Fern\u00e1ndez, sobre el caos en los bancos: &#8220;Orden\u00e9 que no vuelva a repetirse&#8221;\",\"datePublished\":\"2020-04-04T15:15:29+00:00\",\"dateModified\":\"2020-04-04T15:15:55+00:00\",\"mainEntityOfPage\":{\"@id\":\"https:\/\/experienciadevida.com.ar\/portalurbano\/alberto-fernandez-sobre-el-caos-en-los-bancos-ordene-que-no-vuelva-a-repetirse\/\"},\"wordCount\":397,\"commentCount\":0,\"publisher\":{\"@id\":\"https:\/\/experienciadevida.com.ar\/portalurbano\/#organization\"},\"articleSection\":[\"Naci\u00f3n\"],\"inLanguage\":\"es\",\"potentialAction\":[{\"@type\":\"CommentAction\",\"name\":\"Comment\",\"target\":[\"https:\/\/experienciadevida.com.ar\/portalurbano\/alberto-fernandez-sobre-el-caos-en-los-bancos-ordene-que-no-vuelva-a-repetirse\/#respond\"]}]},{\"@type\":\"WebPage\",\"@id\":\"https:\/\/experienciadevida.com.ar\/portalurbano\/alberto-fernandez-sobre-el-caos-en-los-bancos-ordene-que-no-vuelva-a-repetirse\/\",\"url\":\"https:\/\/experienciadevida.com.ar\/portalurbano\/alberto-fernandez-sobre-el-caos-en-los-bancos-ordene-que-no-vuelva-a-repetirse\/\",\"name\":\"Alberto Fern\u00e1ndez, sobre el caos en los bancos: \\\"Orden\u00e9 que no vuelva a repetirse\\\" -\",\"isPartOf\":{\"@id\":\"https:\/\/experienciadevida.com.ar\/portalurbano\/#website\"},\"datePublished\":\"2020-04-04T15:15:29+00:00\",\"dateModified\":\"2020-04-04T15:15:55+00:00\",\"breadcrumb\":{\"@id\":\"https:\/\/experienciadevida.com.ar\/portalurbano\/alberto-fernandez-sobre-el-caos-en-los-bancos-ordene-que-no-vuelva-a-repetirse\/#breadcrumb\"},\"inLanguage\":\"es\",\"potentialAction\":[{\"@type\":\"ReadAction\",\"target\":[\"https:\/\/experienciadevida.com.ar\/portalurbano\/alberto-fernandez-sobre-el-caos-en-los-bancos-ordene-que-no-vuelva-a-repetirse\/\"]}]},{\"@type\":\"BreadcrumbList\",\"@id\":\"https:\/\/experienciadevida.com.ar\/portalurbano\/alberto-fernandez-sobre-el-caos-en-los-bancos-ordene-que-no-vuelva-a-repetirse\/#breadcrumb\",\"itemListElement\":[{\"@type\":\"ListItem\",\"position\":1,\"name\":\"Portada\",\"item\":\"https:\/\/experienciadevida.com.ar\/portalurbano\/\"},{\"@type\":\"ListItem\",\"position\":2,\"name\":\"Alberto Fern\u00e1ndez, sobre el caos en los bancos: \u00abOrden\u00e9 que no vuelva a repetirse\u00bb\"}]},{\"@type\":\"WebSite\",\"@id\":\"https:\/\/experienciadevida.com.ar\/portalurbano\/#website\",\"url\":\"https:\/\/experienciadevida.com.ar\/portalurbano\/\",\"name\":\"\",\"description\":\"\",\"publisher\":{\"@id\":\"https:\/\/experienciadevida.com.ar\/portalurbano\/#organization\"},\"potentialAction\":[{\"@type\":\"SearchAction\",\"target\":{\"@type\":\"EntryPoint\",\"urlTemplate\":\"https:\/\/experienciadevida.com.ar\/portalurbano\/?s={search_term_string}\"},\"query-input\":\"required name=search_term_string\"}],\"inLanguage\":\"es\"},{\"@type\":\"Organization\",\"@id\":\"https:\/\/experienciadevida.com.ar\/portalurbano\/#organization\",\"name\":\"Portal Urbano\",\"url\":\"https:\/\/experienciadevida.com.ar\/portalurbano\/\",\"logo\":{\"@type\":\"ImageObject\",\"inLanguage\":\"es\",\"@id\":\"https:\/\/experienciadevida.com.ar\/portalurbano\/#\/schema\/logo\/image\/\",\"url\":\"https:\/\/experienciadevida.com.ar\/portalurbano\/wp-content\/uploads\/2019\/09\/Logo-Original.png\",\"contentUrl\":\"https:\/\/experienciadevida.com.ar\/portalurbano\/wp-content\/uploads\/2019\/09\/Logo-Original.png\",\"width\":2236,\"height\":1216,\"caption\":\"Portal Urbano\"},\"image\":{\"@id\":\"https:\/\/experienciadevida.com.ar\/portalurbano\/#\/schema\/logo\/image\/\"},\"sameAs\":[\"https:\/\/www.facebook.com\/Portal-Urbano-171542830093757\/\",\"https:\/\/twitter.com\/portalurbanook\",\"https:\/\/www.instagram.com\/_portalurbano\/\",\"https:\/\/www.youtube.com\/channel\/UCXhagIfszH8KxFiOok79zbA?view_as=subscriber\"]},{\"@type\":\"Person\",\"@id\":\"https:\/\/experienciadevida.com.ar\/portalurbano\/#\/schema\/person\/02dd326b1c4b056e9cc972486934a3a7\",\"name\":\"admpu17wp\",\"image\":{\"@type\":\"ImageObject\",\"inLanguage\":\"es\",\"@id\":\"https:\/\/experienciadevida.com.ar\/portalurbano\/#\/schema\/person\/image\/\",\"url\":\"https:\/\/secure.gravatar.com\/avatar\/830d4c57adaae6630765e449a6908047?s=96&d=mm&r=g\",\"contentUrl\":\"https:\/\/secure.gravatar.com\/avatar\/830d4c57adaae6630765e449a6908047?s=96&d=mm&r=g\",\"caption\":\"admpu17wp\"}}]}<\/script>\n<!-- \/ Yoast SEO plugin. -->","yoast_head_json":{"title":"Alberto Fern\u00e1ndez, sobre el caos en los bancos: \"Orden\u00e9 que no vuelva a repetirse\" -","robots":{"index":"index","follow":"follow","max-snippet":"max-snippet:-1","max-image-preview":"max-image-preview:large","max-video-preview":"max-video-preview:-1"},"canonical":"https:\/\/experienciadevida.com.ar\/portalurbano\/alberto-fernandez-sobre-el-caos-en-los-bancos-ordene-que-no-vuelva-a-repetirse\/","og_locale":"es_ES","og_type":"article","og_title":"Alberto Fern\u00e1ndez, sobre el caos en los bancos: \"Orden\u00e9 que no vuelva a repetirse\" -","og_description":"El Presidente se refiri\u00f3 por Twitter a lo sucedido en distintas sedes bancarias el viernes....","og_url":"https:\/\/experienciadevida.com.ar\/portalurbano\/alberto-fernandez-sobre-el-caos-en-los-bancos-ordene-que-no-vuelva-a-repetirse\/","article_publisher":"https:\/\/www.facebook.com\/Portal-Urbano-171542830093757\/","article_published_time":"2020-04-04T15:15:29+00:00","article_modified_time":"2020-04-04T15:15:55+00:00","og_image":[{"width":1140,"height":641,"url":"https:\/\/experienciadevida.com.ar\/portalurbano\/wp-content\/uploads\/2020\/04\/FERNANDEZ-1.jpg","type":"image\/jpeg"}],"author":"admpu17wp","twitter_card":"summary_large_image","twitter_creator":"@portalurbanook","twitter_site":"@portalurbanook","twitter_misc":{"Escrito por":"admpu17wp","Tiempo de lectura":"2 minutos"},"schema":{"@context":"https:\/\/schema.org","@graph":[{"@type":"Article","@id":"https:\/\/experienciadevida.com.ar\/portalurbano\/alberto-fernandez-sobre-el-caos-en-los-bancos-ordene-que-no-vuelva-a-repetirse\/#article","isPartOf":{"@id":"https:\/\/experienciadevida.com.ar\/portalurbano\/alberto-fernandez-sobre-el-caos-en-los-bancos-ordene-que-no-vuelva-a-repetirse\/"},"author":{"name":"admpu17wp","@id":"https:\/\/experienciadevida.com.ar\/portalurbano\/#\/schema\/person\/02dd326b1c4b056e9cc972486934a3a7"},"headline":"Alberto Fern\u00e1ndez, sobre el caos en los bancos: &#8220;Orden\u00e9 que no vuelva a repetirse&#8221;","datePublished":"2020-04-04T15:15:29+00:00","dateModified":"2020-04-04T15:15:55+00:00","mainEntityOfPage":{"@id":"https:\/\/experienciadevida.com.ar\/portalurbano\/alberto-fernandez-sobre-el-caos-en-los-bancos-ordene-que-no-vuelva-a-repetirse\/"},"wordCount":397,"commentCount":0,"publisher":{"@id":"https:\/\/experienciadevida.com.ar\/portalurbano\/#organization"},"articleSection":["Naci\u00f3n"],"inLanguage":"es","potentialAction":[{"@type":"CommentAction","name":"Comment","target":["https:\/\/experienciadevida.com.ar\/portalurbano\/alberto-fernandez-sobre-el-caos-en-los-bancos-ordene-que-no-vuelva-a-repetirse\/#respond"]}]},{"@type":"WebPage","@id":"https:\/\/experienciadevida.com.ar\/portalurbano\/alberto-fernandez-sobre-el-caos-en-los-bancos-ordene-que-no-vuelva-a-repetirse\/","url":"https:\/\/experienciadevida.com.ar\/portalurbano\/alberto-fernandez-sobre-el-caos-en-los-bancos-ordene-que-no-vuelva-a-repetirse\/","name":"Alberto Fern\u00e1ndez, sobre el caos en los bancos: \"Orden\u00e9 que no vuelva a repetirse\" -","isPartOf":{"@id":"https:\/\/experienciadevida.com.ar\/portalurbano\/#website"},"datePublished":"2020-04-04T15:15:29+00:00","dateModified":"2020-04-04T15:15:55+00:00","breadcrumb":{"@id":"https:\/\/experienciadevida.com.ar\/portalurbano\/alberto-fernandez-sobre-el-caos-en-los-bancos-ordene-que-no-vuelva-a-repetirse\/#breadcrumb"},"inLanguage":"es","potentialAction":[{"@type":"ReadAction","target":["https:\/\/experienciadevida.com.ar\/portalurbano\/alberto-fernandez-sobre-el-caos-en-los-bancos-ordene-que-no-vuelva-a-repetirse\/"]}]},{"@type":"BreadcrumbList","@id":"https:\/\/experienciadevida.com.ar\/portalurbano\/alberto-fernandez-sobre-el-caos-en-los-bancos-ordene-que-no-vuelva-a-repetirse\/#breadcrumb","itemListElement":[{"@type":"ListItem","position":1,"name":"Portada","item":"https:\/\/experienciadevida.com.ar\/portalurbano\/"},{"@type":"ListItem","position":2,"name":"Alberto Fern\u00e1ndez, sobre el caos en los bancos: \u00abOrden\u00e9 que no vuelva a repetirse\u00bb"}]},{"@type":"WebSite","@id":"https:\/\/experienciadevida.com.ar\/portalurbano\/#website","url":"https:\/\/experienciadevida.com.ar\/portalurbano\/","name":"","description":"","publisher":{"@id":"https:\/\/experienciadevida.com.ar\/portalurbano\/#organization"},"potentialAction":[{"@type":"SearchAction","target":{"@type":"EntryPoint","urlTemplate":"https:\/\/experienciadevida.com.ar\/portalurbano\/?s={search_term_string}"},"query-input":"required name=search_term_string"}],"inLanguage":"es"},{"@type":"Organization","@id":"https:\/\/experienciadevida.com.ar\/portalurbano\/#organization","name":"Portal Urbano","url":"https:\/\/experienciadevida.com.ar\/portalurbano\/","logo":{"@type":"ImageObject","inLanguage":"es","@id":"https:\/\/experienciadevida.com.ar\/portalurbano\/#\/schema\/logo\/image\/","url":"https:\/\/experienciadevida.com.ar\/portalurbano\/wp-content\/uploads\/2019\/09\/Logo-Original.png","contentUrl":"https:\/\/experienciadevida.com.ar\/portalurbano\/wp-content\/uploads\/2019\/09\/Logo-Original.png","width":2236,"height":1216,"caption":"Portal Urbano"},"image":{"@id":"https:\/\/experienciadevida.com.ar\/portalurbano\/#\/schema\/logo\/image\/"},"sameAs":["https:\/\/www.facebook.com\/Portal-Urbano-171542830093757\/","https:\/\/twitter.com\/portalurbanook","https:\/\/www.instagram.com\/_portalurbano\/","https:\/\/www.youtube.com\/channel\/UCXhagIfszH8KxFiOok79zbA?view_as=subscriber"]},{"@type":"Person","@id":"https:\/\/experienciadevida.com.ar\/portalurbano\/#\/schema\/person\/02dd326b1c4b056e9cc972486934a3a7","name":"admpu17wp","image":{"@type":"ImageObject","inLanguage":"es","@id":"https:\/\/experienciadevida.com.ar\/portalurbano\/#\/schema\/person\/image\/","url":"https:\/\/secure.gravatar.com\/avatar\/830d4c57adaae6630765e449a6908047?s=96&d=mm&r=g","contentUrl":"https:\/\/secure.gravatar.com\/avatar\/830d4c57adaae6630765e449a6908047?s=96&d=mm&r=g","caption":"admpu17wp"}}]}},"featured_image_urls":{"full":["https:\/\/experienciadevida.com.ar\/portalurbano\/wp-content\/uploads\/2020\/04\/FERNANDEZ-1.jpg",1140,641,false],"thumbnail":["https:\/\/experienciadevida.com.ar\/portalurbano\/wp-content\/uploads\/2020\/04\/FERNANDEZ-1-150x150.jpg",150,150,true],"medium":["https:\/\/experienciadevida.com.ar\/portalurbano\/wp-content\/uploads\/2020\/04\/FERNANDEZ-1-300x169.jpg",300,169,true],"medium_large":["https:\/\/experienciadevida.com.ar\/portalurbano\/wp-content\/uploads\/2020\/04\/FERNANDEZ-1-768x432.jpg",640,360,true],"large":["https:\/\/experienciadevida.com.ar\/portalurbano\/wp-content\/uploads\/2020\/04\/FERNANDEZ-1-1024x576.jpg",640,360,true],"ug_big":["https:\/\/experienciadevida.com.ar\/portalurbano\/wp-content\/uploads\/2020\/04\/FERNANDEZ-1-768x432.jpg",768,432,true],"1536x1536":["https:\/\/experienciadevida.com.ar\/portalurbano\/wp-content\/uploads\/2020\/04\/FERNANDEZ-1.jpg",1140,641,false],"2048x2048":["https:\/\/experienciadevida.com.ar\/portalurbano\/wp-content\/uploads\/2020\/04\/FERNANDEZ-1.jpg",1140,641,false],"newsever-slider-full":["https:\/\/experienciadevida.com.ar\/portalurbano\/wp-content\/uploads\/2020\/04\/FERNANDEZ-1.jpg",1140,641,false],"newsever-featured":["https:\/\/experienciadevida.com.ar\/portalurbano\/wp-content\/uploads\/2020\/04\/FERNANDEZ-1.jpg",1024,576,false],"newsever-medium":["https:\/\/experienciadevida.com.ar\/portalurbano\/wp-content\/uploads\/2020\/04\/FERNANDEZ-1.jpg",720,405,false],"web-stories-poster-portrait":["https:\/\/experienciadevida.com.ar\/portalurbano\/wp-content\/uploads\/2020\/04\/FERNANDEZ-1.jpg",640,360,false],"web-stories-publisher-logo":["https:\/\/experienciadevida.com.ar\/portalurbano\/wp-content\/uploads\/2020\/04\/FERNANDEZ-1.jpg",96,54,false],"web-stories-thumbnail":["https:\/\/experienciadevida.com.ar\/portalurbano\/wp-content\/uploads\/2020\/04\/FERNANDEZ-1.jpg",150,84,false]},"author_info":{"display_name":"admpu17wp","author_link":"https:\/\/experienciadevida.com.ar\/portalurbano\/author\/admpu17wp\/"},"category_info":"<a href=\"https:\/\/experienciadevida.com.ar\/portalurbano\/category\/nacion\/\" rel=\"category tag\">Naci\u00f3n<\/a>","tag_info":"Naci\u00f3n","comment_count":"0","amp_enabled":true,"_links":{"self":[{"href":"https:\/\/experienciadevida.com.ar\/portalurbano\/wp-json\/wp\/v2\/posts\/106198"}],"collection":[{"href":"https:\/\/experienciadevida.com.ar\/portalurbano\/wp-json\/wp\/v2\/posts"}],"about":[{"href":"https:\/\/experienciadevida.com.ar\/portalurbano\/wp-json\/wp\/v2\/types\/post"}],"author":[{"embeddable":true,"href":"https:\/\/experienciadevida.com.ar\/portalurbano\/wp-json\/wp\/v2\/users\/1"}],"replies":[{"embeddable":true,"href":"https:\/\/experienciadevida.com.ar\/portalurbano\/wp-json\/wp\/v2\/comments?post=106198"}],"version-history":[{"count":1,"href":"https:\/\/experienciadevida.com.ar\/portalurbano\/wp-json\/wp\/v2\/posts\/106198\/revisions"}],"predecessor-version":[{"id":106200,"href":"https:\/\/experienciadevida.com.ar\/portalurbano\/wp-json\/wp\/v2\/posts\/106198\/revisions\/106200"}],"wp:featuredmedia":[{"embeddable":true,"href":"https:\/\/experienciadevida.com.ar\/portalurbano\/wp-json\/wp\/v2\/media\/106199"}],"wp:attachment":[{"href":"https:\/\/experienciadevida.com.ar\/portalurbano\/wp-json\/wp\/v2\/media?parent=106198"}],"wp:term":[{"taxonomy":"category","embeddable":true,"href":"https:\/\/experienciadevida.com.ar\/portalurbano\/wp-json\/wp\/v2\/categories?post=106198"},{"taxonomy":"post_tag","embeddable":true,"href":"https:\/\/experienciadevida.com.ar\/portalurbano\/wp-json\/wp\/v2\/tags?post=106198"}],"curies":[{"name":"wp","href":"https:\/\/api.w.org\/{rel}","templated":true}]}}