{"id":106156,"date":"2020-04-03T16:59:17","date_gmt":"2020-04-03T19:59:17","guid":{"rendered":"https:\/\/experienciadevida.com.ar\/portalurbano\/?p=106156"},"modified":"2020-04-03T16:59:17","modified_gmt":"2020-04-03T19:59:17","slug":"alberto-fernandez-se-enfurecio-con-el-banco-central-la-anses-y-el-sindicato-bancario-por-la-atencion-a-los-jubilados","status":"publish","type":"post","link":"https:\/\/experienciadevida.com.ar\/portalurbano\/alberto-fernandez-se-enfurecio-con-el-banco-central-la-anses-y-el-sindicato-bancario-por-la-atencion-a-los-jubilados\/","title":{"rendered":"Alberto Fern\u00e1ndez se enfureci\u00f3 con el Banco Central, la ANSES y el sindicato bancario por la atenci\u00f3n a los jubilados"},"content":{"rendered":"<p>Alberto Fern\u00e1ndez se levant\u00f3 temprano y prendi\u00f3 la televisi\u00f3n. Lo que vio, no lo pod\u00eda creer: miles de jubilados, pensionados, acompa\u00f1antes, mujeres y ni\u00f1os \u2013en plena cuarentena obligatoria\u2013 haciendo largas colas en los bancos de todo el pa\u00eds para cobrar sus jubilaciones, la Asignaci\u00f3n Universal por Hijo (AUH) y otros beneficios sociales otorgados para evitar que la pandemia del coronavirus afecte a\u00fan m\u00e1s a los sectores carenciados de la Argentina.<\/p>\n<p>Cerca de las ocho de la ma\u00f1ana, el Presidente se comunic\u00f3 con Miguel Pesce, titular del Banco Central.<\/p>\n<p>Alberto Fern\u00e1ndez y Pesce se conocen desde hace a\u00f1os y el trato siempre fue distendido. El Presidente no es de insultar, pero en Olivos juran que estaba \u201ccon un nivel de calentura\u201d nunca visto.<\/p>\n<p>Pesce cort\u00f3 la comunicaci\u00f3n y se puso a redactar una resoluci\u00f3n que ordenaba la apertura de los bancos durante el pr\u00f3ximo fin de semana. Cuando la l\u00ednea del Banco Central redactaba la inesperada resoluci\u00f3n, Pesce habl\u00f3 por tel\u00e9fono con Sergio Palazzo, secretario general de la Asociaci\u00f3n Bancaria, que durante d\u00edas y d\u00edas se neg\u00f3 a que abrieran las sucursales en medio de la pandemia.<\/p>\n<p>La posici\u00f3n gremial de Palazzo era muy cuestionada en la Casa Rosada y Olivos, y finamente tuvo que ceder cuando comprob\u00f3 las colas infinitas en los bancos de todo el pa\u00eds y escuch\u00f3 a Alberto Fern\u00e1ndez al otro lado de la l\u00ednea. El Presidente no es amigo de Palazzo, estaba enfurecido y lo hizo responsable por el maltrato a los jubilados, pensionados y beneficiarios de los planes sociales que pasaron la noche sin dormir frente a la puerta vidriada de una entidad bancaria.<\/p>\n<p>Ahora s\u00ed, dos semanas m\u00e1s tarde, Palazzo acept\u00f3 que se abrieran los bancos para que todos pudieran cobrar sus jubilaciones y la ayuda del Estado.<br \/>\nDesde la mirada presidencial, frente al esc\u00e1ndalo de miles de jubilados pasando fr\u00edo y haciendo cola para cobrar, Alejandro Vanoli es el mayor responsable pol\u00edtico y administrativo.<\/p>\n<p>Ya se sab\u00eda que m\u00e1s de 11 millones de personas se hab\u00edan inscripto para cobrar el Ingreso Familiar de Emergencia (IFE), y el titular de la Administraci\u00f3n Nacional de la Seguridad Social (ANSES) hizo muy poco para resolver una crisis que estaba anunciada.<\/p>\n<p>Desde el Palacio de Hacienda y la Secretar\u00eda de Asuntos Estrat\u00e9gicos se sugiri\u00f3 a Vanoli que adoptara medidas de urgencia para lograr la adhesi\u00f3n de empresas fintech que permiten cobrar los beneficios sin concurrir a las sucursales bancarias, pero el titular de la ANSES gir\u00f3 el tema durante d\u00edas y nada sucedi\u00f3.<\/p>\n<p>El Presidente tambi\u00e9n habl\u00f3 con Vanoli para exigirle explicaciones por la situaci\u00f3n humanitaria de los jubilados. A esa hora, los canales de televisi\u00f3n, las radios y las redes sociales describ\u00edan las colas en los bancos y cuestionaban el liderazgo de Alberto Fern\u00e1ndez frente a la crisis del coronavirus y sus consecuencias econ\u00f3micas.<\/p>\n<p>El Presidente ajust\u00f3 cuentas con Pesce, Palazzo y Vanoli ante una situaci\u00f3n humanitaria que no estaba en sus c\u00e1lculos. Sin embargo, esta crisis pol\u00edtica y social a\u00fan no termin\u00f3. Por eso, Alberto Fern\u00e1ndez exigi\u00f3 soluciones inmediatas ante una coyuntura que se extender\u00e1 en el tiempo: las empresas necesitan que los bancos est\u00e9n abiertos, miles de beneficiarios de los planes sociales no est\u00e1n bancarizados, y el IFE (con 11 millones de inscriptos) tambi\u00e9n se otorgar\u00e1 en mayo y junio.<\/p>\n<p>En un contexto social que incluye nueve d\u00edas m\u00e1s de cuarentena y la incertidumbre frente a las consecuencias del pico m\u00e1ximo de la pandemia que a\u00fan no sucedi\u00f3.<\/p>\n","protected":false},"excerpt":{"rendered":"<p>Alberto Fern\u00e1ndez se levant\u00f3 temprano y prendi\u00f3 la televisi\u00f3n. Lo que vio, no lo pod\u00eda&#8230;<\/p>\n","protected":false},"author":1,"featured_media":101076,"comment_status":"open","ping_status":"open","sticky":false,"template":"","format":"standard","meta":{"content-type":""},"categories":[39],"tags":[],"nelio_content":{"isAutoShareEnabled":false,"autoShareEndMode":"default","automationSources":{"useContentSentences":true,"useSocialTemplates":true,"useCustomSentences":false,"customSentences":[]},"followers":[1],"suggestedReferences":[],"includedReferences":[],"efiUrl":"","efiAlt":"","highlights":[]},"yoast_head":"<!-- This site is optimized with the Yoast SEO plugin v20.7 - https:\/\/yoast.com\/wordpress\/plugins\/seo\/ -->\n<title>Alberto Fern\u00e1ndez se enfureci\u00f3 con el Banco Central, la ANSES y el sindicato bancario por la atenci\u00f3n a los jubilados -<\/title>\n<meta name=\"robots\" content=\"index, follow, max-snippet:-1, max-image-preview:large, max-video-preview:-1\" \/>\n<link rel=\"canonical\" href=\"https:\/\/experienciadevida.com.ar\/portalurbano\/alberto-fernandez-se-enfurecio-con-el-banco-central-la-anses-y-el-sindicato-bancario-por-la-atencion-a-los-jubilados\/\" \/>\n<meta property=\"og:locale\" content=\"es_ES\" \/>\n<meta property=\"og:type\" content=\"article\" \/>\n<meta property=\"og:title\" content=\"Alberto Fern\u00e1ndez se enfureci\u00f3 con el Banco Central, la ANSES y el sindicato bancario por la atenci\u00f3n a los jubilados -\" \/>\n<meta property=\"og:description\" content=\"Alberto Fern\u00e1ndez se levant\u00f3 temprano y prendi\u00f3 la televisi\u00f3n. Lo que vio, no lo pod\u00eda...\" \/>\n<meta property=\"og:url\" content=\"https:\/\/experienciadevida.com.ar\/portalurbano\/alberto-fernandez-se-enfurecio-con-el-banco-central-la-anses-y-el-sindicato-bancario-por-la-atencion-a-los-jubilados\/\" \/>\n<meta property=\"article:publisher\" content=\"https:\/\/www.facebook.com\/Portal-Urbano-171542830093757\/\" \/>\n<meta property=\"article:published_time\" content=\"2020-04-03T19:59:17+00:00\" \/>\n<meta property=\"og:image\" content=\"https:\/\/experienciadevida.com.ar\/portalurbano\/wp-content\/uploads\/2020\/02\/ALBERTOFERNANDEZ-e1596223764862.jpg\" \/>\n\t<meta property=\"og:image:width\" content=\"750\" \/>\n\t<meta property=\"og:image:height\" content=\"573\" \/>\n\t<meta property=\"og:image:type\" content=\"image\/jpeg\" \/>\n<meta name=\"author\" content=\"admpu17wp\" \/>\n<meta name=\"twitter:card\" content=\"summary_large_image\" \/>\n<meta name=\"twitter:creator\" content=\"@portalurbanook\" \/>\n<meta name=\"twitter:site\" content=\"@portalurbanook\" \/>\n<meta name=\"twitter:label1\" content=\"Escrito por\" \/>\n\t<meta name=\"twitter:data1\" content=\"admpu17wp\" \/>\n\t<meta name=\"twitter:label2\" content=\"Tiempo de lectura\" \/>\n\t<meta name=\"twitter:data2\" content=\"3 minutos\" \/>\n<script type=\"application\/ld+json\" class=\"yoast-schema-graph\">{\"@context\":\"https:\/\/schema.org\",\"@graph\":[{\"@type\":\"Article\",\"@id\":\"https:\/\/experienciadevida.com.ar\/portalurbano\/alberto-fernandez-se-enfurecio-con-el-banco-central-la-anses-y-el-sindicato-bancario-por-la-atencion-a-los-jubilados\/#article\",\"isPartOf\":{\"@id\":\"https:\/\/experienciadevida.com.ar\/portalurbano\/alberto-fernandez-se-enfurecio-con-el-banco-central-la-anses-y-el-sindicato-bancario-por-la-atencion-a-los-jubilados\/\"},\"author\":{\"name\":\"admpu17wp\",\"@id\":\"https:\/\/experienciadevida.com.ar\/portalurbano\/#\/schema\/person\/02dd326b1c4b056e9cc972486934a3a7\"},\"headline\":\"Alberto Fern\u00e1ndez se enfureci\u00f3 con el Banco Central, la ANSES y el sindicato bancario por la atenci\u00f3n a los jubilados\",\"datePublished\":\"2020-04-03T19:59:17+00:00\",\"dateModified\":\"2020-04-03T19:59:17+00:00\",\"mainEntityOfPage\":{\"@id\":\"https:\/\/experienciadevida.com.ar\/portalurbano\/alberto-fernandez-se-enfurecio-con-el-banco-central-la-anses-y-el-sindicato-bancario-por-la-atencion-a-los-jubilados\/\"},\"wordCount\":649,\"commentCount\":0,\"publisher\":{\"@id\":\"https:\/\/experienciadevida.com.ar\/portalurbano\/#organization\"},\"articleSection\":[\"Naci\u00f3n\"],\"inLanguage\":\"es\",\"potentialAction\":[{\"@type\":\"CommentAction\",\"name\":\"Comment\",\"target\":[\"https:\/\/experienciadevida.com.ar\/portalurbano\/alberto-fernandez-se-enfurecio-con-el-banco-central-la-anses-y-el-sindicato-bancario-por-la-atencion-a-los-jubilados\/#respond\"]}]},{\"@type\":\"WebPage\",\"@id\":\"https:\/\/experienciadevida.com.ar\/portalurbano\/alberto-fernandez-se-enfurecio-con-el-banco-central-la-anses-y-el-sindicato-bancario-por-la-atencion-a-los-jubilados\/\",\"url\":\"https:\/\/experienciadevida.com.ar\/portalurbano\/alberto-fernandez-se-enfurecio-con-el-banco-central-la-anses-y-el-sindicato-bancario-por-la-atencion-a-los-jubilados\/\",\"name\":\"Alberto Fern\u00e1ndez se enfureci\u00f3 con el Banco Central, la ANSES y el sindicato bancario por la atenci\u00f3n a los jubilados -\",\"isPartOf\":{\"@id\":\"https:\/\/experienciadevida.com.ar\/portalurbano\/#website\"},\"datePublished\":\"2020-04-03T19:59:17+00:00\",\"dateModified\":\"2020-04-03T19:59:17+00:00\",\"breadcrumb\":{\"@id\":\"https:\/\/experienciadevida.com.ar\/portalurbano\/alberto-fernandez-se-enfurecio-con-el-banco-central-la-anses-y-el-sindicato-bancario-por-la-atencion-a-los-jubilados\/#breadcrumb\"},\"inLanguage\":\"es\",\"potentialAction\":[{\"@type\":\"ReadAction\",\"target\":[\"https:\/\/experienciadevida.com.ar\/portalurbano\/alberto-fernandez-se-enfurecio-con-el-banco-central-la-anses-y-el-sindicato-bancario-por-la-atencion-a-los-jubilados\/\"]}]},{\"@type\":\"BreadcrumbList\",\"@id\":\"https:\/\/experienciadevida.com.ar\/portalurbano\/alberto-fernandez-se-enfurecio-con-el-banco-central-la-anses-y-el-sindicato-bancario-por-la-atencion-a-los-jubilados\/#breadcrumb\",\"itemListElement\":[{\"@type\":\"ListItem\",\"position\":1,\"name\":\"Portada\",\"item\":\"https:\/\/experienciadevida.com.ar\/portalurbano\/\"},{\"@type\":\"ListItem\",\"position\":2,\"name\":\"Alberto Fern\u00e1ndez se enfureci\u00f3 con el Banco Central, la ANSES y el sindicato bancario por la atenci\u00f3n a los jubilados\"}]},{\"@type\":\"WebSite\",\"@id\":\"https:\/\/experienciadevida.com.ar\/portalurbano\/#website\",\"url\":\"https:\/\/experienciadevida.com.ar\/portalurbano\/\",\"name\":\"\",\"description\":\"\",\"publisher\":{\"@id\":\"https:\/\/experienciadevida.com.ar\/portalurbano\/#organization\"},\"potentialAction\":[{\"@type\":\"SearchAction\",\"target\":{\"@type\":\"EntryPoint\",\"urlTemplate\":\"https:\/\/experienciadevida.com.ar\/portalurbano\/?s={search_term_string}\"},\"query-input\":\"required name=search_term_string\"}],\"inLanguage\":\"es\"},{\"@type\":\"Organization\",\"@id\":\"https:\/\/experienciadevida.com.ar\/portalurbano\/#organization\",\"name\":\"Portal Urbano\",\"url\":\"https:\/\/experienciadevida.com.ar\/portalurbano\/\",\"logo\":{\"@type\":\"ImageObject\",\"inLanguage\":\"es\",\"@id\":\"https:\/\/experienciadevida.com.ar\/portalurbano\/#\/schema\/logo\/image\/\",\"url\":\"https:\/\/experienciadevida.com.ar\/portalurbano\/wp-content\/uploads\/2019\/09\/Logo-Original.png\",\"contentUrl\":\"https:\/\/experienciadevida.com.ar\/portalurbano\/wp-content\/uploads\/2019\/09\/Logo-Original.png\",\"width\":2236,\"height\":1216,\"caption\":\"Portal Urbano\"},\"image\":{\"@id\":\"https:\/\/experienciadevida.com.ar\/portalurbano\/#\/schema\/logo\/image\/\"},\"sameAs\":[\"https:\/\/www.facebook.com\/Portal-Urbano-171542830093757\/\",\"https:\/\/twitter.com\/portalurbanook\",\"https:\/\/www.instagram.com\/_portalurbano\/\",\"https:\/\/www.youtube.com\/channel\/UCXhagIfszH8KxFiOok79zbA?view_as=subscriber\"]},{\"@type\":\"Person\",\"@id\":\"https:\/\/experienciadevida.com.ar\/portalurbano\/#\/schema\/person\/02dd326b1c4b056e9cc972486934a3a7\",\"name\":\"admpu17wp\",\"image\":{\"@type\":\"ImageObject\",\"inLanguage\":\"es\",\"@id\":\"https:\/\/experienciadevida.com.ar\/portalurbano\/#\/schema\/person\/image\/\",\"url\":\"https:\/\/secure.gravatar.com\/avatar\/830d4c57adaae6630765e449a6908047?s=96&d=mm&r=g\",\"contentUrl\":\"https:\/\/secure.gravatar.com\/avatar\/830d4c57adaae6630765e449a6908047?s=96&d=mm&r=g\",\"caption\":\"admpu17wp\"}}]}<\/script>\n<!-- \/ Yoast SEO plugin. -->","yoast_head_json":{"title":"Alberto Fern\u00e1ndez se enfureci\u00f3 con el Banco Central, la ANSES y el sindicato bancario por la atenci\u00f3n a los jubilados -","robots":{"index":"index","follow":"follow","max-snippet":"max-snippet:-1","max-image-preview":"max-image-preview:large","max-video-preview":"max-video-preview:-1"},"canonical":"https:\/\/experienciadevida.com.ar\/portalurbano\/alberto-fernandez-se-enfurecio-con-el-banco-central-la-anses-y-el-sindicato-bancario-por-la-atencion-a-los-jubilados\/","og_locale":"es_ES","og_type":"article","og_title":"Alberto Fern\u00e1ndez se enfureci\u00f3 con el Banco Central, la ANSES y el sindicato bancario por la atenci\u00f3n a los jubilados -","og_description":"Alberto Fern\u00e1ndez se levant\u00f3 temprano y prendi\u00f3 la televisi\u00f3n. Lo que vio, no lo pod\u00eda...","og_url":"https:\/\/experienciadevida.com.ar\/portalurbano\/alberto-fernandez-se-enfurecio-con-el-banco-central-la-anses-y-el-sindicato-bancario-por-la-atencion-a-los-jubilados\/","article_publisher":"https:\/\/www.facebook.com\/Portal-Urbano-171542830093757\/","article_published_time":"2020-04-03T19:59:17+00:00","og_image":[{"width":750,"height":573,"url":"https:\/\/experienciadevida.com.ar\/portalurbano\/wp-content\/uploads\/2020\/02\/ALBERTOFERNANDEZ-e1596223764862.jpg","type":"image\/jpeg"}],"author":"admpu17wp","twitter_card":"summary_large_image","twitter_creator":"@portalurbanook","twitter_site":"@portalurbanook","twitter_misc":{"Escrito por":"admpu17wp","Tiempo de lectura":"3 minutos"},"schema":{"@context":"https:\/\/schema.org","@graph":[{"@type":"Article","@id":"https:\/\/experienciadevida.com.ar\/portalurbano\/alberto-fernandez-se-enfurecio-con-el-banco-central-la-anses-y-el-sindicato-bancario-por-la-atencion-a-los-jubilados\/#article","isPartOf":{"@id":"https:\/\/experienciadevida.com.ar\/portalurbano\/alberto-fernandez-se-enfurecio-con-el-banco-central-la-anses-y-el-sindicato-bancario-por-la-atencion-a-los-jubilados\/"},"author":{"name":"admpu17wp","@id":"https:\/\/experienciadevida.com.ar\/portalurbano\/#\/schema\/person\/02dd326b1c4b056e9cc972486934a3a7"},"headline":"Alberto Fern\u00e1ndez se enfureci\u00f3 con el Banco Central, la ANSES y el sindicato bancario por la atenci\u00f3n a los jubilados","datePublished":"2020-04-03T19:59:17+00:00","dateModified":"2020-04-03T19:59:17+00:00","mainEntityOfPage":{"@id":"https:\/\/experienciadevida.com.ar\/portalurbano\/alberto-fernandez-se-enfurecio-con-el-banco-central-la-anses-y-el-sindicato-bancario-por-la-atencion-a-los-jubilados\/"},"wordCount":649,"commentCount":0,"publisher":{"@id":"https:\/\/experienciadevida.com.ar\/portalurbano\/#organization"},"articleSection":["Naci\u00f3n"],"inLanguage":"es","potentialAction":[{"@type":"CommentAction","name":"Comment","target":["https:\/\/experienciadevida.com.ar\/portalurbano\/alberto-fernandez-se-enfurecio-con-el-banco-central-la-anses-y-el-sindicato-bancario-por-la-atencion-a-los-jubilados\/#respond"]}]},{"@type":"WebPage","@id":"https:\/\/experienciadevida.com.ar\/portalurbano\/alberto-fernandez-se-enfurecio-con-el-banco-central-la-anses-y-el-sindicato-bancario-por-la-atencion-a-los-jubilados\/","url":"https:\/\/experienciadevida.com.ar\/portalurbano\/alberto-fernandez-se-enfurecio-con-el-banco-central-la-anses-y-el-sindicato-bancario-por-la-atencion-a-los-jubilados\/","name":"Alberto Fern\u00e1ndez se enfureci\u00f3 con el Banco Central, la ANSES y el sindicato bancario por la atenci\u00f3n a los jubilados -","isPartOf":{"@id":"https:\/\/experienciadevida.com.ar\/portalurbano\/#website"},"datePublished":"2020-04-03T19:59:17+00:00","dateModified":"2020-04-03T19:59:17+00:00","breadcrumb":{"@id":"https:\/\/experienciadevida.com.ar\/portalurbano\/alberto-fernandez-se-enfurecio-con-el-banco-central-la-anses-y-el-sindicato-bancario-por-la-atencion-a-los-jubilados\/#breadcrumb"},"inLanguage":"es","potentialAction":[{"@type":"ReadAction","target":["https:\/\/experienciadevida.com.ar\/portalurbano\/alberto-fernandez-se-enfurecio-con-el-banco-central-la-anses-y-el-sindicato-bancario-por-la-atencion-a-los-jubilados\/"]}]},{"@type":"BreadcrumbList","@id":"https:\/\/experienciadevida.com.ar\/portalurbano\/alberto-fernandez-se-enfurecio-con-el-banco-central-la-anses-y-el-sindicato-bancario-por-la-atencion-a-los-jubilados\/#breadcrumb","itemListElement":[{"@type":"ListItem","position":1,"name":"Portada","item":"https:\/\/experienciadevida.com.ar\/portalurbano\/"},{"@type":"ListItem","position":2,"name":"Alberto Fern\u00e1ndez se enfureci\u00f3 con el Banco Central, la ANSES y el sindicato bancario por la atenci\u00f3n a los jubilados"}]},{"@type":"WebSite","@id":"https:\/\/experienciadevida.com.ar\/portalurbano\/#website","url":"https:\/\/experienciadevida.com.ar\/portalurbano\/","name":"","description":"","publisher":{"@id":"https:\/\/experienciadevida.com.ar\/portalurbano\/#organization"},"potentialAction":[{"@type":"SearchAction","target":{"@type":"EntryPoint","urlTemplate":"https:\/\/experienciadevida.com.ar\/portalurbano\/?s={search_term_string}"},"query-input":"required name=search_term_string"}],"inLanguage":"es"},{"@type":"Organization","@id":"https:\/\/experienciadevida.com.ar\/portalurbano\/#organization","name":"Portal Urbano","url":"https:\/\/experienciadevida.com.ar\/portalurbano\/","logo":{"@type":"ImageObject","inLanguage":"es","@id":"https:\/\/experienciadevida.com.ar\/portalurbano\/#\/schema\/logo\/image\/","url":"https:\/\/experienciadevida.com.ar\/portalurbano\/wp-content\/uploads\/2019\/09\/Logo-Original.png","contentUrl":"https:\/\/experienciadevida.com.ar\/portalurbano\/wp-content\/uploads\/2019\/09\/Logo-Original.png","width":2236,"height":1216,"caption":"Portal Urbano"},"image":{"@id":"https:\/\/experienciadevida.com.ar\/portalurbano\/#\/schema\/logo\/image\/"},"sameAs":["https:\/\/www.facebook.com\/Portal-Urbano-171542830093757\/","https:\/\/twitter.com\/portalurbanook","https:\/\/www.instagram.com\/_portalurbano\/","https:\/\/www.youtube.com\/channel\/UCXhagIfszH8KxFiOok79zbA?view_as=subscriber"]},{"@type":"Person","@id":"https:\/\/experienciadevida.com.ar\/portalurbano\/#\/schema\/person\/02dd326b1c4b056e9cc972486934a3a7","name":"admpu17wp","image":{"@type":"ImageObject","inLanguage":"es","@id":"https:\/\/experienciadevida.com.ar\/portalurbano\/#\/schema\/person\/image\/","url":"https:\/\/secure.gravatar.com\/avatar\/830d4c57adaae6630765e449a6908047?s=96&d=mm&r=g","contentUrl":"https:\/\/secure.gravatar.com\/avatar\/830d4c57adaae6630765e449a6908047?s=96&d=mm&r=g","caption":"admpu17wp"}}]}},"featured_image_urls":{"full":["https:\/\/experienciadevida.com.ar\/portalurbano\/wp-content\/uploads\/2020\/02\/ALBERTOFERNANDEZ-e1596223764862.jpg",750,573,false],"thumbnail":["https:\/\/experienciadevida.com.ar\/portalurbano\/wp-content\/uploads\/2020\/02\/ALBERTOFERNANDEZ-150x150.jpg",150,150,true],"medium":["https:\/\/experienciadevida.com.ar\/portalurbano\/wp-content\/uploads\/2020\/02\/ALBERTOFERNANDEZ-300x229.jpg",300,229,true],"medium_large":["https:\/\/experienciadevida.com.ar\/portalurbano\/wp-content\/uploads\/2020\/02\/ALBERTOFERNANDEZ-768x586.jpg",640,488,true],"large":["https:\/\/experienciadevida.com.ar\/portalurbano\/wp-content\/uploads\/2020\/02\/ALBERTOFERNANDEZ-1024x781.jpg",640,488,true],"ug_big":["https:\/\/experienciadevida.com.ar\/portalurbano\/wp-content\/uploads\/2020\/02\/ALBERTOFERNANDEZ-768x586.jpg",768,586,true],"1536x1536":["https:\/\/experienciadevida.com.ar\/portalurbano\/wp-content\/uploads\/2020\/02\/ALBERTOFERNANDEZ-e1596223764862.jpg",750,573,false],"2048x2048":["https:\/\/experienciadevida.com.ar\/portalurbano\/wp-content\/uploads\/2020\/02\/ALBERTOFERNANDEZ-e1596223764862.jpg",750,573,false],"newsever-slider-full":["https:\/\/experienciadevida.com.ar\/portalurbano\/wp-content\/uploads\/2020\/02\/ALBERTOFERNANDEZ-e1596223764862.jpg",750,573,false],"newsever-featured":["https:\/\/experienciadevida.com.ar\/portalurbano\/wp-content\/uploads\/2020\/02\/ALBERTOFERNANDEZ-e1596223764862.jpg",750,573,false],"newsever-medium":["https:\/\/experienciadevida.com.ar\/portalurbano\/wp-content\/uploads\/2020\/02\/ALBERTOFERNANDEZ-e1596223764862.jpg",622,475,false],"web-stories-poster-portrait":["https:\/\/experienciadevida.com.ar\/portalurbano\/wp-content\/uploads\/2020\/02\/ALBERTOFERNANDEZ-e1596223764862.jpg",640,489,false],"web-stories-publisher-logo":["https:\/\/experienciadevida.com.ar\/portalurbano\/wp-content\/uploads\/2020\/02\/ALBERTOFERNANDEZ-e1596223764862.jpg",96,73,false],"web-stories-thumbnail":["https:\/\/experienciadevida.com.ar\/portalurbano\/wp-content\/uploads\/2020\/02\/ALBERTOFERNANDEZ-e1596223764862.jpg",150,115,false]},"author_info":{"display_name":"admpu17wp","author_link":"https:\/\/experienciadevida.com.ar\/portalurbano\/author\/admpu17wp\/"},"category_info":"<a href=\"https:\/\/experienciadevida.com.ar\/portalurbano\/category\/nacion\/\" rel=\"category tag\">Naci\u00f3n<\/a>","tag_info":"Naci\u00f3n","comment_count":"0","amp_enabled":true,"_links":{"self":[{"href":"https:\/\/experienciadevida.com.ar\/portalurbano\/wp-json\/wp\/v2\/posts\/106156"}],"collection":[{"href":"https:\/\/experienciadevida.com.ar\/portalurbano\/wp-json\/wp\/v2\/posts"}],"about":[{"href":"https:\/\/experienciadevida.com.ar\/portalurbano\/wp-json\/wp\/v2\/types\/post"}],"author":[{"embeddable":true,"href":"https:\/\/experienciadevida.com.ar\/portalurbano\/wp-json\/wp\/v2\/users\/1"}],"replies":[{"embeddable":true,"href":"https:\/\/experienciadevida.com.ar\/portalurbano\/wp-json\/wp\/v2\/comments?post=106156"}],"version-history":[{"count":1,"href":"https:\/\/experienciadevida.com.ar\/portalurbano\/wp-json\/wp\/v2\/posts\/106156\/revisions"}],"predecessor-version":[{"id":106157,"href":"https:\/\/experienciadevida.com.ar\/portalurbano\/wp-json\/wp\/v2\/posts\/106156\/revisions\/106157"}],"wp:featuredmedia":[{"embeddable":true,"href":"https:\/\/experienciadevida.com.ar\/portalurbano\/wp-json\/wp\/v2\/media\/101076"}],"wp:attachment":[{"href":"https:\/\/experienciadevida.com.ar\/portalurbano\/wp-json\/wp\/v2\/media?parent=106156"}],"wp:term":[{"taxonomy":"category","embeddable":true,"href":"https:\/\/experienciadevida.com.ar\/portalurbano\/wp-json\/wp\/v2\/categories?post=106156"},{"taxonomy":"post_tag","embeddable":true,"href":"https:\/\/experienciadevida.com.ar\/portalurbano\/wp-json\/wp\/v2\/tags?post=106156"}],"curies":[{"name":"wp","href":"https:\/\/api.w.org\/{rel}","templated":true}]}}