{"id":106148,"date":"2020-04-03T14:34:14","date_gmt":"2020-04-03T17:34:14","guid":{"rendered":"https:\/\/experienciadevida.com.ar\/portalurbano\/?p=106148"},"modified":"2020-04-03T14:35:06","modified_gmt":"2020-04-03T17:35:06","slug":"la-camara-argentina-de-comercio-y-servicios-le-pidio-a-alberto-fernandez-un-aislamiento-selectivo-para-reactivar-al-sector","status":"publish","type":"post","link":"https:\/\/experienciadevida.com.ar\/portalurbano\/la-camara-argentina-de-comercio-y-servicios-le-pidio-a-alberto-fernandez-un-aislamiento-selectivo-para-reactivar-al-sector\/","title":{"rendered":"La C\u00e1mara Argentina de Comercio y Servicios le pidi\u00f3 a Alberto Fern\u00e1ndez un &#8220;aislamiento selectivo&#8221; para reactivar al sector"},"content":{"rendered":"<p>El Presidente recibi\u00f3 en Olivos a representantes de la entidad, quienes plantearon una flexibilizaci\u00f3n de la cuarentena.<\/p>\n<p>El presidente Alberto Fern\u00e1ndez analiz\u00f3 hoy en la residencia de Olivos con la C\u00e1mara Argentina de Comercio y Servicios (CAC) la situaci\u00f3n por la que atraviesa el sector derivada de la crisis por el coronavirus, y sus integrantes le plantearon la &#8220;posibilidad de establecer un aislamiento selectivo&#8221; luego del per\u00edodo de cuarentena que se extiende hasta el 12 de abril.<\/p>\n<p>Durante el encuentro Fern\u00e1ndez, hizo un &#8220;pormenorizado an\u00e1lisis&#8221; del sector, que atraviesa una &#8220;delicada&#8221; situaci\u00f3n, seg\u00fan la CAC, a causa del impacto de la pandemia y las medidas de aislamiento adoptadas por el Gobierno para mitigar su avance.<\/p>\n<p>Por su parte, los directivos de la C\u00e1mara le pidieron al Presidente que estudie la &#8220;posibilidad de establecer un aislamiento social selectivo, que permita un paulatino regreso a la actividad&#8221; comercial, seg\u00fan explicaron en un comunicado.<\/p>\n<p>Por la CAC concurrieron al encuentro en Olivos su presidente, Jorge Luis Di Fiori; los vicepresidentes Eduardo Eurnekian y Alberto Grimoldi y el tesorero V\u00edctor Dosoretz.<\/p>\n<p>El jefe de Estado, en tanto, estuvo acompa\u00f1ado por el jefe de Gabinete, Santiago Cafiero; el secretario General de la Presidencia, Julio Vitobello, y el asesor presidencial Juan Manuel Olmos.<\/p>\n<p>En un comunicado difundido tras el encuentro, la CAC calific\u00f3 de &#8220;delicada&#8221; la situaci\u00f3n que atraviesa el comercio y los servicios, en el marco de la emergencia generada por la pandemia del Covid-19.<\/p>\n<p>Los directivos acercaron propuestas en torno a dos ejes: uno referido a analizar un &#8220;aislamiento selectivo&#8221; luego del per\u00edodo que vence el 12 de abril y, en ese marco, plantearon la &#8220;autorizaci\u00f3n de tareas presenciales solamente a trabajadores, fuera de los grupos vulnerables, que residan en, por ejemplo, un radio no mayor a 5 kil\u00f3metros de distancia del lugar de trabajo para la primera etapa, luego de 20 kil\u00f3metros para la segunda, y as\u00ed sucesivamente&#8221;.<\/p>\n<p>Tambi\u00e9n le pidieron a Fern\u00e1ndez el &#8220;establecimiento de horarios especiales para evitar la generaci\u00f3n de &#8216;horas pico&#8217; en los medios de transporte&#8221; y, en esa direcci\u00f3n, propusieron que, &#8220;en la primera etapa, haya jornadas de 6 horas y, luego, ampliarlas gradualmente&#8221;.<\/p>\n<p>Adem\u00e1s, la entidad que preside Di Fiori reclam\u00f3 la &#8220;flexibilizaci\u00f3n de las restricciones que afectan la log\u00edstica del comercio electr\u00f3nico, clave en este momento como alternativa al canal tradicional&#8221;.<\/p>\n<p>&#8220;Es indispensable permitirles a los comerciantes ir hasta sus locales o dep\u00f3sitos, con una dotaci\u00f3n de empleados limitada y sin atenci\u00f3n al p\u00fablico, para que puedan vender y despachar los pedidos directamente a trav\u00e9s de un servicio de paqueter\u00eda, correo o fletes habilitados&#8221;, consideraron en el comunicado.<\/p>\n<p>La CAC solicit\u00f3 asimismo una &#8220;amplia simplificaci\u00f3n de tr\u00e1mites burocr\u00e1ticos y una pronta apertura, al menos parcial, de las sucursales bancarias, indispensable para la realizaci\u00f3n de ciertas operaciones&#8221;.<\/p>\n<p>En cuanto al segundo eje planteado en el encuentro, los directivos pidieron &#8220;medidas de apoyo financiero e impositivo a las empresas&#8221;, y propusieron el &#8220;otorgamiento de un pr\u00e9stamo instant\u00e1neo y directo, a tasa cero, que se acredite en las cuentas sueldo de los trabajadores&#8221;.<\/p>\n<p>&#8220;El monto del pr\u00e9stamo -detallaron- deber\u00eda ser equivalente a la diferencia entre el salario del trabajador y el pago que efect\u00fae la ANSES (Asignaci\u00f3n Compensatoria al Salario) o el Ministerio de Trabajo (Repro Asistencia por la Emergencia Sanitaria), seg\u00fan DNU 332\/2020, de creaci\u00f3n del Programa de Asistencia de Emergencia al Trabajo y la Producci\u00f3n&#8221;.<\/p>\n<p>Tambi\u00e9n, sugirieron la &#8220;postergaci\u00f3n de pagos de los aportes personales y aportes y contribuciones y ART correspondientes a los sueldos de marzo y abril&#8221; y la &#8220;apertura de un plan de facilidades de pago en seis cuotas para su cancelaci\u00f3n con vencimiento a partir de los 60 d\u00edas de finalizado el per\u00edodo de aislamiento&#8221;.<\/p>\n<p>Adem\u00e1s, plantearon la &#8220;exenci\u00f3n del 100% del pago de contribuciones patronales de los sueldos de marzo y de abril, extensible a los meses siguientes seg\u00fan la evoluci\u00f3n de la pandemia y de sus consecuencias&#8221;.<\/p>\n<p>Otro punto que incluyeron entre sus pedidos fue la &#8220;postergaci\u00f3n de los vencimientos de impuestos que operaban en abril de los tres niveles de gobierno (IVA, impuesto a los d\u00e9bitos y cr\u00e9ditos bancarios y anticipos de Ganancias, Ingresos brutos y tasas municipales&#8221;&#8221;.<\/p>\n<p>Por ultimo, el men\u00fa de pedidos comprendi\u00f3 la &#8220;suspensi\u00f3n por dos meses de todos los reg\u00edmenes de recaudaci\u00f3n anticipada de los tres niveles de gobierno (retenciones y percepciones)&#8221;.<\/p>\n","protected":false},"excerpt":{"rendered":"<p>El Presidente recibi\u00f3 en Olivos a representantes de la entidad, quienes plantearon una flexibilizaci\u00f3n de&#8230;<\/p>\n","protected":false},"author":1,"featured_media":106149,"comment_status":"open","ping_status":"open","sticky":false,"template":"","format":"standard","meta":{"content-type":""},"categories":[71,30],"tags":[],"nelio_content":{"isAutoShareEnabled":false,"autoShareEndMode":"default","automationSources":{"useContentSentences":true,"useSocialTemplates":true,"useCustomSentences":false,"customSentences":[]},"followers":[1],"suggestedReferences":[],"includedReferences":[],"efiUrl":"","efiAlt":"","highlights":[]},"yoast_head":"<!-- This site is optimized with the Yoast SEO plugin v20.7 - https:\/\/yoast.com\/wordpress\/plugins\/seo\/ -->\n<title>La C\u00e1mara Argentina de Comercio y Servicios le pidi\u00f3 a Alberto Fern\u00e1ndez un &quot;aislamiento selectivo&quot; para reactivar al sector -<\/title>\n<meta name=\"robots\" content=\"index, follow, max-snippet:-1, max-image-preview:large, max-video-preview:-1\" \/>\n<link rel=\"canonical\" href=\"https:\/\/experienciadevida.com.ar\/portalurbano\/la-camara-argentina-de-comercio-y-servicios-le-pidio-a-alberto-fernandez-un-aislamiento-selectivo-para-reactivar-al-sector\/\" \/>\n<meta property=\"og:locale\" content=\"es_ES\" \/>\n<meta property=\"og:type\" content=\"article\" \/>\n<meta property=\"og:title\" content=\"La C\u00e1mara Argentina de Comercio y Servicios le pidi\u00f3 a Alberto Fern\u00e1ndez un &quot;aislamiento selectivo&quot; para reactivar al sector -\" \/>\n<meta property=\"og:description\" content=\"El Presidente recibi\u00f3 en Olivos a representantes de la entidad, quienes plantearon una flexibilizaci\u00f3n de...\" \/>\n<meta property=\"og:url\" content=\"https:\/\/experienciadevida.com.ar\/portalurbano\/la-camara-argentina-de-comercio-y-servicios-le-pidio-a-alberto-fernandez-un-aislamiento-selectivo-para-reactivar-al-sector\/\" \/>\n<meta property=\"article:publisher\" content=\"https:\/\/www.facebook.com\/Portal-Urbano-171542830093757\/\" \/>\n<meta property=\"article:published_time\" content=\"2020-04-03T17:34:14+00:00\" \/>\n<meta property=\"article:modified_time\" content=\"2020-04-03T17:35:06+00:00\" \/>\n<meta property=\"og:image\" content=\"https:\/\/experienciadevida.com.ar\/portalurbano\/wp-content\/uploads\/2020\/04\/REUNI\u00d3N.jpg\" \/>\n\t<meta property=\"og:image:width\" content=\"1140\" \/>\n\t<meta property=\"og:image:height\" content=\"642\" \/>\n\t<meta property=\"og:image:type\" content=\"image\/jpeg\" \/>\n<meta name=\"author\" content=\"admpu17wp\" \/>\n<meta name=\"twitter:card\" content=\"summary_large_image\" \/>\n<meta name=\"twitter:creator\" content=\"@portalurbanook\" \/>\n<meta name=\"twitter:site\" content=\"@portalurbanook\" \/>\n<meta name=\"twitter:label1\" content=\"Escrito por\" \/>\n\t<meta name=\"twitter:data1\" content=\"admpu17wp\" \/>\n\t<meta name=\"twitter:label2\" content=\"Tiempo de lectura\" \/>\n\t<meta name=\"twitter:data2\" content=\"4 minutos\" \/>\n<script type=\"application\/ld+json\" class=\"yoast-schema-graph\">{\"@context\":\"https:\/\/schema.org\",\"@graph\":[{\"@type\":\"Article\",\"@id\":\"https:\/\/experienciadevida.com.ar\/portalurbano\/la-camara-argentina-de-comercio-y-servicios-le-pidio-a-alberto-fernandez-un-aislamiento-selectivo-para-reactivar-al-sector\/#article\",\"isPartOf\":{\"@id\":\"https:\/\/experienciadevida.com.ar\/portalurbano\/la-camara-argentina-de-comercio-y-servicios-le-pidio-a-alberto-fernandez-un-aislamiento-selectivo-para-reactivar-al-sector\/\"},\"author\":{\"name\":\"admpu17wp\",\"@id\":\"https:\/\/experienciadevida.com.ar\/portalurbano\/#\/schema\/person\/02dd326b1c4b056e9cc972486934a3a7\"},\"headline\":\"La C\u00e1mara Argentina de Comercio y Servicios le pidi\u00f3 a Alberto Fern\u00e1ndez un &#8220;aislamiento selectivo&#8221; para reactivar al sector\",\"datePublished\":\"2020-04-03T17:34:14+00:00\",\"dateModified\":\"2020-04-03T17:35:06+00:00\",\"mainEntityOfPage\":{\"@id\":\"https:\/\/experienciadevida.com.ar\/portalurbano\/la-camara-argentina-de-comercio-y-servicios-le-pidio-a-alberto-fernandez-un-aislamiento-selectivo-para-reactivar-al-sector\/\"},\"wordCount\":789,\"commentCount\":0,\"publisher\":{\"@id\":\"https:\/\/experienciadevida.com.ar\/portalurbano\/#organization\"},\"articleSection\":[\"Coronavirus\",\"Econom\u00eda\"],\"inLanguage\":\"es\",\"potentialAction\":[{\"@type\":\"CommentAction\",\"name\":\"Comment\",\"target\":[\"https:\/\/experienciadevida.com.ar\/portalurbano\/la-camara-argentina-de-comercio-y-servicios-le-pidio-a-alberto-fernandez-un-aislamiento-selectivo-para-reactivar-al-sector\/#respond\"]}]},{\"@type\":\"WebPage\",\"@id\":\"https:\/\/experienciadevida.com.ar\/portalurbano\/la-camara-argentina-de-comercio-y-servicios-le-pidio-a-alberto-fernandez-un-aislamiento-selectivo-para-reactivar-al-sector\/\",\"url\":\"https:\/\/experienciadevida.com.ar\/portalurbano\/la-camara-argentina-de-comercio-y-servicios-le-pidio-a-alberto-fernandez-un-aislamiento-selectivo-para-reactivar-al-sector\/\",\"name\":\"La C\u00e1mara Argentina de Comercio y Servicios le pidi\u00f3 a Alberto Fern\u00e1ndez un \\\"aislamiento selectivo\\\" para reactivar al sector -\",\"isPartOf\":{\"@id\":\"https:\/\/experienciadevida.com.ar\/portalurbano\/#website\"},\"datePublished\":\"2020-04-03T17:34:14+00:00\",\"dateModified\":\"2020-04-03T17:35:06+00:00\",\"breadcrumb\":{\"@id\":\"https:\/\/experienciadevida.com.ar\/portalurbano\/la-camara-argentina-de-comercio-y-servicios-le-pidio-a-alberto-fernandez-un-aislamiento-selectivo-para-reactivar-al-sector\/#breadcrumb\"},\"inLanguage\":\"es\",\"potentialAction\":[{\"@type\":\"ReadAction\",\"target\":[\"https:\/\/experienciadevida.com.ar\/portalurbano\/la-camara-argentina-de-comercio-y-servicios-le-pidio-a-alberto-fernandez-un-aislamiento-selectivo-para-reactivar-al-sector\/\"]}]},{\"@type\":\"BreadcrumbList\",\"@id\":\"https:\/\/experienciadevida.com.ar\/portalurbano\/la-camara-argentina-de-comercio-y-servicios-le-pidio-a-alberto-fernandez-un-aislamiento-selectivo-para-reactivar-al-sector\/#breadcrumb\",\"itemListElement\":[{\"@type\":\"ListItem\",\"position\":1,\"name\":\"Portada\",\"item\":\"https:\/\/experienciadevida.com.ar\/portalurbano\/\"},{\"@type\":\"ListItem\",\"position\":2,\"name\":\"La C\u00e1mara Argentina de Comercio y Servicios le pidi\u00f3 a Alberto Fern\u00e1ndez un \u00abaislamiento selectivo\u00bb para reactivar al sector\"}]},{\"@type\":\"WebSite\",\"@id\":\"https:\/\/experienciadevida.com.ar\/portalurbano\/#website\",\"url\":\"https:\/\/experienciadevida.com.ar\/portalurbano\/\",\"name\":\"\",\"description\":\"\",\"publisher\":{\"@id\":\"https:\/\/experienciadevida.com.ar\/portalurbano\/#organization\"},\"potentialAction\":[{\"@type\":\"SearchAction\",\"target\":{\"@type\":\"EntryPoint\",\"urlTemplate\":\"https:\/\/experienciadevida.com.ar\/portalurbano\/?s={search_term_string}\"},\"query-input\":\"required name=search_term_string\"}],\"inLanguage\":\"es\"},{\"@type\":\"Organization\",\"@id\":\"https:\/\/experienciadevida.com.ar\/portalurbano\/#organization\",\"name\":\"Portal Urbano\",\"url\":\"https:\/\/experienciadevida.com.ar\/portalurbano\/\",\"logo\":{\"@type\":\"ImageObject\",\"inLanguage\":\"es\",\"@id\":\"https:\/\/experienciadevida.com.ar\/portalurbano\/#\/schema\/logo\/image\/\",\"url\":\"https:\/\/experienciadevida.com.ar\/portalurbano\/wp-content\/uploads\/2019\/09\/Logo-Original.png\",\"contentUrl\":\"https:\/\/experienciadevida.com.ar\/portalurbano\/wp-content\/uploads\/2019\/09\/Logo-Original.png\",\"width\":2236,\"height\":1216,\"caption\":\"Portal Urbano\"},\"image\":{\"@id\":\"https:\/\/experienciadevida.com.ar\/portalurbano\/#\/schema\/logo\/image\/\"},\"sameAs\":[\"https:\/\/www.facebook.com\/Portal-Urbano-171542830093757\/\",\"https:\/\/twitter.com\/portalurbanook\",\"https:\/\/www.instagram.com\/_portalurbano\/\",\"https:\/\/www.youtube.com\/channel\/UCXhagIfszH8KxFiOok79zbA?view_as=subscriber\"]},{\"@type\":\"Person\",\"@id\":\"https:\/\/experienciadevida.com.ar\/portalurbano\/#\/schema\/person\/02dd326b1c4b056e9cc972486934a3a7\",\"name\":\"admpu17wp\",\"image\":{\"@type\":\"ImageObject\",\"inLanguage\":\"es\",\"@id\":\"https:\/\/experienciadevida.com.ar\/portalurbano\/#\/schema\/person\/image\/\",\"url\":\"https:\/\/secure.gravatar.com\/avatar\/830d4c57adaae6630765e449a6908047?s=96&d=mm&r=g\",\"contentUrl\":\"https:\/\/secure.gravatar.com\/avatar\/830d4c57adaae6630765e449a6908047?s=96&d=mm&r=g\",\"caption\":\"admpu17wp\"}}]}<\/script>\n<!-- \/ Yoast SEO plugin. -->","yoast_head_json":{"title":"La C\u00e1mara Argentina de Comercio y Servicios le pidi\u00f3 a Alberto Fern\u00e1ndez un \"aislamiento selectivo\" para reactivar al sector -","robots":{"index":"index","follow":"follow","max-snippet":"max-snippet:-1","max-image-preview":"max-image-preview:large","max-video-preview":"max-video-preview:-1"},"canonical":"https:\/\/experienciadevida.com.ar\/portalurbano\/la-camara-argentina-de-comercio-y-servicios-le-pidio-a-alberto-fernandez-un-aislamiento-selectivo-para-reactivar-al-sector\/","og_locale":"es_ES","og_type":"article","og_title":"La C\u00e1mara Argentina de Comercio y Servicios le pidi\u00f3 a Alberto Fern\u00e1ndez un \"aislamiento selectivo\" para reactivar al sector -","og_description":"El Presidente recibi\u00f3 en Olivos a representantes de la entidad, quienes plantearon una flexibilizaci\u00f3n de...","og_url":"https:\/\/experienciadevida.com.ar\/portalurbano\/la-camara-argentina-de-comercio-y-servicios-le-pidio-a-alberto-fernandez-un-aislamiento-selectivo-para-reactivar-al-sector\/","article_publisher":"https:\/\/www.facebook.com\/Portal-Urbano-171542830093757\/","article_published_time":"2020-04-03T17:34:14+00:00","article_modified_time":"2020-04-03T17:35:06+00:00","og_image":[{"width":1140,"height":642,"url":"https:\/\/experienciadevida.com.ar\/portalurbano\/wp-content\/uploads\/2020\/04\/REUNI\u00d3N.jpg","type":"image\/jpeg"}],"author":"admpu17wp","twitter_card":"summary_large_image","twitter_creator":"@portalurbanook","twitter_site":"@portalurbanook","twitter_misc":{"Escrito por":"admpu17wp","Tiempo de lectura":"4 minutos"},"schema":{"@context":"https:\/\/schema.org","@graph":[{"@type":"Article","@id":"https:\/\/experienciadevida.com.ar\/portalurbano\/la-camara-argentina-de-comercio-y-servicios-le-pidio-a-alberto-fernandez-un-aislamiento-selectivo-para-reactivar-al-sector\/#article","isPartOf":{"@id":"https:\/\/experienciadevida.com.ar\/portalurbano\/la-camara-argentina-de-comercio-y-servicios-le-pidio-a-alberto-fernandez-un-aislamiento-selectivo-para-reactivar-al-sector\/"},"author":{"name":"admpu17wp","@id":"https:\/\/experienciadevida.com.ar\/portalurbano\/#\/schema\/person\/02dd326b1c4b056e9cc972486934a3a7"},"headline":"La C\u00e1mara Argentina de Comercio y Servicios le pidi\u00f3 a Alberto Fern\u00e1ndez un &#8220;aislamiento selectivo&#8221; para reactivar al sector","datePublished":"2020-04-03T17:34:14+00:00","dateModified":"2020-04-03T17:35:06+00:00","mainEntityOfPage":{"@id":"https:\/\/experienciadevida.com.ar\/portalurbano\/la-camara-argentina-de-comercio-y-servicios-le-pidio-a-alberto-fernandez-un-aislamiento-selectivo-para-reactivar-al-sector\/"},"wordCount":789,"commentCount":0,"publisher":{"@id":"https:\/\/experienciadevida.com.ar\/portalurbano\/#organization"},"articleSection":["Coronavirus","Econom\u00eda"],"inLanguage":"es","potentialAction":[{"@type":"CommentAction","name":"Comment","target":["https:\/\/experienciadevida.com.ar\/portalurbano\/la-camara-argentina-de-comercio-y-servicios-le-pidio-a-alberto-fernandez-un-aislamiento-selectivo-para-reactivar-al-sector\/#respond"]}]},{"@type":"WebPage","@id":"https:\/\/experienciadevida.com.ar\/portalurbano\/la-camara-argentina-de-comercio-y-servicios-le-pidio-a-alberto-fernandez-un-aislamiento-selectivo-para-reactivar-al-sector\/","url":"https:\/\/experienciadevida.com.ar\/portalurbano\/la-camara-argentina-de-comercio-y-servicios-le-pidio-a-alberto-fernandez-un-aislamiento-selectivo-para-reactivar-al-sector\/","name":"La C\u00e1mara Argentina de Comercio y Servicios le pidi\u00f3 a Alberto Fern\u00e1ndez un \"aislamiento selectivo\" para reactivar al sector -","isPartOf":{"@id":"https:\/\/experienciadevida.com.ar\/portalurbano\/#website"},"datePublished":"2020-04-03T17:34:14+00:00","dateModified":"2020-04-03T17:35:06+00:00","breadcrumb":{"@id":"https:\/\/experienciadevida.com.ar\/portalurbano\/la-camara-argentina-de-comercio-y-servicios-le-pidio-a-alberto-fernandez-un-aislamiento-selectivo-para-reactivar-al-sector\/#breadcrumb"},"inLanguage":"es","potentialAction":[{"@type":"ReadAction","target":["https:\/\/experienciadevida.com.ar\/portalurbano\/la-camara-argentina-de-comercio-y-servicios-le-pidio-a-alberto-fernandez-un-aislamiento-selectivo-para-reactivar-al-sector\/"]}]},{"@type":"BreadcrumbList","@id":"https:\/\/experienciadevida.com.ar\/portalurbano\/la-camara-argentina-de-comercio-y-servicios-le-pidio-a-alberto-fernandez-un-aislamiento-selectivo-para-reactivar-al-sector\/#breadcrumb","itemListElement":[{"@type":"ListItem","position":1,"name":"Portada","item":"https:\/\/experienciadevida.com.ar\/portalurbano\/"},{"@type":"ListItem","position":2,"name":"La C\u00e1mara Argentina de Comercio y Servicios le pidi\u00f3 a Alberto Fern\u00e1ndez un \u00abaislamiento selectivo\u00bb para reactivar al sector"}]},{"@type":"WebSite","@id":"https:\/\/experienciadevida.com.ar\/portalurbano\/#website","url":"https:\/\/experienciadevida.com.ar\/portalurbano\/","name":"","description":"","publisher":{"@id":"https:\/\/experienciadevida.com.ar\/portalurbano\/#organization"},"potentialAction":[{"@type":"SearchAction","target":{"@type":"EntryPoint","urlTemplate":"https:\/\/experienciadevida.com.ar\/portalurbano\/?s={search_term_string}"},"query-input":"required name=search_term_string"}],"inLanguage":"es"},{"@type":"Organization","@id":"https:\/\/experienciadevida.com.ar\/portalurbano\/#organization","name":"Portal Urbano","url":"https:\/\/experienciadevida.com.ar\/portalurbano\/","logo":{"@type":"ImageObject","inLanguage":"es","@id":"https:\/\/experienciadevida.com.ar\/portalurbano\/#\/schema\/logo\/image\/","url":"https:\/\/experienciadevida.com.ar\/portalurbano\/wp-content\/uploads\/2019\/09\/Logo-Original.png","contentUrl":"https:\/\/experienciadevida.com.ar\/portalurbano\/wp-content\/uploads\/2019\/09\/Logo-Original.png","width":2236,"height":1216,"caption":"Portal Urbano"},"image":{"@id":"https:\/\/experienciadevida.com.ar\/portalurbano\/#\/schema\/logo\/image\/"},"sameAs":["https:\/\/www.facebook.com\/Portal-Urbano-171542830093757\/","https:\/\/twitter.com\/portalurbanook","https:\/\/www.instagram.com\/_portalurbano\/","https:\/\/www.youtube.com\/channel\/UCXhagIfszH8KxFiOok79zbA?view_as=subscriber"]},{"@type":"Person","@id":"https:\/\/experienciadevida.com.ar\/portalurbano\/#\/schema\/person\/02dd326b1c4b056e9cc972486934a3a7","name":"admpu17wp","image":{"@type":"ImageObject","inLanguage":"es","@id":"https:\/\/experienciadevida.com.ar\/portalurbano\/#\/schema\/person\/image\/","url":"https:\/\/secure.gravatar.com\/avatar\/830d4c57adaae6630765e449a6908047?s=96&d=mm&r=g","contentUrl":"https:\/\/secure.gravatar.com\/avatar\/830d4c57adaae6630765e449a6908047?s=96&d=mm&r=g","caption":"admpu17wp"}}]}},"featured_image_urls":{"full":["https:\/\/experienciadevida.com.ar\/portalurbano\/wp-content\/uploads\/2020\/04\/REUNI\u00d3N.jpg",1140,642,false],"thumbnail":["https:\/\/experienciadevida.com.ar\/portalurbano\/wp-content\/uploads\/2020\/04\/REUNI\u00d3N-150x150.jpg",150,150,true],"medium":["https:\/\/experienciadevida.com.ar\/portalurbano\/wp-content\/uploads\/2020\/04\/REUNI\u00d3N-300x169.jpg",300,169,true],"medium_large":["https:\/\/experienciadevida.com.ar\/portalurbano\/wp-content\/uploads\/2020\/04\/REUNI\u00d3N-768x433.jpg",640,361,true],"large":["https:\/\/experienciadevida.com.ar\/portalurbano\/wp-content\/uploads\/2020\/04\/REUNI\u00d3N-1024x577.jpg",640,361,true],"ug_big":["https:\/\/experienciadevida.com.ar\/portalurbano\/wp-content\/uploads\/2020\/04\/REUNI\u00d3N-768x433.jpg",768,433,true],"1536x1536":["https:\/\/experienciadevida.com.ar\/portalurbano\/wp-content\/uploads\/2020\/04\/REUNI\u00d3N.jpg",1140,642,false],"2048x2048":["https:\/\/experienciadevida.com.ar\/portalurbano\/wp-content\/uploads\/2020\/04\/REUNI\u00d3N.jpg",1140,642,false],"newsever-slider-full":["https:\/\/experienciadevida.com.ar\/portalurbano\/wp-content\/uploads\/2020\/04\/REUNI\u00d3N.jpg",1140,642,false],"newsever-featured":["https:\/\/experienciadevida.com.ar\/portalurbano\/wp-content\/uploads\/2020\/04\/REUNI\u00d3N.jpg",1024,577,false],"newsever-medium":["https:\/\/experienciadevida.com.ar\/portalurbano\/wp-content\/uploads\/2020\/04\/REUNI\u00d3N.jpg",720,405,false],"web-stories-poster-portrait":["https:\/\/experienciadevida.com.ar\/portalurbano\/wp-content\/uploads\/2020\/04\/REUNI\u00d3N.jpg",640,360,false],"web-stories-publisher-logo":["https:\/\/experienciadevida.com.ar\/portalurbano\/wp-content\/uploads\/2020\/04\/REUNI\u00d3N.jpg",96,54,false],"web-stories-thumbnail":["https:\/\/experienciadevida.com.ar\/portalurbano\/wp-content\/uploads\/2020\/04\/REUNI\u00d3N.jpg",150,84,false]},"author_info":{"display_name":"admpu17wp","author_link":"https:\/\/experienciadevida.com.ar\/portalurbano\/author\/admpu17wp\/"},"category_info":"<a href=\"https:\/\/experienciadevida.com.ar\/portalurbano\/category\/nacion\/coronavirus\/\" rel=\"category tag\">Coronavirus<\/a> <a href=\"https:\/\/experienciadevida.com.ar\/portalurbano\/category\/economia\/\" rel=\"category tag\">Econom\u00eda<\/a>","tag_info":"Econom\u00eda","comment_count":"0","amp_enabled":true,"_links":{"self":[{"href":"https:\/\/experienciadevida.com.ar\/portalurbano\/wp-json\/wp\/v2\/posts\/106148"}],"collection":[{"href":"https:\/\/experienciadevida.com.ar\/portalurbano\/wp-json\/wp\/v2\/posts"}],"about":[{"href":"https:\/\/experienciadevida.com.ar\/portalurbano\/wp-json\/wp\/v2\/types\/post"}],"author":[{"embeddable":true,"href":"https:\/\/experienciadevida.com.ar\/portalurbano\/wp-json\/wp\/v2\/users\/1"}],"replies":[{"embeddable":true,"href":"https:\/\/experienciadevida.com.ar\/portalurbano\/wp-json\/wp\/v2\/comments?post=106148"}],"version-history":[{"count":1,"href":"https:\/\/experienciadevida.com.ar\/portalurbano\/wp-json\/wp\/v2\/posts\/106148\/revisions"}],"predecessor-version":[{"id":106150,"href":"https:\/\/experienciadevida.com.ar\/portalurbano\/wp-json\/wp\/v2\/posts\/106148\/revisions\/106150"}],"wp:featuredmedia":[{"embeddable":true,"href":"https:\/\/experienciadevida.com.ar\/portalurbano\/wp-json\/wp\/v2\/media\/106149"}],"wp:attachment":[{"href":"https:\/\/experienciadevida.com.ar\/portalurbano\/wp-json\/wp\/v2\/media?parent=106148"}],"wp:term":[{"taxonomy":"category","embeddable":true,"href":"https:\/\/experienciadevida.com.ar\/portalurbano\/wp-json\/wp\/v2\/categories?post=106148"},{"taxonomy":"post_tag","embeddable":true,"href":"https:\/\/experienciadevida.com.ar\/portalurbano\/wp-json\/wp\/v2\/tags?post=106148"}],"curies":[{"name":"wp","href":"https:\/\/api.w.org\/{rel}","templated":true}]}}