{"id":106145,"date":"2020-04-03T12:41:23","date_gmt":"2020-04-03T15:41:23","guid":{"rendered":"https:\/\/experienciadevida.com.ar\/portalurbano\/?p=106145"},"modified":"2020-04-03T12:41:57","modified_gmt":"2020-04-03T15:41:57","slug":"murieron-dos-hombres-en-chaco-y-tucuman-y-suman-39-los-fallecidos-por-coronavirus","status":"publish","type":"post","link":"https:\/\/experienciadevida.com.ar\/portalurbano\/murieron-dos-hombres-en-chaco-y-tucuman-y-suman-39-los-fallecidos-por-coronavirus\/","title":{"rendered":"Murieron dos hombres en Chaco y Tucum\u00e1n y suman 39 los fallecidos por coronavirus"},"content":{"rendered":"<p>Los contagiados en la Argentina son 1.265. Hay 82 pacientes en terapia intensiva. Y crece la circulaci\u00f3n comunitaria.<\/p>\n<p>Con dos nuevas muertes en el norte del pa\u00eds, las v\u00edctimas fatales por coronavirus alcanzaron las 39 personas este viernes. Los pacientes fallecidos eran un m\u00e9dico de 61 a\u00f1os y funcionario de la Municipalidad de Resistencia, Chaco, y otro hombre de 65 a\u00f1os que viv\u00eda en la provincia de Tucum\u00e1n.<\/p>\n<p>Seg\u00fan el reporte matutino del Ministerio de Salud nacional, Argentina tiene 1.265 casos confirmados de coronavirus, mientras que 82 pacientes permanecen en tratamiento en unidades de cuidados intensivos.<\/p>\n<p>Asimismo, es la primera vez -desde que se detect\u00f3 el primer caso en la Argentina- que el n\u00famero de infectados relacionados con viajes es inferior al 50% del total.<\/p>\n<p>De esta forma, 622 (49.2%) de los positivos son importados, 398 (31,4%) son contactos estrechos de casos confirmados, 103 (8,14%) son casos de circulaci\u00f3n comunitaria y el resto se encuentra en investigaci\u00f3n epidemiol\u00f3gica, seg\u00fan el reporte del ministerio de Salud.<\/p>\n<p>\u201cVemos la disminuci\u00f3n del porcentaje de personas con antecedentes de viaje. Volvemos a recordar, en este contexto de la vuelta a ingresar personas del exterior, la relevancia de su aislamiento por 14 d\u00edas y el aislamiento de sus convivientes para minimizar la transmisi\u00f3n. Esas personas que llegaron de viaje o los convivientes no van a tener su permiso de circulaci\u00f3n aunque sean personal esencial\u201d, explic\u00f3 la secretaria de Acceso a la Salud, Carla Vizzotti.<\/p>\n<p>Se detect\u00f3 transmisi\u00f3n comunitaria en el \u00c1rea Metropolitana de Buenos Aires, Chaco y Tierra del Fuego, mientras que la transmisi\u00f3n en conglomerado se registra en las ciudades de Rosario, Santa F\u00e9 (capital), Rafaela, C\u00f3rdoba (capital), Alta Gracia y R\u00edo Cuarto.<\/p>\n<p>Durante la habitual presentaci\u00f3n del reporte diario realizado por la cartera sanitaria, encabezado por Vizzotti, se explic\u00f3 esta ma\u00f1ana que los casos positivos se registraron en 21 provincias y que el promedio de edad de los contagiados es de 45 a\u00f1os, mientras que el de los fallecidos es de 61 a\u00f1os.<\/p>\n<p>Las jurisdicciones en las que m\u00e1s casos se detectaron ayer son la provincia de Buenos Aires, con 36; la Ciudad de Buenos Aires, con 24; y Tierra del Fuego con 24.<\/p>\n<p>\u201cSeguimos sumando personas recuperadas, 266, son 10 m\u00e1s que ayer y es el 20% de los casos\u201d, se\u00f1al\u00f3 la funcionaria y dijo que la \u201cdiferencia entre alta transitoria y definitiva es un an\u00e1lisis\u201d para estar \u201casegurados que (esos pacientes que ya no tienen s\u00edntomas) no est\u00e1n contagiando\u201d.<\/p>\n<p>Son 82 las personas en terapia intensiva y el porcentaje de positividad de los test realizados es de 18.25%, asegur\u00f3.<\/p>\n<p>Fuente y Foto: DIB<\/p>\n","protected":false},"excerpt":{"rendered":"<p>Los contagiados en la Argentina son 1.265. Hay 82 pacientes en terapia intensiva. Y crece&#8230;<\/p>\n","protected":false},"author":1,"featured_media":106146,"comment_status":"open","ping_status":"open","sticky":false,"template":"","format":"standard","meta":{"content-type":""},"categories":[71],"tags":[],"nelio_content":{"isAutoShareEnabled":false,"autoShareEndMode":"default","automationSources":{"useContentSentences":true,"useSocialTemplates":true,"useCustomSentences":false,"customSentences":[]},"followers":[1],"suggestedReferences":[],"includedReferences":[],"efiUrl":"","efiAlt":"","highlights":[]},"yoast_head":"<!-- This site is optimized with the Yoast SEO plugin v20.7 - https:\/\/yoast.com\/wordpress\/plugins\/seo\/ -->\n<title>Murieron dos hombres en Chaco y Tucum\u00e1n y suman 39 los fallecidos por coronavirus -<\/title>\n<meta name=\"robots\" content=\"index, follow, max-snippet:-1, max-image-preview:large, max-video-preview:-1\" \/>\n<link rel=\"canonical\" href=\"https:\/\/experienciadevida.com.ar\/portalurbano\/murieron-dos-hombres-en-chaco-y-tucuman-y-suman-39-los-fallecidos-por-coronavirus\/\" \/>\n<meta property=\"og:locale\" content=\"es_ES\" \/>\n<meta property=\"og:type\" content=\"article\" \/>\n<meta property=\"og:title\" content=\"Murieron dos hombres en Chaco y Tucum\u00e1n y suman 39 los fallecidos por coronavirus -\" \/>\n<meta property=\"og:description\" content=\"Los contagiados en la Argentina son 1.265. Hay 82 pacientes en terapia intensiva. Y crece...\" \/>\n<meta property=\"og:url\" content=\"https:\/\/experienciadevida.com.ar\/portalurbano\/murieron-dos-hombres-en-chaco-y-tucuman-y-suman-39-los-fallecidos-por-coronavirus\/\" \/>\n<meta property=\"article:publisher\" content=\"https:\/\/www.facebook.com\/Portal-Urbano-171542830093757\/\" \/>\n<meta property=\"article:published_time\" content=\"2020-04-03T15:41:23+00:00\" \/>\n<meta property=\"article:modified_time\" content=\"2020-04-03T15:41:57+00:00\" \/>\n<meta property=\"og:image\" content=\"https:\/\/experienciadevida.com.ar\/portalurbano\/wp-content\/uploads\/2020\/04\/CORONAVIRUSARGENTINA-1.jpg\" \/>\n\t<meta property=\"og:image:width\" content=\"696\" \/>\n\t<meta property=\"og:image:height\" content=\"460\" \/>\n\t<meta property=\"og:image:type\" content=\"image\/jpeg\" \/>\n<meta name=\"author\" content=\"admpu17wp\" \/>\n<meta name=\"twitter:card\" content=\"summary_large_image\" \/>\n<meta name=\"twitter:creator\" content=\"@portalurbanook\" \/>\n<meta name=\"twitter:site\" content=\"@portalurbanook\" \/>\n<meta name=\"twitter:label1\" content=\"Escrito por\" \/>\n\t<meta name=\"twitter:data1\" content=\"admpu17wp\" \/>\n\t<meta name=\"twitter:label2\" content=\"Tiempo de lectura\" \/>\n\t<meta name=\"twitter:data2\" content=\"2 minutos\" \/>\n<script type=\"application\/ld+json\" class=\"yoast-schema-graph\">{\"@context\":\"https:\/\/schema.org\",\"@graph\":[{\"@type\":\"Article\",\"@id\":\"https:\/\/experienciadevida.com.ar\/portalurbano\/murieron-dos-hombres-en-chaco-y-tucuman-y-suman-39-los-fallecidos-por-coronavirus\/#article\",\"isPartOf\":{\"@id\":\"https:\/\/experienciadevida.com.ar\/portalurbano\/murieron-dos-hombres-en-chaco-y-tucuman-y-suman-39-los-fallecidos-por-coronavirus\/\"},\"author\":{\"name\":\"admpu17wp\",\"@id\":\"https:\/\/experienciadevida.com.ar\/portalurbano\/#\/schema\/person\/02dd326b1c4b056e9cc972486934a3a7\"},\"headline\":\"Murieron dos hombres en Chaco y Tucum\u00e1n y suman 39 los fallecidos por coronavirus\",\"datePublished\":\"2020-04-03T15:41:23+00:00\",\"dateModified\":\"2020-04-03T15:41:57+00:00\",\"mainEntityOfPage\":{\"@id\":\"https:\/\/experienciadevida.com.ar\/portalurbano\/murieron-dos-hombres-en-chaco-y-tucuman-y-suman-39-los-fallecidos-por-coronavirus\/\"},\"wordCount\":452,\"commentCount\":0,\"publisher\":{\"@id\":\"https:\/\/experienciadevida.com.ar\/portalurbano\/#organization\"},\"articleSection\":[\"Coronavirus\"],\"inLanguage\":\"es\",\"potentialAction\":[{\"@type\":\"CommentAction\",\"name\":\"Comment\",\"target\":[\"https:\/\/experienciadevida.com.ar\/portalurbano\/murieron-dos-hombres-en-chaco-y-tucuman-y-suman-39-los-fallecidos-por-coronavirus\/#respond\"]}]},{\"@type\":\"WebPage\",\"@id\":\"https:\/\/experienciadevida.com.ar\/portalurbano\/murieron-dos-hombres-en-chaco-y-tucuman-y-suman-39-los-fallecidos-por-coronavirus\/\",\"url\":\"https:\/\/experienciadevida.com.ar\/portalurbano\/murieron-dos-hombres-en-chaco-y-tucuman-y-suman-39-los-fallecidos-por-coronavirus\/\",\"name\":\"Murieron dos hombres en Chaco y Tucum\u00e1n y suman 39 los fallecidos por coronavirus -\",\"isPartOf\":{\"@id\":\"https:\/\/experienciadevida.com.ar\/portalurbano\/#website\"},\"datePublished\":\"2020-04-03T15:41:23+00:00\",\"dateModified\":\"2020-04-03T15:41:57+00:00\",\"breadcrumb\":{\"@id\":\"https:\/\/experienciadevida.com.ar\/portalurbano\/murieron-dos-hombres-en-chaco-y-tucuman-y-suman-39-los-fallecidos-por-coronavirus\/#breadcrumb\"},\"inLanguage\":\"es\",\"potentialAction\":[{\"@type\":\"ReadAction\",\"target\":[\"https:\/\/experienciadevida.com.ar\/portalurbano\/murieron-dos-hombres-en-chaco-y-tucuman-y-suman-39-los-fallecidos-por-coronavirus\/\"]}]},{\"@type\":\"BreadcrumbList\",\"@id\":\"https:\/\/experienciadevida.com.ar\/portalurbano\/murieron-dos-hombres-en-chaco-y-tucuman-y-suman-39-los-fallecidos-por-coronavirus\/#breadcrumb\",\"itemListElement\":[{\"@type\":\"ListItem\",\"position\":1,\"name\":\"Portada\",\"item\":\"https:\/\/experienciadevida.com.ar\/portalurbano\/\"},{\"@type\":\"ListItem\",\"position\":2,\"name\":\"Murieron dos hombres en Chaco y Tucum\u00e1n y suman 39 los fallecidos por coronavirus\"}]},{\"@type\":\"WebSite\",\"@id\":\"https:\/\/experienciadevida.com.ar\/portalurbano\/#website\",\"url\":\"https:\/\/experienciadevida.com.ar\/portalurbano\/\",\"name\":\"\",\"description\":\"\",\"publisher\":{\"@id\":\"https:\/\/experienciadevida.com.ar\/portalurbano\/#organization\"},\"potentialAction\":[{\"@type\":\"SearchAction\",\"target\":{\"@type\":\"EntryPoint\",\"urlTemplate\":\"https:\/\/experienciadevida.com.ar\/portalurbano\/?s={search_term_string}\"},\"query-input\":\"required name=search_term_string\"}],\"inLanguage\":\"es\"},{\"@type\":\"Organization\",\"@id\":\"https:\/\/experienciadevida.com.ar\/portalurbano\/#organization\",\"name\":\"Portal Urbano\",\"url\":\"https:\/\/experienciadevida.com.ar\/portalurbano\/\",\"logo\":{\"@type\":\"ImageObject\",\"inLanguage\":\"es\",\"@id\":\"https:\/\/experienciadevida.com.ar\/portalurbano\/#\/schema\/logo\/image\/\",\"url\":\"https:\/\/experienciadevida.com.ar\/portalurbano\/wp-content\/uploads\/2019\/09\/Logo-Original.png\",\"contentUrl\":\"https:\/\/experienciadevida.com.ar\/portalurbano\/wp-content\/uploads\/2019\/09\/Logo-Original.png\",\"width\":2236,\"height\":1216,\"caption\":\"Portal Urbano\"},\"image\":{\"@id\":\"https:\/\/experienciadevida.com.ar\/portalurbano\/#\/schema\/logo\/image\/\"},\"sameAs\":[\"https:\/\/www.facebook.com\/Portal-Urbano-171542830093757\/\",\"https:\/\/twitter.com\/portalurbanook\",\"https:\/\/www.instagram.com\/_portalurbano\/\",\"https:\/\/www.youtube.com\/channel\/UCXhagIfszH8KxFiOok79zbA?view_as=subscriber\"]},{\"@type\":\"Person\",\"@id\":\"https:\/\/experienciadevida.com.ar\/portalurbano\/#\/schema\/person\/02dd326b1c4b056e9cc972486934a3a7\",\"name\":\"admpu17wp\",\"image\":{\"@type\":\"ImageObject\",\"inLanguage\":\"es\",\"@id\":\"https:\/\/experienciadevida.com.ar\/portalurbano\/#\/schema\/person\/image\/\",\"url\":\"https:\/\/secure.gravatar.com\/avatar\/830d4c57adaae6630765e449a6908047?s=96&d=mm&r=g\",\"contentUrl\":\"https:\/\/secure.gravatar.com\/avatar\/830d4c57adaae6630765e449a6908047?s=96&d=mm&r=g\",\"caption\":\"admpu17wp\"}}]}<\/script>\n<!-- \/ Yoast SEO plugin. -->","yoast_head_json":{"title":"Murieron dos hombres en Chaco y Tucum\u00e1n y suman 39 los fallecidos por coronavirus -","robots":{"index":"index","follow":"follow","max-snippet":"max-snippet:-1","max-image-preview":"max-image-preview:large","max-video-preview":"max-video-preview:-1"},"canonical":"https:\/\/experienciadevida.com.ar\/portalurbano\/murieron-dos-hombres-en-chaco-y-tucuman-y-suman-39-los-fallecidos-por-coronavirus\/","og_locale":"es_ES","og_type":"article","og_title":"Murieron dos hombres en Chaco y Tucum\u00e1n y suman 39 los fallecidos por coronavirus -","og_description":"Los contagiados en la Argentina son 1.265. Hay 82 pacientes en terapia intensiva. Y crece...","og_url":"https:\/\/experienciadevida.com.ar\/portalurbano\/murieron-dos-hombres-en-chaco-y-tucuman-y-suman-39-los-fallecidos-por-coronavirus\/","article_publisher":"https:\/\/www.facebook.com\/Portal-Urbano-171542830093757\/","article_published_time":"2020-04-03T15:41:23+00:00","article_modified_time":"2020-04-03T15:41:57+00:00","og_image":[{"width":696,"height":460,"url":"https:\/\/experienciadevida.com.ar\/portalurbano\/wp-content\/uploads\/2020\/04\/CORONAVIRUSARGENTINA-1.jpg","type":"image\/jpeg"}],"author":"admpu17wp","twitter_card":"summary_large_image","twitter_creator":"@portalurbanook","twitter_site":"@portalurbanook","twitter_misc":{"Escrito por":"admpu17wp","Tiempo de lectura":"2 minutos"},"schema":{"@context":"https:\/\/schema.org","@graph":[{"@type":"Article","@id":"https:\/\/experienciadevida.com.ar\/portalurbano\/murieron-dos-hombres-en-chaco-y-tucuman-y-suman-39-los-fallecidos-por-coronavirus\/#article","isPartOf":{"@id":"https:\/\/experienciadevida.com.ar\/portalurbano\/murieron-dos-hombres-en-chaco-y-tucuman-y-suman-39-los-fallecidos-por-coronavirus\/"},"author":{"name":"admpu17wp","@id":"https:\/\/experienciadevida.com.ar\/portalurbano\/#\/schema\/person\/02dd326b1c4b056e9cc972486934a3a7"},"headline":"Murieron dos hombres en Chaco y Tucum\u00e1n y suman 39 los fallecidos por coronavirus","datePublished":"2020-04-03T15:41:23+00:00","dateModified":"2020-04-03T15:41:57+00:00","mainEntityOfPage":{"@id":"https:\/\/experienciadevida.com.ar\/portalurbano\/murieron-dos-hombres-en-chaco-y-tucuman-y-suman-39-los-fallecidos-por-coronavirus\/"},"wordCount":452,"commentCount":0,"publisher":{"@id":"https:\/\/experienciadevida.com.ar\/portalurbano\/#organization"},"articleSection":["Coronavirus"],"inLanguage":"es","potentialAction":[{"@type":"CommentAction","name":"Comment","target":["https:\/\/experienciadevida.com.ar\/portalurbano\/murieron-dos-hombres-en-chaco-y-tucuman-y-suman-39-los-fallecidos-por-coronavirus\/#respond"]}]},{"@type":"WebPage","@id":"https:\/\/experienciadevida.com.ar\/portalurbano\/murieron-dos-hombres-en-chaco-y-tucuman-y-suman-39-los-fallecidos-por-coronavirus\/","url":"https:\/\/experienciadevida.com.ar\/portalurbano\/murieron-dos-hombres-en-chaco-y-tucuman-y-suman-39-los-fallecidos-por-coronavirus\/","name":"Murieron dos hombres en Chaco y Tucum\u00e1n y suman 39 los fallecidos por coronavirus -","isPartOf":{"@id":"https:\/\/experienciadevida.com.ar\/portalurbano\/#website"},"datePublished":"2020-04-03T15:41:23+00:00","dateModified":"2020-04-03T15:41:57+00:00","breadcrumb":{"@id":"https:\/\/experienciadevida.com.ar\/portalurbano\/murieron-dos-hombres-en-chaco-y-tucuman-y-suman-39-los-fallecidos-por-coronavirus\/#breadcrumb"},"inLanguage":"es","potentialAction":[{"@type":"ReadAction","target":["https:\/\/experienciadevida.com.ar\/portalurbano\/murieron-dos-hombres-en-chaco-y-tucuman-y-suman-39-los-fallecidos-por-coronavirus\/"]}]},{"@type":"BreadcrumbList","@id":"https:\/\/experienciadevida.com.ar\/portalurbano\/murieron-dos-hombres-en-chaco-y-tucuman-y-suman-39-los-fallecidos-por-coronavirus\/#breadcrumb","itemListElement":[{"@type":"ListItem","position":1,"name":"Portada","item":"https:\/\/experienciadevida.com.ar\/portalurbano\/"},{"@type":"ListItem","position":2,"name":"Murieron dos hombres en Chaco y Tucum\u00e1n y suman 39 los fallecidos por coronavirus"}]},{"@type":"WebSite","@id":"https:\/\/experienciadevida.com.ar\/portalurbano\/#website","url":"https:\/\/experienciadevida.com.ar\/portalurbano\/","name":"","description":"","publisher":{"@id":"https:\/\/experienciadevida.com.ar\/portalurbano\/#organization"},"potentialAction":[{"@type":"SearchAction","target":{"@type":"EntryPoint","urlTemplate":"https:\/\/experienciadevida.com.ar\/portalurbano\/?s={search_term_string}"},"query-input":"required name=search_term_string"}],"inLanguage":"es"},{"@type":"Organization","@id":"https:\/\/experienciadevida.com.ar\/portalurbano\/#organization","name":"Portal Urbano","url":"https:\/\/experienciadevida.com.ar\/portalurbano\/","logo":{"@type":"ImageObject","inLanguage":"es","@id":"https:\/\/experienciadevida.com.ar\/portalurbano\/#\/schema\/logo\/image\/","url":"https:\/\/experienciadevida.com.ar\/portalurbano\/wp-content\/uploads\/2019\/09\/Logo-Original.png","contentUrl":"https:\/\/experienciadevida.com.ar\/portalurbano\/wp-content\/uploads\/2019\/09\/Logo-Original.png","width":2236,"height":1216,"caption":"Portal Urbano"},"image":{"@id":"https:\/\/experienciadevida.com.ar\/portalurbano\/#\/schema\/logo\/image\/"},"sameAs":["https:\/\/www.facebook.com\/Portal-Urbano-171542830093757\/","https:\/\/twitter.com\/portalurbanook","https:\/\/www.instagram.com\/_portalurbano\/","https:\/\/www.youtube.com\/channel\/UCXhagIfszH8KxFiOok79zbA?view_as=subscriber"]},{"@type":"Person","@id":"https:\/\/experienciadevida.com.ar\/portalurbano\/#\/schema\/person\/02dd326b1c4b056e9cc972486934a3a7","name":"admpu17wp","image":{"@type":"ImageObject","inLanguage":"es","@id":"https:\/\/experienciadevida.com.ar\/portalurbano\/#\/schema\/person\/image\/","url":"https:\/\/secure.gravatar.com\/avatar\/830d4c57adaae6630765e449a6908047?s=96&d=mm&r=g","contentUrl":"https:\/\/secure.gravatar.com\/avatar\/830d4c57adaae6630765e449a6908047?s=96&d=mm&r=g","caption":"admpu17wp"}}]}},"featured_image_urls":{"full":["https:\/\/experienciadevida.com.ar\/portalurbano\/wp-content\/uploads\/2020\/04\/CORONAVIRUSARGENTINA-1.jpg",696,460,false],"thumbnail":["https:\/\/experienciadevida.com.ar\/portalurbano\/wp-content\/uploads\/2020\/04\/CORONAVIRUSARGENTINA-1-150x150.jpg",150,150,true],"medium":["https:\/\/experienciadevida.com.ar\/portalurbano\/wp-content\/uploads\/2020\/04\/CORONAVIRUSARGENTINA-1-300x198.jpg",300,198,true],"medium_large":["https:\/\/experienciadevida.com.ar\/portalurbano\/wp-content\/uploads\/2020\/04\/CORONAVIRUSARGENTINA-1.jpg",640,423,false],"large":["https:\/\/experienciadevida.com.ar\/portalurbano\/wp-content\/uploads\/2020\/04\/CORONAVIRUSARGENTINA-1.jpg",640,423,false],"ug_big":["https:\/\/experienciadevida.com.ar\/portalurbano\/wp-content\/uploads\/2020\/04\/CORONAVIRUSARGENTINA-1.jpg",696,460,false],"1536x1536":["https:\/\/experienciadevida.com.ar\/portalurbano\/wp-content\/uploads\/2020\/04\/CORONAVIRUSARGENTINA-1.jpg",696,460,false],"2048x2048":["https:\/\/experienciadevida.com.ar\/portalurbano\/wp-content\/uploads\/2020\/04\/CORONAVIRUSARGENTINA-1.jpg",696,460,false],"newsever-slider-full":["https:\/\/experienciadevida.com.ar\/portalurbano\/wp-content\/uploads\/2020\/04\/CORONAVIRUSARGENTINA-1.jpg",696,460,false],"newsever-featured":["https:\/\/experienciadevida.com.ar\/portalurbano\/wp-content\/uploads\/2020\/04\/CORONAVIRUSARGENTINA-1.jpg",696,460,false],"newsever-medium":["https:\/\/experienciadevida.com.ar\/portalurbano\/wp-content\/uploads\/2020\/04\/CORONAVIRUSARGENTINA-1.jpg",696,460,false],"web-stories-poster-portrait":["https:\/\/experienciadevida.com.ar\/portalurbano\/wp-content\/uploads\/2020\/04\/CORONAVIRUSARGENTINA-1.jpg",640,423,false],"web-stories-publisher-logo":["https:\/\/experienciadevida.com.ar\/portalurbano\/wp-content\/uploads\/2020\/04\/CORONAVIRUSARGENTINA-1.jpg",96,63,false],"web-stories-thumbnail":["https:\/\/experienciadevida.com.ar\/portalurbano\/wp-content\/uploads\/2020\/04\/CORONAVIRUSARGENTINA-1.jpg",150,99,false]},"author_info":{"display_name":"admpu17wp","author_link":"https:\/\/experienciadevida.com.ar\/portalurbano\/author\/admpu17wp\/"},"category_info":"<a href=\"https:\/\/experienciadevida.com.ar\/portalurbano\/category\/nacion\/coronavirus\/\" rel=\"category tag\">Coronavirus<\/a>","tag_info":"Coronavirus","comment_count":"0","amp_enabled":true,"_links":{"self":[{"href":"https:\/\/experienciadevida.com.ar\/portalurbano\/wp-json\/wp\/v2\/posts\/106145"}],"collection":[{"href":"https:\/\/experienciadevida.com.ar\/portalurbano\/wp-json\/wp\/v2\/posts"}],"about":[{"href":"https:\/\/experienciadevida.com.ar\/portalurbano\/wp-json\/wp\/v2\/types\/post"}],"author":[{"embeddable":true,"href":"https:\/\/experienciadevida.com.ar\/portalurbano\/wp-json\/wp\/v2\/users\/1"}],"replies":[{"embeddable":true,"href":"https:\/\/experienciadevida.com.ar\/portalurbano\/wp-json\/wp\/v2\/comments?post=106145"}],"version-history":[{"count":1,"href":"https:\/\/experienciadevida.com.ar\/portalurbano\/wp-json\/wp\/v2\/posts\/106145\/revisions"}],"predecessor-version":[{"id":106147,"href":"https:\/\/experienciadevida.com.ar\/portalurbano\/wp-json\/wp\/v2\/posts\/106145\/revisions\/106147"}],"wp:featuredmedia":[{"embeddable":true,"href":"https:\/\/experienciadevida.com.ar\/portalurbano\/wp-json\/wp\/v2\/media\/106146"}],"wp:attachment":[{"href":"https:\/\/experienciadevida.com.ar\/portalurbano\/wp-json\/wp\/v2\/media?parent=106145"}],"wp:term":[{"taxonomy":"category","embeddable":true,"href":"https:\/\/experienciadevida.com.ar\/portalurbano\/wp-json\/wp\/v2\/categories?post=106145"},{"taxonomy":"post_tag","embeddable":true,"href":"https:\/\/experienciadevida.com.ar\/portalurbano\/wp-json\/wp\/v2\/tags?post=106145"}],"curies":[{"name":"wp","href":"https:\/\/api.w.org\/{rel}","templated":true}]}}