{"id":106028,"date":"2020-04-02T16:05:02","date_gmt":"2020-04-02T19:05:02","guid":{"rendered":"https:\/\/experienciadevida.com.ar\/portalurbano\/?p=106028"},"modified":"2020-04-02T16:05:02","modified_gmt":"2020-04-02T19:05:02","slug":"la-defensoria-del-pueblo-de-la-nacion-frente-a-los-aumentos-en-los-servicios-de-telefonia-fija-movil-y-tv-por-cable","status":"publish","type":"post","link":"https:\/\/experienciadevida.com.ar\/portalurbano\/la-defensoria-del-pueblo-de-la-nacion-frente-a-los-aumentos-en-los-servicios-de-telefonia-fija-movil-y-tv-por-cable\/","title":{"rendered":"La Defensor\u00eda del Pueblo de la Naci\u00f3n frente a los aumentos en los servicios de telefon\u00eda fija, m\u00f3vil y TV por cable"},"content":{"rendered":"<p>Desde la semana pasada se est\u00e1n recibiendo numerosas consultas y reclamos vinculados con los aumentos de la telefon\u00eda fija, celular y la televisi\u00f3n por cable.<\/p>\n<hr \/>\n<p>Cabe recordar que previo a la declaraci\u00f3n de aislamiento social preventivo y obligatorio, desde el Poder Ejecutivo Nacional se solicit\u00f3 a las empresas que retrotraigan los aumentos y la respuesta de las empresas de telefon\u00eda fue solicitar 48 hs. para analizarlo.<\/p>\n<p>Sin ninguna novedad al respecto, las empresas mantuvieron el incremento y hoy existen clientes que no pueden abonar las facturas. Las usuarias y usuarios manifiestan que resulta abusivo que en el contexto actual las empresas mantengan el incremento y por otra parte, en virtud de la &#8220;cuarentena&#8221;, no tuvieron ingreso alguno, raz\u00f3n por la cual no cuentan con el dinero para afrontar el pago.<\/p>\n<p>Si bien algunas empresas se encuentran ofreciendo beneficios extras a sus clientes, claramente ello no resuelve la imposibilidad de pago.<\/p>\n<p>Destacamos, adem\u00e1s, que estamos recibiendo reclamos de clientes de telefon\u00eda fija e internet que se encuentran sin servicio desde principios de marzo y est\u00e1n obligados al pago sin contar con el mismo.<\/p>\n<p>Podr\u00e1 decirse que a trav\u00e9s del Decreto N\u00b0 311\/20 se estableci\u00f3 que no se pod\u00eda suspender o cortar el servicio en caso de no abonar facturas cuyo vencimiento opere a partir del 1\/3\/20. La medida abarca a un numeroso grupo de usuarias y usuarios que claramente se encuentran en situaci\u00f3n de vulnerabilidad, pero quedan excluidos de este beneficio un importante n\u00famero de usuarias y usuarios que actualmente se encuentran atravesando una grave situaci\u00f3n econ\u00f3mica.<\/p>\n<p>Durante los \u00faltimos a\u00f1os, en distintas Audiencias P\u00fablicas esta Defensor\u00eda manifest\u00f3 que los pagos por los servicios no deben disminuir la capacidad de las personas para adquirir otros bienes, que se relacionen con el derecho humano a una vida digna; a la salud; a la educaci\u00f3n, a una vivienda digna y a la alimentaci\u00f3n.<\/p>\n<p>Est\u00e1 claro que hoy los usuarios y usuarias afrontan incrementos en productos que hacen a su subsistencia y existe una crisis en el nivel de ingresos del sector asalariado y de los peque\u00f1os comerciantes en general -agravado por el cierre de sus locales-, lo que requiere especial atenci\u00f3n.<\/p>\n<p>No es coherente someter a los usuarios y usuarias a nuevos incrementos tarifarios ni puede suponerse que pueden soportar el pago de tarifas superiores a las vigentes.<\/p>\n<p>La Observaci\u00f3n General N\u00ba 4 del Comit\u00e9 de Derechos Econ\u00f3micos, Sociales y Culturales del Alto Comisionado de Naciones Unidas sobre el derecho a una vivienda adecuada (Art.11, p\u00e1rr. 1 del Pacto Internacional de Derechos Econ\u00f3micos, Sociales y Culturales), refuerza el concepto de lo que se concibe como una vivienda adecuada. Entre varios aspectos a tener en cuenta y que se vinculan con la asequibilidad de servicios b\u00e1sicos fundamentales se encuentran: a) la disponibilidad de servicios y b) los gastos soportables. Los gastos personales o del hogar que entra\u00f1a la vivienda deber\u00edan ser de un nivel que no impidiera ni comprometiera el logro y la satisfacci\u00f3n de otras necesidades b\u00e1sicas.<\/p>\n<p>As\u00ed es que, en el actual contexto de emergencia sanitaria y econ\u00f3mica, esta Defensor\u00eda considera que las empresas de telefon\u00eda (b\u00e1sica y celular) como tambi\u00e9n las de televisi\u00f3n por cable, deber\u00edan retrotraer los incrementos y permitir abonar las facturas de los servicios al valor anterior.<\/p>\n<p>Asimismo, y tambi\u00e9n en funci\u00f3n de las consultas recibidas, las empresas de telefon\u00eda m\u00f3vil deber\u00edan evaluar la rehabilitaci\u00f3n de aquellas l\u00edneas que fueron suspendidas por falta de pago con anterioridad al 1\/3\/20, y cuyos titulares resulten ser adultos mayores, que no posean l\u00ednea fija y no encuadren como beneficiarios del Dec. 311\/20, dado que son considerados grupo de riesgo y el servicio en este momento les resulta esencial.<\/p>\n<p>Finalmente, el Ministerio de Desarrollo Productivo, deber\u00eda analizar la incorporaci\u00f3n de otros beneficiarios y beneficiarias del Dec. 311\/20, con fundamento en la afectaci\u00f3n en la capacidad de pago por la situaci\u00f3n de emergencia sanitaria que estamos atravesando.<\/p>\n","protected":false},"excerpt":{"rendered":"<p>Desde la semana pasada se est\u00e1n recibiendo numerosas consultas y reclamos vinculados con los aumentos&#8230;<\/p>\n","protected":false},"author":1,"featured_media":106029,"comment_status":"open","ping_status":"open","sticky":false,"template":"","format":"standard","meta":{"content-type":""},"categories":[27,39],"tags":[],"nelio_content":{"isAutoShareEnabled":false,"autoShareEndMode":"default","automationSources":{"useContentSentences":true,"useSocialTemplates":true,"useCustomSentences":false,"customSentences":[]},"followers":[1],"suggestedReferences":[],"includedReferences":[],"efiUrl":"","efiAlt":"","highlights":[]},"yoast_head":"<!-- This site is optimized with the Yoast SEO plugin v20.7 - https:\/\/yoast.com\/wordpress\/plugins\/seo\/ -->\n<title>La Defensor\u00eda del Pueblo de la Naci\u00f3n frente a los aumentos en los servicios de telefon\u00eda fija, m\u00f3vil y TV por cable -<\/title>\n<meta name=\"robots\" content=\"index, follow, max-snippet:-1, max-image-preview:large, max-video-preview:-1\" \/>\n<link rel=\"canonical\" href=\"https:\/\/experienciadevida.com.ar\/portalurbano\/la-defensoria-del-pueblo-de-la-nacion-frente-a-los-aumentos-en-los-servicios-de-telefonia-fija-movil-y-tv-por-cable\/\" \/>\n<meta property=\"og:locale\" content=\"es_ES\" \/>\n<meta property=\"og:type\" content=\"article\" \/>\n<meta property=\"og:title\" content=\"La Defensor\u00eda del Pueblo de la Naci\u00f3n frente a los aumentos en los servicios de telefon\u00eda fija, m\u00f3vil y TV por cable -\" \/>\n<meta property=\"og:description\" content=\"Desde la semana pasada se est\u00e1n recibiendo numerosas consultas y reclamos vinculados con los aumentos...\" \/>\n<meta property=\"og:url\" content=\"https:\/\/experienciadevida.com.ar\/portalurbano\/la-defensoria-del-pueblo-de-la-nacion-frente-a-los-aumentos-en-los-servicios-de-telefonia-fija-movil-y-tv-por-cable\/\" \/>\n<meta property=\"article:publisher\" content=\"https:\/\/www.facebook.com\/Portal-Urbano-171542830093757\/\" \/>\n<meta property=\"article:published_time\" content=\"2020-04-02T19:05:02+00:00\" \/>\n<meta property=\"og:image\" content=\"https:\/\/experienciadevida.com.ar\/portalurbano\/wp-content\/uploads\/2020\/04\/telecomunicaciones-e1585854264801.jpg\" \/>\n\t<meta property=\"og:image:width\" content=\"750\" \/>\n\t<meta property=\"og:image:height\" content=\"375\" \/>\n\t<meta property=\"og:image:type\" content=\"image\/jpeg\" \/>\n<meta name=\"author\" content=\"admpu17wp\" \/>\n<meta name=\"twitter:card\" content=\"summary_large_image\" \/>\n<meta name=\"twitter:creator\" content=\"@portalurbanook\" \/>\n<meta name=\"twitter:site\" content=\"@portalurbanook\" \/>\n<meta name=\"twitter:label1\" content=\"Escrito por\" \/>\n\t<meta name=\"twitter:data1\" content=\"admpu17wp\" \/>\n\t<meta name=\"twitter:label2\" content=\"Tiempo de lectura\" \/>\n\t<meta name=\"twitter:data2\" content=\"3 minutos\" \/>\n<script type=\"application\/ld+json\" class=\"yoast-schema-graph\">{\"@context\":\"https:\/\/schema.org\",\"@graph\":[{\"@type\":\"Article\",\"@id\":\"https:\/\/experienciadevida.com.ar\/portalurbano\/la-defensoria-del-pueblo-de-la-nacion-frente-a-los-aumentos-en-los-servicios-de-telefonia-fija-movil-y-tv-por-cable\/#article\",\"isPartOf\":{\"@id\":\"https:\/\/experienciadevida.com.ar\/portalurbano\/la-defensoria-del-pueblo-de-la-nacion-frente-a-los-aumentos-en-los-servicios-de-telefonia-fija-movil-y-tv-por-cable\/\"},\"author\":{\"name\":\"admpu17wp\",\"@id\":\"https:\/\/experienciadevida.com.ar\/portalurbano\/#\/schema\/person\/02dd326b1c4b056e9cc972486934a3a7\"},\"headline\":\"La Defensor\u00eda del Pueblo de la Naci\u00f3n frente a los aumentos en los servicios de telefon\u00eda fija, m\u00f3vil y TV por cable\",\"datePublished\":\"2020-04-02T19:05:02+00:00\",\"dateModified\":\"2020-04-02T19:05:02+00:00\",\"mainEntityOfPage\":{\"@id\":\"https:\/\/experienciadevida.com.ar\/portalurbano\/la-defensoria-del-pueblo-de-la-nacion-frente-a-los-aumentos-en-los-servicios-de-telefonia-fija-movil-y-tv-por-cable\/\"},\"wordCount\":712,\"commentCount\":0,\"publisher\":{\"@id\":\"https:\/\/experienciadevida.com.ar\/portalurbano\/#organization\"},\"articleSection\":[\"Ciudad\",\"Naci\u00f3n\"],\"inLanguage\":\"es\",\"potentialAction\":[{\"@type\":\"CommentAction\",\"name\":\"Comment\",\"target\":[\"https:\/\/experienciadevida.com.ar\/portalurbano\/la-defensoria-del-pueblo-de-la-nacion-frente-a-los-aumentos-en-los-servicios-de-telefonia-fija-movil-y-tv-por-cable\/#respond\"]}]},{\"@type\":\"WebPage\",\"@id\":\"https:\/\/experienciadevida.com.ar\/portalurbano\/la-defensoria-del-pueblo-de-la-nacion-frente-a-los-aumentos-en-los-servicios-de-telefonia-fija-movil-y-tv-por-cable\/\",\"url\":\"https:\/\/experienciadevida.com.ar\/portalurbano\/la-defensoria-del-pueblo-de-la-nacion-frente-a-los-aumentos-en-los-servicios-de-telefonia-fija-movil-y-tv-por-cable\/\",\"name\":\"La Defensor\u00eda del Pueblo de la Naci\u00f3n frente a los aumentos en los servicios de telefon\u00eda fija, m\u00f3vil y TV por cable -\",\"isPartOf\":{\"@id\":\"https:\/\/experienciadevida.com.ar\/portalurbano\/#website\"},\"datePublished\":\"2020-04-02T19:05:02+00:00\",\"dateModified\":\"2020-04-02T19:05:02+00:00\",\"breadcrumb\":{\"@id\":\"https:\/\/experienciadevida.com.ar\/portalurbano\/la-defensoria-del-pueblo-de-la-nacion-frente-a-los-aumentos-en-los-servicios-de-telefonia-fija-movil-y-tv-por-cable\/#breadcrumb\"},\"inLanguage\":\"es\",\"potentialAction\":[{\"@type\":\"ReadAction\",\"target\":[\"https:\/\/experienciadevida.com.ar\/portalurbano\/la-defensoria-del-pueblo-de-la-nacion-frente-a-los-aumentos-en-los-servicios-de-telefonia-fija-movil-y-tv-por-cable\/\"]}]},{\"@type\":\"BreadcrumbList\",\"@id\":\"https:\/\/experienciadevida.com.ar\/portalurbano\/la-defensoria-del-pueblo-de-la-nacion-frente-a-los-aumentos-en-los-servicios-de-telefonia-fija-movil-y-tv-por-cable\/#breadcrumb\",\"itemListElement\":[{\"@type\":\"ListItem\",\"position\":1,\"name\":\"Portada\",\"item\":\"https:\/\/experienciadevida.com.ar\/portalurbano\/\"},{\"@type\":\"ListItem\",\"position\":2,\"name\":\"La Defensor\u00eda del Pueblo de la Naci\u00f3n frente a los aumentos en los servicios de telefon\u00eda fija, m\u00f3vil y TV por cable\"}]},{\"@type\":\"WebSite\",\"@id\":\"https:\/\/experienciadevida.com.ar\/portalurbano\/#website\",\"url\":\"https:\/\/experienciadevida.com.ar\/portalurbano\/\",\"name\":\"\",\"description\":\"\",\"publisher\":{\"@id\":\"https:\/\/experienciadevida.com.ar\/portalurbano\/#organization\"},\"potentialAction\":[{\"@type\":\"SearchAction\",\"target\":{\"@type\":\"EntryPoint\",\"urlTemplate\":\"https:\/\/experienciadevida.com.ar\/portalurbano\/?s={search_term_string}\"},\"query-input\":\"required name=search_term_string\"}],\"inLanguage\":\"es\"},{\"@type\":\"Organization\",\"@id\":\"https:\/\/experienciadevida.com.ar\/portalurbano\/#organization\",\"name\":\"Portal Urbano\",\"url\":\"https:\/\/experienciadevida.com.ar\/portalurbano\/\",\"logo\":{\"@type\":\"ImageObject\",\"inLanguage\":\"es\",\"@id\":\"https:\/\/experienciadevida.com.ar\/portalurbano\/#\/schema\/logo\/image\/\",\"url\":\"https:\/\/experienciadevida.com.ar\/portalurbano\/wp-content\/uploads\/2019\/09\/Logo-Original.png\",\"contentUrl\":\"https:\/\/experienciadevida.com.ar\/portalurbano\/wp-content\/uploads\/2019\/09\/Logo-Original.png\",\"width\":2236,\"height\":1216,\"caption\":\"Portal Urbano\"},\"image\":{\"@id\":\"https:\/\/experienciadevida.com.ar\/portalurbano\/#\/schema\/logo\/image\/\"},\"sameAs\":[\"https:\/\/www.facebook.com\/Portal-Urbano-171542830093757\/\",\"https:\/\/twitter.com\/portalurbanook\",\"https:\/\/www.instagram.com\/_portalurbano\/\",\"https:\/\/www.youtube.com\/channel\/UCXhagIfszH8KxFiOok79zbA?view_as=subscriber\"]},{\"@type\":\"Person\",\"@id\":\"https:\/\/experienciadevida.com.ar\/portalurbano\/#\/schema\/person\/02dd326b1c4b056e9cc972486934a3a7\",\"name\":\"admpu17wp\",\"image\":{\"@type\":\"ImageObject\",\"inLanguage\":\"es\",\"@id\":\"https:\/\/experienciadevida.com.ar\/portalurbano\/#\/schema\/person\/image\/\",\"url\":\"https:\/\/secure.gravatar.com\/avatar\/830d4c57adaae6630765e449a6908047?s=96&d=mm&r=g\",\"contentUrl\":\"https:\/\/secure.gravatar.com\/avatar\/830d4c57adaae6630765e449a6908047?s=96&d=mm&r=g\",\"caption\":\"admpu17wp\"}}]}<\/script>\n<!-- \/ Yoast SEO plugin. -->","yoast_head_json":{"title":"La Defensor\u00eda del Pueblo de la Naci\u00f3n frente a los aumentos en los servicios de telefon\u00eda fija, m\u00f3vil y TV por cable -","robots":{"index":"index","follow":"follow","max-snippet":"max-snippet:-1","max-image-preview":"max-image-preview:large","max-video-preview":"max-video-preview:-1"},"canonical":"https:\/\/experienciadevida.com.ar\/portalurbano\/la-defensoria-del-pueblo-de-la-nacion-frente-a-los-aumentos-en-los-servicios-de-telefonia-fija-movil-y-tv-por-cable\/","og_locale":"es_ES","og_type":"article","og_title":"La Defensor\u00eda del Pueblo de la Naci\u00f3n frente a los aumentos en los servicios de telefon\u00eda fija, m\u00f3vil y TV por cable -","og_description":"Desde la semana pasada se est\u00e1n recibiendo numerosas consultas y reclamos vinculados con los aumentos...","og_url":"https:\/\/experienciadevida.com.ar\/portalurbano\/la-defensoria-del-pueblo-de-la-nacion-frente-a-los-aumentos-en-los-servicios-de-telefonia-fija-movil-y-tv-por-cable\/","article_publisher":"https:\/\/www.facebook.com\/Portal-Urbano-171542830093757\/","article_published_time":"2020-04-02T19:05:02+00:00","og_image":[{"width":750,"height":375,"url":"https:\/\/experienciadevida.com.ar\/portalurbano\/wp-content\/uploads\/2020\/04\/telecomunicaciones-e1585854264801.jpg","type":"image\/jpeg"}],"author":"admpu17wp","twitter_card":"summary_large_image","twitter_creator":"@portalurbanook","twitter_site":"@portalurbanook","twitter_misc":{"Escrito por":"admpu17wp","Tiempo de lectura":"3 minutos"},"schema":{"@context":"https:\/\/schema.org","@graph":[{"@type":"Article","@id":"https:\/\/experienciadevida.com.ar\/portalurbano\/la-defensoria-del-pueblo-de-la-nacion-frente-a-los-aumentos-en-los-servicios-de-telefonia-fija-movil-y-tv-por-cable\/#article","isPartOf":{"@id":"https:\/\/experienciadevida.com.ar\/portalurbano\/la-defensoria-del-pueblo-de-la-nacion-frente-a-los-aumentos-en-los-servicios-de-telefonia-fija-movil-y-tv-por-cable\/"},"author":{"name":"admpu17wp","@id":"https:\/\/experienciadevida.com.ar\/portalurbano\/#\/schema\/person\/02dd326b1c4b056e9cc972486934a3a7"},"headline":"La Defensor\u00eda del Pueblo de la Naci\u00f3n frente a los aumentos en los servicios de telefon\u00eda fija, m\u00f3vil y TV por cable","datePublished":"2020-04-02T19:05:02+00:00","dateModified":"2020-04-02T19:05:02+00:00","mainEntityOfPage":{"@id":"https:\/\/experienciadevida.com.ar\/portalurbano\/la-defensoria-del-pueblo-de-la-nacion-frente-a-los-aumentos-en-los-servicios-de-telefonia-fija-movil-y-tv-por-cable\/"},"wordCount":712,"commentCount":0,"publisher":{"@id":"https:\/\/experienciadevida.com.ar\/portalurbano\/#organization"},"articleSection":["Ciudad","Naci\u00f3n"],"inLanguage":"es","potentialAction":[{"@type":"CommentAction","name":"Comment","target":["https:\/\/experienciadevida.com.ar\/portalurbano\/la-defensoria-del-pueblo-de-la-nacion-frente-a-los-aumentos-en-los-servicios-de-telefonia-fija-movil-y-tv-por-cable\/#respond"]}]},{"@type":"WebPage","@id":"https:\/\/experienciadevida.com.ar\/portalurbano\/la-defensoria-del-pueblo-de-la-nacion-frente-a-los-aumentos-en-los-servicios-de-telefonia-fija-movil-y-tv-por-cable\/","url":"https:\/\/experienciadevida.com.ar\/portalurbano\/la-defensoria-del-pueblo-de-la-nacion-frente-a-los-aumentos-en-los-servicios-de-telefonia-fija-movil-y-tv-por-cable\/","name":"La Defensor\u00eda del Pueblo de la Naci\u00f3n frente a los aumentos en los servicios de telefon\u00eda fija, m\u00f3vil y TV por cable -","isPartOf":{"@id":"https:\/\/experienciadevida.com.ar\/portalurbano\/#website"},"datePublished":"2020-04-02T19:05:02+00:00","dateModified":"2020-04-02T19:05:02+00:00","breadcrumb":{"@id":"https:\/\/experienciadevida.com.ar\/portalurbano\/la-defensoria-del-pueblo-de-la-nacion-frente-a-los-aumentos-en-los-servicios-de-telefonia-fija-movil-y-tv-por-cable\/#breadcrumb"},"inLanguage":"es","potentialAction":[{"@type":"ReadAction","target":["https:\/\/experienciadevida.com.ar\/portalurbano\/la-defensoria-del-pueblo-de-la-nacion-frente-a-los-aumentos-en-los-servicios-de-telefonia-fija-movil-y-tv-por-cable\/"]}]},{"@type":"BreadcrumbList","@id":"https:\/\/experienciadevida.com.ar\/portalurbano\/la-defensoria-del-pueblo-de-la-nacion-frente-a-los-aumentos-en-los-servicios-de-telefonia-fija-movil-y-tv-por-cable\/#breadcrumb","itemListElement":[{"@type":"ListItem","position":1,"name":"Portada","item":"https:\/\/experienciadevida.com.ar\/portalurbano\/"},{"@type":"ListItem","position":2,"name":"La Defensor\u00eda del Pueblo de la Naci\u00f3n frente a los aumentos en los servicios de telefon\u00eda fija, m\u00f3vil y TV por cable"}]},{"@type":"WebSite","@id":"https:\/\/experienciadevida.com.ar\/portalurbano\/#website","url":"https:\/\/experienciadevida.com.ar\/portalurbano\/","name":"","description":"","publisher":{"@id":"https:\/\/experienciadevida.com.ar\/portalurbano\/#organization"},"potentialAction":[{"@type":"SearchAction","target":{"@type":"EntryPoint","urlTemplate":"https:\/\/experienciadevida.com.ar\/portalurbano\/?s={search_term_string}"},"query-input":"required name=search_term_string"}],"inLanguage":"es"},{"@type":"Organization","@id":"https:\/\/experienciadevida.com.ar\/portalurbano\/#organization","name":"Portal Urbano","url":"https:\/\/experienciadevida.com.ar\/portalurbano\/","logo":{"@type":"ImageObject","inLanguage":"es","@id":"https:\/\/experienciadevida.com.ar\/portalurbano\/#\/schema\/logo\/image\/","url":"https:\/\/experienciadevida.com.ar\/portalurbano\/wp-content\/uploads\/2019\/09\/Logo-Original.png","contentUrl":"https:\/\/experienciadevida.com.ar\/portalurbano\/wp-content\/uploads\/2019\/09\/Logo-Original.png","width":2236,"height":1216,"caption":"Portal Urbano"},"image":{"@id":"https:\/\/experienciadevida.com.ar\/portalurbano\/#\/schema\/logo\/image\/"},"sameAs":["https:\/\/www.facebook.com\/Portal-Urbano-171542830093757\/","https:\/\/twitter.com\/portalurbanook","https:\/\/www.instagram.com\/_portalurbano\/","https:\/\/www.youtube.com\/channel\/UCXhagIfszH8KxFiOok79zbA?view_as=subscriber"]},{"@type":"Person","@id":"https:\/\/experienciadevida.com.ar\/portalurbano\/#\/schema\/person\/02dd326b1c4b056e9cc972486934a3a7","name":"admpu17wp","image":{"@type":"ImageObject","inLanguage":"es","@id":"https:\/\/experienciadevida.com.ar\/portalurbano\/#\/schema\/person\/image\/","url":"https:\/\/secure.gravatar.com\/avatar\/830d4c57adaae6630765e449a6908047?s=96&d=mm&r=g","contentUrl":"https:\/\/secure.gravatar.com\/avatar\/830d4c57adaae6630765e449a6908047?s=96&d=mm&r=g","caption":"admpu17wp"}}]}},"featured_image_urls":{"full":["https:\/\/experienciadevida.com.ar\/portalurbano\/wp-content\/uploads\/2020\/04\/telecomunicaciones-e1585854264801.jpg",750,375,false],"thumbnail":["https:\/\/experienciadevida.com.ar\/portalurbano\/wp-content\/uploads\/2020\/04\/telecomunicaciones-150x150.jpg",150,150,true],"medium":["https:\/\/experienciadevida.com.ar\/portalurbano\/wp-content\/uploads\/2020\/04\/telecomunicaciones-300x150.jpg",300,150,true],"medium_large":["https:\/\/experienciadevida.com.ar\/portalurbano\/wp-content\/uploads\/2020\/04\/telecomunicaciones-768x384.jpg",640,320,true],"large":["https:\/\/experienciadevida.com.ar\/portalurbano\/wp-content\/uploads\/2020\/04\/telecomunicaciones-e1585854264801.jpg",640,320,false],"ug_big":["https:\/\/experienciadevida.com.ar\/portalurbano\/wp-content\/uploads\/2020\/04\/telecomunicaciones-768x384.jpg",768,384,true],"1536x1536":["https:\/\/experienciadevida.com.ar\/portalurbano\/wp-content\/uploads\/2020\/04\/telecomunicaciones-e1585854264801.jpg",750,375,false],"2048x2048":["https:\/\/experienciadevida.com.ar\/portalurbano\/wp-content\/uploads\/2020\/04\/telecomunicaciones-e1585854264801.jpg",750,375,false],"newsever-slider-full":["https:\/\/experienciadevida.com.ar\/portalurbano\/wp-content\/uploads\/2020\/04\/telecomunicaciones-e1585854264801.jpg",750,375,false],"newsever-featured":["https:\/\/experienciadevida.com.ar\/portalurbano\/wp-content\/uploads\/2020\/04\/telecomunicaciones-e1585854264801.jpg",750,375,false],"newsever-medium":["https:\/\/experienciadevida.com.ar\/portalurbano\/wp-content\/uploads\/2020\/04\/telecomunicaciones-e1585854264801.jpg",720,360,false],"web-stories-poster-portrait":["https:\/\/experienciadevida.com.ar\/portalurbano\/wp-content\/uploads\/2020\/04\/telecomunicaciones-e1585854264801.jpg",640,320,false],"web-stories-publisher-logo":["https:\/\/experienciadevida.com.ar\/portalurbano\/wp-content\/uploads\/2020\/04\/telecomunicaciones-e1585854264801.jpg",96,48,false],"web-stories-thumbnail":["https:\/\/experienciadevida.com.ar\/portalurbano\/wp-content\/uploads\/2020\/04\/telecomunicaciones-e1585854264801.jpg",150,75,false]},"author_info":{"display_name":"admpu17wp","author_link":"https:\/\/experienciadevida.com.ar\/portalurbano\/author\/admpu17wp\/"},"category_info":"<a href=\"https:\/\/experienciadevida.com.ar\/portalurbano\/category\/ciudad\/\" rel=\"category tag\">Ciudad<\/a> <a href=\"https:\/\/experienciadevida.com.ar\/portalurbano\/category\/nacion\/\" rel=\"category tag\">Naci\u00f3n<\/a>","tag_info":"Naci\u00f3n","comment_count":"0","amp_enabled":true,"_links":{"self":[{"href":"https:\/\/experienciadevida.com.ar\/portalurbano\/wp-json\/wp\/v2\/posts\/106028"}],"collection":[{"href":"https:\/\/experienciadevida.com.ar\/portalurbano\/wp-json\/wp\/v2\/posts"}],"about":[{"href":"https:\/\/experienciadevida.com.ar\/portalurbano\/wp-json\/wp\/v2\/types\/post"}],"author":[{"embeddable":true,"href":"https:\/\/experienciadevida.com.ar\/portalurbano\/wp-json\/wp\/v2\/users\/1"}],"replies":[{"embeddable":true,"href":"https:\/\/experienciadevida.com.ar\/portalurbano\/wp-json\/wp\/v2\/comments?post=106028"}],"version-history":[{"count":1,"href":"https:\/\/experienciadevida.com.ar\/portalurbano\/wp-json\/wp\/v2\/posts\/106028\/revisions"}],"predecessor-version":[{"id":106030,"href":"https:\/\/experienciadevida.com.ar\/portalurbano\/wp-json\/wp\/v2\/posts\/106028\/revisions\/106030"}],"wp:featuredmedia":[{"embeddable":true,"href":"https:\/\/experienciadevida.com.ar\/portalurbano\/wp-json\/wp\/v2\/media\/106029"}],"wp:attachment":[{"href":"https:\/\/experienciadevida.com.ar\/portalurbano\/wp-json\/wp\/v2\/media?parent=106028"}],"wp:term":[{"taxonomy":"category","embeddable":true,"href":"https:\/\/experienciadevida.com.ar\/portalurbano\/wp-json\/wp\/v2\/categories?post=106028"},{"taxonomy":"post_tag","embeddable":true,"href":"https:\/\/experienciadevida.com.ar\/portalurbano\/wp-json\/wp\/v2\/tags?post=106028"}],"curies":[{"name":"wp","href":"https:\/\/api.w.org\/{rel}","templated":true}]}}