{"id":105997,"date":"2020-04-02T12:37:24","date_gmt":"2020-04-02T15:37:24","guid":{"rendered":"https:\/\/experienciadevida.com.ar\/portalurbano\/?p=105997"},"modified":"2020-04-02T12:37:54","modified_gmt":"2020-04-02T15:37:54","slug":"alberto-fernandez-como-cada-2-de-abril-reivindicamos-nuestra-soberania","status":"publish","type":"post","link":"https:\/\/experienciadevida.com.ar\/portalurbano\/alberto-fernandez-como-cada-2-de-abril-reivindicamos-nuestra-soberania\/","title":{"rendered":"Alberto Fern\u00e1ndez: &#8220;Como cada 2 de abril, reivindicamos nuestra soberan\u00eda&#8221;"},"content":{"rendered":"<p>El Presidente se expres\u00f3 por Twitter este jueves con motivo del D\u00eda del Veterano y de los Ca\u00eddos en la Guerra de Malvinas.<\/p>\n<p>El presidente Alberto Fern\u00e1ndez afirm\u00f3 hoy que &#8220;como cada 2 abril, reivindicamos nuestra soberan\u00eda&#8221; sobre las islas Malvinas, a trav\u00e9s de un mensaje que public\u00f3 en su cuenta personal de Twitter, al conmemorarse hoy el D\u00eda del Veterano y de los Ca\u00eddos en la guerra, a 38 a\u00f1os del inicio del conflicto b\u00e9lico.<\/p>\n<p>&#8220;Por historia, por geograf\u00eda, por derecho, por sentimiento y por nuestros ca\u00eddos y ex combatientes. Hoy, como cada 2 de abril, reivindicamos nuestra soberan\u00eda y decimos, como siempre: \u00a1Malvinas Argentinas!&#8221;, public\u00f3 el Jefe de Estado en su cuenta de Twitter.<\/p>\n<p>El mandatario acompa\u00f1\u00f3 el mensaje con un video de un minuto y medio, con im\u00e1genes de soldados ca\u00eddos durante la guerra de 1982.<\/p>\n<p>&#8220;Mi hijo Elbio Eduardo Araujo era un hermoso muchacho. El ten\u00eda su luz propia&#8221;, dice en el video Mar\u00eda del Carmen Pen\u00f3n de Araujo, madre de uno de los soldados ca\u00eddos en la guerra, junto a im\u00e1genes del joven.<\/p>\n<p>En el video se recuerda que, entre el 2 de abril y el 14 de junio de 1982, fueron movilizados a Malvinas 12 mil soldados; casi todos ellos de entre 18 y 20 a\u00f1os.<\/p>\n<p>&#8220;La \u00faltima vez que lo vimos a Eduardo era cuando lo despedimos, que se iba a presentar al regimiento. Y ah\u00ed fue donde nos dimos el \u00faltimo abrazo. Pero la \u00faltima vez que lo so\u00f1\u00e9 estaba en un pozo muy hondo, como un caracol, un espiral. En el fondo estaba sentado y yo bajaba y cuando estaba por llegar, me despierto&#8221;, recuerda Mar\u00eda del Carmen.<\/p>\n<p>&#8220;Honramos y homenajeamos a todos los ca\u00eddos y ex combatientes. Reivindicamos la soberan\u00eda de nuestro territorio nacional. Las Islas Malvinas fueron, son y ser\u00e1n argentinas&#8221;, concluye el video, con im\u00e1genes de los j\u00f3venes en la guerra y vistas a\u00e9reas actuales de las islas.<\/p>\n","protected":false},"excerpt":{"rendered":"<p>El Presidente se expres\u00f3 por Twitter este jueves con motivo del D\u00eda del Veterano y&#8230;<\/p>\n","protected":false},"author":1,"featured_media":103711,"comment_status":"open","ping_status":"open","sticky":false,"template":"","format":"standard","meta":{"content-type":""},"categories":[39],"tags":[],"nelio_content":{"isAutoShareEnabled":false,"autoShareEndMode":"default","automationSources":{"useContentSentences":true,"useSocialTemplates":true,"useCustomSentences":false,"customSentences":[]},"followers":[1],"suggestedReferences":[],"includedReferences":[],"efiUrl":"","efiAlt":"","highlights":[]},"yoast_head":"<!-- This site is optimized with the Yoast SEO plugin v20.7 - https:\/\/yoast.com\/wordpress\/plugins\/seo\/ -->\n<title>Alberto Fern\u00e1ndez: &quot;Como cada 2 de abril, reivindicamos nuestra soberan\u00eda&quot; -<\/title>\n<meta name=\"robots\" content=\"index, follow, max-snippet:-1, max-image-preview:large, max-video-preview:-1\" \/>\n<link rel=\"canonical\" href=\"https:\/\/experienciadevida.com.ar\/portalurbano\/alberto-fernandez-como-cada-2-de-abril-reivindicamos-nuestra-soberania\/\" \/>\n<meta property=\"og:locale\" content=\"es_ES\" \/>\n<meta property=\"og:type\" content=\"article\" \/>\n<meta property=\"og:title\" content=\"Alberto Fern\u00e1ndez: &quot;Como cada 2 de abril, reivindicamos nuestra soberan\u00eda&quot; -\" \/>\n<meta property=\"og:description\" content=\"El Presidente se expres\u00f3 por Twitter este jueves con motivo del D\u00eda del Veterano y...\" \/>\n<meta property=\"og:url\" content=\"https:\/\/experienciadevida.com.ar\/portalurbano\/alberto-fernandez-como-cada-2-de-abril-reivindicamos-nuestra-soberania\/\" \/>\n<meta property=\"article:publisher\" content=\"https:\/\/www.facebook.com\/Portal-Urbano-171542830093757\/\" \/>\n<meta property=\"article:published_time\" content=\"2020-04-02T15:37:24+00:00\" \/>\n<meta property=\"article:modified_time\" content=\"2020-04-02T15:37:54+00:00\" \/>\n<meta property=\"og:image\" content=\"https:\/\/experienciadevida.com.ar\/portalurbano\/wp-content\/uploads\/2020\/03\/FERNANDEZ-e1583859691848.jpg\" \/>\n\t<meta property=\"og:image:width\" content=\"765\" \/>\n\t<meta property=\"og:image:height\" content=\"540\" \/>\n\t<meta property=\"og:image:type\" content=\"image\/jpeg\" \/>\n<meta name=\"author\" content=\"admpu17wp\" \/>\n<meta name=\"twitter:card\" content=\"summary_large_image\" \/>\n<meta name=\"twitter:creator\" content=\"@portalurbanook\" \/>\n<meta name=\"twitter:site\" content=\"@portalurbanook\" \/>\n<meta name=\"twitter:label1\" content=\"Escrito por\" \/>\n\t<meta name=\"twitter:data1\" content=\"admpu17wp\" \/>\n\t<meta name=\"twitter:label2\" content=\"Tiempo de lectura\" \/>\n\t<meta name=\"twitter:data2\" content=\"2 minutos\" \/>\n<script type=\"application\/ld+json\" class=\"yoast-schema-graph\">{\"@context\":\"https:\/\/schema.org\",\"@graph\":[{\"@type\":\"Article\",\"@id\":\"https:\/\/experienciadevida.com.ar\/portalurbano\/alberto-fernandez-como-cada-2-de-abril-reivindicamos-nuestra-soberania\/#article\",\"isPartOf\":{\"@id\":\"https:\/\/experienciadevida.com.ar\/portalurbano\/alberto-fernandez-como-cada-2-de-abril-reivindicamos-nuestra-soberania\/\"},\"author\":{\"name\":\"admpu17wp\",\"@id\":\"https:\/\/experienciadevida.com.ar\/portalurbano\/#\/schema\/person\/02dd326b1c4b056e9cc972486934a3a7\"},\"headline\":\"Alberto Fern\u00e1ndez: &#8220;Como cada 2 de abril, reivindicamos nuestra soberan\u00eda&#8221;\",\"datePublished\":\"2020-04-02T15:37:24+00:00\",\"dateModified\":\"2020-04-02T15:37:54+00:00\",\"mainEntityOfPage\":{\"@id\":\"https:\/\/experienciadevida.com.ar\/portalurbano\/alberto-fernandez-como-cada-2-de-abril-reivindicamos-nuestra-soberania\/\"},\"wordCount\":348,\"commentCount\":0,\"publisher\":{\"@id\":\"https:\/\/experienciadevida.com.ar\/portalurbano\/#organization\"},\"articleSection\":[\"Naci\u00f3n\"],\"inLanguage\":\"es\",\"potentialAction\":[{\"@type\":\"CommentAction\",\"name\":\"Comment\",\"target\":[\"https:\/\/experienciadevida.com.ar\/portalurbano\/alberto-fernandez-como-cada-2-de-abril-reivindicamos-nuestra-soberania\/#respond\"]}]},{\"@type\":\"WebPage\",\"@id\":\"https:\/\/experienciadevida.com.ar\/portalurbano\/alberto-fernandez-como-cada-2-de-abril-reivindicamos-nuestra-soberania\/\",\"url\":\"https:\/\/experienciadevida.com.ar\/portalurbano\/alberto-fernandez-como-cada-2-de-abril-reivindicamos-nuestra-soberania\/\",\"name\":\"Alberto Fern\u00e1ndez: \\\"Como cada 2 de abril, reivindicamos nuestra soberan\u00eda\\\" -\",\"isPartOf\":{\"@id\":\"https:\/\/experienciadevida.com.ar\/portalurbano\/#website\"},\"datePublished\":\"2020-04-02T15:37:24+00:00\",\"dateModified\":\"2020-04-02T15:37:54+00:00\",\"breadcrumb\":{\"@id\":\"https:\/\/experienciadevida.com.ar\/portalurbano\/alberto-fernandez-como-cada-2-de-abril-reivindicamos-nuestra-soberania\/#breadcrumb\"},\"inLanguage\":\"es\",\"potentialAction\":[{\"@type\":\"ReadAction\",\"target\":[\"https:\/\/experienciadevida.com.ar\/portalurbano\/alberto-fernandez-como-cada-2-de-abril-reivindicamos-nuestra-soberania\/\"]}]},{\"@type\":\"BreadcrumbList\",\"@id\":\"https:\/\/experienciadevida.com.ar\/portalurbano\/alberto-fernandez-como-cada-2-de-abril-reivindicamos-nuestra-soberania\/#breadcrumb\",\"itemListElement\":[{\"@type\":\"ListItem\",\"position\":1,\"name\":\"Portada\",\"item\":\"https:\/\/experienciadevida.com.ar\/portalurbano\/\"},{\"@type\":\"ListItem\",\"position\":2,\"name\":\"Alberto Fern\u00e1ndez: \u00abComo cada 2 de abril, reivindicamos nuestra soberan\u00eda\u00bb\"}]},{\"@type\":\"WebSite\",\"@id\":\"https:\/\/experienciadevida.com.ar\/portalurbano\/#website\",\"url\":\"https:\/\/experienciadevida.com.ar\/portalurbano\/\",\"name\":\"\",\"description\":\"\",\"publisher\":{\"@id\":\"https:\/\/experienciadevida.com.ar\/portalurbano\/#organization\"},\"potentialAction\":[{\"@type\":\"SearchAction\",\"target\":{\"@type\":\"EntryPoint\",\"urlTemplate\":\"https:\/\/experienciadevida.com.ar\/portalurbano\/?s={search_term_string}\"},\"query-input\":\"required name=search_term_string\"}],\"inLanguage\":\"es\"},{\"@type\":\"Organization\",\"@id\":\"https:\/\/experienciadevida.com.ar\/portalurbano\/#organization\",\"name\":\"Portal Urbano\",\"url\":\"https:\/\/experienciadevida.com.ar\/portalurbano\/\",\"logo\":{\"@type\":\"ImageObject\",\"inLanguage\":\"es\",\"@id\":\"https:\/\/experienciadevida.com.ar\/portalurbano\/#\/schema\/logo\/image\/\",\"url\":\"https:\/\/experienciadevida.com.ar\/portalurbano\/wp-content\/uploads\/2019\/09\/Logo-Original.png\",\"contentUrl\":\"https:\/\/experienciadevida.com.ar\/portalurbano\/wp-content\/uploads\/2019\/09\/Logo-Original.png\",\"width\":2236,\"height\":1216,\"caption\":\"Portal Urbano\"},\"image\":{\"@id\":\"https:\/\/experienciadevida.com.ar\/portalurbano\/#\/schema\/logo\/image\/\"},\"sameAs\":[\"https:\/\/www.facebook.com\/Portal-Urbano-171542830093757\/\",\"https:\/\/twitter.com\/portalurbanook\",\"https:\/\/www.instagram.com\/_portalurbano\/\",\"https:\/\/www.youtube.com\/channel\/UCXhagIfszH8KxFiOok79zbA?view_as=subscriber\"]},{\"@type\":\"Person\",\"@id\":\"https:\/\/experienciadevida.com.ar\/portalurbano\/#\/schema\/person\/02dd326b1c4b056e9cc972486934a3a7\",\"name\":\"admpu17wp\",\"image\":{\"@type\":\"ImageObject\",\"inLanguage\":\"es\",\"@id\":\"https:\/\/experienciadevida.com.ar\/portalurbano\/#\/schema\/person\/image\/\",\"url\":\"https:\/\/secure.gravatar.com\/avatar\/830d4c57adaae6630765e449a6908047?s=96&d=mm&r=g\",\"contentUrl\":\"https:\/\/secure.gravatar.com\/avatar\/830d4c57adaae6630765e449a6908047?s=96&d=mm&r=g\",\"caption\":\"admpu17wp\"}}]}<\/script>\n<!-- \/ Yoast SEO plugin. -->","yoast_head_json":{"title":"Alberto Fern\u00e1ndez: \"Como cada 2 de abril, reivindicamos nuestra soberan\u00eda\" -","robots":{"index":"index","follow":"follow","max-snippet":"max-snippet:-1","max-image-preview":"max-image-preview:large","max-video-preview":"max-video-preview:-1"},"canonical":"https:\/\/experienciadevida.com.ar\/portalurbano\/alberto-fernandez-como-cada-2-de-abril-reivindicamos-nuestra-soberania\/","og_locale":"es_ES","og_type":"article","og_title":"Alberto Fern\u00e1ndez: \"Como cada 2 de abril, reivindicamos nuestra soberan\u00eda\" -","og_description":"El Presidente se expres\u00f3 por Twitter este jueves con motivo del D\u00eda del Veterano y...","og_url":"https:\/\/experienciadevida.com.ar\/portalurbano\/alberto-fernandez-como-cada-2-de-abril-reivindicamos-nuestra-soberania\/","article_publisher":"https:\/\/www.facebook.com\/Portal-Urbano-171542830093757\/","article_published_time":"2020-04-02T15:37:24+00:00","article_modified_time":"2020-04-02T15:37:54+00:00","og_image":[{"width":765,"height":540,"url":"https:\/\/experienciadevida.com.ar\/portalurbano\/wp-content\/uploads\/2020\/03\/FERNANDEZ-e1583859691848.jpg","type":"image\/jpeg"}],"author":"admpu17wp","twitter_card":"summary_large_image","twitter_creator":"@portalurbanook","twitter_site":"@portalurbanook","twitter_misc":{"Escrito por":"admpu17wp","Tiempo de lectura":"2 minutos"},"schema":{"@context":"https:\/\/schema.org","@graph":[{"@type":"Article","@id":"https:\/\/experienciadevida.com.ar\/portalurbano\/alberto-fernandez-como-cada-2-de-abril-reivindicamos-nuestra-soberania\/#article","isPartOf":{"@id":"https:\/\/experienciadevida.com.ar\/portalurbano\/alberto-fernandez-como-cada-2-de-abril-reivindicamos-nuestra-soberania\/"},"author":{"name":"admpu17wp","@id":"https:\/\/experienciadevida.com.ar\/portalurbano\/#\/schema\/person\/02dd326b1c4b056e9cc972486934a3a7"},"headline":"Alberto Fern\u00e1ndez: &#8220;Como cada 2 de abril, reivindicamos nuestra soberan\u00eda&#8221;","datePublished":"2020-04-02T15:37:24+00:00","dateModified":"2020-04-02T15:37:54+00:00","mainEntityOfPage":{"@id":"https:\/\/experienciadevida.com.ar\/portalurbano\/alberto-fernandez-como-cada-2-de-abril-reivindicamos-nuestra-soberania\/"},"wordCount":348,"commentCount":0,"publisher":{"@id":"https:\/\/experienciadevida.com.ar\/portalurbano\/#organization"},"articleSection":["Naci\u00f3n"],"inLanguage":"es","potentialAction":[{"@type":"CommentAction","name":"Comment","target":["https:\/\/experienciadevida.com.ar\/portalurbano\/alberto-fernandez-como-cada-2-de-abril-reivindicamos-nuestra-soberania\/#respond"]}]},{"@type":"WebPage","@id":"https:\/\/experienciadevida.com.ar\/portalurbano\/alberto-fernandez-como-cada-2-de-abril-reivindicamos-nuestra-soberania\/","url":"https:\/\/experienciadevida.com.ar\/portalurbano\/alberto-fernandez-como-cada-2-de-abril-reivindicamos-nuestra-soberania\/","name":"Alberto Fern\u00e1ndez: \"Como cada 2 de abril, reivindicamos nuestra soberan\u00eda\" -","isPartOf":{"@id":"https:\/\/experienciadevida.com.ar\/portalurbano\/#website"},"datePublished":"2020-04-02T15:37:24+00:00","dateModified":"2020-04-02T15:37:54+00:00","breadcrumb":{"@id":"https:\/\/experienciadevida.com.ar\/portalurbano\/alberto-fernandez-como-cada-2-de-abril-reivindicamos-nuestra-soberania\/#breadcrumb"},"inLanguage":"es","potentialAction":[{"@type":"ReadAction","target":["https:\/\/experienciadevida.com.ar\/portalurbano\/alberto-fernandez-como-cada-2-de-abril-reivindicamos-nuestra-soberania\/"]}]},{"@type":"BreadcrumbList","@id":"https:\/\/experienciadevida.com.ar\/portalurbano\/alberto-fernandez-como-cada-2-de-abril-reivindicamos-nuestra-soberania\/#breadcrumb","itemListElement":[{"@type":"ListItem","position":1,"name":"Portada","item":"https:\/\/experienciadevida.com.ar\/portalurbano\/"},{"@type":"ListItem","position":2,"name":"Alberto Fern\u00e1ndez: \u00abComo cada 2 de abril, reivindicamos nuestra soberan\u00eda\u00bb"}]},{"@type":"WebSite","@id":"https:\/\/experienciadevida.com.ar\/portalurbano\/#website","url":"https:\/\/experienciadevida.com.ar\/portalurbano\/","name":"","description":"","publisher":{"@id":"https:\/\/experienciadevida.com.ar\/portalurbano\/#organization"},"potentialAction":[{"@type":"SearchAction","target":{"@type":"EntryPoint","urlTemplate":"https:\/\/experienciadevida.com.ar\/portalurbano\/?s={search_term_string}"},"query-input":"required name=search_term_string"}],"inLanguage":"es"},{"@type":"Organization","@id":"https:\/\/experienciadevida.com.ar\/portalurbano\/#organization","name":"Portal Urbano","url":"https:\/\/experienciadevida.com.ar\/portalurbano\/","logo":{"@type":"ImageObject","inLanguage":"es","@id":"https:\/\/experienciadevida.com.ar\/portalurbano\/#\/schema\/logo\/image\/","url":"https:\/\/experienciadevida.com.ar\/portalurbano\/wp-content\/uploads\/2019\/09\/Logo-Original.png","contentUrl":"https:\/\/experienciadevida.com.ar\/portalurbano\/wp-content\/uploads\/2019\/09\/Logo-Original.png","width":2236,"height":1216,"caption":"Portal Urbano"},"image":{"@id":"https:\/\/experienciadevida.com.ar\/portalurbano\/#\/schema\/logo\/image\/"},"sameAs":["https:\/\/www.facebook.com\/Portal-Urbano-171542830093757\/","https:\/\/twitter.com\/portalurbanook","https:\/\/www.instagram.com\/_portalurbano\/","https:\/\/www.youtube.com\/channel\/UCXhagIfszH8KxFiOok79zbA?view_as=subscriber"]},{"@type":"Person","@id":"https:\/\/experienciadevida.com.ar\/portalurbano\/#\/schema\/person\/02dd326b1c4b056e9cc972486934a3a7","name":"admpu17wp","image":{"@type":"ImageObject","inLanguage":"es","@id":"https:\/\/experienciadevida.com.ar\/portalurbano\/#\/schema\/person\/image\/","url":"https:\/\/secure.gravatar.com\/avatar\/830d4c57adaae6630765e449a6908047?s=96&d=mm&r=g","contentUrl":"https:\/\/secure.gravatar.com\/avatar\/830d4c57adaae6630765e449a6908047?s=96&d=mm&r=g","caption":"admpu17wp"}}]}},"featured_image_urls":{"full":["https:\/\/experienciadevida.com.ar\/portalurbano\/wp-content\/uploads\/2020\/03\/FERNANDEZ-e1583859691848.jpg",765,540,false],"thumbnail":["https:\/\/experienciadevida.com.ar\/portalurbano\/wp-content\/uploads\/2020\/03\/FERNANDEZ-150x150.jpg",150,150,true],"medium":["https:\/\/experienciadevida.com.ar\/portalurbano\/wp-content\/uploads\/2020\/03\/FERNANDEZ-300x212.jpg",300,212,true],"medium_large":["https:\/\/experienciadevida.com.ar\/portalurbano\/wp-content\/uploads\/2020\/03\/FERNANDEZ-768x542.jpg",640,452,true],"large":["https:\/\/experienciadevida.com.ar\/portalurbano\/wp-content\/uploads\/2020\/03\/FERNANDEZ-1024x722.jpg",640,451,true],"ug_big":["https:\/\/experienciadevida.com.ar\/portalurbano\/wp-content\/uploads\/2020\/03\/FERNANDEZ-768x542.jpg",768,542,true],"1536x1536":["https:\/\/experienciadevida.com.ar\/portalurbano\/wp-content\/uploads\/2020\/03\/FERNANDEZ-e1583859691848.jpg",765,540,false],"2048x2048":["https:\/\/experienciadevida.com.ar\/portalurbano\/wp-content\/uploads\/2020\/03\/FERNANDEZ-e1583859691848.jpg",765,540,false],"newsever-slider-full":["https:\/\/experienciadevida.com.ar\/portalurbano\/wp-content\/uploads\/2020\/03\/FERNANDEZ-e1583859691848.jpg",765,540,false],"newsever-featured":["https:\/\/experienciadevida.com.ar\/portalurbano\/wp-content\/uploads\/2020\/03\/FERNANDEZ-e1583859691848.jpg",765,540,false],"newsever-medium":["https:\/\/experienciadevida.com.ar\/portalurbano\/wp-content\/uploads\/2020\/03\/FERNANDEZ-e1583859691848.jpg",673,475,false],"web-stories-poster-portrait":["https:\/\/experienciadevida.com.ar\/portalurbano\/wp-content\/uploads\/2020\/03\/FERNANDEZ-e1583859691848.jpg",640,452,false],"web-stories-publisher-logo":["https:\/\/experienciadevida.com.ar\/portalurbano\/wp-content\/uploads\/2020\/03\/FERNANDEZ-e1583859691848.jpg",96,68,false],"web-stories-thumbnail":["https:\/\/experienciadevida.com.ar\/portalurbano\/wp-content\/uploads\/2020\/03\/FERNANDEZ-e1583859691848.jpg",150,106,false]},"author_info":{"display_name":"admpu17wp","author_link":"https:\/\/experienciadevida.com.ar\/portalurbano\/author\/admpu17wp\/"},"category_info":"<a href=\"https:\/\/experienciadevida.com.ar\/portalurbano\/category\/nacion\/\" rel=\"category tag\">Naci\u00f3n<\/a>","tag_info":"Naci\u00f3n","comment_count":"0","amp_enabled":true,"_links":{"self":[{"href":"https:\/\/experienciadevida.com.ar\/portalurbano\/wp-json\/wp\/v2\/posts\/105997"}],"collection":[{"href":"https:\/\/experienciadevida.com.ar\/portalurbano\/wp-json\/wp\/v2\/posts"}],"about":[{"href":"https:\/\/experienciadevida.com.ar\/portalurbano\/wp-json\/wp\/v2\/types\/post"}],"author":[{"embeddable":true,"href":"https:\/\/experienciadevida.com.ar\/portalurbano\/wp-json\/wp\/v2\/users\/1"}],"replies":[{"embeddable":true,"href":"https:\/\/experienciadevida.com.ar\/portalurbano\/wp-json\/wp\/v2\/comments?post=105997"}],"version-history":[{"count":2,"href":"https:\/\/experienciadevida.com.ar\/portalurbano\/wp-json\/wp\/v2\/posts\/105997\/revisions"}],"predecessor-version":[{"id":105999,"href":"https:\/\/experienciadevida.com.ar\/portalurbano\/wp-json\/wp\/v2\/posts\/105997\/revisions\/105999"}],"wp:featuredmedia":[{"embeddable":true,"href":"https:\/\/experienciadevida.com.ar\/portalurbano\/wp-json\/wp\/v2\/media\/103711"}],"wp:attachment":[{"href":"https:\/\/experienciadevida.com.ar\/portalurbano\/wp-json\/wp\/v2\/media?parent=105997"}],"wp:term":[{"taxonomy":"category","embeddable":true,"href":"https:\/\/experienciadevida.com.ar\/portalurbano\/wp-json\/wp\/v2\/categories?post=105997"},{"taxonomy":"post_tag","embeddable":true,"href":"https:\/\/experienciadevida.com.ar\/portalurbano\/wp-json\/wp\/v2\/tags?post=105997"}],"curies":[{"name":"wp","href":"https:\/\/api.w.org\/{rel}","templated":true}]}}