{"id":105922,"date":"2020-04-01T20:24:29","date_gmt":"2020-04-01T23:24:29","guid":{"rendered":"https:\/\/experienciadevida.com.ar\/portalurbano\/?p=105922"},"modified":"2020-04-01T20:24:29","modified_gmt":"2020-04-01T23:24:29","slug":"bancos-reabriran-el-viernes-pero-sera-solo-para-atender-a-jubilados-y-beneficiarios-de-planes-sociales","status":"publish","type":"post","link":"https:\/\/experienciadevida.com.ar\/portalurbano\/bancos-reabriran-el-viernes-pero-sera-solo-para-atender-a-jubilados-y-beneficiarios-de-planes-sociales\/","title":{"rendered":"Bancos reabrir\u00e1n el viernes pero ser\u00e1 s\u00f3lo para atender a jubilados y beneficiarios de planes sociales"},"content":{"rendered":"<article id=\"article-post\" class=\"first\">\n<p class=\"interiorCopete\">As\u00ed lo dispuso el Banco Central. Ser\u00e1 solamente para quienes cobres haberes previsionales y pensiones, y para aquellos que cobren planes y que no cuenten con tarjeta de d\u00e9bito<\/p>\n<hr \/>\n<div class=\"separator-line\">Los bancos reanudar\u00e1n su atenci\u00f3n al p\u00fablico el pr\u00f3ximo viernes <strong>solo para jubilados, pensionados y beneficiarios de planes sociales que no posean tarjeta de d\u00e9bito<\/strong>, por lo cual las entidades financieras solicitaron al resto de la gente que no se acerque a las sucursales, salvo para operar con los cajeros autom\u00e1ticos.<\/div>\n<div class=\"cuerpo\" data-twitter-link=\"https:\/\/twitter.com\/intent\/tweet?url=https:\/\/www.diariopopular.com.ar\/\/c469118&amp;via=poopulardiario&amp;related=Diario Popular&amp;text=\">\n<div id=\"div-gpt-ad-nota-854467\" class=\"banner-90\" data-mapping=\"mapping9\" data-google-query-id=\"CJWslKevyOgCFaMEuQYdRfgPLA\">\n<div id=\"google_ads_iframe_\/7581181\/dp_universal_0__container__\"><\/div>\n<\/div>\n<\/div>\n<\/article>\n<article id=\"article-post\">\n<div class=\"cuerpo\" data-twitter-link=\"https:\/\/twitter.com\/intent\/tweet?url=https:\/\/www.diariopopular.com.ar\/\/c469118&amp;via=poopulardiario&amp;related=Diario Popular&amp;text=\">\n<p>El\u00a0<strong>Banco Central<\/strong>\u00a0habilit\u00f3 hoy la reapertura de los bancos a partir del viernes para la atenci\u00f3n a clientes que sean beneficiarios de haberes previsionales y pensiones, y beneficiarios de prestaciones, planes o programas de ayuda abonados por la Administraci\u00f3n Nacional de la Seguridad Social (Anses) u otro ente administrador de pagos.<\/p>\n<p>Lo hizo a trav\u00e9s de la Comunicaci\u00f3n A 6949 difundida esta madrugada, en la que precis\u00f3 que\u00a0<strong>la atenci\u00f3n tendr\u00e1 lugar todos los d\u00edas h\u00e1biles bancarios durante la jornada habitual de atenci\u00f3n al p\u00fablico<\/strong>, seg\u00fan la jurisdicci\u00f3n de que se trate, debiendo sujetarse a un estricto cumplimiento de las normas sanitarias para preservar la salud de los clientes y trabajadores bancarios.<\/p>\n<p>Fuentes del Banco Provincia subrayaron a T\u00e9lam que \u201c<strong>las sucursales abrir\u00e1n sus puertas s\u00f3lo para la atenci\u00f3n de jubilados, pensionados y beneficiarios de prestaciones<\/strong>, planes y programas de ayuda de Anses y de otros entes\u201d, y precisaron que \u201cla atenci\u00f3n ser\u00e1 en el horario habitual, es decir de 10 a 15\u201d.<\/p>\n<p>Adem\u00e1s indicaron que \u201cel personal del banco se enfocar\u00e1 en\u00a0<strong>capacitar a los clientes en el uso de los canales alternativos<\/strong>, como el cajero autom\u00e1tico y la Banca Internet Provincia\u201d.<\/p>\n<p><strong>De todos modos, la entidad recomend\u00f3 que \u201cs\u00f3lo asistan a la sucursal los\u00a0adultos mayores\u00a0que requieran asistencia personalizada para el cobro\u201d.<\/strong><\/p>\n<div id=\"div-gpt-ad-nota-339215\" class=\"banner-90\" data-mapping=\"mapping9\" data-google-query-id=\"CKvDkqevyOgCFaMEuQYdRfgPLA\">\n<div id=\"google_ads_iframe_\/7581181\/dp_universal_1__container__\">\u201cSiempre es mejor que <strong>un apoderado pueda cobrar o retirar dinero del cajero en lugar del beneficiario<\/strong>. Ir al banco es la excepci\u00f3n, la regla siempre es quedarse en casa, sobre todo para los grupos de riesgo\u201d, aseguraron las fuentes de la entidad.<\/div>\n<\/div>\n<p>Asimismo destacaron que \u201cel personal del banco va a administrar el flujo de clientes hacia el interior de las sucursales de acuerdo con lo que considere seguro\u201d, y se\u00f1alaron que\u00a0<strong>la instituci\u00f3n \u201cproveer\u00e1 a su personal de todos los elementos de higiene y limpieza necesarios para llevar adelante las tareas de atenci\u00f3n\u201d<\/strong>.<\/p>\n<\/div>\n<\/article>\n","protected":false},"excerpt":{"rendered":"<p>As\u00ed lo dispuso el Banco Central. Ser\u00e1 solamente para quienes cobres haberes previsionales y pensiones,&#8230;<\/p>\n","protected":false},"author":1,"featured_media":0,"comment_status":"open","ping_status":"open","sticky":false,"template":"","format":"standard","meta":{"content-type":""},"categories":[39],"tags":[],"nelio_content":{"isAutoShareEnabled":false,"autoShareEndMode":"default","automationSources":{"useContentSentences":true,"useSocialTemplates":true,"useCustomSentences":false,"customSentences":[]},"followers":[1],"suggestedReferences":[],"includedReferences":[],"efiUrl":"","efiAlt":"","highlights":[]},"yoast_head":"<!-- This site is optimized with the Yoast SEO plugin v20.7 - https:\/\/yoast.com\/wordpress\/plugins\/seo\/ -->\n<title>Bancos reabrir\u00e1n el viernes pero ser\u00e1 s\u00f3lo para atender a jubilados y beneficiarios de planes sociales -<\/title>\n<meta name=\"robots\" content=\"index, follow, max-snippet:-1, max-image-preview:large, max-video-preview:-1\" \/>\n<link rel=\"canonical\" href=\"https:\/\/experienciadevida.com.ar\/portalurbano\/bancos-reabriran-el-viernes-pero-sera-solo-para-atender-a-jubilados-y-beneficiarios-de-planes-sociales\/\" \/>\n<meta property=\"og:locale\" content=\"es_ES\" \/>\n<meta property=\"og:type\" content=\"article\" \/>\n<meta property=\"og:title\" content=\"Bancos reabrir\u00e1n el viernes pero ser\u00e1 s\u00f3lo para atender a jubilados y beneficiarios de planes sociales -\" \/>\n<meta property=\"og:description\" content=\"As\u00ed lo dispuso el Banco Central. Ser\u00e1 solamente para quienes cobres haberes previsionales y pensiones,...\" \/>\n<meta property=\"og:url\" content=\"https:\/\/experienciadevida.com.ar\/portalurbano\/bancos-reabriran-el-viernes-pero-sera-solo-para-atender-a-jubilados-y-beneficiarios-de-planes-sociales\/\" \/>\n<meta property=\"article:publisher\" content=\"https:\/\/www.facebook.com\/Portal-Urbano-171542830093757\/\" \/>\n<meta property=\"article:published_time\" content=\"2020-04-01T23:24:29+00:00\" \/>\n<meta name=\"author\" content=\"admpu17wp\" \/>\n<meta name=\"twitter:card\" content=\"summary_large_image\" \/>\n<meta name=\"twitter:creator\" content=\"@portalurbanook\" \/>\n<meta name=\"twitter:site\" content=\"@portalurbanook\" \/>\n<meta name=\"twitter:label1\" content=\"Escrito por\" \/>\n\t<meta name=\"twitter:data1\" content=\"admpu17wp\" \/>\n\t<meta name=\"twitter:label2\" content=\"Tiempo de lectura\" \/>\n\t<meta name=\"twitter:data2\" content=\"2 minutos\" \/>\n<script type=\"application\/ld+json\" class=\"yoast-schema-graph\">{\"@context\":\"https:\/\/schema.org\",\"@graph\":[{\"@type\":\"Article\",\"@id\":\"https:\/\/experienciadevida.com.ar\/portalurbano\/bancos-reabriran-el-viernes-pero-sera-solo-para-atender-a-jubilados-y-beneficiarios-de-planes-sociales\/#article\",\"isPartOf\":{\"@id\":\"https:\/\/experienciadevida.com.ar\/portalurbano\/bancos-reabriran-el-viernes-pero-sera-solo-para-atender-a-jubilados-y-beneficiarios-de-planes-sociales\/\"},\"author\":{\"name\":\"admpu17wp\",\"@id\":\"https:\/\/experienciadevida.com.ar\/portalurbano\/#\/schema\/person\/02dd326b1c4b056e9cc972486934a3a7\"},\"headline\":\"Bancos reabrir\u00e1n el viernes pero ser\u00e1 s\u00f3lo para atender a jubilados y beneficiarios de planes sociales\",\"datePublished\":\"2020-04-01T23:24:29+00:00\",\"dateModified\":\"2020-04-01T23:24:29+00:00\",\"mainEntityOfPage\":{\"@id\":\"https:\/\/experienciadevida.com.ar\/portalurbano\/bancos-reabriran-el-viernes-pero-sera-solo-para-atender-a-jubilados-y-beneficiarios-de-planes-sociales\/\"},\"wordCount\":436,\"commentCount\":0,\"publisher\":{\"@id\":\"https:\/\/experienciadevida.com.ar\/portalurbano\/#organization\"},\"articleSection\":[\"Naci\u00f3n\"],\"inLanguage\":\"es\",\"potentialAction\":[{\"@type\":\"CommentAction\",\"name\":\"Comment\",\"target\":[\"https:\/\/experienciadevida.com.ar\/portalurbano\/bancos-reabriran-el-viernes-pero-sera-solo-para-atender-a-jubilados-y-beneficiarios-de-planes-sociales\/#respond\"]}]},{\"@type\":\"WebPage\",\"@id\":\"https:\/\/experienciadevida.com.ar\/portalurbano\/bancos-reabriran-el-viernes-pero-sera-solo-para-atender-a-jubilados-y-beneficiarios-de-planes-sociales\/\",\"url\":\"https:\/\/experienciadevida.com.ar\/portalurbano\/bancos-reabriran-el-viernes-pero-sera-solo-para-atender-a-jubilados-y-beneficiarios-de-planes-sociales\/\",\"name\":\"Bancos reabrir\u00e1n el viernes pero ser\u00e1 s\u00f3lo para atender a jubilados y beneficiarios de planes sociales -\",\"isPartOf\":{\"@id\":\"https:\/\/experienciadevida.com.ar\/portalurbano\/#website\"},\"datePublished\":\"2020-04-01T23:24:29+00:00\",\"dateModified\":\"2020-04-01T23:24:29+00:00\",\"breadcrumb\":{\"@id\":\"https:\/\/experienciadevida.com.ar\/portalurbano\/bancos-reabriran-el-viernes-pero-sera-solo-para-atender-a-jubilados-y-beneficiarios-de-planes-sociales\/#breadcrumb\"},\"inLanguage\":\"es\",\"potentialAction\":[{\"@type\":\"ReadAction\",\"target\":[\"https:\/\/experienciadevida.com.ar\/portalurbano\/bancos-reabriran-el-viernes-pero-sera-solo-para-atender-a-jubilados-y-beneficiarios-de-planes-sociales\/\"]}]},{\"@type\":\"BreadcrumbList\",\"@id\":\"https:\/\/experienciadevida.com.ar\/portalurbano\/bancos-reabriran-el-viernes-pero-sera-solo-para-atender-a-jubilados-y-beneficiarios-de-planes-sociales\/#breadcrumb\",\"itemListElement\":[{\"@type\":\"ListItem\",\"position\":1,\"name\":\"Portada\",\"item\":\"https:\/\/experienciadevida.com.ar\/portalurbano\/\"},{\"@type\":\"ListItem\",\"position\":2,\"name\":\"Bancos reabrir\u00e1n el viernes pero ser\u00e1 s\u00f3lo para atender a jubilados y beneficiarios de planes sociales\"}]},{\"@type\":\"WebSite\",\"@id\":\"https:\/\/experienciadevida.com.ar\/portalurbano\/#website\",\"url\":\"https:\/\/experienciadevida.com.ar\/portalurbano\/\",\"name\":\"\",\"description\":\"\",\"publisher\":{\"@id\":\"https:\/\/experienciadevida.com.ar\/portalurbano\/#organization\"},\"potentialAction\":[{\"@type\":\"SearchAction\",\"target\":{\"@type\":\"EntryPoint\",\"urlTemplate\":\"https:\/\/experienciadevida.com.ar\/portalurbano\/?s={search_term_string}\"},\"query-input\":\"required name=search_term_string\"}],\"inLanguage\":\"es\"},{\"@type\":\"Organization\",\"@id\":\"https:\/\/experienciadevida.com.ar\/portalurbano\/#organization\",\"name\":\"Portal Urbano\",\"url\":\"https:\/\/experienciadevida.com.ar\/portalurbano\/\",\"logo\":{\"@type\":\"ImageObject\",\"inLanguage\":\"es\",\"@id\":\"https:\/\/experienciadevida.com.ar\/portalurbano\/#\/schema\/logo\/image\/\",\"url\":\"https:\/\/experienciadevida.com.ar\/portalurbano\/wp-content\/uploads\/2019\/09\/Logo-Original.png\",\"contentUrl\":\"https:\/\/experienciadevida.com.ar\/portalurbano\/wp-content\/uploads\/2019\/09\/Logo-Original.png\",\"width\":2236,\"height\":1216,\"caption\":\"Portal Urbano\"},\"image\":{\"@id\":\"https:\/\/experienciadevida.com.ar\/portalurbano\/#\/schema\/logo\/image\/\"},\"sameAs\":[\"https:\/\/www.facebook.com\/Portal-Urbano-171542830093757\/\",\"https:\/\/twitter.com\/portalurbanook\",\"https:\/\/www.instagram.com\/_portalurbano\/\",\"https:\/\/www.youtube.com\/channel\/UCXhagIfszH8KxFiOok79zbA?view_as=subscriber\"]},{\"@type\":\"Person\",\"@id\":\"https:\/\/experienciadevida.com.ar\/portalurbano\/#\/schema\/person\/02dd326b1c4b056e9cc972486934a3a7\",\"name\":\"admpu17wp\",\"image\":{\"@type\":\"ImageObject\",\"inLanguage\":\"es\",\"@id\":\"https:\/\/experienciadevida.com.ar\/portalurbano\/#\/schema\/person\/image\/\",\"url\":\"https:\/\/secure.gravatar.com\/avatar\/830d4c57adaae6630765e449a6908047?s=96&d=mm&r=g\",\"contentUrl\":\"https:\/\/secure.gravatar.com\/avatar\/830d4c57adaae6630765e449a6908047?s=96&d=mm&r=g\",\"caption\":\"admpu17wp\"}}]}<\/script>\n<!-- \/ Yoast SEO plugin. -->","yoast_head_json":{"title":"Bancos reabrir\u00e1n el viernes pero ser\u00e1 s\u00f3lo para atender a jubilados y beneficiarios de planes sociales -","robots":{"index":"index","follow":"follow","max-snippet":"max-snippet:-1","max-image-preview":"max-image-preview:large","max-video-preview":"max-video-preview:-1"},"canonical":"https:\/\/experienciadevida.com.ar\/portalurbano\/bancos-reabriran-el-viernes-pero-sera-solo-para-atender-a-jubilados-y-beneficiarios-de-planes-sociales\/","og_locale":"es_ES","og_type":"article","og_title":"Bancos reabrir\u00e1n el viernes pero ser\u00e1 s\u00f3lo para atender a jubilados y beneficiarios de planes sociales -","og_description":"As\u00ed lo dispuso el Banco Central. Ser\u00e1 solamente para quienes cobres haberes previsionales y pensiones,...","og_url":"https:\/\/experienciadevida.com.ar\/portalurbano\/bancos-reabriran-el-viernes-pero-sera-solo-para-atender-a-jubilados-y-beneficiarios-de-planes-sociales\/","article_publisher":"https:\/\/www.facebook.com\/Portal-Urbano-171542830093757\/","article_published_time":"2020-04-01T23:24:29+00:00","author":"admpu17wp","twitter_card":"summary_large_image","twitter_creator":"@portalurbanook","twitter_site":"@portalurbanook","twitter_misc":{"Escrito por":"admpu17wp","Tiempo de lectura":"2 minutos"},"schema":{"@context":"https:\/\/schema.org","@graph":[{"@type":"Article","@id":"https:\/\/experienciadevida.com.ar\/portalurbano\/bancos-reabriran-el-viernes-pero-sera-solo-para-atender-a-jubilados-y-beneficiarios-de-planes-sociales\/#article","isPartOf":{"@id":"https:\/\/experienciadevida.com.ar\/portalurbano\/bancos-reabriran-el-viernes-pero-sera-solo-para-atender-a-jubilados-y-beneficiarios-de-planes-sociales\/"},"author":{"name":"admpu17wp","@id":"https:\/\/experienciadevida.com.ar\/portalurbano\/#\/schema\/person\/02dd326b1c4b056e9cc972486934a3a7"},"headline":"Bancos reabrir\u00e1n el viernes pero ser\u00e1 s\u00f3lo para atender a jubilados y beneficiarios de planes sociales","datePublished":"2020-04-01T23:24:29+00:00","dateModified":"2020-04-01T23:24:29+00:00","mainEntityOfPage":{"@id":"https:\/\/experienciadevida.com.ar\/portalurbano\/bancos-reabriran-el-viernes-pero-sera-solo-para-atender-a-jubilados-y-beneficiarios-de-planes-sociales\/"},"wordCount":436,"commentCount":0,"publisher":{"@id":"https:\/\/experienciadevida.com.ar\/portalurbano\/#organization"},"articleSection":["Naci\u00f3n"],"inLanguage":"es","potentialAction":[{"@type":"CommentAction","name":"Comment","target":["https:\/\/experienciadevida.com.ar\/portalurbano\/bancos-reabriran-el-viernes-pero-sera-solo-para-atender-a-jubilados-y-beneficiarios-de-planes-sociales\/#respond"]}]},{"@type":"WebPage","@id":"https:\/\/experienciadevida.com.ar\/portalurbano\/bancos-reabriran-el-viernes-pero-sera-solo-para-atender-a-jubilados-y-beneficiarios-de-planes-sociales\/","url":"https:\/\/experienciadevida.com.ar\/portalurbano\/bancos-reabriran-el-viernes-pero-sera-solo-para-atender-a-jubilados-y-beneficiarios-de-planes-sociales\/","name":"Bancos reabrir\u00e1n el viernes pero ser\u00e1 s\u00f3lo para atender a jubilados y beneficiarios de planes sociales -","isPartOf":{"@id":"https:\/\/experienciadevida.com.ar\/portalurbano\/#website"},"datePublished":"2020-04-01T23:24:29+00:00","dateModified":"2020-04-01T23:24:29+00:00","breadcrumb":{"@id":"https:\/\/experienciadevida.com.ar\/portalurbano\/bancos-reabriran-el-viernes-pero-sera-solo-para-atender-a-jubilados-y-beneficiarios-de-planes-sociales\/#breadcrumb"},"inLanguage":"es","potentialAction":[{"@type":"ReadAction","target":["https:\/\/experienciadevida.com.ar\/portalurbano\/bancos-reabriran-el-viernes-pero-sera-solo-para-atender-a-jubilados-y-beneficiarios-de-planes-sociales\/"]}]},{"@type":"BreadcrumbList","@id":"https:\/\/experienciadevida.com.ar\/portalurbano\/bancos-reabriran-el-viernes-pero-sera-solo-para-atender-a-jubilados-y-beneficiarios-de-planes-sociales\/#breadcrumb","itemListElement":[{"@type":"ListItem","position":1,"name":"Portada","item":"https:\/\/experienciadevida.com.ar\/portalurbano\/"},{"@type":"ListItem","position":2,"name":"Bancos reabrir\u00e1n el viernes pero ser\u00e1 s\u00f3lo para atender a jubilados y beneficiarios de planes sociales"}]},{"@type":"WebSite","@id":"https:\/\/experienciadevida.com.ar\/portalurbano\/#website","url":"https:\/\/experienciadevida.com.ar\/portalurbano\/","name":"","description":"","publisher":{"@id":"https:\/\/experienciadevida.com.ar\/portalurbano\/#organization"},"potentialAction":[{"@type":"SearchAction","target":{"@type":"EntryPoint","urlTemplate":"https:\/\/experienciadevida.com.ar\/portalurbano\/?s={search_term_string}"},"query-input":"required name=search_term_string"}],"inLanguage":"es"},{"@type":"Organization","@id":"https:\/\/experienciadevida.com.ar\/portalurbano\/#organization","name":"Portal Urbano","url":"https:\/\/experienciadevida.com.ar\/portalurbano\/","logo":{"@type":"ImageObject","inLanguage":"es","@id":"https:\/\/experienciadevida.com.ar\/portalurbano\/#\/schema\/logo\/image\/","url":"https:\/\/experienciadevida.com.ar\/portalurbano\/wp-content\/uploads\/2019\/09\/Logo-Original.png","contentUrl":"https:\/\/experienciadevida.com.ar\/portalurbano\/wp-content\/uploads\/2019\/09\/Logo-Original.png","width":2236,"height":1216,"caption":"Portal Urbano"},"image":{"@id":"https:\/\/experienciadevida.com.ar\/portalurbano\/#\/schema\/logo\/image\/"},"sameAs":["https:\/\/www.facebook.com\/Portal-Urbano-171542830093757\/","https:\/\/twitter.com\/portalurbanook","https:\/\/www.instagram.com\/_portalurbano\/","https:\/\/www.youtube.com\/channel\/UCXhagIfszH8KxFiOok79zbA?view_as=subscriber"]},{"@type":"Person","@id":"https:\/\/experienciadevida.com.ar\/portalurbano\/#\/schema\/person\/02dd326b1c4b056e9cc972486934a3a7","name":"admpu17wp","image":{"@type":"ImageObject","inLanguage":"es","@id":"https:\/\/experienciadevida.com.ar\/portalurbano\/#\/schema\/person\/image\/","url":"https:\/\/secure.gravatar.com\/avatar\/830d4c57adaae6630765e449a6908047?s=96&d=mm&r=g","contentUrl":"https:\/\/secure.gravatar.com\/avatar\/830d4c57adaae6630765e449a6908047?s=96&d=mm&r=g","caption":"admpu17wp"}}]}},"featured_image_urls":{"full":"","thumbnail":"","medium":"","medium_large":"","large":"","ug_big":"","1536x1536":"","2048x2048":"","newsever-slider-full":"","newsever-featured":"","newsever-medium":"","web-stories-poster-portrait":"","web-stories-publisher-logo":"","web-stories-thumbnail":""},"author_info":{"display_name":"admpu17wp","author_link":"https:\/\/experienciadevida.com.ar\/portalurbano\/author\/admpu17wp\/"},"category_info":"<a href=\"https:\/\/experienciadevida.com.ar\/portalurbano\/category\/nacion\/\" rel=\"category tag\">Naci\u00f3n<\/a>","tag_info":"Naci\u00f3n","comment_count":"0","amp_enabled":true,"_links":{"self":[{"href":"https:\/\/experienciadevida.com.ar\/portalurbano\/wp-json\/wp\/v2\/posts\/105922"}],"collection":[{"href":"https:\/\/experienciadevida.com.ar\/portalurbano\/wp-json\/wp\/v2\/posts"}],"about":[{"href":"https:\/\/experienciadevida.com.ar\/portalurbano\/wp-json\/wp\/v2\/types\/post"}],"author":[{"embeddable":true,"href":"https:\/\/experienciadevida.com.ar\/portalurbano\/wp-json\/wp\/v2\/users\/1"}],"replies":[{"embeddable":true,"href":"https:\/\/experienciadevida.com.ar\/portalurbano\/wp-json\/wp\/v2\/comments?post=105922"}],"version-history":[{"count":1,"href":"https:\/\/experienciadevida.com.ar\/portalurbano\/wp-json\/wp\/v2\/posts\/105922\/revisions"}],"predecessor-version":[{"id":105925,"href":"https:\/\/experienciadevida.com.ar\/portalurbano\/wp-json\/wp\/v2\/posts\/105922\/revisions\/105925"}],"wp:attachment":[{"href":"https:\/\/experienciadevida.com.ar\/portalurbano\/wp-json\/wp\/v2\/media?parent=105922"}],"wp:term":[{"taxonomy":"category","embeddable":true,"href":"https:\/\/experienciadevida.com.ar\/portalurbano\/wp-json\/wp\/v2\/categories?post=105922"},{"taxonomy":"post_tag","embeddable":true,"href":"https:\/\/experienciadevida.com.ar\/portalurbano\/wp-json\/wp\/v2\/tags?post=105922"}],"curies":[{"name":"wp","href":"https:\/\/api.w.org\/{rel}","templated":true}]}}