{"id":105918,"date":"2020-04-01T20:21:25","date_gmt":"2020-04-01T23:21:25","guid":{"rendered":"https:\/\/experienciadevida.com.ar\/portalurbano\/?p=105918"},"modified":"2020-04-01T20:21:25","modified_gmt":"2020-04-01T23:21:25","slug":"alberto-fernandez-califico-a-moyano-como-un-dirigente-ejemplar-y-destaco-la-labor-del-sindicalismo","status":"publish","type":"post","link":"https:\/\/experienciadevida.com.ar\/portalurbano\/alberto-fernandez-califico-a-moyano-como-un-dirigente-ejemplar-y-destaco-la-labor-del-sindicalismo\/","title":{"rendered":"Alberto Fern\u00e1ndez calific\u00f3 a Moyano como un &#8220;dirigente ejemplar&#8221; y destac\u00f3 la labor del sindicalismo"},"content":{"rendered":"<article id=\"article-post\" class=\"first\">\n<p class=\"interiorCopete\">El Presidente le agradeci\u00f3 al dirigente camionero la cesi\u00f3n del sanatorio Antartida para enfrentar la pandemia y volvi\u00f3 a criticar a los empresarios<\/p>\n<hr \/>\n<div class=\"separator-line\">En el marco de la recorrida por el sanatorio Ant\u00e1rtida que el gremio de los camioneros puso a disposici\u00f3n del gobierno bonaerense para enfrentar la pandemia del coronavirus, el presidente Alberto Fern\u00e1nd<strong>ez elogi\u00f3 al gremialista\u00a0Hugo Moyano, a quien defini\u00f3 como un &#8220;dirigente ejemplar&#8221;<\/strong>.<\/div>\n<div class=\"cuerpo\" data-twitter-link=\"https:\/\/twitter.com\/intent\/tweet?url=https:\/\/www.diariopopular.com.ar\/\/c469115&amp;via=poopulardiario&amp;related=Diario Popular&amp;text=\">\n<div id=\"div-gpt-ad-nota-762897\" class=\"banner-90\" data-mapping=\"mapping9\" data-google-query-id=\"CJuk8dyuyOgCFRMGuQYdL_sJqQ\">\n<div id=\"google_ads_iframe_\/7581181\/dp_universal_0__container__\"><\/div>\n<\/div>\n<\/div>\n<\/article>\n<article id=\"article-post\">\n<div class=\"cuerpo\" data-twitter-link=\"https:\/\/twitter.com\/intent\/tweet?url=https:\/\/www.diariopopular.com.ar\/\/c469115&amp;via=poopulardiario&amp;related=Diario Popular&amp;text=\">\n<p>&#8220;El esfuerzo de los empresarios es no dejar a la gente sin trabajo y digo que lo peor que podemos hacer en este momento es dejar sin trabajo&#8221;, declar\u00f3 Fern\u00e1ndez, quien advirti\u00f3 adem\u00e1s que &#8220;durante mucho tiempo nos quisieron hacer creer que el problema de la Argentina eran los pol\u00edticos y los sindicalistas&#8221;.<\/p>\n<p>Luego de recorrer el sanatorio, Fern\u00e1ndez insisti\u00f3 con que, &#8220;<strong>a veces el sindicalismo, como la pol\u00edtica, est\u00e1 tan maltratado, tan vapuleado&#8221;, pese a que &#8220;hace estas cosas (por la inauguraci\u00f3n del sanatorio) y esto hay que decirlo claramente<\/strong>&#8220;.<\/p>\n<p>&#8220;Estoy recibiendo apoyos como \u00e9ste, que quiero dimensionar adecuadamente: estas son 330 camas que tienen capacidad de convertirse para terapia intensiva y esto lo hizo un sindicato&#8221;, apunt\u00f3.<\/p>\n<p>Durante la recorrida, en la que estuvo acompa\u00f1ado por Moyano, el gobernador de la provincia de Buenos Aires, Axel Kicillof, entre otros, Fern\u00e1ndez resalt\u00f3 el desempe\u00f1o sindical del dirigente camionero y record\u00f3 cu\u00e1ndo &#8220;se puso a trabajar codo a codo&#8221; durante el gobierno de N\u00e9stor Kirchner para &#8220;darle trabajo a los que no ten\u00edan y garantizarle a los que s\u00ed ten\u00edan&#8221;.<\/p>\n<p>&#8220;<strong>Tienen un padre que es un dirigente ejemplar; los empresarios no lo quieren porque cuida a los suyos<\/strong>&#8220;, expres\u00f3 el jefe de Estado, al dirigirse a los hijos de Moyano, Pablo y Facundo.<\/p>\n<p>El sanatorio, ubicado en el barrio porte\u00f1o de Caballito, cuenta con 300 camas y, seg\u00fan cont\u00f3 el Presidente, posee tecnolog\u00eda y aparatolog\u00eda de alto nivel, adem\u00e1s de haber sido el lugar donde naci\u00f3 Fern\u00e1ndez, quien ma\u00f1ana cumplir\u00e1 a\u00f1os.<\/p>\n<\/div>\n<\/article>\n","protected":false},"excerpt":{"rendered":"<p>El Presidente le agradeci\u00f3 al dirigente camionero la cesi\u00f3n del sanatorio Antartida para enfrentar la&#8230;<\/p>\n","protected":false},"author":1,"featured_media":105920,"comment_status":"open","ping_status":"open","sticky":false,"template":"","format":"standard","meta":{"content-type":""},"categories":[39,43],"tags":[],"nelio_content":{"isAutoShareEnabled":false,"autoShareEndMode":"default","automationSources":{"useContentSentences":true,"useSocialTemplates":true,"useCustomSentences":false,"customSentences":[]},"followers":[1],"suggestedReferences":[],"includedReferences":[],"efiUrl":"","efiAlt":"","highlights":[]},"yoast_head":"<!-- This site is optimized with the Yoast SEO plugin v20.7 - https:\/\/yoast.com\/wordpress\/plugins\/seo\/ -->\n<title>Alberto Fern\u00e1ndez calific\u00f3 a Moyano como un &quot;dirigente ejemplar&quot; y destac\u00f3 la labor del sindicalismo -<\/title>\n<meta name=\"robots\" content=\"index, follow, max-snippet:-1, max-image-preview:large, max-video-preview:-1\" \/>\n<link rel=\"canonical\" href=\"https:\/\/experienciadevida.com.ar\/portalurbano\/alberto-fernandez-califico-a-moyano-como-un-dirigente-ejemplar-y-destaco-la-labor-del-sindicalismo\/\" \/>\n<meta property=\"og:locale\" content=\"es_ES\" \/>\n<meta property=\"og:type\" content=\"article\" \/>\n<meta property=\"og:title\" content=\"Alberto Fern\u00e1ndez calific\u00f3 a Moyano como un &quot;dirigente ejemplar&quot; y destac\u00f3 la labor del sindicalismo -\" \/>\n<meta property=\"og:description\" content=\"El Presidente le agradeci\u00f3 al dirigente camionero la cesi\u00f3n del sanatorio Antartida para enfrentar la...\" \/>\n<meta property=\"og:url\" content=\"https:\/\/experienciadevida.com.ar\/portalurbano\/alberto-fernandez-califico-a-moyano-como-un-dirigente-ejemplar-y-destaco-la-labor-del-sindicalismo\/\" \/>\n<meta property=\"article:publisher\" content=\"https:\/\/www.facebook.com\/Portal-Urbano-171542830093757\/\" \/>\n<meta property=\"article:published_time\" content=\"2020-04-01T23:21:25+00:00\" \/>\n<meta property=\"og:image\" content=\"https:\/\/experienciadevida.com.ar\/portalurbano\/wp-content\/uploads\/2020\/04\/0006664357-e1585783260249.jpg\" \/>\n\t<meta property=\"og:image:width\" content=\"750\" \/>\n\t<meta property=\"og:image:height\" content=\"422\" \/>\n\t<meta property=\"og:image:type\" content=\"image\/jpeg\" \/>\n<meta name=\"author\" content=\"admpu17wp\" \/>\n<meta name=\"twitter:card\" content=\"summary_large_image\" \/>\n<meta name=\"twitter:creator\" content=\"@portalurbanook\" \/>\n<meta name=\"twitter:site\" content=\"@portalurbanook\" \/>\n<meta name=\"twitter:label1\" content=\"Escrito por\" \/>\n\t<meta name=\"twitter:data1\" content=\"admpu17wp\" \/>\n\t<meta name=\"twitter:label2\" content=\"Tiempo de lectura\" \/>\n\t<meta name=\"twitter:data2\" content=\"2 minutos\" \/>\n<script type=\"application\/ld+json\" class=\"yoast-schema-graph\">{\"@context\":\"https:\/\/schema.org\",\"@graph\":[{\"@type\":\"Article\",\"@id\":\"https:\/\/experienciadevida.com.ar\/portalurbano\/alberto-fernandez-califico-a-moyano-como-un-dirigente-ejemplar-y-destaco-la-labor-del-sindicalismo\/#article\",\"isPartOf\":{\"@id\":\"https:\/\/experienciadevida.com.ar\/portalurbano\/alberto-fernandez-califico-a-moyano-como-un-dirigente-ejemplar-y-destaco-la-labor-del-sindicalismo\/\"},\"author\":{\"name\":\"admpu17wp\",\"@id\":\"https:\/\/experienciadevida.com.ar\/portalurbano\/#\/schema\/person\/02dd326b1c4b056e9cc972486934a3a7\"},\"headline\":\"Alberto Fern\u00e1ndez calific\u00f3 a Moyano como un &#8220;dirigente ejemplar&#8221; y destac\u00f3 la labor del sindicalismo\",\"datePublished\":\"2020-04-01T23:21:25+00:00\",\"dateModified\":\"2020-04-01T23:21:25+00:00\",\"mainEntityOfPage\":{\"@id\":\"https:\/\/experienciadevida.com.ar\/portalurbano\/alberto-fernandez-califico-a-moyano-como-un-dirigente-ejemplar-y-destaco-la-labor-del-sindicalismo\/\"},\"wordCount\":357,\"commentCount\":0,\"publisher\":{\"@id\":\"https:\/\/experienciadevida.com.ar\/portalurbano\/#organization\"},\"articleSection\":[\"Naci\u00f3n\",\"Pol\u00edtica\"],\"inLanguage\":\"es\",\"potentialAction\":[{\"@type\":\"CommentAction\",\"name\":\"Comment\",\"target\":[\"https:\/\/experienciadevida.com.ar\/portalurbano\/alberto-fernandez-califico-a-moyano-como-un-dirigente-ejemplar-y-destaco-la-labor-del-sindicalismo\/#respond\"]}]},{\"@type\":\"WebPage\",\"@id\":\"https:\/\/experienciadevida.com.ar\/portalurbano\/alberto-fernandez-califico-a-moyano-como-un-dirigente-ejemplar-y-destaco-la-labor-del-sindicalismo\/\",\"url\":\"https:\/\/experienciadevida.com.ar\/portalurbano\/alberto-fernandez-califico-a-moyano-como-un-dirigente-ejemplar-y-destaco-la-labor-del-sindicalismo\/\",\"name\":\"Alberto Fern\u00e1ndez calific\u00f3 a Moyano como un \\\"dirigente ejemplar\\\" y destac\u00f3 la labor del sindicalismo -\",\"isPartOf\":{\"@id\":\"https:\/\/experienciadevida.com.ar\/portalurbano\/#website\"},\"datePublished\":\"2020-04-01T23:21:25+00:00\",\"dateModified\":\"2020-04-01T23:21:25+00:00\",\"breadcrumb\":{\"@id\":\"https:\/\/experienciadevida.com.ar\/portalurbano\/alberto-fernandez-califico-a-moyano-como-un-dirigente-ejemplar-y-destaco-la-labor-del-sindicalismo\/#breadcrumb\"},\"inLanguage\":\"es\",\"potentialAction\":[{\"@type\":\"ReadAction\",\"target\":[\"https:\/\/experienciadevida.com.ar\/portalurbano\/alberto-fernandez-califico-a-moyano-como-un-dirigente-ejemplar-y-destaco-la-labor-del-sindicalismo\/\"]}]},{\"@type\":\"BreadcrumbList\",\"@id\":\"https:\/\/experienciadevida.com.ar\/portalurbano\/alberto-fernandez-califico-a-moyano-como-un-dirigente-ejemplar-y-destaco-la-labor-del-sindicalismo\/#breadcrumb\",\"itemListElement\":[{\"@type\":\"ListItem\",\"position\":1,\"name\":\"Portada\",\"item\":\"https:\/\/experienciadevida.com.ar\/portalurbano\/\"},{\"@type\":\"ListItem\",\"position\":2,\"name\":\"Alberto Fern\u00e1ndez calific\u00f3 a Moyano como un \u00abdirigente ejemplar\u00bb y destac\u00f3 la labor del sindicalismo\"}]},{\"@type\":\"WebSite\",\"@id\":\"https:\/\/experienciadevida.com.ar\/portalurbano\/#website\",\"url\":\"https:\/\/experienciadevida.com.ar\/portalurbano\/\",\"name\":\"\",\"description\":\"\",\"publisher\":{\"@id\":\"https:\/\/experienciadevida.com.ar\/portalurbano\/#organization\"},\"potentialAction\":[{\"@type\":\"SearchAction\",\"target\":{\"@type\":\"EntryPoint\",\"urlTemplate\":\"https:\/\/experienciadevida.com.ar\/portalurbano\/?s={search_term_string}\"},\"query-input\":\"required name=search_term_string\"}],\"inLanguage\":\"es\"},{\"@type\":\"Organization\",\"@id\":\"https:\/\/experienciadevida.com.ar\/portalurbano\/#organization\",\"name\":\"Portal Urbano\",\"url\":\"https:\/\/experienciadevida.com.ar\/portalurbano\/\",\"logo\":{\"@type\":\"ImageObject\",\"inLanguage\":\"es\",\"@id\":\"https:\/\/experienciadevida.com.ar\/portalurbano\/#\/schema\/logo\/image\/\",\"url\":\"https:\/\/experienciadevida.com.ar\/portalurbano\/wp-content\/uploads\/2019\/09\/Logo-Original.png\",\"contentUrl\":\"https:\/\/experienciadevida.com.ar\/portalurbano\/wp-content\/uploads\/2019\/09\/Logo-Original.png\",\"width\":2236,\"height\":1216,\"caption\":\"Portal Urbano\"},\"image\":{\"@id\":\"https:\/\/experienciadevida.com.ar\/portalurbano\/#\/schema\/logo\/image\/\"},\"sameAs\":[\"https:\/\/www.facebook.com\/Portal-Urbano-171542830093757\/\",\"https:\/\/twitter.com\/portalurbanook\",\"https:\/\/www.instagram.com\/_portalurbano\/\",\"https:\/\/www.youtube.com\/channel\/UCXhagIfszH8KxFiOok79zbA?view_as=subscriber\"]},{\"@type\":\"Person\",\"@id\":\"https:\/\/experienciadevida.com.ar\/portalurbano\/#\/schema\/person\/02dd326b1c4b056e9cc972486934a3a7\",\"name\":\"admpu17wp\",\"image\":{\"@type\":\"ImageObject\",\"inLanguage\":\"es\",\"@id\":\"https:\/\/experienciadevida.com.ar\/portalurbano\/#\/schema\/person\/image\/\",\"url\":\"https:\/\/secure.gravatar.com\/avatar\/830d4c57adaae6630765e449a6908047?s=96&d=mm&r=g\",\"contentUrl\":\"https:\/\/secure.gravatar.com\/avatar\/830d4c57adaae6630765e449a6908047?s=96&d=mm&r=g\",\"caption\":\"admpu17wp\"}}]}<\/script>\n<!-- \/ Yoast SEO plugin. -->","yoast_head_json":{"title":"Alberto Fern\u00e1ndez calific\u00f3 a Moyano como un \"dirigente ejemplar\" y destac\u00f3 la labor del sindicalismo -","robots":{"index":"index","follow":"follow","max-snippet":"max-snippet:-1","max-image-preview":"max-image-preview:large","max-video-preview":"max-video-preview:-1"},"canonical":"https:\/\/experienciadevida.com.ar\/portalurbano\/alberto-fernandez-califico-a-moyano-como-un-dirigente-ejemplar-y-destaco-la-labor-del-sindicalismo\/","og_locale":"es_ES","og_type":"article","og_title":"Alberto Fern\u00e1ndez calific\u00f3 a Moyano como un \"dirigente ejemplar\" y destac\u00f3 la labor del sindicalismo -","og_description":"El Presidente le agradeci\u00f3 al dirigente camionero la cesi\u00f3n del sanatorio Antartida para enfrentar la...","og_url":"https:\/\/experienciadevida.com.ar\/portalurbano\/alberto-fernandez-califico-a-moyano-como-un-dirigente-ejemplar-y-destaco-la-labor-del-sindicalismo\/","article_publisher":"https:\/\/www.facebook.com\/Portal-Urbano-171542830093757\/","article_published_time":"2020-04-01T23:21:25+00:00","og_image":[{"width":750,"height":422,"url":"https:\/\/experienciadevida.com.ar\/portalurbano\/wp-content\/uploads\/2020\/04\/0006664357-e1585783260249.jpg","type":"image\/jpeg"}],"author":"admpu17wp","twitter_card":"summary_large_image","twitter_creator":"@portalurbanook","twitter_site":"@portalurbanook","twitter_misc":{"Escrito por":"admpu17wp","Tiempo de lectura":"2 minutos"},"schema":{"@context":"https:\/\/schema.org","@graph":[{"@type":"Article","@id":"https:\/\/experienciadevida.com.ar\/portalurbano\/alberto-fernandez-califico-a-moyano-como-un-dirigente-ejemplar-y-destaco-la-labor-del-sindicalismo\/#article","isPartOf":{"@id":"https:\/\/experienciadevida.com.ar\/portalurbano\/alberto-fernandez-califico-a-moyano-como-un-dirigente-ejemplar-y-destaco-la-labor-del-sindicalismo\/"},"author":{"name":"admpu17wp","@id":"https:\/\/experienciadevida.com.ar\/portalurbano\/#\/schema\/person\/02dd326b1c4b056e9cc972486934a3a7"},"headline":"Alberto Fern\u00e1ndez calific\u00f3 a Moyano como un &#8220;dirigente ejemplar&#8221; y destac\u00f3 la labor del sindicalismo","datePublished":"2020-04-01T23:21:25+00:00","dateModified":"2020-04-01T23:21:25+00:00","mainEntityOfPage":{"@id":"https:\/\/experienciadevida.com.ar\/portalurbano\/alberto-fernandez-califico-a-moyano-como-un-dirigente-ejemplar-y-destaco-la-labor-del-sindicalismo\/"},"wordCount":357,"commentCount":0,"publisher":{"@id":"https:\/\/experienciadevida.com.ar\/portalurbano\/#organization"},"articleSection":["Naci\u00f3n","Pol\u00edtica"],"inLanguage":"es","potentialAction":[{"@type":"CommentAction","name":"Comment","target":["https:\/\/experienciadevida.com.ar\/portalurbano\/alberto-fernandez-califico-a-moyano-como-un-dirigente-ejemplar-y-destaco-la-labor-del-sindicalismo\/#respond"]}]},{"@type":"WebPage","@id":"https:\/\/experienciadevida.com.ar\/portalurbano\/alberto-fernandez-califico-a-moyano-como-un-dirigente-ejemplar-y-destaco-la-labor-del-sindicalismo\/","url":"https:\/\/experienciadevida.com.ar\/portalurbano\/alberto-fernandez-califico-a-moyano-como-un-dirigente-ejemplar-y-destaco-la-labor-del-sindicalismo\/","name":"Alberto Fern\u00e1ndez calific\u00f3 a Moyano como un \"dirigente ejemplar\" y destac\u00f3 la labor del sindicalismo -","isPartOf":{"@id":"https:\/\/experienciadevida.com.ar\/portalurbano\/#website"},"datePublished":"2020-04-01T23:21:25+00:00","dateModified":"2020-04-01T23:21:25+00:00","breadcrumb":{"@id":"https:\/\/experienciadevida.com.ar\/portalurbano\/alberto-fernandez-califico-a-moyano-como-un-dirigente-ejemplar-y-destaco-la-labor-del-sindicalismo\/#breadcrumb"},"inLanguage":"es","potentialAction":[{"@type":"ReadAction","target":["https:\/\/experienciadevida.com.ar\/portalurbano\/alberto-fernandez-califico-a-moyano-como-un-dirigente-ejemplar-y-destaco-la-labor-del-sindicalismo\/"]}]},{"@type":"BreadcrumbList","@id":"https:\/\/experienciadevida.com.ar\/portalurbano\/alberto-fernandez-califico-a-moyano-como-un-dirigente-ejemplar-y-destaco-la-labor-del-sindicalismo\/#breadcrumb","itemListElement":[{"@type":"ListItem","position":1,"name":"Portada","item":"https:\/\/experienciadevida.com.ar\/portalurbano\/"},{"@type":"ListItem","position":2,"name":"Alberto Fern\u00e1ndez calific\u00f3 a Moyano como un \u00abdirigente ejemplar\u00bb y destac\u00f3 la labor del sindicalismo"}]},{"@type":"WebSite","@id":"https:\/\/experienciadevida.com.ar\/portalurbano\/#website","url":"https:\/\/experienciadevida.com.ar\/portalurbano\/","name":"","description":"","publisher":{"@id":"https:\/\/experienciadevida.com.ar\/portalurbano\/#organization"},"potentialAction":[{"@type":"SearchAction","target":{"@type":"EntryPoint","urlTemplate":"https:\/\/experienciadevida.com.ar\/portalurbano\/?s={search_term_string}"},"query-input":"required name=search_term_string"}],"inLanguage":"es"},{"@type":"Organization","@id":"https:\/\/experienciadevida.com.ar\/portalurbano\/#organization","name":"Portal Urbano","url":"https:\/\/experienciadevida.com.ar\/portalurbano\/","logo":{"@type":"ImageObject","inLanguage":"es","@id":"https:\/\/experienciadevida.com.ar\/portalurbano\/#\/schema\/logo\/image\/","url":"https:\/\/experienciadevida.com.ar\/portalurbano\/wp-content\/uploads\/2019\/09\/Logo-Original.png","contentUrl":"https:\/\/experienciadevida.com.ar\/portalurbano\/wp-content\/uploads\/2019\/09\/Logo-Original.png","width":2236,"height":1216,"caption":"Portal Urbano"},"image":{"@id":"https:\/\/experienciadevida.com.ar\/portalurbano\/#\/schema\/logo\/image\/"},"sameAs":["https:\/\/www.facebook.com\/Portal-Urbano-171542830093757\/","https:\/\/twitter.com\/portalurbanook","https:\/\/www.instagram.com\/_portalurbano\/","https:\/\/www.youtube.com\/channel\/UCXhagIfszH8KxFiOok79zbA?view_as=subscriber"]},{"@type":"Person","@id":"https:\/\/experienciadevida.com.ar\/portalurbano\/#\/schema\/person\/02dd326b1c4b056e9cc972486934a3a7","name":"admpu17wp","image":{"@type":"ImageObject","inLanguage":"es","@id":"https:\/\/experienciadevida.com.ar\/portalurbano\/#\/schema\/person\/image\/","url":"https:\/\/secure.gravatar.com\/avatar\/830d4c57adaae6630765e449a6908047?s=96&d=mm&r=g","contentUrl":"https:\/\/secure.gravatar.com\/avatar\/830d4c57adaae6630765e449a6908047?s=96&d=mm&r=g","caption":"admpu17wp"}}]}},"featured_image_urls":{"full":["https:\/\/experienciadevida.com.ar\/portalurbano\/wp-content\/uploads\/2020\/04\/0006664357-e1585783260249.jpg",750,422,false],"thumbnail":["https:\/\/experienciadevida.com.ar\/portalurbano\/wp-content\/uploads\/2020\/04\/0006664357-150x150.jpg",150,150,true],"medium":["https:\/\/experienciadevida.com.ar\/portalurbano\/wp-content\/uploads\/2020\/04\/0006664357-300x169.jpg",300,169,true],"medium_large":["https:\/\/experienciadevida.com.ar\/portalurbano\/wp-content\/uploads\/2020\/04\/0006664357-768x432.jpg",640,360,true],"large":["https:\/\/experienciadevida.com.ar\/portalurbano\/wp-content\/uploads\/2020\/04\/0006664357-1024x576.jpg",640,360,true],"ug_big":["https:\/\/experienciadevida.com.ar\/portalurbano\/wp-content\/uploads\/2020\/04\/0006664357-768x432.jpg",768,432,true],"1536x1536":["https:\/\/experienciadevida.com.ar\/portalurbano\/wp-content\/uploads\/2020\/04\/0006664357-e1585783260249.jpg",750,422,false],"2048x2048":["https:\/\/experienciadevida.com.ar\/portalurbano\/wp-content\/uploads\/2020\/04\/0006664357-e1585783260249.jpg",750,422,false],"newsever-slider-full":["https:\/\/experienciadevida.com.ar\/portalurbano\/wp-content\/uploads\/2020\/04\/0006664357-e1585783260249.jpg",750,422,false],"newsever-featured":["https:\/\/experienciadevida.com.ar\/portalurbano\/wp-content\/uploads\/2020\/04\/0006664357-e1585783260249.jpg",750,422,false],"newsever-medium":["https:\/\/experienciadevida.com.ar\/portalurbano\/wp-content\/uploads\/2020\/04\/0006664357-e1585783260249.jpg",720,405,false],"web-stories-poster-portrait":["https:\/\/experienciadevida.com.ar\/portalurbano\/wp-content\/uploads\/2020\/04\/0006664357-e1585783260249.jpg",640,360,false],"web-stories-publisher-logo":["https:\/\/experienciadevida.com.ar\/portalurbano\/wp-content\/uploads\/2020\/04\/0006664357-e1585783260249.jpg",96,54,false],"web-stories-thumbnail":["https:\/\/experienciadevida.com.ar\/portalurbano\/wp-content\/uploads\/2020\/04\/0006664357-e1585783260249.jpg",150,84,false]},"author_info":{"display_name":"admpu17wp","author_link":"https:\/\/experienciadevida.com.ar\/portalurbano\/author\/admpu17wp\/"},"category_info":"<a href=\"https:\/\/experienciadevida.com.ar\/portalurbano\/category\/nacion\/\" rel=\"category tag\">Naci\u00f3n<\/a> <a href=\"https:\/\/experienciadevida.com.ar\/portalurbano\/category\/politica\/\" rel=\"category tag\">Pol\u00edtica<\/a>","tag_info":"Pol\u00edtica","comment_count":"0","amp_enabled":true,"_links":{"self":[{"href":"https:\/\/experienciadevida.com.ar\/portalurbano\/wp-json\/wp\/v2\/posts\/105918"}],"collection":[{"href":"https:\/\/experienciadevida.com.ar\/portalurbano\/wp-json\/wp\/v2\/posts"}],"about":[{"href":"https:\/\/experienciadevida.com.ar\/portalurbano\/wp-json\/wp\/v2\/types\/post"}],"author":[{"embeddable":true,"href":"https:\/\/experienciadevida.com.ar\/portalurbano\/wp-json\/wp\/v2\/users\/1"}],"replies":[{"embeddable":true,"href":"https:\/\/experienciadevida.com.ar\/portalurbano\/wp-json\/wp\/v2\/comments?post=105918"}],"version-history":[{"count":1,"href":"https:\/\/experienciadevida.com.ar\/portalurbano\/wp-json\/wp\/v2\/posts\/105918\/revisions"}],"predecessor-version":[{"id":105921,"href":"https:\/\/experienciadevida.com.ar\/portalurbano\/wp-json\/wp\/v2\/posts\/105918\/revisions\/105921"}],"wp:featuredmedia":[{"embeddable":true,"href":"https:\/\/experienciadevida.com.ar\/portalurbano\/wp-json\/wp\/v2\/media\/105920"}],"wp:attachment":[{"href":"https:\/\/experienciadevida.com.ar\/portalurbano\/wp-json\/wp\/v2\/media?parent=105918"}],"wp:term":[{"taxonomy":"category","embeddable":true,"href":"https:\/\/experienciadevida.com.ar\/portalurbano\/wp-json\/wp\/v2\/categories?post=105918"},{"taxonomy":"post_tag","embeddable":true,"href":"https:\/\/experienciadevida.com.ar\/portalurbano\/wp-json\/wp\/v2\/tags?post=105918"}],"curies":[{"name":"wp","href":"https:\/\/api.w.org\/{rel}","templated":true}]}}