{"id":105880,"date":"2020-04-01T17:08:25","date_gmt":"2020-04-01T20:08:25","guid":{"rendered":"https:\/\/experienciadevida.com.ar\/portalurbano\/?p=105880"},"modified":"2020-04-01T17:08:25","modified_gmt":"2020-04-01T20:08:25","slug":"postergan-el-plazo-para-pagar-el-resumen-de-las-tarjetas-de-credito","status":"publish","type":"post","link":"https:\/\/experienciadevida.com.ar\/portalurbano\/postergan-el-plazo-para-pagar-el-resumen-de-las-tarjetas-de-credito\/","title":{"rendered":"Postergan el plazo para pagar el resumen de las tarjetas de credito"},"content":{"rendered":"<p class=\"negrita\"><strong>El Banco Central aplaz\u00f3 el vencimiento hasta el 13 de abril. Tambi\u00e9n recort\u00f3 la tasa de inter\u00e9s para los saldos de financiaciones vinculadas a tarjetas de cr\u00e9dito del 55% al 49%.<\/strong><\/p>\n<hr \/>\n<p class=\"fecha\">En el marco de la pandemia de <strong>coronavirus<\/strong>,\u00a0<strong>el Banco Central decidi\u00f3 postergar los vencimientos de las tarjetas de cr\u00e9dito hasta el 13 de abril<\/strong>, fecha en la que finaliza el aislamiento obligatorio.<\/p>\n<div class=\"texto\">\n<p>La medida qued\u00f3 establecida en la Comunicaci\u00f3n A6949 publicada este mi\u00e9rcoles. \u201cCuando se trate de financiaciones de entidades financieras bajo el r\u00e9gimen de tarjeta de cr\u00e9dito,\u00a0<strong>los vencimientos de res\u00famenes de cuenta que se produzcan entre los d\u00edas 1 al 12 de abril de 2020 podr\u00e1n ser cancelados por los clientes el d\u00eda 13 de ese mes por el mismo importe del resumen y sin ning\u00fan recargo<\/strong>\u201d, inform\u00f3 el BCRA.<\/p>\n<p><a href=\"https:\/\/pxb.cdn.0221.com.ar\/0221\/052018\/1525463820389.jpg\"><img decoding=\"async\" src=\"https:\/\/pxb.cdn.0221.com.ar\/0221\/052018\/1525463820389.jpg\" alt=\"\" \/><\/a><\/p>\n<p>Cabe recordar que este mi\u00e9rcoles 1 de abril venc\u00eda la pr\u00f3rroga de los vencimientos de los res\u00famenes de las tarjetas de cr\u00e9dito que correspond\u00edan inicialmente durante la primera parte del asilamiento obligatorio decretado por el presidente Alberto Fern\u00e1ndez, entre el 14 y el 31 de marzo.<\/p>\n<p>En ese sentido, explic\u00f3 que quedan excluidas de dicha disposici\u00f3n las asistencias crediticias otorgadas al sector financiero al tiempo que agreg\u00f3: \u201cSe recuerda que tanto el d\u00e9bito directo como el d\u00e9bito autom\u00e1tico en la propia entidad financiera pueden ser reversados a solicitud de los clientes dentro de los 30 d\u00edas corridos contados desde la fecha del d\u00e9bito y la devoluci\u00f3n de los fondos debe operar dentro de los tres d\u00edas h\u00e1biles de la solicitud\u201d.<\/p>\n<p><a href=\"https:\/\/pxb.cdn.0221.com.ar\/0221\/042020\/1585741904844.jpg\"><img decoding=\"async\" src=\"https:\/\/pxb.cdn.0221.com.ar\/0221\/042020\/1585741904844.jpg\" alt=\"\" \/><\/a><\/p>\n<p>Tambi\u00e9n\u00a0<strong>recort\u00f3 la tasa de inter\u00e9s para los saldos de financiaciones vinculadas a tarjetas de cr\u00e9dito del 55% al 49%<\/strong>\u00a0para los res\u00famenes que reciban los usuarios con consumos que venzan a partir del 1 de abril.<\/p>\n<p>Adem\u00e1s,\u00a0<strong>resolvi\u00f3 que las entidades financieras abran sus sucursales a partir del viernes 3 de abril<\/strong>\u00a0s\u00f3lo para la atenci\u00f3n de beneficiarios de haberes previsionales y pensiones o beneficiarios de prestaciones, planes o programas de ayuda abonados por la Administracio\u0301n Nacional de la Seguridad Social (Anses) como la Asignaci\u00f3n Universal por Hijo (AUH) y la Asignaci\u00f3n Universal por Embarazo (AUE).<\/p>\n<p>Por otro lado, el BCRA determin\u00f3 que los saldos impagos de cr\u00e9ditos otorgados por entidades financieras -cuyas cuotas vencen entre hoy y el 30 de junio de 2020-\u00a0<strong>no devengar\u00e1n intereses punitorios<\/strong>, mientras que dispuso que los bancos posterguen hasta esa misma fecha el pago de cuotas de cr\u00e9ditos con entidades financieras, ya sean prendarios, hipotecarios o personales, para quienes no puedan afrontarlas.<\/p>\n<p><a href=\"https:\/\/pxb.cdn.0221.com.ar\/0221\/012019\/1548873523743.jpg\"><img decoding=\"async\" src=\"https:\/\/pxb.cdn.0221.com.ar\/0221\/012019\/1548873523743.jpg\" alt=\"\" \/><\/a><\/p>\n<p>Finalmente, el Central indic\u00f3 a las entidades financieras que sean agente financiero de gobiernos provinciales, municipales o de la Ciudad Aut\u00f3noma de Buenos Aires, que arbitren los medios para proveer, a partir de este mi\u00e9rcoles, \u201cel efectivo que los entes estatales correspondientes a las citadas jurisdicciones requieran extraer de las pertinentes cuentas\u201d.<\/p>\n<\/div>\n","protected":false},"excerpt":{"rendered":"<p>El Banco Central aplaz\u00f3 el vencimiento hasta el 13 de abril. Tambi\u00e9n recort\u00f3 la tasa&#8230;<\/p>\n","protected":false},"author":1,"featured_media":105885,"comment_status":"open","ping_status":"open","sticky":false,"template":"","format":"standard","meta":{"content-type":""},"categories":[30,39],"tags":[],"nelio_content":{"isAutoShareEnabled":false,"autoShareEndMode":"default","automationSources":{"useContentSentences":true,"useSocialTemplates":true,"useCustomSentences":false,"customSentences":[]},"followers":[1],"suggestedReferences":[],"includedReferences":[],"efiUrl":"","efiAlt":"","highlights":[]},"yoast_head":"<!-- This site is optimized with the Yoast SEO plugin v20.7 - https:\/\/yoast.com\/wordpress\/plugins\/seo\/ -->\n<title>Postergan el plazo para pagar el resumen de las tarjetas de credito -<\/title>\n<meta name=\"robots\" content=\"index, follow, max-snippet:-1, max-image-preview:large, max-video-preview:-1\" \/>\n<link rel=\"canonical\" href=\"https:\/\/experienciadevida.com.ar\/portalurbano\/postergan-el-plazo-para-pagar-el-resumen-de-las-tarjetas-de-credito\/\" \/>\n<meta property=\"og:locale\" content=\"es_ES\" \/>\n<meta property=\"og:type\" content=\"article\" \/>\n<meta property=\"og:title\" content=\"Postergan el plazo para pagar el resumen de las tarjetas de credito -\" \/>\n<meta property=\"og:description\" content=\"El Banco Central aplaz\u00f3 el vencimiento hasta el 13 de abril. Tambi\u00e9n recort\u00f3 la tasa...\" \/>\n<meta property=\"og:url\" content=\"https:\/\/experienciadevida.com.ar\/portalurbano\/postergan-el-plazo-para-pagar-el-resumen-de-las-tarjetas-de-credito\/\" \/>\n<meta property=\"article:publisher\" content=\"https:\/\/www.facebook.com\/Portal-Urbano-171542830093757\/\" \/>\n<meta property=\"article:published_time\" content=\"2020-04-01T20:08:25+00:00\" \/>\n<meta property=\"og:image\" content=\"https:\/\/experienciadevida.com.ar\/portalurbano\/wp-content\/uploads\/2020\/04\/818x460_200331212541_21354-e1585771669336.jpg\" \/>\n\t<meta property=\"og:image:width\" content=\"750\" \/>\n\t<meta property=\"og:image:height\" content=\"422\" \/>\n\t<meta property=\"og:image:type\" content=\"image\/jpeg\" \/>\n<meta name=\"author\" content=\"admpu17wp\" \/>\n<meta name=\"twitter:card\" content=\"summary_large_image\" \/>\n<meta name=\"twitter:creator\" content=\"@portalurbanook\" \/>\n<meta name=\"twitter:site\" content=\"@portalurbanook\" \/>\n<meta name=\"twitter:label1\" content=\"Escrito por\" \/>\n\t<meta name=\"twitter:data1\" content=\"admpu17wp\" \/>\n\t<meta name=\"twitter:label2\" content=\"Tiempo de lectura\" \/>\n\t<meta name=\"twitter:data2\" content=\"2 minutos\" \/>\n<script type=\"application\/ld+json\" class=\"yoast-schema-graph\">{\"@context\":\"https:\/\/schema.org\",\"@graph\":[{\"@type\":\"Article\",\"@id\":\"https:\/\/experienciadevida.com.ar\/portalurbano\/postergan-el-plazo-para-pagar-el-resumen-de-las-tarjetas-de-credito\/#article\",\"isPartOf\":{\"@id\":\"https:\/\/experienciadevida.com.ar\/portalurbano\/postergan-el-plazo-para-pagar-el-resumen-de-las-tarjetas-de-credito\/\"},\"author\":{\"name\":\"admpu17wp\",\"@id\":\"https:\/\/experienciadevida.com.ar\/portalurbano\/#\/schema\/person\/02dd326b1c4b056e9cc972486934a3a7\"},\"headline\":\"Postergan el plazo para pagar el resumen de las tarjetas de credito\",\"datePublished\":\"2020-04-01T20:08:25+00:00\",\"dateModified\":\"2020-04-01T20:08:25+00:00\",\"mainEntityOfPage\":{\"@id\":\"https:\/\/experienciadevida.com.ar\/portalurbano\/postergan-el-plazo-para-pagar-el-resumen-de-las-tarjetas-de-credito\/\"},\"wordCount\":505,\"commentCount\":0,\"publisher\":{\"@id\":\"https:\/\/experienciadevida.com.ar\/portalurbano\/#organization\"},\"articleSection\":[\"Econom\u00eda\",\"Naci\u00f3n\"],\"inLanguage\":\"es\",\"potentialAction\":[{\"@type\":\"CommentAction\",\"name\":\"Comment\",\"target\":[\"https:\/\/experienciadevida.com.ar\/portalurbano\/postergan-el-plazo-para-pagar-el-resumen-de-las-tarjetas-de-credito\/#respond\"]}]},{\"@type\":\"WebPage\",\"@id\":\"https:\/\/experienciadevida.com.ar\/portalurbano\/postergan-el-plazo-para-pagar-el-resumen-de-las-tarjetas-de-credito\/\",\"url\":\"https:\/\/experienciadevida.com.ar\/portalurbano\/postergan-el-plazo-para-pagar-el-resumen-de-las-tarjetas-de-credito\/\",\"name\":\"Postergan el plazo para pagar el resumen de las tarjetas de credito -\",\"isPartOf\":{\"@id\":\"https:\/\/experienciadevida.com.ar\/portalurbano\/#website\"},\"datePublished\":\"2020-04-01T20:08:25+00:00\",\"dateModified\":\"2020-04-01T20:08:25+00:00\",\"breadcrumb\":{\"@id\":\"https:\/\/experienciadevida.com.ar\/portalurbano\/postergan-el-plazo-para-pagar-el-resumen-de-las-tarjetas-de-credito\/#breadcrumb\"},\"inLanguage\":\"es\",\"potentialAction\":[{\"@type\":\"ReadAction\",\"target\":[\"https:\/\/experienciadevida.com.ar\/portalurbano\/postergan-el-plazo-para-pagar-el-resumen-de-las-tarjetas-de-credito\/\"]}]},{\"@type\":\"BreadcrumbList\",\"@id\":\"https:\/\/experienciadevida.com.ar\/portalurbano\/postergan-el-plazo-para-pagar-el-resumen-de-las-tarjetas-de-credito\/#breadcrumb\",\"itemListElement\":[{\"@type\":\"ListItem\",\"position\":1,\"name\":\"Portada\",\"item\":\"https:\/\/experienciadevida.com.ar\/portalurbano\/\"},{\"@type\":\"ListItem\",\"position\":2,\"name\":\"Postergan el plazo para pagar el resumen de las tarjetas de credito\"}]},{\"@type\":\"WebSite\",\"@id\":\"https:\/\/experienciadevida.com.ar\/portalurbano\/#website\",\"url\":\"https:\/\/experienciadevida.com.ar\/portalurbano\/\",\"name\":\"\",\"description\":\"\",\"publisher\":{\"@id\":\"https:\/\/experienciadevida.com.ar\/portalurbano\/#organization\"},\"potentialAction\":[{\"@type\":\"SearchAction\",\"target\":{\"@type\":\"EntryPoint\",\"urlTemplate\":\"https:\/\/experienciadevida.com.ar\/portalurbano\/?s={search_term_string}\"},\"query-input\":\"required name=search_term_string\"}],\"inLanguage\":\"es\"},{\"@type\":\"Organization\",\"@id\":\"https:\/\/experienciadevida.com.ar\/portalurbano\/#organization\",\"name\":\"Portal Urbano\",\"url\":\"https:\/\/experienciadevida.com.ar\/portalurbano\/\",\"logo\":{\"@type\":\"ImageObject\",\"inLanguage\":\"es\",\"@id\":\"https:\/\/experienciadevida.com.ar\/portalurbano\/#\/schema\/logo\/image\/\",\"url\":\"https:\/\/experienciadevida.com.ar\/portalurbano\/wp-content\/uploads\/2019\/09\/Logo-Original.png\",\"contentUrl\":\"https:\/\/experienciadevida.com.ar\/portalurbano\/wp-content\/uploads\/2019\/09\/Logo-Original.png\",\"width\":2236,\"height\":1216,\"caption\":\"Portal Urbano\"},\"image\":{\"@id\":\"https:\/\/experienciadevida.com.ar\/portalurbano\/#\/schema\/logo\/image\/\"},\"sameAs\":[\"https:\/\/www.facebook.com\/Portal-Urbano-171542830093757\/\",\"https:\/\/twitter.com\/portalurbanook\",\"https:\/\/www.instagram.com\/_portalurbano\/\",\"https:\/\/www.youtube.com\/channel\/UCXhagIfszH8KxFiOok79zbA?view_as=subscriber\"]},{\"@type\":\"Person\",\"@id\":\"https:\/\/experienciadevida.com.ar\/portalurbano\/#\/schema\/person\/02dd326b1c4b056e9cc972486934a3a7\",\"name\":\"admpu17wp\",\"image\":{\"@type\":\"ImageObject\",\"inLanguage\":\"es\",\"@id\":\"https:\/\/experienciadevida.com.ar\/portalurbano\/#\/schema\/person\/image\/\",\"url\":\"https:\/\/secure.gravatar.com\/avatar\/830d4c57adaae6630765e449a6908047?s=96&d=mm&r=g\",\"contentUrl\":\"https:\/\/secure.gravatar.com\/avatar\/830d4c57adaae6630765e449a6908047?s=96&d=mm&r=g\",\"caption\":\"admpu17wp\"}}]}<\/script>\n<!-- \/ Yoast SEO plugin. -->","yoast_head_json":{"title":"Postergan el plazo para pagar el resumen de las tarjetas de credito -","robots":{"index":"index","follow":"follow","max-snippet":"max-snippet:-1","max-image-preview":"max-image-preview:large","max-video-preview":"max-video-preview:-1"},"canonical":"https:\/\/experienciadevida.com.ar\/portalurbano\/postergan-el-plazo-para-pagar-el-resumen-de-las-tarjetas-de-credito\/","og_locale":"es_ES","og_type":"article","og_title":"Postergan el plazo para pagar el resumen de las tarjetas de credito -","og_description":"El Banco Central aplaz\u00f3 el vencimiento hasta el 13 de abril. Tambi\u00e9n recort\u00f3 la tasa...","og_url":"https:\/\/experienciadevida.com.ar\/portalurbano\/postergan-el-plazo-para-pagar-el-resumen-de-las-tarjetas-de-credito\/","article_publisher":"https:\/\/www.facebook.com\/Portal-Urbano-171542830093757\/","article_published_time":"2020-04-01T20:08:25+00:00","og_image":[{"width":750,"height":422,"url":"https:\/\/experienciadevida.com.ar\/portalurbano\/wp-content\/uploads\/2020\/04\/818x460_200331212541_21354-e1585771669336.jpg","type":"image\/jpeg"}],"author":"admpu17wp","twitter_card":"summary_large_image","twitter_creator":"@portalurbanook","twitter_site":"@portalurbanook","twitter_misc":{"Escrito por":"admpu17wp","Tiempo de lectura":"2 minutos"},"schema":{"@context":"https:\/\/schema.org","@graph":[{"@type":"Article","@id":"https:\/\/experienciadevida.com.ar\/portalurbano\/postergan-el-plazo-para-pagar-el-resumen-de-las-tarjetas-de-credito\/#article","isPartOf":{"@id":"https:\/\/experienciadevida.com.ar\/portalurbano\/postergan-el-plazo-para-pagar-el-resumen-de-las-tarjetas-de-credito\/"},"author":{"name":"admpu17wp","@id":"https:\/\/experienciadevida.com.ar\/portalurbano\/#\/schema\/person\/02dd326b1c4b056e9cc972486934a3a7"},"headline":"Postergan el plazo para pagar el resumen de las tarjetas de credito","datePublished":"2020-04-01T20:08:25+00:00","dateModified":"2020-04-01T20:08:25+00:00","mainEntityOfPage":{"@id":"https:\/\/experienciadevida.com.ar\/portalurbano\/postergan-el-plazo-para-pagar-el-resumen-de-las-tarjetas-de-credito\/"},"wordCount":505,"commentCount":0,"publisher":{"@id":"https:\/\/experienciadevida.com.ar\/portalurbano\/#organization"},"articleSection":["Econom\u00eda","Naci\u00f3n"],"inLanguage":"es","potentialAction":[{"@type":"CommentAction","name":"Comment","target":["https:\/\/experienciadevida.com.ar\/portalurbano\/postergan-el-plazo-para-pagar-el-resumen-de-las-tarjetas-de-credito\/#respond"]}]},{"@type":"WebPage","@id":"https:\/\/experienciadevida.com.ar\/portalurbano\/postergan-el-plazo-para-pagar-el-resumen-de-las-tarjetas-de-credito\/","url":"https:\/\/experienciadevida.com.ar\/portalurbano\/postergan-el-plazo-para-pagar-el-resumen-de-las-tarjetas-de-credito\/","name":"Postergan el plazo para pagar el resumen de las tarjetas de credito -","isPartOf":{"@id":"https:\/\/experienciadevida.com.ar\/portalurbano\/#website"},"datePublished":"2020-04-01T20:08:25+00:00","dateModified":"2020-04-01T20:08:25+00:00","breadcrumb":{"@id":"https:\/\/experienciadevida.com.ar\/portalurbano\/postergan-el-plazo-para-pagar-el-resumen-de-las-tarjetas-de-credito\/#breadcrumb"},"inLanguage":"es","potentialAction":[{"@type":"ReadAction","target":["https:\/\/experienciadevida.com.ar\/portalurbano\/postergan-el-plazo-para-pagar-el-resumen-de-las-tarjetas-de-credito\/"]}]},{"@type":"BreadcrumbList","@id":"https:\/\/experienciadevida.com.ar\/portalurbano\/postergan-el-plazo-para-pagar-el-resumen-de-las-tarjetas-de-credito\/#breadcrumb","itemListElement":[{"@type":"ListItem","position":1,"name":"Portada","item":"https:\/\/experienciadevida.com.ar\/portalurbano\/"},{"@type":"ListItem","position":2,"name":"Postergan el plazo para pagar el resumen de las tarjetas de credito"}]},{"@type":"WebSite","@id":"https:\/\/experienciadevida.com.ar\/portalurbano\/#website","url":"https:\/\/experienciadevida.com.ar\/portalurbano\/","name":"","description":"","publisher":{"@id":"https:\/\/experienciadevida.com.ar\/portalurbano\/#organization"},"potentialAction":[{"@type":"SearchAction","target":{"@type":"EntryPoint","urlTemplate":"https:\/\/experienciadevida.com.ar\/portalurbano\/?s={search_term_string}"},"query-input":"required name=search_term_string"}],"inLanguage":"es"},{"@type":"Organization","@id":"https:\/\/experienciadevida.com.ar\/portalurbano\/#organization","name":"Portal Urbano","url":"https:\/\/experienciadevida.com.ar\/portalurbano\/","logo":{"@type":"ImageObject","inLanguage":"es","@id":"https:\/\/experienciadevida.com.ar\/portalurbano\/#\/schema\/logo\/image\/","url":"https:\/\/experienciadevida.com.ar\/portalurbano\/wp-content\/uploads\/2019\/09\/Logo-Original.png","contentUrl":"https:\/\/experienciadevida.com.ar\/portalurbano\/wp-content\/uploads\/2019\/09\/Logo-Original.png","width":2236,"height":1216,"caption":"Portal Urbano"},"image":{"@id":"https:\/\/experienciadevida.com.ar\/portalurbano\/#\/schema\/logo\/image\/"},"sameAs":["https:\/\/www.facebook.com\/Portal-Urbano-171542830093757\/","https:\/\/twitter.com\/portalurbanook","https:\/\/www.instagram.com\/_portalurbano\/","https:\/\/www.youtube.com\/channel\/UCXhagIfszH8KxFiOok79zbA?view_as=subscriber"]},{"@type":"Person","@id":"https:\/\/experienciadevida.com.ar\/portalurbano\/#\/schema\/person\/02dd326b1c4b056e9cc972486934a3a7","name":"admpu17wp","image":{"@type":"ImageObject","inLanguage":"es","@id":"https:\/\/experienciadevida.com.ar\/portalurbano\/#\/schema\/person\/image\/","url":"https:\/\/secure.gravatar.com\/avatar\/830d4c57adaae6630765e449a6908047?s=96&d=mm&r=g","contentUrl":"https:\/\/secure.gravatar.com\/avatar\/830d4c57adaae6630765e449a6908047?s=96&d=mm&r=g","caption":"admpu17wp"}}]}},"featured_image_urls":{"full":["https:\/\/experienciadevida.com.ar\/portalurbano\/wp-content\/uploads\/2020\/04\/818x460_200331212541_21354-e1585771669336.jpg",750,422,false],"thumbnail":["https:\/\/experienciadevida.com.ar\/portalurbano\/wp-content\/uploads\/2020\/04\/818x460_200331212541_21354-150x150.jpg",150,150,true],"medium":["https:\/\/experienciadevida.com.ar\/portalurbano\/wp-content\/uploads\/2020\/04\/818x460_200331212541_21354-300x169.jpg",300,169,true],"medium_large":["https:\/\/experienciadevida.com.ar\/portalurbano\/wp-content\/uploads\/2020\/04\/818x460_200331212541_21354-768x432.jpg",640,360,true],"large":["https:\/\/experienciadevida.com.ar\/portalurbano\/wp-content\/uploads\/2020\/04\/818x460_200331212541_21354-e1585771669336.jpg",640,360,false],"ug_big":["https:\/\/experienciadevida.com.ar\/portalurbano\/wp-content\/uploads\/2020\/04\/818x460_200331212541_21354-768x432.jpg",768,432,true],"1536x1536":["https:\/\/experienciadevida.com.ar\/portalurbano\/wp-content\/uploads\/2020\/04\/818x460_200331212541_21354-e1585771669336.jpg",750,422,false],"2048x2048":["https:\/\/experienciadevida.com.ar\/portalurbano\/wp-content\/uploads\/2020\/04\/818x460_200331212541_21354-e1585771669336.jpg",750,422,false],"newsever-slider-full":["https:\/\/experienciadevida.com.ar\/portalurbano\/wp-content\/uploads\/2020\/04\/818x460_200331212541_21354-e1585771669336.jpg",750,422,false],"newsever-featured":["https:\/\/experienciadevida.com.ar\/portalurbano\/wp-content\/uploads\/2020\/04\/818x460_200331212541_21354-e1585771669336.jpg",750,422,false],"newsever-medium":["https:\/\/experienciadevida.com.ar\/portalurbano\/wp-content\/uploads\/2020\/04\/818x460_200331212541_21354-e1585771669336.jpg",720,405,false],"web-stories-poster-portrait":["https:\/\/experienciadevida.com.ar\/portalurbano\/wp-content\/uploads\/2020\/04\/818x460_200331212541_21354-e1585771669336.jpg",640,360,false],"web-stories-publisher-logo":["https:\/\/experienciadevida.com.ar\/portalurbano\/wp-content\/uploads\/2020\/04\/818x460_200331212541_21354-e1585771669336.jpg",96,54,false],"web-stories-thumbnail":["https:\/\/experienciadevida.com.ar\/portalurbano\/wp-content\/uploads\/2020\/04\/818x460_200331212541_21354-e1585771669336.jpg",150,84,false]},"author_info":{"display_name":"admpu17wp","author_link":"https:\/\/experienciadevida.com.ar\/portalurbano\/author\/admpu17wp\/"},"category_info":"<a href=\"https:\/\/experienciadevida.com.ar\/portalurbano\/category\/economia\/\" rel=\"category tag\">Econom\u00eda<\/a> <a href=\"https:\/\/experienciadevida.com.ar\/portalurbano\/category\/nacion\/\" rel=\"category tag\">Naci\u00f3n<\/a>","tag_info":"Naci\u00f3n","comment_count":"0","amp_enabled":true,"_links":{"self":[{"href":"https:\/\/experienciadevida.com.ar\/portalurbano\/wp-json\/wp\/v2\/posts\/105880"}],"collection":[{"href":"https:\/\/experienciadevida.com.ar\/portalurbano\/wp-json\/wp\/v2\/posts"}],"about":[{"href":"https:\/\/experienciadevida.com.ar\/portalurbano\/wp-json\/wp\/v2\/types\/post"}],"author":[{"embeddable":true,"href":"https:\/\/experienciadevida.com.ar\/portalurbano\/wp-json\/wp\/v2\/users\/1"}],"replies":[{"embeddable":true,"href":"https:\/\/experienciadevida.com.ar\/portalurbano\/wp-json\/wp\/v2\/comments?post=105880"}],"version-history":[{"count":1,"href":"https:\/\/experienciadevida.com.ar\/portalurbano\/wp-json\/wp\/v2\/posts\/105880\/revisions"}],"predecessor-version":[{"id":105886,"href":"https:\/\/experienciadevida.com.ar\/portalurbano\/wp-json\/wp\/v2\/posts\/105880\/revisions\/105886"}],"wp:featuredmedia":[{"embeddable":true,"href":"https:\/\/experienciadevida.com.ar\/portalurbano\/wp-json\/wp\/v2\/media\/105885"}],"wp:attachment":[{"href":"https:\/\/experienciadevida.com.ar\/portalurbano\/wp-json\/wp\/v2\/media?parent=105880"}],"wp:term":[{"taxonomy":"category","embeddable":true,"href":"https:\/\/experienciadevida.com.ar\/portalurbano\/wp-json\/wp\/v2\/categories?post=105880"},{"taxonomy":"post_tag","embeddable":true,"href":"https:\/\/experienciadevida.com.ar\/portalurbano\/wp-json\/wp\/v2\/tags?post=105880"}],"curies":[{"name":"wp","href":"https:\/\/api.w.org\/{rel}","templated":true}]}}