{"id":105847,"date":"2020-04-01T12:48:48","date_gmt":"2020-04-01T15:48:48","guid":{"rendered":"https:\/\/experienciadevida.com.ar\/portalurbano\/?p=105847"},"modified":"2020-04-01T12:49:17","modified_gmt":"2020-04-01T15:49:17","slug":"alberto-fernandez-elegimos-la-solidaridad-como-via-maestra-de-la-reconstruccion-nacional","status":"publish","type":"post","link":"https:\/\/experienciadevida.com.ar\/portalurbano\/alberto-fernandez-elegimos-la-solidaridad-como-via-maestra-de-la-reconstruccion-nacional\/","title":{"rendered":"Alberto Fern\u00e1ndez: &#8220;Elegimos la solidaridad como v\u00eda maestra de la reconstrucci\u00f3n nacional&#8221;"},"content":{"rendered":"<p>El Presidente convoc\u00f3 a &#8220;trabajar unidos para poner a nuesgtro pa\u00eds de pie, porque estamos todos a bordo del mismo barco&#8221;.<\/p>\n<hr \/>\n<p>El presidente Alberto Fern\u00e1ndez realiz\u00f3 hoy una convocatoria a &#8220;trabajar unidos para poner&#8221; a la Argentina &#8220;de pie&#8221;, ante la pandemia del coronavirus que afecta al mundo y que en el pa\u00eds ya super\u00f3 la barrera de los 1000 casos, con 27 muertes.<\/p>\n<p>&#8220;El 1\u00b0 de marzo convoqu\u00e9 a los argentinos a trabajar unidos para poner a nuestro pa\u00eds de pie, porque estamos todos a bordo del mismo barco y nuestra suerte individual ser\u00e1 la suerte de nuestra sociedad. Hoy reitero esas palabras m\u00e1s que nunca. Sigamos unidos y cuid\u00e1ndonos&#8221;, escribi\u00f3 Fern\u00e1ndez en su cuenta oficial de Twitter.<\/p>\n<p>Acompa\u00f1\u00f3 el mensaje con un video que recuerda un tramo de su discurso ante la asamblea legislativa reunida en el Congreso nacional, al inaugurar ese d\u00eda el per\u00edodo de sesiones ordinarias.<\/p>\n<p>En el video, el jefe de Estado se\u00f1ala que &#8220;a diferencia de las mayor\u00eda de los argentinos, hay quienes no comprenden que todos estamos subidos en un mismo barco y que nuestra suerte ser\u00e1 la misma como pa\u00eds y como sociedad, y por eso necesitamos trabajar conjuntamente&#8221;.<\/p>\n<p>&#8220;Sabemos -puntualiz\u00f3- que cuando decimos primeros los \u00faltimos estamos marcando que hay necesidades que reclaman ser atendidas y hemos elegido a la solidaridad como v\u00eda maestra de la reconstrucci\u00f3n nacional&#8221;.<\/p>\n<p>En ese plano, el jefe de Estado pidi\u00f3 &#8220;entender de una vez y para siempre que en las crisis las bander\u00edas pol\u00edticas deben ceder&#8221; y que &#8220;la soluci\u00f3n de nuestras de nuestras frustraciones sociales no dependen solo de un presidente, dependen de nuestra vocaci\u00f3n social,de superarnos y ser mejores&#8221;.<\/p>\n<p>Por ende, &#8220;como presidente de los argentinos&#8221;, Fern\u00e1ndez invit\u00f3 &#8220;a trabajar en ese rumbo, a todos los sectores sociales, a todas las provincias, a todas las fuerzas pol\u00edticas&#8221; y remarc\u00f3 que &#8220;el futuro est\u00e1 en nuestras manos&#8221;.<\/p>\n","protected":false},"excerpt":{"rendered":"<p>El Presidente convoc\u00f3 a &#8220;trabajar unidos para poner a nuesgtro pa\u00eds de pie, porque estamos&#8230;<\/p>\n","protected":false},"author":1,"featured_media":105848,"comment_status":"open","ping_status":"open","sticky":false,"template":"","format":"standard","meta":{"content-type":""},"categories":[39],"tags":[],"nelio_content":{"isAutoShareEnabled":false,"autoShareEndMode":"default","automationSources":{"useContentSentences":true,"useSocialTemplates":true,"useCustomSentences":false,"customSentences":[]},"followers":[1],"suggestedReferences":[],"includedReferences":[],"efiUrl":"","efiAlt":"","highlights":[]},"yoast_head":"<!-- This site is optimized with the Yoast SEO plugin v20.7 - https:\/\/yoast.com\/wordpress\/plugins\/seo\/ -->\n<title>Alberto Fern\u00e1ndez: &quot;Elegimos la solidaridad como v\u00eda maestra de la reconstrucci\u00f3n nacional&quot; -<\/title>\n<meta name=\"robots\" content=\"index, follow, max-snippet:-1, max-image-preview:large, max-video-preview:-1\" \/>\n<link rel=\"canonical\" href=\"https:\/\/experienciadevida.com.ar\/portalurbano\/alberto-fernandez-elegimos-la-solidaridad-como-via-maestra-de-la-reconstruccion-nacional\/\" \/>\n<meta property=\"og:locale\" content=\"es_ES\" \/>\n<meta property=\"og:type\" content=\"article\" \/>\n<meta property=\"og:title\" content=\"Alberto Fern\u00e1ndez: &quot;Elegimos la solidaridad como v\u00eda maestra de la reconstrucci\u00f3n nacional&quot; -\" \/>\n<meta property=\"og:description\" content=\"El Presidente convoc\u00f3 a &#8220;trabajar unidos para poner a nuesgtro pa\u00eds de pie, porque estamos...\" \/>\n<meta property=\"og:url\" content=\"https:\/\/experienciadevida.com.ar\/portalurbano\/alberto-fernandez-elegimos-la-solidaridad-como-via-maestra-de-la-reconstruccion-nacional\/\" \/>\n<meta property=\"article:publisher\" content=\"https:\/\/www.facebook.com\/Portal-Urbano-171542830093757\/\" \/>\n<meta property=\"article:published_time\" content=\"2020-04-01T15:48:48+00:00\" \/>\n<meta property=\"article:modified_time\" content=\"2020-04-01T15:49:17+00:00\" \/>\n<meta property=\"og:image\" content=\"https:\/\/experienciadevida.com.ar\/portalurbano\/wp-content\/uploads\/2020\/04\/FERNANDEZ.jpg\" \/>\n\t<meta property=\"og:image:width\" content=\"1140\" \/>\n\t<meta property=\"og:image:height\" content=\"666\" \/>\n\t<meta property=\"og:image:type\" content=\"image\/jpeg\" \/>\n<meta name=\"author\" content=\"admpu17wp\" \/>\n<meta name=\"twitter:card\" content=\"summary_large_image\" \/>\n<meta name=\"twitter:creator\" content=\"@portalurbanook\" \/>\n<meta name=\"twitter:site\" content=\"@portalurbanook\" \/>\n<meta name=\"twitter:label1\" content=\"Escrito por\" \/>\n\t<meta name=\"twitter:data1\" content=\"admpu17wp\" \/>\n\t<meta name=\"twitter:label2\" content=\"Tiempo de lectura\" \/>\n\t<meta name=\"twitter:data2\" content=\"2 minutos\" \/>\n<script type=\"application\/ld+json\" class=\"yoast-schema-graph\">{\"@context\":\"https:\/\/schema.org\",\"@graph\":[{\"@type\":\"Article\",\"@id\":\"https:\/\/experienciadevida.com.ar\/portalurbano\/alberto-fernandez-elegimos-la-solidaridad-como-via-maestra-de-la-reconstruccion-nacional\/#article\",\"isPartOf\":{\"@id\":\"https:\/\/experienciadevida.com.ar\/portalurbano\/alberto-fernandez-elegimos-la-solidaridad-como-via-maestra-de-la-reconstruccion-nacional\/\"},\"author\":{\"name\":\"admpu17wp\",\"@id\":\"https:\/\/experienciadevida.com.ar\/portalurbano\/#\/schema\/person\/02dd326b1c4b056e9cc972486934a3a7\"},\"headline\":\"Alberto Fern\u00e1ndez: &#8220;Elegimos la solidaridad como v\u00eda maestra de la reconstrucci\u00f3n nacional&#8221;\",\"datePublished\":\"2020-04-01T15:48:48+00:00\",\"dateModified\":\"2020-04-01T15:49:17+00:00\",\"mainEntityOfPage\":{\"@id\":\"https:\/\/experienciadevida.com.ar\/portalurbano\/alberto-fernandez-elegimos-la-solidaridad-como-via-maestra-de-la-reconstruccion-nacional\/\"},\"wordCount\":347,\"commentCount\":0,\"publisher\":{\"@id\":\"https:\/\/experienciadevida.com.ar\/portalurbano\/#organization\"},\"articleSection\":[\"Naci\u00f3n\"],\"inLanguage\":\"es\",\"potentialAction\":[{\"@type\":\"CommentAction\",\"name\":\"Comment\",\"target\":[\"https:\/\/experienciadevida.com.ar\/portalurbano\/alberto-fernandez-elegimos-la-solidaridad-como-via-maestra-de-la-reconstruccion-nacional\/#respond\"]}]},{\"@type\":\"WebPage\",\"@id\":\"https:\/\/experienciadevida.com.ar\/portalurbano\/alberto-fernandez-elegimos-la-solidaridad-como-via-maestra-de-la-reconstruccion-nacional\/\",\"url\":\"https:\/\/experienciadevida.com.ar\/portalurbano\/alberto-fernandez-elegimos-la-solidaridad-como-via-maestra-de-la-reconstruccion-nacional\/\",\"name\":\"Alberto Fern\u00e1ndez: \\\"Elegimos la solidaridad como v\u00eda maestra de la reconstrucci\u00f3n nacional\\\" -\",\"isPartOf\":{\"@id\":\"https:\/\/experienciadevida.com.ar\/portalurbano\/#website\"},\"datePublished\":\"2020-04-01T15:48:48+00:00\",\"dateModified\":\"2020-04-01T15:49:17+00:00\",\"breadcrumb\":{\"@id\":\"https:\/\/experienciadevida.com.ar\/portalurbano\/alberto-fernandez-elegimos-la-solidaridad-como-via-maestra-de-la-reconstruccion-nacional\/#breadcrumb\"},\"inLanguage\":\"es\",\"potentialAction\":[{\"@type\":\"ReadAction\",\"target\":[\"https:\/\/experienciadevida.com.ar\/portalurbano\/alberto-fernandez-elegimos-la-solidaridad-como-via-maestra-de-la-reconstruccion-nacional\/\"]}]},{\"@type\":\"BreadcrumbList\",\"@id\":\"https:\/\/experienciadevida.com.ar\/portalurbano\/alberto-fernandez-elegimos-la-solidaridad-como-via-maestra-de-la-reconstruccion-nacional\/#breadcrumb\",\"itemListElement\":[{\"@type\":\"ListItem\",\"position\":1,\"name\":\"Portada\",\"item\":\"https:\/\/experienciadevida.com.ar\/portalurbano\/\"},{\"@type\":\"ListItem\",\"position\":2,\"name\":\"Alberto Fern\u00e1ndez: \u00abElegimos la solidaridad como v\u00eda maestra de la reconstrucci\u00f3n nacional\u00bb\"}]},{\"@type\":\"WebSite\",\"@id\":\"https:\/\/experienciadevida.com.ar\/portalurbano\/#website\",\"url\":\"https:\/\/experienciadevida.com.ar\/portalurbano\/\",\"name\":\"\",\"description\":\"\",\"publisher\":{\"@id\":\"https:\/\/experienciadevida.com.ar\/portalurbano\/#organization\"},\"potentialAction\":[{\"@type\":\"SearchAction\",\"target\":{\"@type\":\"EntryPoint\",\"urlTemplate\":\"https:\/\/experienciadevida.com.ar\/portalurbano\/?s={search_term_string}\"},\"query-input\":\"required name=search_term_string\"}],\"inLanguage\":\"es\"},{\"@type\":\"Organization\",\"@id\":\"https:\/\/experienciadevida.com.ar\/portalurbano\/#organization\",\"name\":\"Portal Urbano\",\"url\":\"https:\/\/experienciadevida.com.ar\/portalurbano\/\",\"logo\":{\"@type\":\"ImageObject\",\"inLanguage\":\"es\",\"@id\":\"https:\/\/experienciadevida.com.ar\/portalurbano\/#\/schema\/logo\/image\/\",\"url\":\"https:\/\/experienciadevida.com.ar\/portalurbano\/wp-content\/uploads\/2019\/09\/Logo-Original.png\",\"contentUrl\":\"https:\/\/experienciadevida.com.ar\/portalurbano\/wp-content\/uploads\/2019\/09\/Logo-Original.png\",\"width\":2236,\"height\":1216,\"caption\":\"Portal Urbano\"},\"image\":{\"@id\":\"https:\/\/experienciadevida.com.ar\/portalurbano\/#\/schema\/logo\/image\/\"},\"sameAs\":[\"https:\/\/www.facebook.com\/Portal-Urbano-171542830093757\/\",\"https:\/\/twitter.com\/portalurbanook\",\"https:\/\/www.instagram.com\/_portalurbano\/\",\"https:\/\/www.youtube.com\/channel\/UCXhagIfszH8KxFiOok79zbA?view_as=subscriber\"]},{\"@type\":\"Person\",\"@id\":\"https:\/\/experienciadevida.com.ar\/portalurbano\/#\/schema\/person\/02dd326b1c4b056e9cc972486934a3a7\",\"name\":\"admpu17wp\",\"image\":{\"@type\":\"ImageObject\",\"inLanguage\":\"es\",\"@id\":\"https:\/\/experienciadevida.com.ar\/portalurbano\/#\/schema\/person\/image\/\",\"url\":\"https:\/\/secure.gravatar.com\/avatar\/830d4c57adaae6630765e449a6908047?s=96&d=mm&r=g\",\"contentUrl\":\"https:\/\/secure.gravatar.com\/avatar\/830d4c57adaae6630765e449a6908047?s=96&d=mm&r=g\",\"caption\":\"admpu17wp\"}}]}<\/script>\n<!-- \/ Yoast SEO plugin. -->","yoast_head_json":{"title":"Alberto Fern\u00e1ndez: \"Elegimos la solidaridad como v\u00eda maestra de la reconstrucci\u00f3n nacional\" -","robots":{"index":"index","follow":"follow","max-snippet":"max-snippet:-1","max-image-preview":"max-image-preview:large","max-video-preview":"max-video-preview:-1"},"canonical":"https:\/\/experienciadevida.com.ar\/portalurbano\/alberto-fernandez-elegimos-la-solidaridad-como-via-maestra-de-la-reconstruccion-nacional\/","og_locale":"es_ES","og_type":"article","og_title":"Alberto Fern\u00e1ndez: \"Elegimos la solidaridad como v\u00eda maestra de la reconstrucci\u00f3n nacional\" -","og_description":"El Presidente convoc\u00f3 a &#8220;trabajar unidos para poner a nuesgtro pa\u00eds de pie, porque estamos...","og_url":"https:\/\/experienciadevida.com.ar\/portalurbano\/alberto-fernandez-elegimos-la-solidaridad-como-via-maestra-de-la-reconstruccion-nacional\/","article_publisher":"https:\/\/www.facebook.com\/Portal-Urbano-171542830093757\/","article_published_time":"2020-04-01T15:48:48+00:00","article_modified_time":"2020-04-01T15:49:17+00:00","og_image":[{"width":1140,"height":666,"url":"https:\/\/experienciadevida.com.ar\/portalurbano\/wp-content\/uploads\/2020\/04\/FERNANDEZ.jpg","type":"image\/jpeg"}],"author":"admpu17wp","twitter_card":"summary_large_image","twitter_creator":"@portalurbanook","twitter_site":"@portalurbanook","twitter_misc":{"Escrito por":"admpu17wp","Tiempo de lectura":"2 minutos"},"schema":{"@context":"https:\/\/schema.org","@graph":[{"@type":"Article","@id":"https:\/\/experienciadevida.com.ar\/portalurbano\/alberto-fernandez-elegimos-la-solidaridad-como-via-maestra-de-la-reconstruccion-nacional\/#article","isPartOf":{"@id":"https:\/\/experienciadevida.com.ar\/portalurbano\/alberto-fernandez-elegimos-la-solidaridad-como-via-maestra-de-la-reconstruccion-nacional\/"},"author":{"name":"admpu17wp","@id":"https:\/\/experienciadevida.com.ar\/portalurbano\/#\/schema\/person\/02dd326b1c4b056e9cc972486934a3a7"},"headline":"Alberto Fern\u00e1ndez: &#8220;Elegimos la solidaridad como v\u00eda maestra de la reconstrucci\u00f3n nacional&#8221;","datePublished":"2020-04-01T15:48:48+00:00","dateModified":"2020-04-01T15:49:17+00:00","mainEntityOfPage":{"@id":"https:\/\/experienciadevida.com.ar\/portalurbano\/alberto-fernandez-elegimos-la-solidaridad-como-via-maestra-de-la-reconstruccion-nacional\/"},"wordCount":347,"commentCount":0,"publisher":{"@id":"https:\/\/experienciadevida.com.ar\/portalurbano\/#organization"},"articleSection":["Naci\u00f3n"],"inLanguage":"es","potentialAction":[{"@type":"CommentAction","name":"Comment","target":["https:\/\/experienciadevida.com.ar\/portalurbano\/alberto-fernandez-elegimos-la-solidaridad-como-via-maestra-de-la-reconstruccion-nacional\/#respond"]}]},{"@type":"WebPage","@id":"https:\/\/experienciadevida.com.ar\/portalurbano\/alberto-fernandez-elegimos-la-solidaridad-como-via-maestra-de-la-reconstruccion-nacional\/","url":"https:\/\/experienciadevida.com.ar\/portalurbano\/alberto-fernandez-elegimos-la-solidaridad-como-via-maestra-de-la-reconstruccion-nacional\/","name":"Alberto Fern\u00e1ndez: \"Elegimos la solidaridad como v\u00eda maestra de la reconstrucci\u00f3n nacional\" -","isPartOf":{"@id":"https:\/\/experienciadevida.com.ar\/portalurbano\/#website"},"datePublished":"2020-04-01T15:48:48+00:00","dateModified":"2020-04-01T15:49:17+00:00","breadcrumb":{"@id":"https:\/\/experienciadevida.com.ar\/portalurbano\/alberto-fernandez-elegimos-la-solidaridad-como-via-maestra-de-la-reconstruccion-nacional\/#breadcrumb"},"inLanguage":"es","potentialAction":[{"@type":"ReadAction","target":["https:\/\/experienciadevida.com.ar\/portalurbano\/alberto-fernandez-elegimos-la-solidaridad-como-via-maestra-de-la-reconstruccion-nacional\/"]}]},{"@type":"BreadcrumbList","@id":"https:\/\/experienciadevida.com.ar\/portalurbano\/alberto-fernandez-elegimos-la-solidaridad-como-via-maestra-de-la-reconstruccion-nacional\/#breadcrumb","itemListElement":[{"@type":"ListItem","position":1,"name":"Portada","item":"https:\/\/experienciadevida.com.ar\/portalurbano\/"},{"@type":"ListItem","position":2,"name":"Alberto Fern\u00e1ndez: \u00abElegimos la solidaridad como v\u00eda maestra de la reconstrucci\u00f3n nacional\u00bb"}]},{"@type":"WebSite","@id":"https:\/\/experienciadevida.com.ar\/portalurbano\/#website","url":"https:\/\/experienciadevida.com.ar\/portalurbano\/","name":"","description":"","publisher":{"@id":"https:\/\/experienciadevida.com.ar\/portalurbano\/#organization"},"potentialAction":[{"@type":"SearchAction","target":{"@type":"EntryPoint","urlTemplate":"https:\/\/experienciadevida.com.ar\/portalurbano\/?s={search_term_string}"},"query-input":"required name=search_term_string"}],"inLanguage":"es"},{"@type":"Organization","@id":"https:\/\/experienciadevida.com.ar\/portalurbano\/#organization","name":"Portal Urbano","url":"https:\/\/experienciadevida.com.ar\/portalurbano\/","logo":{"@type":"ImageObject","inLanguage":"es","@id":"https:\/\/experienciadevida.com.ar\/portalurbano\/#\/schema\/logo\/image\/","url":"https:\/\/experienciadevida.com.ar\/portalurbano\/wp-content\/uploads\/2019\/09\/Logo-Original.png","contentUrl":"https:\/\/experienciadevida.com.ar\/portalurbano\/wp-content\/uploads\/2019\/09\/Logo-Original.png","width":2236,"height":1216,"caption":"Portal Urbano"},"image":{"@id":"https:\/\/experienciadevida.com.ar\/portalurbano\/#\/schema\/logo\/image\/"},"sameAs":["https:\/\/www.facebook.com\/Portal-Urbano-171542830093757\/","https:\/\/twitter.com\/portalurbanook","https:\/\/www.instagram.com\/_portalurbano\/","https:\/\/www.youtube.com\/channel\/UCXhagIfszH8KxFiOok79zbA?view_as=subscriber"]},{"@type":"Person","@id":"https:\/\/experienciadevida.com.ar\/portalurbano\/#\/schema\/person\/02dd326b1c4b056e9cc972486934a3a7","name":"admpu17wp","image":{"@type":"ImageObject","inLanguage":"es","@id":"https:\/\/experienciadevida.com.ar\/portalurbano\/#\/schema\/person\/image\/","url":"https:\/\/secure.gravatar.com\/avatar\/830d4c57adaae6630765e449a6908047?s=96&d=mm&r=g","contentUrl":"https:\/\/secure.gravatar.com\/avatar\/830d4c57adaae6630765e449a6908047?s=96&d=mm&r=g","caption":"admpu17wp"}}]}},"featured_image_urls":{"full":["https:\/\/experienciadevida.com.ar\/portalurbano\/wp-content\/uploads\/2020\/04\/FERNANDEZ.jpg",1140,666,false],"thumbnail":["https:\/\/experienciadevida.com.ar\/portalurbano\/wp-content\/uploads\/2020\/04\/FERNANDEZ-150x150.jpg",150,150,true],"medium":["https:\/\/experienciadevida.com.ar\/portalurbano\/wp-content\/uploads\/2020\/04\/FERNANDEZ-300x175.jpg",300,175,true],"medium_large":["https:\/\/experienciadevida.com.ar\/portalurbano\/wp-content\/uploads\/2020\/04\/FERNANDEZ-768x449.jpg",640,374,true],"large":["https:\/\/experienciadevida.com.ar\/portalurbano\/wp-content\/uploads\/2020\/04\/FERNANDEZ-1024x598.jpg",640,374,true],"ug_big":["https:\/\/experienciadevida.com.ar\/portalurbano\/wp-content\/uploads\/2020\/04\/FERNANDEZ-768x449.jpg",768,449,true],"1536x1536":["https:\/\/experienciadevida.com.ar\/portalurbano\/wp-content\/uploads\/2020\/04\/FERNANDEZ.jpg",1140,666,false],"2048x2048":["https:\/\/experienciadevida.com.ar\/portalurbano\/wp-content\/uploads\/2020\/04\/FERNANDEZ.jpg",1140,666,false],"newsever-slider-full":["https:\/\/experienciadevida.com.ar\/portalurbano\/wp-content\/uploads\/2020\/04\/FERNANDEZ.jpg",1140,666,false],"newsever-featured":["https:\/\/experienciadevida.com.ar\/portalurbano\/wp-content\/uploads\/2020\/04\/FERNANDEZ.jpg",1024,598,false],"newsever-medium":["https:\/\/experienciadevida.com.ar\/portalurbano\/wp-content\/uploads\/2020\/04\/FERNANDEZ.jpg",720,421,false],"web-stories-poster-portrait":["https:\/\/experienciadevida.com.ar\/portalurbano\/wp-content\/uploads\/2020\/04\/FERNANDEZ.jpg",640,374,false],"web-stories-publisher-logo":["https:\/\/experienciadevida.com.ar\/portalurbano\/wp-content\/uploads\/2020\/04\/FERNANDEZ.jpg",96,56,false],"web-stories-thumbnail":["https:\/\/experienciadevida.com.ar\/portalurbano\/wp-content\/uploads\/2020\/04\/FERNANDEZ.jpg",150,88,false]},"author_info":{"display_name":"admpu17wp","author_link":"https:\/\/experienciadevida.com.ar\/portalurbano\/author\/admpu17wp\/"},"category_info":"<a href=\"https:\/\/experienciadevida.com.ar\/portalurbano\/category\/nacion\/\" rel=\"category tag\">Naci\u00f3n<\/a>","tag_info":"Naci\u00f3n","comment_count":"0","amp_enabled":true,"_links":{"self":[{"href":"https:\/\/experienciadevida.com.ar\/portalurbano\/wp-json\/wp\/v2\/posts\/105847"}],"collection":[{"href":"https:\/\/experienciadevida.com.ar\/portalurbano\/wp-json\/wp\/v2\/posts"}],"about":[{"href":"https:\/\/experienciadevida.com.ar\/portalurbano\/wp-json\/wp\/v2\/types\/post"}],"author":[{"embeddable":true,"href":"https:\/\/experienciadevida.com.ar\/portalurbano\/wp-json\/wp\/v2\/users\/1"}],"replies":[{"embeddable":true,"href":"https:\/\/experienciadevida.com.ar\/portalurbano\/wp-json\/wp\/v2\/comments?post=105847"}],"version-history":[{"count":1,"href":"https:\/\/experienciadevida.com.ar\/portalurbano\/wp-json\/wp\/v2\/posts\/105847\/revisions"}],"predecessor-version":[{"id":105849,"href":"https:\/\/experienciadevida.com.ar\/portalurbano\/wp-json\/wp\/v2\/posts\/105847\/revisions\/105849"}],"wp:featuredmedia":[{"embeddable":true,"href":"https:\/\/experienciadevida.com.ar\/portalurbano\/wp-json\/wp\/v2\/media\/105848"}],"wp:attachment":[{"href":"https:\/\/experienciadevida.com.ar\/portalurbano\/wp-json\/wp\/v2\/media?parent=105847"}],"wp:term":[{"taxonomy":"category","embeddable":true,"href":"https:\/\/experienciadevida.com.ar\/portalurbano\/wp-json\/wp\/v2\/categories?post=105847"},{"taxonomy":"post_tag","embeddable":true,"href":"https:\/\/experienciadevida.com.ar\/portalurbano\/wp-json\/wp\/v2\/tags?post=105847"}],"curies":[{"name":"wp","href":"https:\/\/api.w.org\/{rel}","templated":true}]}}