{"id":105809,"date":"2020-04-01T15:19:39","date_gmt":"2020-04-01T18:19:39","guid":{"rendered":"https:\/\/experienciadevida.com.ar\/portalurbano\/?p=105809"},"modified":"2020-04-01T15:19:39","modified_gmt":"2020-04-01T18:19:39","slug":"extienden-el-ahora-12-por-tres-meses-y-suman-alimentos-y-medicamentos","status":"publish","type":"post","link":"https:\/\/experienciadevida.com.ar\/portalurbano\/extienden-el-ahora-12-por-tres-meses-y-suman-alimentos-y-medicamentos\/","title":{"rendered":"Extienden el Ahora 12 por tres meses y suman alimentos y medicamentos"},"content":{"rendered":"<p><b>El programa tendr\u00e1 vigencia hasta el 30 de junio. El Gobierno decidi\u00f3 impulsar las compras de productos online en cuotas fijas, en el marco del aislamiento obligatorio por la pandemia.<\/b><\/p>\n<hr \/>\n<p>El gobierno de Alberto Fern\u00e1ndez convalid\u00f3 la extensi\u00f3n hasta el 30 de junio del Programa Ahora 12, y dispuso la incorporaci\u00f3n de nuevos rubros como alimentos, bebidas, insumos m\u00e9dicos y medicamentos, considerados esenciales en la\u00a0actual emergencia sanitaria por la pandemia de coronavirus.<\/p>\n<p>Lo hizo a trav\u00e9s de la resoluci\u00f3n 104\/2020 de la Secretar\u00eda de Comercio Interior publicada este mi\u00e9rcoles en el Bolet\u00edn Oficial, que tambi\u00e9n decidi\u00f3\u00a0impulsar las compras de productos online en cuotas fijas, a ra\u00edz de las actuales medidas de aislamiento social preventivo y obligatorio.<\/p>\n<p>Entre los rubros incorporados se encuentran medicamentos, alimentos, bebidas y productos de higiene personal y limpieza, que podr\u00e1n adquirirse en 3 y 6 cuotas fijas.<\/p>\n<p>El equipamiento m\u00e9dico producido por pymes nacionales, y que abarca electrocardi\u00f3grafos, desfibriladores, monitores para distintas se\u00f1ales fisiol\u00f3gicas, balanzas de grado m\u00e9dico, instrumental, elementos de esterilizaci\u00f3n y m\u00e1quinas, podr\u00e1 adquirirse en 12 y 18 cuotas fijas.<\/p>\n<p>El programa mantendr\u00e1 su vigencia exclusivamente para las operaciones realizadas a trav\u00e9s de tarjetas de cr\u00e9dito emitidas por entidades financieras<\/p>\n<p>Los proveedores y comercios en las operaciones realizadas a trav\u00e9s de tarjetas de cr\u00e9dito emitidas por entidades financieras cobrar\u00e1n en un plazo de hasta 10 d\u00edas h\u00e1biles, para las ventas realizadas con la modalidad de tres cuotas, con la aplicaci\u00f3n de una tasa m\u00e1xima de descuento de 2,44%; y en seis cuotas, de hasta 4,75%.<\/p>\n<p>En tanto, podr\u00e1n elegir cobrar en un plazo de 60 d\u00edas corridos con una tasa m\u00e1xima de descuento del 7% directa o en hasta 10 d\u00edas h\u00e1biles con una 9,15%, para las ventas realizadas en 12 cuotas.<\/p>\n<p>Para las operaciones a 18 cuotas se podr\u00e1 elegir entre cobrar a 60 d\u00edas corridos con un descuento del 11,18% o hasta 10 d\u00edas h\u00e1biles, con un descuento del 13,26%.<\/p>\n<p>El programa comprende productos de l\u00ednea blanca; indumentaria; joyer\u00eda y relojer\u00eda; calzado y marroquiner\u00eda; materiales y herramientas para la construcci\u00f3n; muebles; bicicletas; motos hasta un valor de $ 180.000; turismo \u00edntegramente dentro del territorio nacional; colchones; libros de impresi\u00f3n nacional y anteojos recetados, adquiridos en \u00f3pticas, hasta $ 10.000.<\/p>\n<p>Tambi\u00e9n art\u00edculos de librer\u00eda; juguetes y juegos de mesa; tel\u00e9fonos celulares 4G; neum\u00e1ticos: kit de conversi\u00f3n de veh\u00edculos a gas GNC; repuestos para automotores y motos: Instrumentos musicales; computadoras, notebooks y tabletas; artefactos de iluminaci\u00f3n; televisores; perfumer\u00eda y peque\u00f1os electrodom\u00e9sticos.<\/p>\n<p>Adem\u00e1s, incluye servicios de preparaci\u00f3n para el deporte y gimnasios; equipamiento m\u00e9dico; maquinaria y herramientas; alimentos y medicamentos.<\/p>\n","protected":false},"excerpt":{"rendered":"<p>El programa tendr\u00e1 vigencia hasta el 30 de junio. El Gobierno decidi\u00f3 impulsar las compras&#8230;<\/p>\n","protected":false},"author":1,"featured_media":105878,"comment_status":"open","ping_status":"open","sticky":false,"template":"","format":"standard","meta":{"content-type":""},"categories":[39],"tags":[],"nelio_content":{"isAutoShareEnabled":false,"autoShareEndMode":"default","automationSources":{"useContentSentences":true,"useSocialTemplates":true,"useCustomSentences":false,"customSentences":[]},"followers":[1],"suggestedReferences":[],"includedReferences":[],"efiUrl":"","efiAlt":"","highlights":[]},"yoast_head":"<!-- This site is optimized with the Yoast SEO plugin v20.7 - https:\/\/yoast.com\/wordpress\/plugins\/seo\/ -->\n<title>Extienden el Ahora 12 por tres meses y suman alimentos y medicamentos -<\/title>\n<meta name=\"robots\" content=\"index, follow, max-snippet:-1, max-image-preview:large, max-video-preview:-1\" \/>\n<link rel=\"canonical\" href=\"https:\/\/experienciadevida.com.ar\/portalurbano\/extienden-el-ahora-12-por-tres-meses-y-suman-alimentos-y-medicamentos\/\" \/>\n<meta property=\"og:locale\" content=\"es_ES\" \/>\n<meta property=\"og:type\" content=\"article\" \/>\n<meta property=\"og:title\" content=\"Extienden el Ahora 12 por tres meses y suman alimentos y medicamentos -\" \/>\n<meta property=\"og:description\" content=\"El programa tendr\u00e1 vigencia hasta el 30 de junio. El Gobierno decidi\u00f3 impulsar las compras...\" \/>\n<meta property=\"og:url\" content=\"https:\/\/experienciadevida.com.ar\/portalurbano\/extienden-el-ahora-12-por-tres-meses-y-suman-alimentos-y-medicamentos\/\" \/>\n<meta property=\"article:publisher\" content=\"https:\/\/www.facebook.com\/Portal-Urbano-171542830093757\/\" \/>\n<meta property=\"article:published_time\" content=\"2020-04-01T18:19:39+00:00\" \/>\n<meta property=\"og:image\" content=\"https:\/\/experienciadevida.com.ar\/portalurbano\/wp-content\/uploads\/2020\/04\/1564489615522-e1585765167878.jpg\" \/>\n\t<meta property=\"og:image:width\" content=\"750\" \/>\n\t<meta property=\"og:image:height\" content=\"450\" \/>\n\t<meta property=\"og:image:type\" content=\"image\/jpeg\" \/>\n<meta name=\"author\" content=\"admpu17wp\" \/>\n<meta name=\"twitter:card\" content=\"summary_large_image\" \/>\n<meta name=\"twitter:creator\" content=\"@portalurbanook\" \/>\n<meta name=\"twitter:site\" content=\"@portalurbanook\" \/>\n<meta name=\"twitter:label1\" content=\"Escrito por\" \/>\n\t<meta name=\"twitter:data1\" content=\"admpu17wp\" \/>\n\t<meta name=\"twitter:label2\" content=\"Tiempo de lectura\" \/>\n\t<meta name=\"twitter:data2\" content=\"2 minutos\" \/>\n<script type=\"application\/ld+json\" class=\"yoast-schema-graph\">{\"@context\":\"https:\/\/schema.org\",\"@graph\":[{\"@type\":\"Article\",\"@id\":\"https:\/\/experienciadevida.com.ar\/portalurbano\/extienden-el-ahora-12-por-tres-meses-y-suman-alimentos-y-medicamentos\/#article\",\"isPartOf\":{\"@id\":\"https:\/\/experienciadevida.com.ar\/portalurbano\/extienden-el-ahora-12-por-tres-meses-y-suman-alimentos-y-medicamentos\/\"},\"author\":{\"name\":\"admpu17wp\",\"@id\":\"https:\/\/experienciadevida.com.ar\/portalurbano\/#\/schema\/person\/02dd326b1c4b056e9cc972486934a3a7\"},\"headline\":\"Extienden el Ahora 12 por tres meses y suman alimentos y medicamentos\",\"datePublished\":\"2020-04-01T18:19:39+00:00\",\"dateModified\":\"2020-04-01T18:19:39+00:00\",\"mainEntityOfPage\":{\"@id\":\"https:\/\/experienciadevida.com.ar\/portalurbano\/extienden-el-ahora-12-por-tres-meses-y-suman-alimentos-y-medicamentos\/\"},\"wordCount\":469,\"commentCount\":0,\"publisher\":{\"@id\":\"https:\/\/experienciadevida.com.ar\/portalurbano\/#organization\"},\"articleSection\":[\"Naci\u00f3n\"],\"inLanguage\":\"es\",\"potentialAction\":[{\"@type\":\"CommentAction\",\"name\":\"Comment\",\"target\":[\"https:\/\/experienciadevida.com.ar\/portalurbano\/extienden-el-ahora-12-por-tres-meses-y-suman-alimentos-y-medicamentos\/#respond\"]}]},{\"@type\":\"WebPage\",\"@id\":\"https:\/\/experienciadevida.com.ar\/portalurbano\/extienden-el-ahora-12-por-tres-meses-y-suman-alimentos-y-medicamentos\/\",\"url\":\"https:\/\/experienciadevida.com.ar\/portalurbano\/extienden-el-ahora-12-por-tres-meses-y-suman-alimentos-y-medicamentos\/\",\"name\":\"Extienden el Ahora 12 por tres meses y suman alimentos y medicamentos -\",\"isPartOf\":{\"@id\":\"https:\/\/experienciadevida.com.ar\/portalurbano\/#website\"},\"datePublished\":\"2020-04-01T18:19:39+00:00\",\"dateModified\":\"2020-04-01T18:19:39+00:00\",\"breadcrumb\":{\"@id\":\"https:\/\/experienciadevida.com.ar\/portalurbano\/extienden-el-ahora-12-por-tres-meses-y-suman-alimentos-y-medicamentos\/#breadcrumb\"},\"inLanguage\":\"es\",\"potentialAction\":[{\"@type\":\"ReadAction\",\"target\":[\"https:\/\/experienciadevida.com.ar\/portalurbano\/extienden-el-ahora-12-por-tres-meses-y-suman-alimentos-y-medicamentos\/\"]}]},{\"@type\":\"BreadcrumbList\",\"@id\":\"https:\/\/experienciadevida.com.ar\/portalurbano\/extienden-el-ahora-12-por-tres-meses-y-suman-alimentos-y-medicamentos\/#breadcrumb\",\"itemListElement\":[{\"@type\":\"ListItem\",\"position\":1,\"name\":\"Portada\",\"item\":\"https:\/\/experienciadevida.com.ar\/portalurbano\/\"},{\"@type\":\"ListItem\",\"position\":2,\"name\":\"Extienden el Ahora 12 por tres meses y suman alimentos y medicamentos\"}]},{\"@type\":\"WebSite\",\"@id\":\"https:\/\/experienciadevida.com.ar\/portalurbano\/#website\",\"url\":\"https:\/\/experienciadevida.com.ar\/portalurbano\/\",\"name\":\"\",\"description\":\"\",\"publisher\":{\"@id\":\"https:\/\/experienciadevida.com.ar\/portalurbano\/#organization\"},\"potentialAction\":[{\"@type\":\"SearchAction\",\"target\":{\"@type\":\"EntryPoint\",\"urlTemplate\":\"https:\/\/experienciadevida.com.ar\/portalurbano\/?s={search_term_string}\"},\"query-input\":\"required name=search_term_string\"}],\"inLanguage\":\"es\"},{\"@type\":\"Organization\",\"@id\":\"https:\/\/experienciadevida.com.ar\/portalurbano\/#organization\",\"name\":\"Portal Urbano\",\"url\":\"https:\/\/experienciadevida.com.ar\/portalurbano\/\",\"logo\":{\"@type\":\"ImageObject\",\"inLanguage\":\"es\",\"@id\":\"https:\/\/experienciadevida.com.ar\/portalurbano\/#\/schema\/logo\/image\/\",\"url\":\"https:\/\/experienciadevida.com.ar\/portalurbano\/wp-content\/uploads\/2019\/09\/Logo-Original.png\",\"contentUrl\":\"https:\/\/experienciadevida.com.ar\/portalurbano\/wp-content\/uploads\/2019\/09\/Logo-Original.png\",\"width\":2236,\"height\":1216,\"caption\":\"Portal Urbano\"},\"image\":{\"@id\":\"https:\/\/experienciadevida.com.ar\/portalurbano\/#\/schema\/logo\/image\/\"},\"sameAs\":[\"https:\/\/www.facebook.com\/Portal-Urbano-171542830093757\/\",\"https:\/\/twitter.com\/portalurbanook\",\"https:\/\/www.instagram.com\/_portalurbano\/\",\"https:\/\/www.youtube.com\/channel\/UCXhagIfszH8KxFiOok79zbA?view_as=subscriber\"]},{\"@type\":\"Person\",\"@id\":\"https:\/\/experienciadevida.com.ar\/portalurbano\/#\/schema\/person\/02dd326b1c4b056e9cc972486934a3a7\",\"name\":\"admpu17wp\",\"image\":{\"@type\":\"ImageObject\",\"inLanguage\":\"es\",\"@id\":\"https:\/\/experienciadevida.com.ar\/portalurbano\/#\/schema\/person\/image\/\",\"url\":\"https:\/\/secure.gravatar.com\/avatar\/830d4c57adaae6630765e449a6908047?s=96&d=mm&r=g\",\"contentUrl\":\"https:\/\/secure.gravatar.com\/avatar\/830d4c57adaae6630765e449a6908047?s=96&d=mm&r=g\",\"caption\":\"admpu17wp\"}}]}<\/script>\n<!-- \/ Yoast SEO plugin. -->","yoast_head_json":{"title":"Extienden el Ahora 12 por tres meses y suman alimentos y medicamentos -","robots":{"index":"index","follow":"follow","max-snippet":"max-snippet:-1","max-image-preview":"max-image-preview:large","max-video-preview":"max-video-preview:-1"},"canonical":"https:\/\/experienciadevida.com.ar\/portalurbano\/extienden-el-ahora-12-por-tres-meses-y-suman-alimentos-y-medicamentos\/","og_locale":"es_ES","og_type":"article","og_title":"Extienden el Ahora 12 por tres meses y suman alimentos y medicamentos -","og_description":"El programa tendr\u00e1 vigencia hasta el 30 de junio. El Gobierno decidi\u00f3 impulsar las compras...","og_url":"https:\/\/experienciadevida.com.ar\/portalurbano\/extienden-el-ahora-12-por-tres-meses-y-suman-alimentos-y-medicamentos\/","article_publisher":"https:\/\/www.facebook.com\/Portal-Urbano-171542830093757\/","article_published_time":"2020-04-01T18:19:39+00:00","og_image":[{"width":750,"height":450,"url":"https:\/\/experienciadevida.com.ar\/portalurbano\/wp-content\/uploads\/2020\/04\/1564489615522-e1585765167878.jpg","type":"image\/jpeg"}],"author":"admpu17wp","twitter_card":"summary_large_image","twitter_creator":"@portalurbanook","twitter_site":"@portalurbanook","twitter_misc":{"Escrito por":"admpu17wp","Tiempo de lectura":"2 minutos"},"schema":{"@context":"https:\/\/schema.org","@graph":[{"@type":"Article","@id":"https:\/\/experienciadevida.com.ar\/portalurbano\/extienden-el-ahora-12-por-tres-meses-y-suman-alimentos-y-medicamentos\/#article","isPartOf":{"@id":"https:\/\/experienciadevida.com.ar\/portalurbano\/extienden-el-ahora-12-por-tres-meses-y-suman-alimentos-y-medicamentos\/"},"author":{"name":"admpu17wp","@id":"https:\/\/experienciadevida.com.ar\/portalurbano\/#\/schema\/person\/02dd326b1c4b056e9cc972486934a3a7"},"headline":"Extienden el Ahora 12 por tres meses y suman alimentos y medicamentos","datePublished":"2020-04-01T18:19:39+00:00","dateModified":"2020-04-01T18:19:39+00:00","mainEntityOfPage":{"@id":"https:\/\/experienciadevida.com.ar\/portalurbano\/extienden-el-ahora-12-por-tres-meses-y-suman-alimentos-y-medicamentos\/"},"wordCount":469,"commentCount":0,"publisher":{"@id":"https:\/\/experienciadevida.com.ar\/portalurbano\/#organization"},"articleSection":["Naci\u00f3n"],"inLanguage":"es","potentialAction":[{"@type":"CommentAction","name":"Comment","target":["https:\/\/experienciadevida.com.ar\/portalurbano\/extienden-el-ahora-12-por-tres-meses-y-suman-alimentos-y-medicamentos\/#respond"]}]},{"@type":"WebPage","@id":"https:\/\/experienciadevida.com.ar\/portalurbano\/extienden-el-ahora-12-por-tres-meses-y-suman-alimentos-y-medicamentos\/","url":"https:\/\/experienciadevida.com.ar\/portalurbano\/extienden-el-ahora-12-por-tres-meses-y-suman-alimentos-y-medicamentos\/","name":"Extienden el Ahora 12 por tres meses y suman alimentos y medicamentos -","isPartOf":{"@id":"https:\/\/experienciadevida.com.ar\/portalurbano\/#website"},"datePublished":"2020-04-01T18:19:39+00:00","dateModified":"2020-04-01T18:19:39+00:00","breadcrumb":{"@id":"https:\/\/experienciadevida.com.ar\/portalurbano\/extienden-el-ahora-12-por-tres-meses-y-suman-alimentos-y-medicamentos\/#breadcrumb"},"inLanguage":"es","potentialAction":[{"@type":"ReadAction","target":["https:\/\/experienciadevida.com.ar\/portalurbano\/extienden-el-ahora-12-por-tres-meses-y-suman-alimentos-y-medicamentos\/"]}]},{"@type":"BreadcrumbList","@id":"https:\/\/experienciadevida.com.ar\/portalurbano\/extienden-el-ahora-12-por-tres-meses-y-suman-alimentos-y-medicamentos\/#breadcrumb","itemListElement":[{"@type":"ListItem","position":1,"name":"Portada","item":"https:\/\/experienciadevida.com.ar\/portalurbano\/"},{"@type":"ListItem","position":2,"name":"Extienden el Ahora 12 por tres meses y suman alimentos y medicamentos"}]},{"@type":"WebSite","@id":"https:\/\/experienciadevida.com.ar\/portalurbano\/#website","url":"https:\/\/experienciadevida.com.ar\/portalurbano\/","name":"","description":"","publisher":{"@id":"https:\/\/experienciadevida.com.ar\/portalurbano\/#organization"},"potentialAction":[{"@type":"SearchAction","target":{"@type":"EntryPoint","urlTemplate":"https:\/\/experienciadevida.com.ar\/portalurbano\/?s={search_term_string}"},"query-input":"required name=search_term_string"}],"inLanguage":"es"},{"@type":"Organization","@id":"https:\/\/experienciadevida.com.ar\/portalurbano\/#organization","name":"Portal Urbano","url":"https:\/\/experienciadevida.com.ar\/portalurbano\/","logo":{"@type":"ImageObject","inLanguage":"es","@id":"https:\/\/experienciadevida.com.ar\/portalurbano\/#\/schema\/logo\/image\/","url":"https:\/\/experienciadevida.com.ar\/portalurbano\/wp-content\/uploads\/2019\/09\/Logo-Original.png","contentUrl":"https:\/\/experienciadevida.com.ar\/portalurbano\/wp-content\/uploads\/2019\/09\/Logo-Original.png","width":2236,"height":1216,"caption":"Portal Urbano"},"image":{"@id":"https:\/\/experienciadevida.com.ar\/portalurbano\/#\/schema\/logo\/image\/"},"sameAs":["https:\/\/www.facebook.com\/Portal-Urbano-171542830093757\/","https:\/\/twitter.com\/portalurbanook","https:\/\/www.instagram.com\/_portalurbano\/","https:\/\/www.youtube.com\/channel\/UCXhagIfszH8KxFiOok79zbA?view_as=subscriber"]},{"@type":"Person","@id":"https:\/\/experienciadevida.com.ar\/portalurbano\/#\/schema\/person\/02dd326b1c4b056e9cc972486934a3a7","name":"admpu17wp","image":{"@type":"ImageObject","inLanguage":"es","@id":"https:\/\/experienciadevida.com.ar\/portalurbano\/#\/schema\/person\/image\/","url":"https:\/\/secure.gravatar.com\/avatar\/830d4c57adaae6630765e449a6908047?s=96&d=mm&r=g","contentUrl":"https:\/\/secure.gravatar.com\/avatar\/830d4c57adaae6630765e449a6908047?s=96&d=mm&r=g","caption":"admpu17wp"}}]}},"featured_image_urls":{"full":["https:\/\/experienciadevida.com.ar\/portalurbano\/wp-content\/uploads\/2020\/04\/1564489615522-e1585765167878.jpg",750,450,false],"thumbnail":["https:\/\/experienciadevida.com.ar\/portalurbano\/wp-content\/uploads\/2020\/04\/1564489615522-150x150.jpg",150,150,true],"medium":["https:\/\/experienciadevida.com.ar\/portalurbano\/wp-content\/uploads\/2020\/04\/1564489615522-300x180.jpg",300,180,true],"medium_large":["https:\/\/experienciadevida.com.ar\/portalurbano\/wp-content\/uploads\/2020\/04\/1564489615522-768x461.jpg",640,384,true],"large":["https:\/\/experienciadevida.com.ar\/portalurbano\/wp-content\/uploads\/2020\/04\/1564489615522-1024x614.jpg",640,384,true],"ug_big":["https:\/\/experienciadevida.com.ar\/portalurbano\/wp-content\/uploads\/2020\/04\/1564489615522-768x461.jpg",768,461,true],"1536x1536":["https:\/\/experienciadevida.com.ar\/portalurbano\/wp-content\/uploads\/2020\/04\/1564489615522-e1585765167878.jpg",750,450,false],"2048x2048":["https:\/\/experienciadevida.com.ar\/portalurbano\/wp-content\/uploads\/2020\/04\/1564489615522-e1585765167878.jpg",750,450,false],"newsever-slider-full":["https:\/\/experienciadevida.com.ar\/portalurbano\/wp-content\/uploads\/2020\/04\/1564489615522-e1585765167878.jpg",750,450,false],"newsever-featured":["https:\/\/experienciadevida.com.ar\/portalurbano\/wp-content\/uploads\/2020\/04\/1564489615522-e1585765167878.jpg",750,450,false],"newsever-medium":["https:\/\/experienciadevida.com.ar\/portalurbano\/wp-content\/uploads\/2020\/04\/1564489615522-e1585765167878.jpg",720,432,false],"web-stories-poster-portrait":["https:\/\/experienciadevida.com.ar\/portalurbano\/wp-content\/uploads\/2020\/04\/1564489615522-e1585765167878.jpg",640,384,false],"web-stories-publisher-logo":["https:\/\/experienciadevida.com.ar\/portalurbano\/wp-content\/uploads\/2020\/04\/1564489615522-e1585765167878.jpg",96,58,false],"web-stories-thumbnail":["https:\/\/experienciadevida.com.ar\/portalurbano\/wp-content\/uploads\/2020\/04\/1564489615522-e1585765167878.jpg",150,90,false]},"author_info":{"display_name":"admpu17wp","author_link":"https:\/\/experienciadevida.com.ar\/portalurbano\/author\/admpu17wp\/"},"category_info":"<a href=\"https:\/\/experienciadevida.com.ar\/portalurbano\/category\/nacion\/\" rel=\"category tag\">Naci\u00f3n<\/a>","tag_info":"Naci\u00f3n","comment_count":"0","amp_enabled":true,"_links":{"self":[{"href":"https:\/\/experienciadevida.com.ar\/portalurbano\/wp-json\/wp\/v2\/posts\/105809"}],"collection":[{"href":"https:\/\/experienciadevida.com.ar\/portalurbano\/wp-json\/wp\/v2\/posts"}],"about":[{"href":"https:\/\/experienciadevida.com.ar\/portalurbano\/wp-json\/wp\/v2\/types\/post"}],"author":[{"embeddable":true,"href":"https:\/\/experienciadevida.com.ar\/portalurbano\/wp-json\/wp\/v2\/users\/1"}],"replies":[{"embeddable":true,"href":"https:\/\/experienciadevida.com.ar\/portalurbano\/wp-json\/wp\/v2\/comments?post=105809"}],"version-history":[{"count":1,"href":"https:\/\/experienciadevida.com.ar\/portalurbano\/wp-json\/wp\/v2\/posts\/105809\/revisions"}],"predecessor-version":[{"id":105879,"href":"https:\/\/experienciadevida.com.ar\/portalurbano\/wp-json\/wp\/v2\/posts\/105809\/revisions\/105879"}],"wp:featuredmedia":[{"embeddable":true,"href":"https:\/\/experienciadevida.com.ar\/portalurbano\/wp-json\/wp\/v2\/media\/105878"}],"wp:attachment":[{"href":"https:\/\/experienciadevida.com.ar\/portalurbano\/wp-json\/wp\/v2\/media?parent=105809"}],"wp:term":[{"taxonomy":"category","embeddable":true,"href":"https:\/\/experienciadevida.com.ar\/portalurbano\/wp-json\/wp\/v2\/categories?post=105809"},{"taxonomy":"post_tag","embeddable":true,"href":"https:\/\/experienciadevida.com.ar\/portalurbano\/wp-json\/wp\/v2\/tags?post=105809"}],"curies":[{"name":"wp","href":"https:\/\/api.w.org\/{rel}","templated":true}]}}