{"id":105691,"date":"2020-03-30T19:17:40","date_gmt":"2020-03-30T22:17:40","guid":{"rendered":"https:\/\/experienciadevida.com.ar\/portalurbano\/?p=105691"},"modified":"2020-03-30T19:18:11","modified_gmt":"2020-03-30T22:18:11","slug":"rg-4687-afip-suspension-de-exclusiones-y-baja-de-oficio-monotributo","status":"publish","type":"post","link":"https:\/\/experienciadevida.com.ar\/portalurbano\/rg-4687-afip-suspension-de-exclusiones-y-baja-de-oficio-monotributo\/","title":{"rendered":"RG 4687 AFIP &#8211; Suspensi\u00f3n de exclusiones y baja de oficio monotributo"},"content":{"rendered":"<p>Considerando que con fecha 11 de marzo de 2020, la ORGANIZACI\u00d3N MUNDIAL DE LA SALUD (OMS) declar\u00f3 el brote del nuevo coronavirus como una pandemia, por el Decreto N\u00b0\u00a0260 del 12 de marzo de 2020, se ampli\u00f3 en nuestro pa\u00eds la emergencia p\u00fablica en materia sanitaria, establecida por Ley N\u00b0\u00a027.541.<\/p>\n<p>De acuerdo a las consideraciones indicadas, la AFIP en el marco de sus facultades ha adoptado medidas tendientes a amortiguar el impacto negativo de la situaci\u00f3n expuesta sobre los peque\u00f1os contribuyentes (Monotributistas)<\/p>\n<p>Se suspende hasta el 1 de abril de 2020 las exclusiones de oficio, as\u00ed como tambi\u00e9n la baja autom\u00e1tica por falta de pago del mencionado r\u00e9gimen.<\/p>\n<p>La legislaci\u00f3n prev\u00e9 un conjunto de situaciones que generan la Baja del Monotributo (exclusi\u00f3n). La m\u00e1s extendida es cuando la suma de los ingresos brutos del contribuyente excede el m\u00e1ximo establecido por la categor\u00eda m\u00e1xima disponible.<\/p>\n<p>La AFIP contempla otros motivos como la venta de alg\u00fan producto a un valor superior al precio m\u00e1ximo unitario de venta ($29.119,56) o la existencia de alquileres que superen los topes habilitados por el r\u00e9gimen.<\/p>\n<p>El organismo defini\u00f3 que estos cruces sist\u00e9micos no ser\u00e1n realizados en marzo.<\/p>\n<p>Con respecto a las bajas autom\u00e1ticas, es establece en el caso de que un contribuyente no pague 10 cuotas consecutivas. La AFIP resolvi\u00f3 que marzo no ser\u00e1 computado a los efectos de contabilizar el per\u00edodo necesario para la aplicaci\u00f3n de las bajas autom\u00e1ticas.<\/p>\n<div class=\"column12\">\n<div class=\"column12\">\n<p>Cdra Antonela Monteleone \u2013\u00a0Matricula N\u00b0 42283\/5<\/p>\n<\/div>\n<\/div>\n<div class=\"column12 related-art\"><\/div>\n","protected":false},"excerpt":{"rendered":"<p>Considerando que con fecha 11 de marzo de 2020, la ORGANIZACI\u00d3N MUNDIAL DE LA SALUD&#8230;<\/p>\n","protected":false},"author":1,"featured_media":0,"comment_status":"open","ping_status":"open","sticky":false,"template":"","format":"standard","meta":{"content-type":""},"categories":[39],"tags":[],"nelio_content":{"isAutoShareEnabled":false,"autoShareEndMode":"default","automationSources":{"useContentSentences":true,"useSocialTemplates":true,"useCustomSentences":false,"customSentences":[]},"followers":[1],"suggestedReferences":[],"includedReferences":[],"efiUrl":"","efiAlt":"","highlights":[]},"yoast_head":"<!-- This site is optimized with the Yoast SEO plugin v20.7 - https:\/\/yoast.com\/wordpress\/plugins\/seo\/ -->\n<title>RG 4687 AFIP - Suspensi\u00f3n de exclusiones y baja de oficio monotributo -<\/title>\n<meta name=\"robots\" content=\"index, follow, max-snippet:-1, max-image-preview:large, max-video-preview:-1\" \/>\n<link rel=\"canonical\" href=\"https:\/\/experienciadevida.com.ar\/portalurbano\/rg-4687-afip-suspension-de-exclusiones-y-baja-de-oficio-monotributo\/\" \/>\n<meta property=\"og:locale\" content=\"es_ES\" \/>\n<meta property=\"og:type\" content=\"article\" \/>\n<meta property=\"og:title\" content=\"RG 4687 AFIP - Suspensi\u00f3n de exclusiones y baja de oficio monotributo -\" \/>\n<meta property=\"og:description\" content=\"Considerando que con fecha 11 de marzo de 2020, la ORGANIZACI\u00d3N MUNDIAL DE LA SALUD...\" \/>\n<meta property=\"og:url\" content=\"https:\/\/experienciadevida.com.ar\/portalurbano\/rg-4687-afip-suspension-de-exclusiones-y-baja-de-oficio-monotributo\/\" \/>\n<meta property=\"article:publisher\" content=\"https:\/\/www.facebook.com\/Portal-Urbano-171542830093757\/\" \/>\n<meta property=\"article:published_time\" content=\"2020-03-30T22:17:40+00:00\" \/>\n<meta property=\"article:modified_time\" content=\"2020-03-30T22:18:11+00:00\" \/>\n<meta property=\"og:image\" content=\"https:\/\/experienciadevida.com.ar\/portalurbano\/wp-content\/uploads\/2019\/04\/AFIP-e1554154180525.jpg\" \/>\n\t<meta property=\"og:image:width\" content=\"800\" \/>\n\t<meta property=\"og:image:height\" content=\"442\" \/>\n\t<meta property=\"og:image:type\" content=\"image\/jpeg\" \/>\n<meta name=\"author\" content=\"admpu17wp\" \/>\n<meta name=\"twitter:card\" content=\"summary_large_image\" \/>\n<meta name=\"twitter:creator\" content=\"@portalurbanook\" \/>\n<meta name=\"twitter:site\" content=\"@portalurbanook\" \/>\n<meta name=\"twitter:label1\" content=\"Escrito por\" \/>\n\t<meta name=\"twitter:data1\" content=\"admpu17wp\" \/>\n\t<meta name=\"twitter:label2\" content=\"Tiempo de lectura\" \/>\n\t<meta name=\"twitter:data2\" content=\"1 minuto\" \/>\n<script type=\"application\/ld+json\" class=\"yoast-schema-graph\">{\"@context\":\"https:\/\/schema.org\",\"@graph\":[{\"@type\":\"Article\",\"@id\":\"https:\/\/experienciadevida.com.ar\/portalurbano\/rg-4687-afip-suspension-de-exclusiones-y-baja-de-oficio-monotributo\/#article\",\"isPartOf\":{\"@id\":\"https:\/\/experienciadevida.com.ar\/portalurbano\/rg-4687-afip-suspension-de-exclusiones-y-baja-de-oficio-monotributo\/\"},\"author\":{\"name\":\"admpu17wp\",\"@id\":\"https:\/\/experienciadevida.com.ar\/portalurbano\/#\/schema\/person\/02dd326b1c4b056e9cc972486934a3a7\"},\"headline\":\"RG 4687 AFIP &#8211; Suspensi\u00f3n de exclusiones y baja de oficio monotributo\",\"datePublished\":\"2020-03-30T22:17:40+00:00\",\"dateModified\":\"2020-03-30T22:18:11+00:00\",\"mainEntityOfPage\":{\"@id\":\"https:\/\/experienciadevida.com.ar\/portalurbano\/rg-4687-afip-suspension-de-exclusiones-y-baja-de-oficio-monotributo\/\"},\"wordCount\":266,\"commentCount\":0,\"publisher\":{\"@id\":\"https:\/\/experienciadevida.com.ar\/portalurbano\/#organization\"},\"articleSection\":[\"Naci\u00f3n\"],\"inLanguage\":\"es\",\"potentialAction\":[{\"@type\":\"CommentAction\",\"name\":\"Comment\",\"target\":[\"https:\/\/experienciadevida.com.ar\/portalurbano\/rg-4687-afip-suspension-de-exclusiones-y-baja-de-oficio-monotributo\/#respond\"]}]},{\"@type\":\"WebPage\",\"@id\":\"https:\/\/experienciadevida.com.ar\/portalurbano\/rg-4687-afip-suspension-de-exclusiones-y-baja-de-oficio-monotributo\/\",\"url\":\"https:\/\/experienciadevida.com.ar\/portalurbano\/rg-4687-afip-suspension-de-exclusiones-y-baja-de-oficio-monotributo\/\",\"name\":\"RG 4687 AFIP - Suspensi\u00f3n de exclusiones y baja de oficio monotributo -\",\"isPartOf\":{\"@id\":\"https:\/\/experienciadevida.com.ar\/portalurbano\/#website\"},\"datePublished\":\"2020-03-30T22:17:40+00:00\",\"dateModified\":\"2020-03-30T22:18:11+00:00\",\"breadcrumb\":{\"@id\":\"https:\/\/experienciadevida.com.ar\/portalurbano\/rg-4687-afip-suspension-de-exclusiones-y-baja-de-oficio-monotributo\/#breadcrumb\"},\"inLanguage\":\"es\",\"potentialAction\":[{\"@type\":\"ReadAction\",\"target\":[\"https:\/\/experienciadevida.com.ar\/portalurbano\/rg-4687-afip-suspension-de-exclusiones-y-baja-de-oficio-monotributo\/\"]}]},{\"@type\":\"BreadcrumbList\",\"@id\":\"https:\/\/experienciadevida.com.ar\/portalurbano\/rg-4687-afip-suspension-de-exclusiones-y-baja-de-oficio-monotributo\/#breadcrumb\",\"itemListElement\":[{\"@type\":\"ListItem\",\"position\":1,\"name\":\"Portada\",\"item\":\"https:\/\/experienciadevida.com.ar\/portalurbano\/\"},{\"@type\":\"ListItem\",\"position\":2,\"name\":\"RG 4687 AFIP &#8211; Suspensi\u00f3n de exclusiones y baja de oficio monotributo\"}]},{\"@type\":\"WebSite\",\"@id\":\"https:\/\/experienciadevida.com.ar\/portalurbano\/#website\",\"url\":\"https:\/\/experienciadevida.com.ar\/portalurbano\/\",\"name\":\"\",\"description\":\"\",\"publisher\":{\"@id\":\"https:\/\/experienciadevida.com.ar\/portalurbano\/#organization\"},\"potentialAction\":[{\"@type\":\"SearchAction\",\"target\":{\"@type\":\"EntryPoint\",\"urlTemplate\":\"https:\/\/experienciadevida.com.ar\/portalurbano\/?s={search_term_string}\"},\"query-input\":\"required name=search_term_string\"}],\"inLanguage\":\"es\"},{\"@type\":\"Organization\",\"@id\":\"https:\/\/experienciadevida.com.ar\/portalurbano\/#organization\",\"name\":\"Portal Urbano\",\"url\":\"https:\/\/experienciadevida.com.ar\/portalurbano\/\",\"logo\":{\"@type\":\"ImageObject\",\"inLanguage\":\"es\",\"@id\":\"https:\/\/experienciadevida.com.ar\/portalurbano\/#\/schema\/logo\/image\/\",\"url\":\"https:\/\/experienciadevida.com.ar\/portalurbano\/wp-content\/uploads\/2019\/09\/Logo-Original.png\",\"contentUrl\":\"https:\/\/experienciadevida.com.ar\/portalurbano\/wp-content\/uploads\/2019\/09\/Logo-Original.png\",\"width\":2236,\"height\":1216,\"caption\":\"Portal Urbano\"},\"image\":{\"@id\":\"https:\/\/experienciadevida.com.ar\/portalurbano\/#\/schema\/logo\/image\/\"},\"sameAs\":[\"https:\/\/www.facebook.com\/Portal-Urbano-171542830093757\/\",\"https:\/\/twitter.com\/portalurbanook\",\"https:\/\/www.instagram.com\/_portalurbano\/\",\"https:\/\/www.youtube.com\/channel\/UCXhagIfszH8KxFiOok79zbA?view_as=subscriber\"]},{\"@type\":\"Person\",\"@id\":\"https:\/\/experienciadevida.com.ar\/portalurbano\/#\/schema\/person\/02dd326b1c4b056e9cc972486934a3a7\",\"name\":\"admpu17wp\",\"image\":{\"@type\":\"ImageObject\",\"inLanguage\":\"es\",\"@id\":\"https:\/\/experienciadevida.com.ar\/portalurbano\/#\/schema\/person\/image\/\",\"url\":\"https:\/\/secure.gravatar.com\/avatar\/830d4c57adaae6630765e449a6908047?s=96&d=mm&r=g\",\"contentUrl\":\"https:\/\/secure.gravatar.com\/avatar\/830d4c57adaae6630765e449a6908047?s=96&d=mm&r=g\",\"caption\":\"admpu17wp\"}}]}<\/script>\n<!-- \/ Yoast SEO plugin. -->","yoast_head_json":{"title":"RG 4687 AFIP - Suspensi\u00f3n de exclusiones y baja de oficio monotributo -","robots":{"index":"index","follow":"follow","max-snippet":"max-snippet:-1","max-image-preview":"max-image-preview:large","max-video-preview":"max-video-preview:-1"},"canonical":"https:\/\/experienciadevida.com.ar\/portalurbano\/rg-4687-afip-suspension-de-exclusiones-y-baja-de-oficio-monotributo\/","og_locale":"es_ES","og_type":"article","og_title":"RG 4687 AFIP - Suspensi\u00f3n de exclusiones y baja de oficio monotributo -","og_description":"Considerando que con fecha 11 de marzo de 2020, la ORGANIZACI\u00d3N MUNDIAL DE LA SALUD...","og_url":"https:\/\/experienciadevida.com.ar\/portalurbano\/rg-4687-afip-suspension-de-exclusiones-y-baja-de-oficio-monotributo\/","article_publisher":"https:\/\/www.facebook.com\/Portal-Urbano-171542830093757\/","article_published_time":"2020-03-30T22:17:40+00:00","article_modified_time":"2020-03-30T22:18:11+00:00","og_image":[{"width":800,"height":442,"url":"https:\/\/experienciadevida.com.ar\/portalurbano\/wp-content\/uploads\/2019\/04\/AFIP-e1554154180525.jpg","type":"image\/jpeg"}],"author":"admpu17wp","twitter_card":"summary_large_image","twitter_creator":"@portalurbanook","twitter_site":"@portalurbanook","twitter_misc":{"Escrito por":"admpu17wp","Tiempo de lectura":"1 minuto"},"schema":{"@context":"https:\/\/schema.org","@graph":[{"@type":"Article","@id":"https:\/\/experienciadevida.com.ar\/portalurbano\/rg-4687-afip-suspension-de-exclusiones-y-baja-de-oficio-monotributo\/#article","isPartOf":{"@id":"https:\/\/experienciadevida.com.ar\/portalurbano\/rg-4687-afip-suspension-de-exclusiones-y-baja-de-oficio-monotributo\/"},"author":{"name":"admpu17wp","@id":"https:\/\/experienciadevida.com.ar\/portalurbano\/#\/schema\/person\/02dd326b1c4b056e9cc972486934a3a7"},"headline":"RG 4687 AFIP &#8211; Suspensi\u00f3n de exclusiones y baja de oficio monotributo","datePublished":"2020-03-30T22:17:40+00:00","dateModified":"2020-03-30T22:18:11+00:00","mainEntityOfPage":{"@id":"https:\/\/experienciadevida.com.ar\/portalurbano\/rg-4687-afip-suspension-de-exclusiones-y-baja-de-oficio-monotributo\/"},"wordCount":266,"commentCount":0,"publisher":{"@id":"https:\/\/experienciadevida.com.ar\/portalurbano\/#organization"},"articleSection":["Naci\u00f3n"],"inLanguage":"es","potentialAction":[{"@type":"CommentAction","name":"Comment","target":["https:\/\/experienciadevida.com.ar\/portalurbano\/rg-4687-afip-suspension-de-exclusiones-y-baja-de-oficio-monotributo\/#respond"]}]},{"@type":"WebPage","@id":"https:\/\/experienciadevida.com.ar\/portalurbano\/rg-4687-afip-suspension-de-exclusiones-y-baja-de-oficio-monotributo\/","url":"https:\/\/experienciadevida.com.ar\/portalurbano\/rg-4687-afip-suspension-de-exclusiones-y-baja-de-oficio-monotributo\/","name":"RG 4687 AFIP - Suspensi\u00f3n de exclusiones y baja de oficio monotributo -","isPartOf":{"@id":"https:\/\/experienciadevida.com.ar\/portalurbano\/#website"},"datePublished":"2020-03-30T22:17:40+00:00","dateModified":"2020-03-30T22:18:11+00:00","breadcrumb":{"@id":"https:\/\/experienciadevida.com.ar\/portalurbano\/rg-4687-afip-suspension-de-exclusiones-y-baja-de-oficio-monotributo\/#breadcrumb"},"inLanguage":"es","potentialAction":[{"@type":"ReadAction","target":["https:\/\/experienciadevida.com.ar\/portalurbano\/rg-4687-afip-suspension-de-exclusiones-y-baja-de-oficio-monotributo\/"]}]},{"@type":"BreadcrumbList","@id":"https:\/\/experienciadevida.com.ar\/portalurbano\/rg-4687-afip-suspension-de-exclusiones-y-baja-de-oficio-monotributo\/#breadcrumb","itemListElement":[{"@type":"ListItem","position":1,"name":"Portada","item":"https:\/\/experienciadevida.com.ar\/portalurbano\/"},{"@type":"ListItem","position":2,"name":"RG 4687 AFIP &#8211; Suspensi\u00f3n de exclusiones y baja de oficio monotributo"}]},{"@type":"WebSite","@id":"https:\/\/experienciadevida.com.ar\/portalurbano\/#website","url":"https:\/\/experienciadevida.com.ar\/portalurbano\/","name":"","description":"","publisher":{"@id":"https:\/\/experienciadevida.com.ar\/portalurbano\/#organization"},"potentialAction":[{"@type":"SearchAction","target":{"@type":"EntryPoint","urlTemplate":"https:\/\/experienciadevida.com.ar\/portalurbano\/?s={search_term_string}"},"query-input":"required name=search_term_string"}],"inLanguage":"es"},{"@type":"Organization","@id":"https:\/\/experienciadevida.com.ar\/portalurbano\/#organization","name":"Portal Urbano","url":"https:\/\/experienciadevida.com.ar\/portalurbano\/","logo":{"@type":"ImageObject","inLanguage":"es","@id":"https:\/\/experienciadevida.com.ar\/portalurbano\/#\/schema\/logo\/image\/","url":"https:\/\/experienciadevida.com.ar\/portalurbano\/wp-content\/uploads\/2019\/09\/Logo-Original.png","contentUrl":"https:\/\/experienciadevida.com.ar\/portalurbano\/wp-content\/uploads\/2019\/09\/Logo-Original.png","width":2236,"height":1216,"caption":"Portal Urbano"},"image":{"@id":"https:\/\/experienciadevida.com.ar\/portalurbano\/#\/schema\/logo\/image\/"},"sameAs":["https:\/\/www.facebook.com\/Portal-Urbano-171542830093757\/","https:\/\/twitter.com\/portalurbanook","https:\/\/www.instagram.com\/_portalurbano\/","https:\/\/www.youtube.com\/channel\/UCXhagIfszH8KxFiOok79zbA?view_as=subscriber"]},{"@type":"Person","@id":"https:\/\/experienciadevida.com.ar\/portalurbano\/#\/schema\/person\/02dd326b1c4b056e9cc972486934a3a7","name":"admpu17wp","image":{"@type":"ImageObject","inLanguage":"es","@id":"https:\/\/experienciadevida.com.ar\/portalurbano\/#\/schema\/person\/image\/","url":"https:\/\/secure.gravatar.com\/avatar\/830d4c57adaae6630765e449a6908047?s=96&d=mm&r=g","contentUrl":"https:\/\/secure.gravatar.com\/avatar\/830d4c57adaae6630765e449a6908047?s=96&d=mm&r=g","caption":"admpu17wp"}}]}},"featured_image_urls":{"full":"","thumbnail":"","medium":"","medium_large":"","large":"","ug_big":"","1536x1536":"","2048x2048":"","newsever-slider-full":"","newsever-featured":"","newsever-medium":"","web-stories-poster-portrait":"","web-stories-publisher-logo":"","web-stories-thumbnail":""},"author_info":{"display_name":"admpu17wp","author_link":"https:\/\/experienciadevida.com.ar\/portalurbano\/author\/admpu17wp\/"},"category_info":"<a href=\"https:\/\/experienciadevida.com.ar\/portalurbano\/category\/nacion\/\" rel=\"category tag\">Naci\u00f3n<\/a>","tag_info":"Naci\u00f3n","comment_count":"0","amp_enabled":true,"_links":{"self":[{"href":"https:\/\/experienciadevida.com.ar\/portalurbano\/wp-json\/wp\/v2\/posts\/105691"}],"collection":[{"href":"https:\/\/experienciadevida.com.ar\/portalurbano\/wp-json\/wp\/v2\/posts"}],"about":[{"href":"https:\/\/experienciadevida.com.ar\/portalurbano\/wp-json\/wp\/v2\/types\/post"}],"author":[{"embeddable":true,"href":"https:\/\/experienciadevida.com.ar\/portalurbano\/wp-json\/wp\/v2\/users\/1"}],"replies":[{"embeddable":true,"href":"https:\/\/experienciadevida.com.ar\/portalurbano\/wp-json\/wp\/v2\/comments?post=105691"}],"version-history":[{"count":1,"href":"https:\/\/experienciadevida.com.ar\/portalurbano\/wp-json\/wp\/v2\/posts\/105691\/revisions"}],"predecessor-version":[{"id":105692,"href":"https:\/\/experienciadevida.com.ar\/portalurbano\/wp-json\/wp\/v2\/posts\/105691\/revisions\/105692"}],"wp:attachment":[{"href":"https:\/\/experienciadevida.com.ar\/portalurbano\/wp-json\/wp\/v2\/media?parent=105691"}],"wp:term":[{"taxonomy":"category","embeddable":true,"href":"https:\/\/experienciadevida.com.ar\/portalurbano\/wp-json\/wp\/v2\/categories?post=105691"},{"taxonomy":"post_tag","embeddable":true,"href":"https:\/\/experienciadevida.com.ar\/portalurbano\/wp-json\/wp\/v2\/tags?post=105691"}],"curies":[{"name":"wp","href":"https:\/\/api.w.org\/{rel}","templated":true}]}}