{"id":105671,"date":"2020-03-30T14:53:43","date_gmt":"2020-03-30T17:53:43","guid":{"rendered":"https:\/\/experienciadevida.com.ar\/portalurbano\/?p=105671"},"modified":"2020-03-30T14:54:32","modified_gmt":"2020-03-30T17:54:32","slug":"se-dispararon-los-casos-de-dengue-en-la-provincia-son-633-y-crecieron-73-en-una-semana","status":"publish","type":"post","link":"https:\/\/experienciadevida.com.ar\/portalurbano\/se-dispararon-los-casos-de-dengue-en-la-provincia-son-633-y-crecieron-73-en-una-semana\/","title":{"rendered":"Se dispararon los casos de dengue en la provincia: son 633 y crecieron 73% en una semana"},"content":{"rendered":"<div class=\"td_block_wrap tdb_single_subtitle tdi_72_028 td-pb-border-top td_block_template_1\" data-td-block-uid=\"tdi_72_028\">\n<div class=\"tdb-block-inner td-fix-index\">\n<p>Se transita el \u201cperiodo cr\u00edtico\u201d de la enfermedad, pero los contagios comenzar\u00e1n a disminuir en sinton\u00eda con el descenso de las temperaturas.<\/p>\n<\/div>\n<\/div>\n<div class=\"td_block_wrap tdb_single_date tdi_73_5e1 td-pb-border-top td_block_template_1 tdb-post-meta\" data-td-block-uid=\"tdi_73_5e1\">\n<p>En medio de la preocupaci\u00f3n por el coronavirus, el dengue configura otra amenaza que no da tregua: los casos se dispararon en la provincia de Buenos y ya suman 633, un 73% m\u00e1s que los registrados la semana pasada cuando alcanzaban 365.<\/p>\n<p>Desde el Ministerio de Salud bonaerense advierten que se transita el \u201cperiodo cr\u00edtico\u201d de la enfermedad, pero advierten que los contagios comenzar\u00e1n a disminuir en unos 15 d\u00edas, en sinton\u00eda con el descenso de las temperaturas.<\/p>\n<p>El pico de dengue, la enfermedad transmitida por el mosquito Aedes aegypti, estaba previsto para marzo, mes en el que se combinan las lluvias con las altas temperaturas, ambiente propicio para el desarrollo del vector. En ese sentido, fuentes del Ministerio de Salud se\u00f1alaron que si bien estamos en el \u201cperiodo cr\u00edtico\u201d se transita la \u201cetapa final\u201d de la transmisi\u00f3n.<\/p>\n<p>Seg\u00fan el \u00faltimo Bolet\u00edn Epidemiol\u00f3gico difundido por la cartera sanitaria, el brote de la enfermedad, es decir, donde hay circulaci\u00f3n viral de dengue, se registra en 27 municipios del conurbano, en cuatro m\u00e1s que la semana pasada.<\/p>\n<p>Se trata de en San Martin, Vicente L\u00f3pez, Malvinas Argentinas, San Miguel, San Isidro, Escobar, Jos\u00e9 C. Paz, Tigre, Quilmes (Espeleta oeste, Bernal oeste), Lomas de Zamora (Ingeniero Budge), Lan\u00fas (Monte Chingolo), Avellaneda, Berazategui (Los Ciruelos), Almirante Brown, Esteban Echeverr\u00eda, Tres de Febrero (Villa Bosch), Merlo, Moreno, Ituzaing\u00f3, Hurlingham, Mor\u00f3n, La Plata (Zona centro y Gorina) y La Matanza. Escenario al que se sumaron ahora San Fernando, Ezeiza, General Rodr\u00edguez y Berisso. Mientras que se estudia tambi\u00e9n Florencio Varela.<\/p>\n<p>A diferencia de lo que ocurr\u00eda al comienzo del brote cuando la mayor\u00eda de los casos eran importados, ahora la situaci\u00f3n se da a la inversa: solo 205 casos (32%) presentan antecedente de viaje a destinos como Paraguay, Bolivia, Colombia o a provincias de Argentina con circulaci\u00f3n viral sostenida, mientras que son 428 (68%) los contagios aut\u00f3ctonos.<\/p>\n<p>Asimismo, circulan en simult\u00e1neo tres de los cuatro serotipos existentes de la enfermedad: DEN 4, DEN 1 y DEN 2. Cabe se\u00f1alar que la infecci\u00f3n por uno de los cuatro serotipos del virus del dengue da inmunidad contra ese tipo viral, pero una persona puede volver a contraer la infecci\u00f3n por otro serotipo, lo que en la mayor\u00eda de esos casos constituye el desarrollo de dengue grave (lo que antes se denominaba dengue hemorr\u00e1gico), enfermedad potencialmente mortal.<\/p>\n<p>\u201cSe insta a los equipos de salud local y regional a fortalecer la sospecha cl\u00ednica de dengue y otros arbovirus, as\u00ed como el algoritmo de diagn\u00f3stico y notificaci\u00f3n de casos con especial atenci\u00f3n a la detecci\u00f3n de signos de alarma, para minimizar los casos graves y muertes por esta enfermedad. Se debe recordar que, en la Provincia, durante los brotes del a\u00f1o 2009 y 2016 circul\u00f3 principalmente el serotipo DEN-1 y hoy el serotipo que mayormente circula es el DEN-4\u201d, indica entre sus conclusiones el informe.<\/p>\n<p>En tanto, desde la cartera que conduce Daniel Gollan se\u00f1alaron\u00a0 que se lanzar\u00e1 una campa\u00f1a para mantener la prevenci\u00f3n \u201cdurante todo el a\u00f1o\u201d y llegar mejor preparados al pr\u00f3ximo periodo fuerte de contagios de cara al pr\u00f3ximo verano, e insistieron en que los esfuerzos de control de las enfermedades transmitidas por estos mosquitos se basan en la reducci\u00f3n de sus lugares de cr\u00eda y no de los insecticidas aplicados.<\/p>\n<p>En ese sentido, insistieron en el \u201cdescacharrado\u201d que puedan desarrollar las personas en sus viviendas, los operativos de eliminaci\u00f3n de los criaderos de Aedes aegypti y los servicios de manejo de residuos s\u00f3lidos urbanos para su adecuada disposici\u00f3n final.<\/p>\n<p>Asimismo, en el informe recordaron que ante \u201clas principales manifestaciones cl\u00ednicas del dengue es importante transmitir la necesidad de ir en forma inmediata a la consulta m\u00e9dica para recibir el tratamiento adecuado\u201d.<\/p>\n<p>Los s\u00edntomas son: fiebre acompa\u00f1ada de dolor detr\u00e1s de los ojos, de cabeza, muscular y de articulaciones; nauseas y v\u00f3mitos; cansancio intenso; aparici\u00f3n de manchas en la piel; picaz\u00f3n y\/o sangrado de nariz y enc\u00edas.<\/p>\n<h4><strong>El mosquito, un vector domiciliario<\/strong><\/h4>\n<p>En momentos en los que debemos quedarnos en nuestras casas en el marco del aislamiento social y obligatorio por el coronavirus, es importante no descuidar el dengue. Es que el mosquito Aedes aegypti es un vector domiciliario, que se encuentra m\u00e1s f\u00e1cilmente en los hogares que en parques y plazas.<\/p>\n<p>Cualquier recipiente capaz de acumular agua puede convertirse en un criadero pero algunos pueden producir gran cantidad de mosquitos. Por ejemplo, las cubiertas de autom\u00f3viles son excelentes lugares para el desarrollo de estos insectos, tanto por su forma (que impide volcar el agua), su material (aislante) y su color oscuro que permite mantener la temperatura adecuada.<\/p>\n<p>Pero tambi\u00e9n otros objetos que est\u00e1n dentro de los hogares pueden ser criaderos, como los floreros, los portamacetas o bebederos de mascotas. Por eso, este mosquito tambi\u00e9n se puede criar en un departamento.<\/p>\n<p>Fuente y foto: DIB<\/p>\n<\/div>\n","protected":false},"excerpt":{"rendered":"<p>Se transita el \u201cperiodo cr\u00edtico\u201d de la enfermedad, pero los contagios comenzar\u00e1n a disminuir en&#8230;<\/p>\n","protected":false},"author":1,"featured_media":105672,"comment_status":"open","ping_status":"open","sticky":false,"template":"","format":"standard","meta":{"content-type":""},"categories":[39],"tags":[],"nelio_content":{"isAutoShareEnabled":false,"autoShareEndMode":"default","automationSources":{"useContentSentences":true,"useSocialTemplates":true,"useCustomSentences":false,"customSentences":[]},"followers":[1],"suggestedReferences":[],"includedReferences":[],"efiUrl":"","efiAlt":"","highlights":[]},"yoast_head":"<!-- This site is optimized with the Yoast SEO plugin v20.7 - https:\/\/yoast.com\/wordpress\/plugins\/seo\/ -->\n<title>Se dispararon los casos de dengue en la provincia: son 633 y crecieron 73% en una semana -<\/title>\n<meta name=\"robots\" content=\"index, follow, max-snippet:-1, max-image-preview:large, max-video-preview:-1\" \/>\n<link rel=\"canonical\" href=\"https:\/\/experienciadevida.com.ar\/portalurbano\/se-dispararon-los-casos-de-dengue-en-la-provincia-son-633-y-crecieron-73-en-una-semana\/\" \/>\n<meta property=\"og:locale\" content=\"es_ES\" \/>\n<meta property=\"og:type\" content=\"article\" \/>\n<meta property=\"og:title\" content=\"Se dispararon los casos de dengue en la provincia: son 633 y crecieron 73% en una semana -\" \/>\n<meta property=\"og:description\" content=\"Se transita el \u201cperiodo cr\u00edtico\u201d de la enfermedad, pero los contagios comenzar\u00e1n a disminuir en...\" \/>\n<meta property=\"og:url\" content=\"https:\/\/experienciadevida.com.ar\/portalurbano\/se-dispararon-los-casos-de-dengue-en-la-provincia-son-633-y-crecieron-73-en-una-semana\/\" \/>\n<meta property=\"article:publisher\" content=\"https:\/\/www.facebook.com\/Portal-Urbano-171542830093757\/\" \/>\n<meta property=\"article:published_time\" content=\"2020-03-30T17:53:43+00:00\" \/>\n<meta property=\"article:modified_time\" content=\"2020-03-30T17:54:32+00:00\" \/>\n<meta property=\"og:image\" content=\"https:\/\/experienciadevida.com.ar\/portalurbano\/wp-content\/uploads\/2020\/03\/DENGUE-4.jpg\" \/>\n\t<meta property=\"og:image:width\" content=\"696\" \/>\n\t<meta property=\"og:image:height\" content=\"464\" \/>\n\t<meta property=\"og:image:type\" content=\"image\/jpeg\" \/>\n<meta name=\"author\" content=\"admpu17wp\" \/>\n<meta name=\"twitter:card\" content=\"summary_large_image\" \/>\n<meta name=\"twitter:creator\" content=\"@portalurbanook\" \/>\n<meta name=\"twitter:site\" content=\"@portalurbanook\" \/>\n<meta name=\"twitter:label1\" content=\"Escrito por\" \/>\n\t<meta name=\"twitter:data1\" content=\"admpu17wp\" \/>\n\t<meta name=\"twitter:label2\" content=\"Tiempo de lectura\" \/>\n\t<meta name=\"twitter:data2\" content=\"4 minutos\" \/>\n<script type=\"application\/ld+json\" class=\"yoast-schema-graph\">{\"@context\":\"https:\/\/schema.org\",\"@graph\":[{\"@type\":\"Article\",\"@id\":\"https:\/\/experienciadevida.com.ar\/portalurbano\/se-dispararon-los-casos-de-dengue-en-la-provincia-son-633-y-crecieron-73-en-una-semana\/#article\",\"isPartOf\":{\"@id\":\"https:\/\/experienciadevida.com.ar\/portalurbano\/se-dispararon-los-casos-de-dengue-en-la-provincia-son-633-y-crecieron-73-en-una-semana\/\"},\"author\":{\"name\":\"admpu17wp\",\"@id\":\"https:\/\/experienciadevida.com.ar\/portalurbano\/#\/schema\/person\/02dd326b1c4b056e9cc972486934a3a7\"},\"headline\":\"Se dispararon los casos de dengue en la provincia: son 633 y crecieron 73% en una semana\",\"datePublished\":\"2020-03-30T17:53:43+00:00\",\"dateModified\":\"2020-03-30T17:54:32+00:00\",\"mainEntityOfPage\":{\"@id\":\"https:\/\/experienciadevida.com.ar\/portalurbano\/se-dispararon-los-casos-de-dengue-en-la-provincia-son-633-y-crecieron-73-en-una-semana\/\"},\"wordCount\":887,\"commentCount\":0,\"publisher\":{\"@id\":\"https:\/\/experienciadevida.com.ar\/portalurbano\/#organization\"},\"articleSection\":[\"Naci\u00f3n\"],\"inLanguage\":\"es\",\"potentialAction\":[{\"@type\":\"CommentAction\",\"name\":\"Comment\",\"target\":[\"https:\/\/experienciadevida.com.ar\/portalurbano\/se-dispararon-los-casos-de-dengue-en-la-provincia-son-633-y-crecieron-73-en-una-semana\/#respond\"]}]},{\"@type\":\"WebPage\",\"@id\":\"https:\/\/experienciadevida.com.ar\/portalurbano\/se-dispararon-los-casos-de-dengue-en-la-provincia-son-633-y-crecieron-73-en-una-semana\/\",\"url\":\"https:\/\/experienciadevida.com.ar\/portalurbano\/se-dispararon-los-casos-de-dengue-en-la-provincia-son-633-y-crecieron-73-en-una-semana\/\",\"name\":\"Se dispararon los casos de dengue en la provincia: son 633 y crecieron 73% en una semana -\",\"isPartOf\":{\"@id\":\"https:\/\/experienciadevida.com.ar\/portalurbano\/#website\"},\"datePublished\":\"2020-03-30T17:53:43+00:00\",\"dateModified\":\"2020-03-30T17:54:32+00:00\",\"breadcrumb\":{\"@id\":\"https:\/\/experienciadevida.com.ar\/portalurbano\/se-dispararon-los-casos-de-dengue-en-la-provincia-son-633-y-crecieron-73-en-una-semana\/#breadcrumb\"},\"inLanguage\":\"es\",\"potentialAction\":[{\"@type\":\"ReadAction\",\"target\":[\"https:\/\/experienciadevida.com.ar\/portalurbano\/se-dispararon-los-casos-de-dengue-en-la-provincia-son-633-y-crecieron-73-en-una-semana\/\"]}]},{\"@type\":\"BreadcrumbList\",\"@id\":\"https:\/\/experienciadevida.com.ar\/portalurbano\/se-dispararon-los-casos-de-dengue-en-la-provincia-son-633-y-crecieron-73-en-una-semana\/#breadcrumb\",\"itemListElement\":[{\"@type\":\"ListItem\",\"position\":1,\"name\":\"Portada\",\"item\":\"https:\/\/experienciadevida.com.ar\/portalurbano\/\"},{\"@type\":\"ListItem\",\"position\":2,\"name\":\"Se dispararon los casos de dengue en la provincia: son 633 y crecieron 73% en una semana\"}]},{\"@type\":\"WebSite\",\"@id\":\"https:\/\/experienciadevida.com.ar\/portalurbano\/#website\",\"url\":\"https:\/\/experienciadevida.com.ar\/portalurbano\/\",\"name\":\"\",\"description\":\"\",\"publisher\":{\"@id\":\"https:\/\/experienciadevida.com.ar\/portalurbano\/#organization\"},\"potentialAction\":[{\"@type\":\"SearchAction\",\"target\":{\"@type\":\"EntryPoint\",\"urlTemplate\":\"https:\/\/experienciadevida.com.ar\/portalurbano\/?s={search_term_string}\"},\"query-input\":\"required name=search_term_string\"}],\"inLanguage\":\"es\"},{\"@type\":\"Organization\",\"@id\":\"https:\/\/experienciadevida.com.ar\/portalurbano\/#organization\",\"name\":\"Portal Urbano\",\"url\":\"https:\/\/experienciadevida.com.ar\/portalurbano\/\",\"logo\":{\"@type\":\"ImageObject\",\"inLanguage\":\"es\",\"@id\":\"https:\/\/experienciadevida.com.ar\/portalurbano\/#\/schema\/logo\/image\/\",\"url\":\"https:\/\/experienciadevida.com.ar\/portalurbano\/wp-content\/uploads\/2019\/09\/Logo-Original.png\",\"contentUrl\":\"https:\/\/experienciadevida.com.ar\/portalurbano\/wp-content\/uploads\/2019\/09\/Logo-Original.png\",\"width\":2236,\"height\":1216,\"caption\":\"Portal Urbano\"},\"image\":{\"@id\":\"https:\/\/experienciadevida.com.ar\/portalurbano\/#\/schema\/logo\/image\/\"},\"sameAs\":[\"https:\/\/www.facebook.com\/Portal-Urbano-171542830093757\/\",\"https:\/\/twitter.com\/portalurbanook\",\"https:\/\/www.instagram.com\/_portalurbano\/\",\"https:\/\/www.youtube.com\/channel\/UCXhagIfszH8KxFiOok79zbA?view_as=subscriber\"]},{\"@type\":\"Person\",\"@id\":\"https:\/\/experienciadevida.com.ar\/portalurbano\/#\/schema\/person\/02dd326b1c4b056e9cc972486934a3a7\",\"name\":\"admpu17wp\",\"image\":{\"@type\":\"ImageObject\",\"inLanguage\":\"es\",\"@id\":\"https:\/\/experienciadevida.com.ar\/portalurbano\/#\/schema\/person\/image\/\",\"url\":\"https:\/\/secure.gravatar.com\/avatar\/830d4c57adaae6630765e449a6908047?s=96&d=mm&r=g\",\"contentUrl\":\"https:\/\/secure.gravatar.com\/avatar\/830d4c57adaae6630765e449a6908047?s=96&d=mm&r=g\",\"caption\":\"admpu17wp\"}}]}<\/script>\n<!-- \/ Yoast SEO plugin. -->","yoast_head_json":{"title":"Se dispararon los casos de dengue en la provincia: son 633 y crecieron 73% en una semana -","robots":{"index":"index","follow":"follow","max-snippet":"max-snippet:-1","max-image-preview":"max-image-preview:large","max-video-preview":"max-video-preview:-1"},"canonical":"https:\/\/experienciadevida.com.ar\/portalurbano\/se-dispararon-los-casos-de-dengue-en-la-provincia-son-633-y-crecieron-73-en-una-semana\/","og_locale":"es_ES","og_type":"article","og_title":"Se dispararon los casos de dengue en la provincia: son 633 y crecieron 73% en una semana -","og_description":"Se transita el \u201cperiodo cr\u00edtico\u201d de la enfermedad, pero los contagios comenzar\u00e1n a disminuir en...","og_url":"https:\/\/experienciadevida.com.ar\/portalurbano\/se-dispararon-los-casos-de-dengue-en-la-provincia-son-633-y-crecieron-73-en-una-semana\/","article_publisher":"https:\/\/www.facebook.com\/Portal-Urbano-171542830093757\/","article_published_time":"2020-03-30T17:53:43+00:00","article_modified_time":"2020-03-30T17:54:32+00:00","og_image":[{"width":696,"height":464,"url":"https:\/\/experienciadevida.com.ar\/portalurbano\/wp-content\/uploads\/2020\/03\/DENGUE-4.jpg","type":"image\/jpeg"}],"author":"admpu17wp","twitter_card":"summary_large_image","twitter_creator":"@portalurbanook","twitter_site":"@portalurbanook","twitter_misc":{"Escrito por":"admpu17wp","Tiempo de lectura":"4 minutos"},"schema":{"@context":"https:\/\/schema.org","@graph":[{"@type":"Article","@id":"https:\/\/experienciadevida.com.ar\/portalurbano\/se-dispararon-los-casos-de-dengue-en-la-provincia-son-633-y-crecieron-73-en-una-semana\/#article","isPartOf":{"@id":"https:\/\/experienciadevida.com.ar\/portalurbano\/se-dispararon-los-casos-de-dengue-en-la-provincia-son-633-y-crecieron-73-en-una-semana\/"},"author":{"name":"admpu17wp","@id":"https:\/\/experienciadevida.com.ar\/portalurbano\/#\/schema\/person\/02dd326b1c4b056e9cc972486934a3a7"},"headline":"Se dispararon los casos de dengue en la provincia: son 633 y crecieron 73% en una semana","datePublished":"2020-03-30T17:53:43+00:00","dateModified":"2020-03-30T17:54:32+00:00","mainEntityOfPage":{"@id":"https:\/\/experienciadevida.com.ar\/portalurbano\/se-dispararon-los-casos-de-dengue-en-la-provincia-son-633-y-crecieron-73-en-una-semana\/"},"wordCount":887,"commentCount":0,"publisher":{"@id":"https:\/\/experienciadevida.com.ar\/portalurbano\/#organization"},"articleSection":["Naci\u00f3n"],"inLanguage":"es","potentialAction":[{"@type":"CommentAction","name":"Comment","target":["https:\/\/experienciadevida.com.ar\/portalurbano\/se-dispararon-los-casos-de-dengue-en-la-provincia-son-633-y-crecieron-73-en-una-semana\/#respond"]}]},{"@type":"WebPage","@id":"https:\/\/experienciadevida.com.ar\/portalurbano\/se-dispararon-los-casos-de-dengue-en-la-provincia-son-633-y-crecieron-73-en-una-semana\/","url":"https:\/\/experienciadevida.com.ar\/portalurbano\/se-dispararon-los-casos-de-dengue-en-la-provincia-son-633-y-crecieron-73-en-una-semana\/","name":"Se dispararon los casos de dengue en la provincia: son 633 y crecieron 73% en una semana -","isPartOf":{"@id":"https:\/\/experienciadevida.com.ar\/portalurbano\/#website"},"datePublished":"2020-03-30T17:53:43+00:00","dateModified":"2020-03-30T17:54:32+00:00","breadcrumb":{"@id":"https:\/\/experienciadevida.com.ar\/portalurbano\/se-dispararon-los-casos-de-dengue-en-la-provincia-son-633-y-crecieron-73-en-una-semana\/#breadcrumb"},"inLanguage":"es","potentialAction":[{"@type":"ReadAction","target":["https:\/\/experienciadevida.com.ar\/portalurbano\/se-dispararon-los-casos-de-dengue-en-la-provincia-son-633-y-crecieron-73-en-una-semana\/"]}]},{"@type":"BreadcrumbList","@id":"https:\/\/experienciadevida.com.ar\/portalurbano\/se-dispararon-los-casos-de-dengue-en-la-provincia-son-633-y-crecieron-73-en-una-semana\/#breadcrumb","itemListElement":[{"@type":"ListItem","position":1,"name":"Portada","item":"https:\/\/experienciadevida.com.ar\/portalurbano\/"},{"@type":"ListItem","position":2,"name":"Se dispararon los casos de dengue en la provincia: son 633 y crecieron 73% en una semana"}]},{"@type":"WebSite","@id":"https:\/\/experienciadevida.com.ar\/portalurbano\/#website","url":"https:\/\/experienciadevida.com.ar\/portalurbano\/","name":"","description":"","publisher":{"@id":"https:\/\/experienciadevida.com.ar\/portalurbano\/#organization"},"potentialAction":[{"@type":"SearchAction","target":{"@type":"EntryPoint","urlTemplate":"https:\/\/experienciadevida.com.ar\/portalurbano\/?s={search_term_string}"},"query-input":"required name=search_term_string"}],"inLanguage":"es"},{"@type":"Organization","@id":"https:\/\/experienciadevida.com.ar\/portalurbano\/#organization","name":"Portal Urbano","url":"https:\/\/experienciadevida.com.ar\/portalurbano\/","logo":{"@type":"ImageObject","inLanguage":"es","@id":"https:\/\/experienciadevida.com.ar\/portalurbano\/#\/schema\/logo\/image\/","url":"https:\/\/experienciadevida.com.ar\/portalurbano\/wp-content\/uploads\/2019\/09\/Logo-Original.png","contentUrl":"https:\/\/experienciadevida.com.ar\/portalurbano\/wp-content\/uploads\/2019\/09\/Logo-Original.png","width":2236,"height":1216,"caption":"Portal Urbano"},"image":{"@id":"https:\/\/experienciadevida.com.ar\/portalurbano\/#\/schema\/logo\/image\/"},"sameAs":["https:\/\/www.facebook.com\/Portal-Urbano-171542830093757\/","https:\/\/twitter.com\/portalurbanook","https:\/\/www.instagram.com\/_portalurbano\/","https:\/\/www.youtube.com\/channel\/UCXhagIfszH8KxFiOok79zbA?view_as=subscriber"]},{"@type":"Person","@id":"https:\/\/experienciadevida.com.ar\/portalurbano\/#\/schema\/person\/02dd326b1c4b056e9cc972486934a3a7","name":"admpu17wp","image":{"@type":"ImageObject","inLanguage":"es","@id":"https:\/\/experienciadevida.com.ar\/portalurbano\/#\/schema\/person\/image\/","url":"https:\/\/secure.gravatar.com\/avatar\/830d4c57adaae6630765e449a6908047?s=96&d=mm&r=g","contentUrl":"https:\/\/secure.gravatar.com\/avatar\/830d4c57adaae6630765e449a6908047?s=96&d=mm&r=g","caption":"admpu17wp"}}]}},"featured_image_urls":{"full":["https:\/\/experienciadevida.com.ar\/portalurbano\/wp-content\/uploads\/2020\/03\/DENGUE-4.jpg",696,464,false],"thumbnail":["https:\/\/experienciadevida.com.ar\/portalurbano\/wp-content\/uploads\/2020\/03\/DENGUE-4-150x150.jpg",150,150,true],"medium":["https:\/\/experienciadevida.com.ar\/portalurbano\/wp-content\/uploads\/2020\/03\/DENGUE-4-300x200.jpg",300,200,true],"medium_large":["https:\/\/experienciadevida.com.ar\/portalurbano\/wp-content\/uploads\/2020\/03\/DENGUE-4.jpg",640,427,false],"large":["https:\/\/experienciadevida.com.ar\/portalurbano\/wp-content\/uploads\/2020\/03\/DENGUE-4.jpg",640,427,false],"ug_big":["https:\/\/experienciadevida.com.ar\/portalurbano\/wp-content\/uploads\/2020\/03\/DENGUE-4.jpg",696,464,false],"1536x1536":["https:\/\/experienciadevida.com.ar\/portalurbano\/wp-content\/uploads\/2020\/03\/DENGUE-4.jpg",696,464,false],"2048x2048":["https:\/\/experienciadevida.com.ar\/portalurbano\/wp-content\/uploads\/2020\/03\/DENGUE-4.jpg",696,464,false],"newsever-slider-full":["https:\/\/experienciadevida.com.ar\/portalurbano\/wp-content\/uploads\/2020\/03\/DENGUE-4.jpg",696,464,false],"newsever-featured":["https:\/\/experienciadevida.com.ar\/portalurbano\/wp-content\/uploads\/2020\/03\/DENGUE-4.jpg",696,464,false],"newsever-medium":["https:\/\/experienciadevida.com.ar\/portalurbano\/wp-content\/uploads\/2020\/03\/DENGUE-4.jpg",696,464,false],"web-stories-poster-portrait":["https:\/\/experienciadevida.com.ar\/portalurbano\/wp-content\/uploads\/2020\/03\/DENGUE-4.jpg",640,427,false],"web-stories-publisher-logo":["https:\/\/experienciadevida.com.ar\/portalurbano\/wp-content\/uploads\/2020\/03\/DENGUE-4.jpg",96,64,false],"web-stories-thumbnail":["https:\/\/experienciadevida.com.ar\/portalurbano\/wp-content\/uploads\/2020\/03\/DENGUE-4.jpg",150,100,false]},"author_info":{"display_name":"admpu17wp","author_link":"https:\/\/experienciadevida.com.ar\/portalurbano\/author\/admpu17wp\/"},"category_info":"<a href=\"https:\/\/experienciadevida.com.ar\/portalurbano\/category\/nacion\/\" rel=\"category tag\">Naci\u00f3n<\/a>","tag_info":"Naci\u00f3n","comment_count":"0","amp_enabled":true,"_links":{"self":[{"href":"https:\/\/experienciadevida.com.ar\/portalurbano\/wp-json\/wp\/v2\/posts\/105671"}],"collection":[{"href":"https:\/\/experienciadevida.com.ar\/portalurbano\/wp-json\/wp\/v2\/posts"}],"about":[{"href":"https:\/\/experienciadevida.com.ar\/portalurbano\/wp-json\/wp\/v2\/types\/post"}],"author":[{"embeddable":true,"href":"https:\/\/experienciadevida.com.ar\/portalurbano\/wp-json\/wp\/v2\/users\/1"}],"replies":[{"embeddable":true,"href":"https:\/\/experienciadevida.com.ar\/portalurbano\/wp-json\/wp\/v2\/comments?post=105671"}],"version-history":[{"count":2,"href":"https:\/\/experienciadevida.com.ar\/portalurbano\/wp-json\/wp\/v2\/posts\/105671\/revisions"}],"predecessor-version":[{"id":105684,"href":"https:\/\/experienciadevida.com.ar\/portalurbano\/wp-json\/wp\/v2\/posts\/105671\/revisions\/105684"}],"wp:featuredmedia":[{"embeddable":true,"href":"https:\/\/experienciadevida.com.ar\/portalurbano\/wp-json\/wp\/v2\/media\/105672"}],"wp:attachment":[{"href":"https:\/\/experienciadevida.com.ar\/portalurbano\/wp-json\/wp\/v2\/media?parent=105671"}],"wp:term":[{"taxonomy":"category","embeddable":true,"href":"https:\/\/experienciadevida.com.ar\/portalurbano\/wp-json\/wp\/v2\/categories?post=105671"},{"taxonomy":"post_tag","embeddable":true,"href":"https:\/\/experienciadevida.com.ar\/portalurbano\/wp-json\/wp\/v2\/tags?post=105671"}],"curies":[{"name":"wp","href":"https:\/\/api.w.org\/{rel}","templated":true}]}}