{"id":105664,"date":"2020-03-30T14:41:00","date_gmt":"2020-03-30T17:41:00","guid":{"rendered":"https:\/\/experienciadevida.com.ar\/portalurbano\/?p=105664"},"modified":"2020-03-30T14:41:19","modified_gmt":"2020-03-30T17:41:19","slug":"alberto-fernandez-la-idea-es-ir-recuperando-poco-a-poco-el-ritmo-economico","status":"publish","type":"post","link":"https:\/\/experienciadevida.com.ar\/portalurbano\/alberto-fernandez-la-idea-es-ir-recuperando-poco-a-poco-el-ritmo-economico\/","title":{"rendered":"Alberto Fern\u00e1ndez: &#8220;La idea es ir recuperando poco a poco el ritmo econ\u00f3mico&#8221;"},"content":{"rendered":"<p class=\"interiorCopete\">El presidente destac\u00f3 que est\u00e1 abocado a &#8220;buscar salidas&#8221; para las pymes, peque\u00f1os comercios y sectores m\u00e1s vulnerables.<\/p>\n<p>El presidente Alberto Fern\u00e1ndez asegur\u00f3 hoy que la idea es ir recuperando &#8220;poco a poco&#8221; el ritmo econ\u00f3mico, pero que, mientras tanto, est\u00e1 abocado a &#8220;buscar salidas&#8221; para las pymes, peque\u00f1os comercios y sectores m\u00e1s vulnerables.<\/p>\n<p>&#8220;Quieren hacer creer que no estoy preocupado por las pymes&#8221;, dijo el jefe de Estado, quien atribuy\u00f3 esta intenci\u00f3n a lo que llam\u00f3 &#8220;una Argentina oculta y miserable&#8221; que se vale de trolls, a trav\u00e9s de las redes sociales.<\/p>\n<p>El mandatario enumer\u00f3 las medidas que ya dict\u00f3 para mitigar el efecto del coronavirus y del aislamiento obligatorio, que afecta la actividad econ\u00f3mica, como moratorias, disminuci\u00f3n de aportes patronales y cr\u00e9ditos a baja tasa y mayor plazo.<\/p>\n<p>&#8220;Me preocupa el que tiene un barcito, un restaurante, un kiosco&#8221;, dijo, al hacer referencia a quienes a trav\u00e9s de las redes le dijeron &#8220;el miserable sos vos&#8221; cuando \u00e9l en realidad llam\u00f3 a los empresarios a no tener actitudes miserables sino ser &#8220;solidarios&#8221; con los otros, repitiendo adem\u00e1s palabras del Papa respecto que &#8220;nadie se salva solo&#8221; y pidiendo que no despidan empleados.<\/p>\n<p>En ese marco mencion\u00f3 los cr\u00e9ditos a baja tasa y doce meses, que incluso podr\u00edan tener un per\u00edodo de gracia antes de comenzar a pagarlo, como una de las medidas implementadas desde el Gobierno para ayudar a las pymes a hacer frente a la situaci\u00f3n causada por la pandemia de coronavirus.<\/p>\n<p>En referencia al despido de 1.450 empleados en la empresa Techint, dijo que es &#8220;sin ninguna duda uno de los casos&#8221; que m\u00e1s lo conmovi\u00f3, y sostuvo que se trata de &#8220;una falta de solidaridad enorme&#8221; y volvi\u00f3 a plantear &#8220;qu\u00e9 le cuesta a una empresa que durante un mes trabaje menos, que gane un poco menos&#8221;.<\/p>\n<p>&#8220;Tanta plata has ganado a lo largo de tu vida; ten\u00e9s una fortuna que te pone entre los m\u00e1s millonarios del mundo; hermano, \u00a1esta vez colabor\u00e1!&#8221;, asever\u00f3 el mandatario, quien volvi\u00f3 a insistir en la necesidad de &#8220;recuperar la \u00e9tica de la solidaridad&#8221; y confi\u00f3 en que se pueda encontrar una soluci\u00f3n para los trabajadores de Techint.<\/p>\n","protected":false},"excerpt":{"rendered":"<p>El presidente destac\u00f3 que est\u00e1 abocado a &#8220;buscar salidas&#8221; para las pymes, peque\u00f1os comercios y&#8230;<\/p>\n","protected":false},"author":1,"featured_media":105583,"comment_status":"open","ping_status":"open","sticky":false,"template":"","format":"standard","meta":{"content-type":""},"categories":[39],"tags":[],"nelio_content":{"isAutoShareEnabled":false,"autoShareEndMode":"default","automationSources":{"useContentSentences":true,"useSocialTemplates":true,"useCustomSentences":false,"customSentences":[]},"followers":[1],"suggestedReferences":[],"includedReferences":[],"efiUrl":"","efiAlt":"","highlights":[]},"yoast_head":"<!-- This site is optimized with the Yoast SEO plugin v20.7 - https:\/\/yoast.com\/wordpress\/plugins\/seo\/ -->\n<title>Alberto Fern\u00e1ndez: &quot;La idea es ir recuperando poco a poco el ritmo econ\u00f3mico&quot; -<\/title>\n<meta name=\"robots\" content=\"index, follow, max-snippet:-1, max-image-preview:large, max-video-preview:-1\" \/>\n<link rel=\"canonical\" href=\"https:\/\/experienciadevida.com.ar\/portalurbano\/alberto-fernandez-la-idea-es-ir-recuperando-poco-a-poco-el-ritmo-economico\/\" \/>\n<meta property=\"og:locale\" content=\"es_ES\" \/>\n<meta property=\"og:type\" content=\"article\" \/>\n<meta property=\"og:title\" content=\"Alberto Fern\u00e1ndez: &quot;La idea es ir recuperando poco a poco el ritmo econ\u00f3mico&quot; -\" \/>\n<meta property=\"og:description\" content=\"El presidente destac\u00f3 que est\u00e1 abocado a &#8220;buscar salidas&#8221; para las pymes, peque\u00f1os comercios y...\" \/>\n<meta property=\"og:url\" content=\"https:\/\/experienciadevida.com.ar\/portalurbano\/alberto-fernandez-la-idea-es-ir-recuperando-poco-a-poco-el-ritmo-economico\/\" \/>\n<meta property=\"article:publisher\" content=\"https:\/\/www.facebook.com\/Portal-Urbano-171542830093757\/\" \/>\n<meta property=\"article:published_time\" content=\"2020-03-30T17:41:00+00:00\" \/>\n<meta property=\"article:modified_time\" content=\"2020-03-30T17:41:19+00:00\" \/>\n<meta property=\"og:image\" content=\"https:\/\/experienciadevida.com.ar\/portalurbano\/wp-content\/uploads\/2020\/03\/0006660345-e1585569460803.jpg\" \/>\n\t<meta property=\"og:image:width\" content=\"750\" \/>\n\t<meta property=\"og:image:height\" content=\"438\" \/>\n\t<meta property=\"og:image:type\" content=\"image\/jpeg\" \/>\n<meta name=\"author\" content=\"admpu17wp\" \/>\n<meta name=\"twitter:card\" content=\"summary_large_image\" \/>\n<meta name=\"twitter:creator\" content=\"@portalurbanook\" \/>\n<meta name=\"twitter:site\" content=\"@portalurbanook\" \/>\n<meta name=\"twitter:label1\" content=\"Escrito por\" \/>\n\t<meta name=\"twitter:data1\" content=\"admpu17wp\" \/>\n\t<meta name=\"twitter:label2\" content=\"Tiempo de lectura\" \/>\n\t<meta name=\"twitter:data2\" content=\"2 minutos\" \/>\n<script type=\"application\/ld+json\" class=\"yoast-schema-graph\">{\"@context\":\"https:\/\/schema.org\",\"@graph\":[{\"@type\":\"Article\",\"@id\":\"https:\/\/experienciadevida.com.ar\/portalurbano\/alberto-fernandez-la-idea-es-ir-recuperando-poco-a-poco-el-ritmo-economico\/#article\",\"isPartOf\":{\"@id\":\"https:\/\/experienciadevida.com.ar\/portalurbano\/alberto-fernandez-la-idea-es-ir-recuperando-poco-a-poco-el-ritmo-economico\/\"},\"author\":{\"name\":\"admpu17wp\",\"@id\":\"https:\/\/experienciadevida.com.ar\/portalurbano\/#\/schema\/person\/02dd326b1c4b056e9cc972486934a3a7\"},\"headline\":\"Alberto Fern\u00e1ndez: &#8220;La idea es ir recuperando poco a poco el ritmo econ\u00f3mico&#8221;\",\"datePublished\":\"2020-03-30T17:41:00+00:00\",\"dateModified\":\"2020-03-30T17:41:19+00:00\",\"mainEntityOfPage\":{\"@id\":\"https:\/\/experienciadevida.com.ar\/portalurbano\/alberto-fernandez-la-idea-es-ir-recuperando-poco-a-poco-el-ritmo-economico\/\"},\"wordCount\":394,\"commentCount\":0,\"publisher\":{\"@id\":\"https:\/\/experienciadevida.com.ar\/portalurbano\/#organization\"},\"articleSection\":[\"Naci\u00f3n\"],\"inLanguage\":\"es\",\"potentialAction\":[{\"@type\":\"CommentAction\",\"name\":\"Comment\",\"target\":[\"https:\/\/experienciadevida.com.ar\/portalurbano\/alberto-fernandez-la-idea-es-ir-recuperando-poco-a-poco-el-ritmo-economico\/#respond\"]}]},{\"@type\":\"WebPage\",\"@id\":\"https:\/\/experienciadevida.com.ar\/portalurbano\/alberto-fernandez-la-idea-es-ir-recuperando-poco-a-poco-el-ritmo-economico\/\",\"url\":\"https:\/\/experienciadevida.com.ar\/portalurbano\/alberto-fernandez-la-idea-es-ir-recuperando-poco-a-poco-el-ritmo-economico\/\",\"name\":\"Alberto Fern\u00e1ndez: \\\"La idea es ir recuperando poco a poco el ritmo econ\u00f3mico\\\" -\",\"isPartOf\":{\"@id\":\"https:\/\/experienciadevida.com.ar\/portalurbano\/#website\"},\"datePublished\":\"2020-03-30T17:41:00+00:00\",\"dateModified\":\"2020-03-30T17:41:19+00:00\",\"breadcrumb\":{\"@id\":\"https:\/\/experienciadevida.com.ar\/portalurbano\/alberto-fernandez-la-idea-es-ir-recuperando-poco-a-poco-el-ritmo-economico\/#breadcrumb\"},\"inLanguage\":\"es\",\"potentialAction\":[{\"@type\":\"ReadAction\",\"target\":[\"https:\/\/experienciadevida.com.ar\/portalurbano\/alberto-fernandez-la-idea-es-ir-recuperando-poco-a-poco-el-ritmo-economico\/\"]}]},{\"@type\":\"BreadcrumbList\",\"@id\":\"https:\/\/experienciadevida.com.ar\/portalurbano\/alberto-fernandez-la-idea-es-ir-recuperando-poco-a-poco-el-ritmo-economico\/#breadcrumb\",\"itemListElement\":[{\"@type\":\"ListItem\",\"position\":1,\"name\":\"Portada\",\"item\":\"https:\/\/experienciadevida.com.ar\/portalurbano\/\"},{\"@type\":\"ListItem\",\"position\":2,\"name\":\"Alberto Fern\u00e1ndez: \u00abLa idea es ir recuperando poco a poco el ritmo econ\u00f3mico\u00bb\"}]},{\"@type\":\"WebSite\",\"@id\":\"https:\/\/experienciadevida.com.ar\/portalurbano\/#website\",\"url\":\"https:\/\/experienciadevida.com.ar\/portalurbano\/\",\"name\":\"\",\"description\":\"\",\"publisher\":{\"@id\":\"https:\/\/experienciadevida.com.ar\/portalurbano\/#organization\"},\"potentialAction\":[{\"@type\":\"SearchAction\",\"target\":{\"@type\":\"EntryPoint\",\"urlTemplate\":\"https:\/\/experienciadevida.com.ar\/portalurbano\/?s={search_term_string}\"},\"query-input\":\"required name=search_term_string\"}],\"inLanguage\":\"es\"},{\"@type\":\"Organization\",\"@id\":\"https:\/\/experienciadevida.com.ar\/portalurbano\/#organization\",\"name\":\"Portal Urbano\",\"url\":\"https:\/\/experienciadevida.com.ar\/portalurbano\/\",\"logo\":{\"@type\":\"ImageObject\",\"inLanguage\":\"es\",\"@id\":\"https:\/\/experienciadevida.com.ar\/portalurbano\/#\/schema\/logo\/image\/\",\"url\":\"https:\/\/experienciadevida.com.ar\/portalurbano\/wp-content\/uploads\/2019\/09\/Logo-Original.png\",\"contentUrl\":\"https:\/\/experienciadevida.com.ar\/portalurbano\/wp-content\/uploads\/2019\/09\/Logo-Original.png\",\"width\":2236,\"height\":1216,\"caption\":\"Portal Urbano\"},\"image\":{\"@id\":\"https:\/\/experienciadevida.com.ar\/portalurbano\/#\/schema\/logo\/image\/\"},\"sameAs\":[\"https:\/\/www.facebook.com\/Portal-Urbano-171542830093757\/\",\"https:\/\/twitter.com\/portalurbanook\",\"https:\/\/www.instagram.com\/_portalurbano\/\",\"https:\/\/www.youtube.com\/channel\/UCXhagIfszH8KxFiOok79zbA?view_as=subscriber\"]},{\"@type\":\"Person\",\"@id\":\"https:\/\/experienciadevida.com.ar\/portalurbano\/#\/schema\/person\/02dd326b1c4b056e9cc972486934a3a7\",\"name\":\"admpu17wp\",\"image\":{\"@type\":\"ImageObject\",\"inLanguage\":\"es\",\"@id\":\"https:\/\/experienciadevida.com.ar\/portalurbano\/#\/schema\/person\/image\/\",\"url\":\"https:\/\/secure.gravatar.com\/avatar\/830d4c57adaae6630765e449a6908047?s=96&d=mm&r=g\",\"contentUrl\":\"https:\/\/secure.gravatar.com\/avatar\/830d4c57adaae6630765e449a6908047?s=96&d=mm&r=g\",\"caption\":\"admpu17wp\"}}]}<\/script>\n<!-- \/ Yoast SEO plugin. -->","yoast_head_json":{"title":"Alberto Fern\u00e1ndez: \"La idea es ir recuperando poco a poco el ritmo econ\u00f3mico\" -","robots":{"index":"index","follow":"follow","max-snippet":"max-snippet:-1","max-image-preview":"max-image-preview:large","max-video-preview":"max-video-preview:-1"},"canonical":"https:\/\/experienciadevida.com.ar\/portalurbano\/alberto-fernandez-la-idea-es-ir-recuperando-poco-a-poco-el-ritmo-economico\/","og_locale":"es_ES","og_type":"article","og_title":"Alberto Fern\u00e1ndez: \"La idea es ir recuperando poco a poco el ritmo econ\u00f3mico\" -","og_description":"El presidente destac\u00f3 que est\u00e1 abocado a &#8220;buscar salidas&#8221; para las pymes, peque\u00f1os comercios y...","og_url":"https:\/\/experienciadevida.com.ar\/portalurbano\/alberto-fernandez-la-idea-es-ir-recuperando-poco-a-poco-el-ritmo-economico\/","article_publisher":"https:\/\/www.facebook.com\/Portal-Urbano-171542830093757\/","article_published_time":"2020-03-30T17:41:00+00:00","article_modified_time":"2020-03-30T17:41:19+00:00","og_image":[{"width":750,"height":438,"url":"https:\/\/experienciadevida.com.ar\/portalurbano\/wp-content\/uploads\/2020\/03\/0006660345-e1585569460803.jpg","type":"image\/jpeg"}],"author":"admpu17wp","twitter_card":"summary_large_image","twitter_creator":"@portalurbanook","twitter_site":"@portalurbanook","twitter_misc":{"Escrito por":"admpu17wp","Tiempo de lectura":"2 minutos"},"schema":{"@context":"https:\/\/schema.org","@graph":[{"@type":"Article","@id":"https:\/\/experienciadevida.com.ar\/portalurbano\/alberto-fernandez-la-idea-es-ir-recuperando-poco-a-poco-el-ritmo-economico\/#article","isPartOf":{"@id":"https:\/\/experienciadevida.com.ar\/portalurbano\/alberto-fernandez-la-idea-es-ir-recuperando-poco-a-poco-el-ritmo-economico\/"},"author":{"name":"admpu17wp","@id":"https:\/\/experienciadevida.com.ar\/portalurbano\/#\/schema\/person\/02dd326b1c4b056e9cc972486934a3a7"},"headline":"Alberto Fern\u00e1ndez: &#8220;La idea es ir recuperando poco a poco el ritmo econ\u00f3mico&#8221;","datePublished":"2020-03-30T17:41:00+00:00","dateModified":"2020-03-30T17:41:19+00:00","mainEntityOfPage":{"@id":"https:\/\/experienciadevida.com.ar\/portalurbano\/alberto-fernandez-la-idea-es-ir-recuperando-poco-a-poco-el-ritmo-economico\/"},"wordCount":394,"commentCount":0,"publisher":{"@id":"https:\/\/experienciadevida.com.ar\/portalurbano\/#organization"},"articleSection":["Naci\u00f3n"],"inLanguage":"es","potentialAction":[{"@type":"CommentAction","name":"Comment","target":["https:\/\/experienciadevida.com.ar\/portalurbano\/alberto-fernandez-la-idea-es-ir-recuperando-poco-a-poco-el-ritmo-economico\/#respond"]}]},{"@type":"WebPage","@id":"https:\/\/experienciadevida.com.ar\/portalurbano\/alberto-fernandez-la-idea-es-ir-recuperando-poco-a-poco-el-ritmo-economico\/","url":"https:\/\/experienciadevida.com.ar\/portalurbano\/alberto-fernandez-la-idea-es-ir-recuperando-poco-a-poco-el-ritmo-economico\/","name":"Alberto Fern\u00e1ndez: \"La idea es ir recuperando poco a poco el ritmo econ\u00f3mico\" -","isPartOf":{"@id":"https:\/\/experienciadevida.com.ar\/portalurbano\/#website"},"datePublished":"2020-03-30T17:41:00+00:00","dateModified":"2020-03-30T17:41:19+00:00","breadcrumb":{"@id":"https:\/\/experienciadevida.com.ar\/portalurbano\/alberto-fernandez-la-idea-es-ir-recuperando-poco-a-poco-el-ritmo-economico\/#breadcrumb"},"inLanguage":"es","potentialAction":[{"@type":"ReadAction","target":["https:\/\/experienciadevida.com.ar\/portalurbano\/alberto-fernandez-la-idea-es-ir-recuperando-poco-a-poco-el-ritmo-economico\/"]}]},{"@type":"BreadcrumbList","@id":"https:\/\/experienciadevida.com.ar\/portalurbano\/alberto-fernandez-la-idea-es-ir-recuperando-poco-a-poco-el-ritmo-economico\/#breadcrumb","itemListElement":[{"@type":"ListItem","position":1,"name":"Portada","item":"https:\/\/experienciadevida.com.ar\/portalurbano\/"},{"@type":"ListItem","position":2,"name":"Alberto Fern\u00e1ndez: \u00abLa idea es ir recuperando poco a poco el ritmo econ\u00f3mico\u00bb"}]},{"@type":"WebSite","@id":"https:\/\/experienciadevida.com.ar\/portalurbano\/#website","url":"https:\/\/experienciadevida.com.ar\/portalurbano\/","name":"","description":"","publisher":{"@id":"https:\/\/experienciadevida.com.ar\/portalurbano\/#organization"},"potentialAction":[{"@type":"SearchAction","target":{"@type":"EntryPoint","urlTemplate":"https:\/\/experienciadevida.com.ar\/portalurbano\/?s={search_term_string}"},"query-input":"required name=search_term_string"}],"inLanguage":"es"},{"@type":"Organization","@id":"https:\/\/experienciadevida.com.ar\/portalurbano\/#organization","name":"Portal Urbano","url":"https:\/\/experienciadevida.com.ar\/portalurbano\/","logo":{"@type":"ImageObject","inLanguage":"es","@id":"https:\/\/experienciadevida.com.ar\/portalurbano\/#\/schema\/logo\/image\/","url":"https:\/\/experienciadevida.com.ar\/portalurbano\/wp-content\/uploads\/2019\/09\/Logo-Original.png","contentUrl":"https:\/\/experienciadevida.com.ar\/portalurbano\/wp-content\/uploads\/2019\/09\/Logo-Original.png","width":2236,"height":1216,"caption":"Portal Urbano"},"image":{"@id":"https:\/\/experienciadevida.com.ar\/portalurbano\/#\/schema\/logo\/image\/"},"sameAs":["https:\/\/www.facebook.com\/Portal-Urbano-171542830093757\/","https:\/\/twitter.com\/portalurbanook","https:\/\/www.instagram.com\/_portalurbano\/","https:\/\/www.youtube.com\/channel\/UCXhagIfszH8KxFiOok79zbA?view_as=subscriber"]},{"@type":"Person","@id":"https:\/\/experienciadevida.com.ar\/portalurbano\/#\/schema\/person\/02dd326b1c4b056e9cc972486934a3a7","name":"admpu17wp","image":{"@type":"ImageObject","inLanguage":"es","@id":"https:\/\/experienciadevida.com.ar\/portalurbano\/#\/schema\/person\/image\/","url":"https:\/\/secure.gravatar.com\/avatar\/830d4c57adaae6630765e449a6908047?s=96&d=mm&r=g","contentUrl":"https:\/\/secure.gravatar.com\/avatar\/830d4c57adaae6630765e449a6908047?s=96&d=mm&r=g","caption":"admpu17wp"}}]}},"featured_image_urls":{"full":["https:\/\/experienciadevida.com.ar\/portalurbano\/wp-content\/uploads\/2020\/03\/0006660345-e1585569460803.jpg",750,438,false],"thumbnail":["https:\/\/experienciadevida.com.ar\/portalurbano\/wp-content\/uploads\/2020\/03\/0006660345-150x150.jpg",150,150,true],"medium":["https:\/\/experienciadevida.com.ar\/portalurbano\/wp-content\/uploads\/2020\/03\/0006660345-300x175.jpg",300,175,true],"medium_large":["https:\/\/experienciadevida.com.ar\/portalurbano\/wp-content\/uploads\/2020\/03\/0006660345-768x449.jpg",640,374,true],"large":["https:\/\/experienciadevida.com.ar\/portalurbano\/wp-content\/uploads\/2020\/03\/0006660345-1024x598.jpg",640,374,true],"ug_big":["https:\/\/experienciadevida.com.ar\/portalurbano\/wp-content\/uploads\/2020\/03\/0006660345-768x449.jpg",768,449,true],"1536x1536":["https:\/\/experienciadevida.com.ar\/portalurbano\/wp-content\/uploads\/2020\/03\/0006660345-e1585569460803.jpg",750,438,false],"2048x2048":["https:\/\/experienciadevida.com.ar\/portalurbano\/wp-content\/uploads\/2020\/03\/0006660345-e1585569460803.jpg",750,438,false],"newsever-slider-full":["https:\/\/experienciadevida.com.ar\/portalurbano\/wp-content\/uploads\/2020\/03\/0006660345-e1585569460803.jpg",750,438,false],"newsever-featured":["https:\/\/experienciadevida.com.ar\/portalurbano\/wp-content\/uploads\/2020\/03\/0006660345-e1585569460803.jpg",750,438,false],"newsever-medium":["https:\/\/experienciadevida.com.ar\/portalurbano\/wp-content\/uploads\/2020\/03\/0006660345-e1585569460803.jpg",720,420,false],"web-stories-poster-portrait":["https:\/\/experienciadevida.com.ar\/portalurbano\/wp-content\/uploads\/2020\/03\/0006660345-e1585569460803.jpg",640,374,false],"web-stories-publisher-logo":["https:\/\/experienciadevida.com.ar\/portalurbano\/wp-content\/uploads\/2020\/03\/0006660345-e1585569460803.jpg",96,56,false],"web-stories-thumbnail":["https:\/\/experienciadevida.com.ar\/portalurbano\/wp-content\/uploads\/2020\/03\/0006660345-e1585569460803.jpg",150,88,false]},"author_info":{"display_name":"admpu17wp","author_link":"https:\/\/experienciadevida.com.ar\/portalurbano\/author\/admpu17wp\/"},"category_info":"<a href=\"https:\/\/experienciadevida.com.ar\/portalurbano\/category\/nacion\/\" rel=\"category tag\">Naci\u00f3n<\/a>","tag_info":"Naci\u00f3n","comment_count":"0","amp_enabled":true,"_links":{"self":[{"href":"https:\/\/experienciadevida.com.ar\/portalurbano\/wp-json\/wp\/v2\/posts\/105664"}],"collection":[{"href":"https:\/\/experienciadevida.com.ar\/portalurbano\/wp-json\/wp\/v2\/posts"}],"about":[{"href":"https:\/\/experienciadevida.com.ar\/portalurbano\/wp-json\/wp\/v2\/types\/post"}],"author":[{"embeddable":true,"href":"https:\/\/experienciadevida.com.ar\/portalurbano\/wp-json\/wp\/v2\/users\/1"}],"replies":[{"embeddable":true,"href":"https:\/\/experienciadevida.com.ar\/portalurbano\/wp-json\/wp\/v2\/comments?post=105664"}],"version-history":[{"count":2,"href":"https:\/\/experienciadevida.com.ar\/portalurbano\/wp-json\/wp\/v2\/posts\/105664\/revisions"}],"predecessor-version":[{"id":105666,"href":"https:\/\/experienciadevida.com.ar\/portalurbano\/wp-json\/wp\/v2\/posts\/105664\/revisions\/105666"}],"wp:featuredmedia":[{"embeddable":true,"href":"https:\/\/experienciadevida.com.ar\/portalurbano\/wp-json\/wp\/v2\/media\/105583"}],"wp:attachment":[{"href":"https:\/\/experienciadevida.com.ar\/portalurbano\/wp-json\/wp\/v2\/media?parent=105664"}],"wp:term":[{"taxonomy":"category","embeddable":true,"href":"https:\/\/experienciadevida.com.ar\/portalurbano\/wp-json\/wp\/v2\/categories?post=105664"},{"taxonomy":"post_tag","embeddable":true,"href":"https:\/\/experienciadevida.com.ar\/portalurbano\/wp-json\/wp\/v2\/tags?post=105664"}],"curies":[{"name":"wp","href":"https:\/\/api.w.org\/{rel}","templated":true}]}}