{"id":105653,"date":"2020-03-30T14:26:38","date_gmt":"2020-03-30T17:26:38","guid":{"rendered":"https:\/\/experienciadevida.com.ar\/portalurbano\/?p=105653"},"modified":"2020-03-30T14:26:55","modified_gmt":"2020-03-30T17:26:55","slug":"decreto-320-20-disposiciones-sobre-alquileres","status":"publish","type":"post","link":"https:\/\/experienciadevida.com.ar\/portalurbano\/decreto-320-20-disposiciones-sobre-alquileres\/","title":{"rendered":"Decreto 320\/20 \u2013 Disposiciones sobre alquileres"},"content":{"rendered":"<p>Seg\u00fan informara la OMS con fecha del 26 de marzo del 2020, se ha constatado la propagaci\u00f3n de casos de COVID-19, a nivel global llegando a un total de 522.746 personas infectadas, 23.628 fallecidas y afectando a m\u00e1s de 158 pa\u00edses de diferentes continentes.<\/p>\n<p>En virtud de la situaci\u00f3n epidemiol\u00f3gica el Estado establece el decreto Decreto 320\/20, el cual establece las siguientes medidas sobre alquileres:<\/p>\n<p><strong>Contratos alcanzados:<\/strong><\/p>\n<p>Inmuebles destinados a:<\/p>\n<p>Vivienda \u00fanica urbana o rural.<br \/>\nHabitaciones destinadas a vivienda familiar o personal en pensiones, hoteles\u00a0 u otros alojamientos similares.<br \/>\nActividades culturales o comunitarias.<br \/>\nPeque\u00f1as producciones familiares o agropecuarias.<br \/>\nLa prestaci\u00f3n de servicios, comercio o industria por monotributistas.<br \/>\nEl ejercicio de la profesi\u00f3n por profesionales aut\u00f3nomos.<br \/>\nLa prestaci\u00f3n de servicios, comercio o industria por MiPyMES.<br \/>\nCooperativas de trabajo o empresas recuperadas inscriptas en el INAES.<\/p>\n<p><strong>Suspensi\u00f3n de desalojos:<\/strong><\/p>\n<p>Hasta el 30 de septiembre siempre que:<\/p>\n<p>El litigio se haya promovido por el incumplimiento de la obligaci\u00f3n de pago en un contrato de locaci\u00f3n y la tenencia del inmueble se encuentre en poder de la parte locataria, sus continuadores, sus sucesores, por causa de muerte, o de un sublocatario.<br \/>\nHasta el d\u00eda 30 de septiembre de 2020 quedan suspendidos los plazos de prescripci\u00f3n en los procesos de ejecuci\u00f3n de sentencia respectivos.<\/p>\n<p><strong>Pr\u00f3rroga de contratos:<\/strong><\/p>\n<p>Se prorroga hasta el d\u00eda 30 de septiembre del corriente a\u00f1o, la vigencia de los contratos de locaci\u00f3n de los inmuebles:<\/p>\n<p>Cuyo vencimiento haya operado desde el 20 de marzo y antes del 30 de septiembre 2020 y la tenencia del inmueble se encuentre en poder de la parte locataria, sus continuadores, sus sucesores por causa de muerte, o de un sublocatario.<\/p>\n<p><strong>5 &#8211; Pr\u00f3rroga de contratos opcional<\/strong><\/p>\n<p>La parte locataria podr\u00e1 optar por mantener la fecha del vencimiento pactado por las partes o por prorrogar dicho plazo por un t\u00e9rmino menor al 30\/09\/2020.<br \/>\nEsta opci\u00f3n deber\u00e1 notificarse en forma fehaciente a la parte locadora no menos de quince (15) d\u00edas de anticipaci\u00f3n a la fecha de vencimiento pactada.<\/p>\n<p><strong>6- Congelamiento de precios de alquileres\u00a0<\/strong><\/p>\n<p>Hasta el 30 de septiembre del 2020, se deber\u00e1 abonar el precio de la locaci\u00f3n correspondiente al mes de marzo del 2020.<br \/>\nCuando las partes hayan acordado un precio total del contrato, la cuota mensual que deba abonar la parte locataria ser\u00e1 la del mes de marzo.<br \/>\nLas dem\u00e1s prestaciones de pago peri\u00f3dico asumidas convencionalmente por la parte locataria se regir\u00e1n conforme lo acordado por las partes.<\/p>\n<p><strong>7- Deudas por diferencia de precios:<\/strong><\/p>\n<p>La diferencia que resultare entre el monto pactado contractualmente y el que corresponda a marzo 2020 deber\u00e1 ser\u00e1 abonada \u00a0en:<\/p>\n<p>M\u00ednimo 3 y m\u00e1ximo 6 cuotas<br \/>\nMensuales, iguales y consecutivas<br \/>\nVencimiento primer cuota en la misma fecha que el canon locativo del mes de octubre 2020<br \/>\nNo podr\u00e1n aplicarse intereses ni otra penalidad prevista en el contrato<br \/>\nLas partes podr\u00e1n pactar una forma de pago distinta que no sea m\u00e1s gravosa para el locatario.<\/p>\n<p><strong>8- Deudas por falta de pago\u00a0<\/strong><\/p>\n<p>Las deudas entre el 29\/03\/2020 y el 30\/09\/2020 por falta de pago, pagos fuera de t\u00e9rmino o pagos parciales, deber\u00e1n abonarse en:<\/p>\n<p>M\u00ednimo 3 y m\u00e1ximo 6 cuotas<br \/>\nMensuales, iguales y consecutivas<br \/>\nVencimiento primer cuota en la misma fecha que el canon locativo del mes de octubre 2020<br \/>\nPodr\u00e1n aplicarse intereses compensatorios que no podr\u00e1n exceder\u00a0 la tasa de inter\u00e9s para plazos\u00a0 fijos a 30 d\u00edas del Banco Naci\u00f3n.<br \/>\nNo podr\u00e1n aplicarse intereses punitorios ni moratorios, ni ninguna otra penalidad<br \/>\nLas partes podr\u00e1n pactar una forma de pago distinta que no podr\u00e1 ser m\u00e1s gravosa para la parte locataria<br \/>\nEl locador no podr\u00e1 resolver el contrato por falta de pago del canon locativo por dos<br \/>\nEl locador no podr\u00e1 resolver el contrato por falta de pago del canon locativo por dos per\u00edodos.<\/p>\n<p><strong>8- Bancarizaci\u00f3n<\/strong><\/p>\n<p>La parte locadora deber\u00e1 informara la parte locataria los datos para que pueda realizar transferencias bancarias o dep\u00f3sitos por cajero autom\u00e1tico, si as\u00ed lo quisiera del canon locativo.<\/p>\n<div class=\"column12\">\n<p>Cdra Antonela Monteleone \u2013\u00a0Matricula N\u00b0 42283\/5<\/p>\n<\/div>\n","protected":false},"excerpt":{"rendered":"<p>Seg\u00fan informara la OMS con fecha del 26 de marzo del 2020, se ha constatado&#8230;<\/p>\n","protected":false},"author":1,"featured_media":105555,"comment_status":"open","ping_status":"open","sticky":false,"template":"","format":"standard","meta":{"content-type":""},"categories":[39],"tags":[],"nelio_content":{"isAutoShareEnabled":false,"autoShareEndMode":"default","automationSources":{"useContentSentences":true,"useSocialTemplates":true,"useCustomSentences":false,"customSentences":[]},"followers":[1],"suggestedReferences":[],"includedReferences":[],"efiUrl":"","efiAlt":"","highlights":[]},"yoast_head":"<!-- This site is optimized with the Yoast SEO plugin v20.7 - https:\/\/yoast.com\/wordpress\/plugins\/seo\/ -->\n<title>Decreto 320\/20 \u2013 Disposiciones sobre alquileres -<\/title>\n<meta name=\"robots\" content=\"index, follow, max-snippet:-1, max-image-preview:large, max-video-preview:-1\" \/>\n<link rel=\"canonical\" href=\"https:\/\/experienciadevida.com.ar\/portalurbano\/decreto-320-20-disposiciones-sobre-alquileres\/\" \/>\n<meta property=\"og:locale\" content=\"es_ES\" \/>\n<meta property=\"og:type\" content=\"article\" \/>\n<meta property=\"og:title\" content=\"Decreto 320\/20 \u2013 Disposiciones sobre alquileres -\" \/>\n<meta property=\"og:description\" content=\"Seg\u00fan informara la OMS con fecha del 26 de marzo del 2020, se ha constatado...\" \/>\n<meta property=\"og:url\" content=\"https:\/\/experienciadevida.com.ar\/portalurbano\/decreto-320-20-disposiciones-sobre-alquileres\/\" \/>\n<meta property=\"article:publisher\" content=\"https:\/\/www.facebook.com\/Portal-Urbano-171542830093757\/\" \/>\n<meta property=\"article:published_time\" content=\"2020-03-30T17:26:38+00:00\" \/>\n<meta property=\"article:modified_time\" content=\"2020-03-30T17:26:55+00:00\" \/>\n<meta property=\"og:image\" content=\"https:\/\/experienciadevida.com.ar\/portalurbano\/wp-content\/uploads\/2020\/03\/ALQUILERES.jpg\" \/>\n\t<meta property=\"og:image:width\" content=\"1140\" \/>\n\t<meta property=\"og:image:height\" content=\"759\" \/>\n\t<meta property=\"og:image:type\" content=\"image\/jpeg\" \/>\n<meta name=\"author\" content=\"admpu17wp\" \/>\n<meta name=\"twitter:card\" content=\"summary_large_image\" \/>\n<meta name=\"twitter:creator\" content=\"@portalurbanook\" \/>\n<meta name=\"twitter:site\" content=\"@portalurbanook\" \/>\n<meta name=\"twitter:label1\" content=\"Escrito por\" \/>\n\t<meta name=\"twitter:data1\" content=\"admpu17wp\" \/>\n\t<meta name=\"twitter:label2\" content=\"Tiempo de lectura\" \/>\n\t<meta name=\"twitter:data2\" content=\"3 minutos\" \/>\n<script type=\"application\/ld+json\" class=\"yoast-schema-graph\">{\"@context\":\"https:\/\/schema.org\",\"@graph\":[{\"@type\":\"Article\",\"@id\":\"https:\/\/experienciadevida.com.ar\/portalurbano\/decreto-320-20-disposiciones-sobre-alquileres\/#article\",\"isPartOf\":{\"@id\":\"https:\/\/experienciadevida.com.ar\/portalurbano\/decreto-320-20-disposiciones-sobre-alquileres\/\"},\"author\":{\"name\":\"admpu17wp\",\"@id\":\"https:\/\/experienciadevida.com.ar\/portalurbano\/#\/schema\/person\/02dd326b1c4b056e9cc972486934a3a7\"},\"headline\":\"Decreto 320\/20 \u2013 Disposiciones sobre alquileres\",\"datePublished\":\"2020-03-30T17:26:38+00:00\",\"dateModified\":\"2020-03-30T17:26:55+00:00\",\"mainEntityOfPage\":{\"@id\":\"https:\/\/experienciadevida.com.ar\/portalurbano\/decreto-320-20-disposiciones-sobre-alquileres\/\"},\"wordCount\":683,\"commentCount\":1,\"publisher\":{\"@id\":\"https:\/\/experienciadevida.com.ar\/portalurbano\/#organization\"},\"articleSection\":[\"Naci\u00f3n\"],\"inLanguage\":\"es\",\"potentialAction\":[{\"@type\":\"CommentAction\",\"name\":\"Comment\",\"target\":[\"https:\/\/experienciadevida.com.ar\/portalurbano\/decreto-320-20-disposiciones-sobre-alquileres\/#respond\"]}]},{\"@type\":\"WebPage\",\"@id\":\"https:\/\/experienciadevida.com.ar\/portalurbano\/decreto-320-20-disposiciones-sobre-alquileres\/\",\"url\":\"https:\/\/experienciadevida.com.ar\/portalurbano\/decreto-320-20-disposiciones-sobre-alquileres\/\",\"name\":\"Decreto 320\/20 \u2013 Disposiciones sobre alquileres -\",\"isPartOf\":{\"@id\":\"https:\/\/experienciadevida.com.ar\/portalurbano\/#website\"},\"datePublished\":\"2020-03-30T17:26:38+00:00\",\"dateModified\":\"2020-03-30T17:26:55+00:00\",\"breadcrumb\":{\"@id\":\"https:\/\/experienciadevida.com.ar\/portalurbano\/decreto-320-20-disposiciones-sobre-alquileres\/#breadcrumb\"},\"inLanguage\":\"es\",\"potentialAction\":[{\"@type\":\"ReadAction\",\"target\":[\"https:\/\/experienciadevida.com.ar\/portalurbano\/decreto-320-20-disposiciones-sobre-alquileres\/\"]}]},{\"@type\":\"BreadcrumbList\",\"@id\":\"https:\/\/experienciadevida.com.ar\/portalurbano\/decreto-320-20-disposiciones-sobre-alquileres\/#breadcrumb\",\"itemListElement\":[{\"@type\":\"ListItem\",\"position\":1,\"name\":\"Portada\",\"item\":\"https:\/\/experienciadevida.com.ar\/portalurbano\/\"},{\"@type\":\"ListItem\",\"position\":2,\"name\":\"Decreto 320\/20 \u2013 Disposiciones sobre alquileres\"}]},{\"@type\":\"WebSite\",\"@id\":\"https:\/\/experienciadevida.com.ar\/portalurbano\/#website\",\"url\":\"https:\/\/experienciadevida.com.ar\/portalurbano\/\",\"name\":\"\",\"description\":\"\",\"publisher\":{\"@id\":\"https:\/\/experienciadevida.com.ar\/portalurbano\/#organization\"},\"potentialAction\":[{\"@type\":\"SearchAction\",\"target\":{\"@type\":\"EntryPoint\",\"urlTemplate\":\"https:\/\/experienciadevida.com.ar\/portalurbano\/?s={search_term_string}\"},\"query-input\":\"required name=search_term_string\"}],\"inLanguage\":\"es\"},{\"@type\":\"Organization\",\"@id\":\"https:\/\/experienciadevida.com.ar\/portalurbano\/#organization\",\"name\":\"Portal Urbano\",\"url\":\"https:\/\/experienciadevida.com.ar\/portalurbano\/\",\"logo\":{\"@type\":\"ImageObject\",\"inLanguage\":\"es\",\"@id\":\"https:\/\/experienciadevida.com.ar\/portalurbano\/#\/schema\/logo\/image\/\",\"url\":\"https:\/\/experienciadevida.com.ar\/portalurbano\/wp-content\/uploads\/2019\/09\/Logo-Original.png\",\"contentUrl\":\"https:\/\/experienciadevida.com.ar\/portalurbano\/wp-content\/uploads\/2019\/09\/Logo-Original.png\",\"width\":2236,\"height\":1216,\"caption\":\"Portal Urbano\"},\"image\":{\"@id\":\"https:\/\/experienciadevida.com.ar\/portalurbano\/#\/schema\/logo\/image\/\"},\"sameAs\":[\"https:\/\/www.facebook.com\/Portal-Urbano-171542830093757\/\",\"https:\/\/twitter.com\/portalurbanook\",\"https:\/\/www.instagram.com\/_portalurbano\/\",\"https:\/\/www.youtube.com\/channel\/UCXhagIfszH8KxFiOok79zbA?view_as=subscriber\"]},{\"@type\":\"Person\",\"@id\":\"https:\/\/experienciadevida.com.ar\/portalurbano\/#\/schema\/person\/02dd326b1c4b056e9cc972486934a3a7\",\"name\":\"admpu17wp\",\"image\":{\"@type\":\"ImageObject\",\"inLanguage\":\"es\",\"@id\":\"https:\/\/experienciadevida.com.ar\/portalurbano\/#\/schema\/person\/image\/\",\"url\":\"https:\/\/secure.gravatar.com\/avatar\/830d4c57adaae6630765e449a6908047?s=96&d=mm&r=g\",\"contentUrl\":\"https:\/\/secure.gravatar.com\/avatar\/830d4c57adaae6630765e449a6908047?s=96&d=mm&r=g\",\"caption\":\"admpu17wp\"}}]}<\/script>\n<!-- \/ Yoast SEO plugin. -->","yoast_head_json":{"title":"Decreto 320\/20 \u2013 Disposiciones sobre alquileres -","robots":{"index":"index","follow":"follow","max-snippet":"max-snippet:-1","max-image-preview":"max-image-preview:large","max-video-preview":"max-video-preview:-1"},"canonical":"https:\/\/experienciadevida.com.ar\/portalurbano\/decreto-320-20-disposiciones-sobre-alquileres\/","og_locale":"es_ES","og_type":"article","og_title":"Decreto 320\/20 \u2013 Disposiciones sobre alquileres -","og_description":"Seg\u00fan informara la OMS con fecha del 26 de marzo del 2020, se ha constatado...","og_url":"https:\/\/experienciadevida.com.ar\/portalurbano\/decreto-320-20-disposiciones-sobre-alquileres\/","article_publisher":"https:\/\/www.facebook.com\/Portal-Urbano-171542830093757\/","article_published_time":"2020-03-30T17:26:38+00:00","article_modified_time":"2020-03-30T17:26:55+00:00","og_image":[{"width":1140,"height":759,"url":"https:\/\/experienciadevida.com.ar\/portalurbano\/wp-content\/uploads\/2020\/03\/ALQUILERES.jpg","type":"image\/jpeg"}],"author":"admpu17wp","twitter_card":"summary_large_image","twitter_creator":"@portalurbanook","twitter_site":"@portalurbanook","twitter_misc":{"Escrito por":"admpu17wp","Tiempo de lectura":"3 minutos"},"schema":{"@context":"https:\/\/schema.org","@graph":[{"@type":"Article","@id":"https:\/\/experienciadevida.com.ar\/portalurbano\/decreto-320-20-disposiciones-sobre-alquileres\/#article","isPartOf":{"@id":"https:\/\/experienciadevida.com.ar\/portalurbano\/decreto-320-20-disposiciones-sobre-alquileres\/"},"author":{"name":"admpu17wp","@id":"https:\/\/experienciadevida.com.ar\/portalurbano\/#\/schema\/person\/02dd326b1c4b056e9cc972486934a3a7"},"headline":"Decreto 320\/20 \u2013 Disposiciones sobre alquileres","datePublished":"2020-03-30T17:26:38+00:00","dateModified":"2020-03-30T17:26:55+00:00","mainEntityOfPage":{"@id":"https:\/\/experienciadevida.com.ar\/portalurbano\/decreto-320-20-disposiciones-sobre-alquileres\/"},"wordCount":683,"commentCount":1,"publisher":{"@id":"https:\/\/experienciadevida.com.ar\/portalurbano\/#organization"},"articleSection":["Naci\u00f3n"],"inLanguage":"es","potentialAction":[{"@type":"CommentAction","name":"Comment","target":["https:\/\/experienciadevida.com.ar\/portalurbano\/decreto-320-20-disposiciones-sobre-alquileres\/#respond"]}]},{"@type":"WebPage","@id":"https:\/\/experienciadevida.com.ar\/portalurbano\/decreto-320-20-disposiciones-sobre-alquileres\/","url":"https:\/\/experienciadevida.com.ar\/portalurbano\/decreto-320-20-disposiciones-sobre-alquileres\/","name":"Decreto 320\/20 \u2013 Disposiciones sobre alquileres -","isPartOf":{"@id":"https:\/\/experienciadevida.com.ar\/portalurbano\/#website"},"datePublished":"2020-03-30T17:26:38+00:00","dateModified":"2020-03-30T17:26:55+00:00","breadcrumb":{"@id":"https:\/\/experienciadevida.com.ar\/portalurbano\/decreto-320-20-disposiciones-sobre-alquileres\/#breadcrumb"},"inLanguage":"es","potentialAction":[{"@type":"ReadAction","target":["https:\/\/experienciadevida.com.ar\/portalurbano\/decreto-320-20-disposiciones-sobre-alquileres\/"]}]},{"@type":"BreadcrumbList","@id":"https:\/\/experienciadevida.com.ar\/portalurbano\/decreto-320-20-disposiciones-sobre-alquileres\/#breadcrumb","itemListElement":[{"@type":"ListItem","position":1,"name":"Portada","item":"https:\/\/experienciadevida.com.ar\/portalurbano\/"},{"@type":"ListItem","position":2,"name":"Decreto 320\/20 \u2013 Disposiciones sobre alquileres"}]},{"@type":"WebSite","@id":"https:\/\/experienciadevida.com.ar\/portalurbano\/#website","url":"https:\/\/experienciadevida.com.ar\/portalurbano\/","name":"","description":"","publisher":{"@id":"https:\/\/experienciadevida.com.ar\/portalurbano\/#organization"},"potentialAction":[{"@type":"SearchAction","target":{"@type":"EntryPoint","urlTemplate":"https:\/\/experienciadevida.com.ar\/portalurbano\/?s={search_term_string}"},"query-input":"required name=search_term_string"}],"inLanguage":"es"},{"@type":"Organization","@id":"https:\/\/experienciadevida.com.ar\/portalurbano\/#organization","name":"Portal Urbano","url":"https:\/\/experienciadevida.com.ar\/portalurbano\/","logo":{"@type":"ImageObject","inLanguage":"es","@id":"https:\/\/experienciadevida.com.ar\/portalurbano\/#\/schema\/logo\/image\/","url":"https:\/\/experienciadevida.com.ar\/portalurbano\/wp-content\/uploads\/2019\/09\/Logo-Original.png","contentUrl":"https:\/\/experienciadevida.com.ar\/portalurbano\/wp-content\/uploads\/2019\/09\/Logo-Original.png","width":2236,"height":1216,"caption":"Portal Urbano"},"image":{"@id":"https:\/\/experienciadevida.com.ar\/portalurbano\/#\/schema\/logo\/image\/"},"sameAs":["https:\/\/www.facebook.com\/Portal-Urbano-171542830093757\/","https:\/\/twitter.com\/portalurbanook","https:\/\/www.instagram.com\/_portalurbano\/","https:\/\/www.youtube.com\/channel\/UCXhagIfszH8KxFiOok79zbA?view_as=subscriber"]},{"@type":"Person","@id":"https:\/\/experienciadevida.com.ar\/portalurbano\/#\/schema\/person\/02dd326b1c4b056e9cc972486934a3a7","name":"admpu17wp","image":{"@type":"ImageObject","inLanguage":"es","@id":"https:\/\/experienciadevida.com.ar\/portalurbano\/#\/schema\/person\/image\/","url":"https:\/\/secure.gravatar.com\/avatar\/830d4c57adaae6630765e449a6908047?s=96&d=mm&r=g","contentUrl":"https:\/\/secure.gravatar.com\/avatar\/830d4c57adaae6630765e449a6908047?s=96&d=mm&r=g","caption":"admpu17wp"}}]}},"featured_image_urls":{"full":["https:\/\/experienciadevida.com.ar\/portalurbano\/wp-content\/uploads\/2020\/03\/ALQUILERES.jpg",1140,759,false],"thumbnail":["https:\/\/experienciadevida.com.ar\/portalurbano\/wp-content\/uploads\/2020\/03\/ALQUILERES-150x150.jpg",150,150,true],"medium":["https:\/\/experienciadevida.com.ar\/portalurbano\/wp-content\/uploads\/2020\/03\/ALQUILERES-300x200.jpg",300,200,true],"medium_large":["https:\/\/experienciadevida.com.ar\/portalurbano\/wp-content\/uploads\/2020\/03\/ALQUILERES-768x511.jpg",640,426,true],"large":["https:\/\/experienciadevida.com.ar\/portalurbano\/wp-content\/uploads\/2020\/03\/ALQUILERES-1024x682.jpg",640,426,true],"ug_big":["https:\/\/experienciadevida.com.ar\/portalurbano\/wp-content\/uploads\/2020\/03\/ALQUILERES-768x511.jpg",768,511,true],"1536x1536":["https:\/\/experienciadevida.com.ar\/portalurbano\/wp-content\/uploads\/2020\/03\/ALQUILERES.jpg",1140,759,false],"2048x2048":["https:\/\/experienciadevida.com.ar\/portalurbano\/wp-content\/uploads\/2020\/03\/ALQUILERES.jpg",1140,759,false],"newsever-slider-full":["https:\/\/experienciadevida.com.ar\/portalurbano\/wp-content\/uploads\/2020\/03\/ALQUILERES.jpg",1140,759,false],"newsever-featured":["https:\/\/experienciadevida.com.ar\/portalurbano\/wp-content\/uploads\/2020\/03\/ALQUILERES.jpg",1024,682,false],"newsever-medium":["https:\/\/experienciadevida.com.ar\/portalurbano\/wp-content\/uploads\/2020\/03\/ALQUILERES.jpg",713,475,false],"web-stories-poster-portrait":["https:\/\/experienciadevida.com.ar\/portalurbano\/wp-content\/uploads\/2020\/03\/ALQUILERES.jpg",640,426,false],"web-stories-publisher-logo":["https:\/\/experienciadevida.com.ar\/portalurbano\/wp-content\/uploads\/2020\/03\/ALQUILERES.jpg",96,64,false],"web-stories-thumbnail":["https:\/\/experienciadevida.com.ar\/portalurbano\/wp-content\/uploads\/2020\/03\/ALQUILERES.jpg",150,100,false]},"author_info":{"display_name":"admpu17wp","author_link":"https:\/\/experienciadevida.com.ar\/portalurbano\/author\/admpu17wp\/"},"category_info":"<a href=\"https:\/\/experienciadevida.com.ar\/portalurbano\/category\/nacion\/\" rel=\"category tag\">Naci\u00f3n<\/a>","tag_info":"Naci\u00f3n","comment_count":"1","amp_enabled":true,"_links":{"self":[{"href":"https:\/\/experienciadevida.com.ar\/portalurbano\/wp-json\/wp\/v2\/posts\/105653"}],"collection":[{"href":"https:\/\/experienciadevida.com.ar\/portalurbano\/wp-json\/wp\/v2\/posts"}],"about":[{"href":"https:\/\/experienciadevida.com.ar\/portalurbano\/wp-json\/wp\/v2\/types\/post"}],"author":[{"embeddable":true,"href":"https:\/\/experienciadevida.com.ar\/portalurbano\/wp-json\/wp\/v2\/users\/1"}],"replies":[{"embeddable":true,"href":"https:\/\/experienciadevida.com.ar\/portalurbano\/wp-json\/wp\/v2\/comments?post=105653"}],"version-history":[{"count":2,"href":"https:\/\/experienciadevida.com.ar\/portalurbano\/wp-json\/wp\/v2\/posts\/105653\/revisions"}],"predecessor-version":[{"id":105655,"href":"https:\/\/experienciadevida.com.ar\/portalurbano\/wp-json\/wp\/v2\/posts\/105653\/revisions\/105655"}],"wp:featuredmedia":[{"embeddable":true,"href":"https:\/\/experienciadevida.com.ar\/portalurbano\/wp-json\/wp\/v2\/media\/105555"}],"wp:attachment":[{"href":"https:\/\/experienciadevida.com.ar\/portalurbano\/wp-json\/wp\/v2\/media?parent=105653"}],"wp:term":[{"taxonomy":"category","embeddable":true,"href":"https:\/\/experienciadevida.com.ar\/portalurbano\/wp-json\/wp\/v2\/categories?post=105653"},{"taxonomy":"post_tag","embeddable":true,"href":"https:\/\/experienciadevida.com.ar\/portalurbano\/wp-json\/wp\/v2\/tags?post=105653"}],"curies":[{"name":"wp","href":"https:\/\/api.w.org\/{rel}","templated":true}]}}