{"id":105554,"date":"2020-03-29T15:24:15","date_gmt":"2020-03-29T18:24:15","guid":{"rendered":"https:\/\/experienciadevida.com.ar\/portalurbano\/?p=105554"},"modified":"2020-03-29T15:24:31","modified_gmt":"2020-03-29T18:24:31","slug":"el-gobierno-suspendio-desalojos-y-congelo-el-precio-de-alquileres-hasta-el-30-de-septiembre","status":"publish","type":"post","link":"https:\/\/experienciadevida.com.ar\/portalurbano\/el-gobierno-suspendio-desalojos-y-congelo-el-precio-de-alquileres-hasta-el-30-de-septiembre\/","title":{"rendered":"El gobierno suspendi\u00f3 desalojos y congel\u00f3 el precio de alquileres hasta el 30 de septiembre"},"content":{"rendered":"<p class=\"interiorCopete\">La norma, que se publicar\u00e1 en el Bolet\u00edn Oficial, suspende los desalojos por falta de pago y prorroga la vigencia de los contratos.<\/p>\n<p>El Gobierno dispuso hoy a trav\u00e9s de un Decreto de Necesidad y Urgencia (DNU) el congelamiento de los precios de los alquileres y suspensi\u00f3n de los desalojos por falta de pago durante seis meses, en el marco de las medidas adoptadas para mitigar el impacto econ\u00f3mico ante la crisis por el coronavirus.<\/p>\n<p>La norma, que se publicar\u00e1 en el Bolet\u00edn Oficial, suspende los desalojos por falta de pago y prorroga la vigencia de los contratos, con conformidad de la parte locataria hasta el 30 de septiembre.<\/p>\n<p>Asimismo, se congelan los precios de los alquileres al valor de marzo y la deuda por diferencia de precio entre lo que se deb\u00eda pagar y lo que efectivamente se pague por el congelamiento, se abonar\u00e1 en 3 cuotas mensuales sin intereses, a pagar desde octubre.<\/p>\n<p>De acuerdo con la normativa, las deudas que se produzcan por falta de pago se pagar\u00e1n a partir de octubre en 3 cuotas, con intereses compensatorios, pero sin penalidades.<\/p>\n<p>La norma tambi\u00e9n prev\u00e9 que quedar\u00e1 exceptuado del pago aquel locador que acredite que depende del monto que destina para el alquiler para cubrir sus necesidades b\u00e1sicas o las de su familia primaria conviviente.<\/p>\n<p>En caso de controversia entre las partes del contrato, habr\u00e1 una instancia de mediaci\u00f3n obligatoria, previo a acudir a la justicia.<\/p>\n<p>Los alquileres alcanzados por el DNU son los de inmuebles destinados a vivienda \u00fanica urbana o rural; habitaciones destinadas a vivienda familiar o personal en pensiones, hoteles u otros alojamientos similares; e inmuebles destinados a actividades culturales o comunitarias.<\/p>\n","protected":false},"excerpt":{"rendered":"<p>La norma, que se publicar\u00e1 en el Bolet\u00edn Oficial, suspende los desalojos por falta de&#8230;<\/p>\n","protected":false},"author":1,"featured_media":105555,"comment_status":"open","ping_status":"open","sticky":false,"template":"","format":"standard","meta":{"content-type":""},"categories":[39],"tags":[],"nelio_content":{"isAutoShareEnabled":false,"autoShareEndMode":"default","automationSources":{"useContentSentences":true,"useSocialTemplates":true,"useCustomSentences":false,"customSentences":[]},"followers":[1],"suggestedReferences":[],"includedReferences":[],"efiUrl":"","efiAlt":"","highlights":[]},"yoast_head":"<!-- This site is optimized with the Yoast SEO plugin v20.7 - https:\/\/yoast.com\/wordpress\/plugins\/seo\/ -->\n<title>El gobierno suspendi\u00f3 desalojos y congel\u00f3 el precio de alquileres hasta el 30 de septiembre -<\/title>\n<meta name=\"robots\" content=\"index, follow, max-snippet:-1, max-image-preview:large, max-video-preview:-1\" \/>\n<link rel=\"canonical\" href=\"https:\/\/experienciadevida.com.ar\/portalurbano\/el-gobierno-suspendio-desalojos-y-congelo-el-precio-de-alquileres-hasta-el-30-de-septiembre\/\" \/>\n<meta property=\"og:locale\" content=\"es_ES\" \/>\n<meta property=\"og:type\" content=\"article\" \/>\n<meta property=\"og:title\" content=\"El gobierno suspendi\u00f3 desalojos y congel\u00f3 el precio de alquileres hasta el 30 de septiembre -\" \/>\n<meta property=\"og:description\" content=\"La norma, que se publicar\u00e1 en el Bolet\u00edn Oficial, suspende los desalojos por falta de...\" \/>\n<meta property=\"og:url\" content=\"https:\/\/experienciadevida.com.ar\/portalurbano\/el-gobierno-suspendio-desalojos-y-congelo-el-precio-de-alquileres-hasta-el-30-de-septiembre\/\" \/>\n<meta property=\"article:publisher\" content=\"https:\/\/www.facebook.com\/Portal-Urbano-171542830093757\/\" \/>\n<meta property=\"article:published_time\" content=\"2020-03-29T18:24:15+00:00\" \/>\n<meta property=\"article:modified_time\" content=\"2020-03-29T18:24:31+00:00\" \/>\n<meta property=\"og:image\" content=\"https:\/\/experienciadevida.com.ar\/portalurbano\/wp-content\/uploads\/2020\/03\/ALQUILERES.jpg\" \/>\n\t<meta property=\"og:image:width\" content=\"1140\" \/>\n\t<meta property=\"og:image:height\" content=\"759\" \/>\n\t<meta property=\"og:image:type\" content=\"image\/jpeg\" \/>\n<meta name=\"author\" content=\"admpu17wp\" \/>\n<meta name=\"twitter:card\" content=\"summary_large_image\" \/>\n<meta name=\"twitter:creator\" content=\"@portalurbanook\" \/>\n<meta name=\"twitter:site\" content=\"@portalurbanook\" \/>\n<meta name=\"twitter:label1\" content=\"Escrito por\" \/>\n\t<meta name=\"twitter:data1\" content=\"admpu17wp\" \/>\n\t<meta name=\"twitter:label2\" content=\"Tiempo de lectura\" \/>\n\t<meta name=\"twitter:data2\" content=\"1 minuto\" \/>\n<script type=\"application\/ld+json\" class=\"yoast-schema-graph\">{\"@context\":\"https:\/\/schema.org\",\"@graph\":[{\"@type\":\"Article\",\"@id\":\"https:\/\/experienciadevida.com.ar\/portalurbano\/el-gobierno-suspendio-desalojos-y-congelo-el-precio-de-alquileres-hasta-el-30-de-septiembre\/#article\",\"isPartOf\":{\"@id\":\"https:\/\/experienciadevida.com.ar\/portalurbano\/el-gobierno-suspendio-desalojos-y-congelo-el-precio-de-alquileres-hasta-el-30-de-septiembre\/\"},\"author\":{\"name\":\"admpu17wp\",\"@id\":\"https:\/\/experienciadevida.com.ar\/portalurbano\/#\/schema\/person\/02dd326b1c4b056e9cc972486934a3a7\"},\"headline\":\"El gobierno suspendi\u00f3 desalojos y congel\u00f3 el precio de alquileres hasta el 30 de septiembre\",\"datePublished\":\"2020-03-29T18:24:15+00:00\",\"dateModified\":\"2020-03-29T18:24:31+00:00\",\"mainEntityOfPage\":{\"@id\":\"https:\/\/experienciadevida.com.ar\/portalurbano\/el-gobierno-suspendio-desalojos-y-congelo-el-precio-de-alquileres-hasta-el-30-de-septiembre\/\"},\"wordCount\":299,\"commentCount\":0,\"publisher\":{\"@id\":\"https:\/\/experienciadevida.com.ar\/portalurbano\/#organization\"},\"articleSection\":[\"Naci\u00f3n\"],\"inLanguage\":\"es\",\"potentialAction\":[{\"@type\":\"CommentAction\",\"name\":\"Comment\",\"target\":[\"https:\/\/experienciadevida.com.ar\/portalurbano\/el-gobierno-suspendio-desalojos-y-congelo-el-precio-de-alquileres-hasta-el-30-de-septiembre\/#respond\"]}]},{\"@type\":\"WebPage\",\"@id\":\"https:\/\/experienciadevida.com.ar\/portalurbano\/el-gobierno-suspendio-desalojos-y-congelo-el-precio-de-alquileres-hasta-el-30-de-septiembre\/\",\"url\":\"https:\/\/experienciadevida.com.ar\/portalurbano\/el-gobierno-suspendio-desalojos-y-congelo-el-precio-de-alquileres-hasta-el-30-de-septiembre\/\",\"name\":\"El gobierno suspendi\u00f3 desalojos y congel\u00f3 el precio de alquileres hasta el 30 de septiembre -\",\"isPartOf\":{\"@id\":\"https:\/\/experienciadevida.com.ar\/portalurbano\/#website\"},\"datePublished\":\"2020-03-29T18:24:15+00:00\",\"dateModified\":\"2020-03-29T18:24:31+00:00\",\"breadcrumb\":{\"@id\":\"https:\/\/experienciadevida.com.ar\/portalurbano\/el-gobierno-suspendio-desalojos-y-congelo-el-precio-de-alquileres-hasta-el-30-de-septiembre\/#breadcrumb\"},\"inLanguage\":\"es\",\"potentialAction\":[{\"@type\":\"ReadAction\",\"target\":[\"https:\/\/experienciadevida.com.ar\/portalurbano\/el-gobierno-suspendio-desalojos-y-congelo-el-precio-de-alquileres-hasta-el-30-de-septiembre\/\"]}]},{\"@type\":\"BreadcrumbList\",\"@id\":\"https:\/\/experienciadevida.com.ar\/portalurbano\/el-gobierno-suspendio-desalojos-y-congelo-el-precio-de-alquileres-hasta-el-30-de-septiembre\/#breadcrumb\",\"itemListElement\":[{\"@type\":\"ListItem\",\"position\":1,\"name\":\"Portada\",\"item\":\"https:\/\/experienciadevida.com.ar\/portalurbano\/\"},{\"@type\":\"ListItem\",\"position\":2,\"name\":\"El gobierno suspendi\u00f3 desalojos y congel\u00f3 el precio de alquileres hasta el 30 de septiembre\"}]},{\"@type\":\"WebSite\",\"@id\":\"https:\/\/experienciadevida.com.ar\/portalurbano\/#website\",\"url\":\"https:\/\/experienciadevida.com.ar\/portalurbano\/\",\"name\":\"\",\"description\":\"\",\"publisher\":{\"@id\":\"https:\/\/experienciadevida.com.ar\/portalurbano\/#organization\"},\"potentialAction\":[{\"@type\":\"SearchAction\",\"target\":{\"@type\":\"EntryPoint\",\"urlTemplate\":\"https:\/\/experienciadevida.com.ar\/portalurbano\/?s={search_term_string}\"},\"query-input\":\"required name=search_term_string\"}],\"inLanguage\":\"es\"},{\"@type\":\"Organization\",\"@id\":\"https:\/\/experienciadevida.com.ar\/portalurbano\/#organization\",\"name\":\"Portal Urbano\",\"url\":\"https:\/\/experienciadevida.com.ar\/portalurbano\/\",\"logo\":{\"@type\":\"ImageObject\",\"inLanguage\":\"es\",\"@id\":\"https:\/\/experienciadevida.com.ar\/portalurbano\/#\/schema\/logo\/image\/\",\"url\":\"https:\/\/experienciadevida.com.ar\/portalurbano\/wp-content\/uploads\/2019\/09\/Logo-Original.png\",\"contentUrl\":\"https:\/\/experienciadevida.com.ar\/portalurbano\/wp-content\/uploads\/2019\/09\/Logo-Original.png\",\"width\":2236,\"height\":1216,\"caption\":\"Portal Urbano\"},\"image\":{\"@id\":\"https:\/\/experienciadevida.com.ar\/portalurbano\/#\/schema\/logo\/image\/\"},\"sameAs\":[\"https:\/\/www.facebook.com\/Portal-Urbano-171542830093757\/\",\"https:\/\/twitter.com\/portalurbanook\",\"https:\/\/www.instagram.com\/_portalurbano\/\",\"https:\/\/www.youtube.com\/channel\/UCXhagIfszH8KxFiOok79zbA?view_as=subscriber\"]},{\"@type\":\"Person\",\"@id\":\"https:\/\/experienciadevida.com.ar\/portalurbano\/#\/schema\/person\/02dd326b1c4b056e9cc972486934a3a7\",\"name\":\"admpu17wp\",\"image\":{\"@type\":\"ImageObject\",\"inLanguage\":\"es\",\"@id\":\"https:\/\/experienciadevida.com.ar\/portalurbano\/#\/schema\/person\/image\/\",\"url\":\"https:\/\/secure.gravatar.com\/avatar\/830d4c57adaae6630765e449a6908047?s=96&d=mm&r=g\",\"contentUrl\":\"https:\/\/secure.gravatar.com\/avatar\/830d4c57adaae6630765e449a6908047?s=96&d=mm&r=g\",\"caption\":\"admpu17wp\"}}]}<\/script>\n<!-- \/ Yoast SEO plugin. -->","yoast_head_json":{"title":"El gobierno suspendi\u00f3 desalojos y congel\u00f3 el precio de alquileres hasta el 30 de septiembre -","robots":{"index":"index","follow":"follow","max-snippet":"max-snippet:-1","max-image-preview":"max-image-preview:large","max-video-preview":"max-video-preview:-1"},"canonical":"https:\/\/experienciadevida.com.ar\/portalurbano\/el-gobierno-suspendio-desalojos-y-congelo-el-precio-de-alquileres-hasta-el-30-de-septiembre\/","og_locale":"es_ES","og_type":"article","og_title":"El gobierno suspendi\u00f3 desalojos y congel\u00f3 el precio de alquileres hasta el 30 de septiembre -","og_description":"La norma, que se publicar\u00e1 en el Bolet\u00edn Oficial, suspende los desalojos por falta de...","og_url":"https:\/\/experienciadevida.com.ar\/portalurbano\/el-gobierno-suspendio-desalojos-y-congelo-el-precio-de-alquileres-hasta-el-30-de-septiembre\/","article_publisher":"https:\/\/www.facebook.com\/Portal-Urbano-171542830093757\/","article_published_time":"2020-03-29T18:24:15+00:00","article_modified_time":"2020-03-29T18:24:31+00:00","og_image":[{"width":1140,"height":759,"url":"https:\/\/experienciadevida.com.ar\/portalurbano\/wp-content\/uploads\/2020\/03\/ALQUILERES.jpg","type":"image\/jpeg"}],"author":"admpu17wp","twitter_card":"summary_large_image","twitter_creator":"@portalurbanook","twitter_site":"@portalurbanook","twitter_misc":{"Escrito por":"admpu17wp","Tiempo de lectura":"1 minuto"},"schema":{"@context":"https:\/\/schema.org","@graph":[{"@type":"Article","@id":"https:\/\/experienciadevida.com.ar\/portalurbano\/el-gobierno-suspendio-desalojos-y-congelo-el-precio-de-alquileres-hasta-el-30-de-septiembre\/#article","isPartOf":{"@id":"https:\/\/experienciadevida.com.ar\/portalurbano\/el-gobierno-suspendio-desalojos-y-congelo-el-precio-de-alquileres-hasta-el-30-de-septiembre\/"},"author":{"name":"admpu17wp","@id":"https:\/\/experienciadevida.com.ar\/portalurbano\/#\/schema\/person\/02dd326b1c4b056e9cc972486934a3a7"},"headline":"El gobierno suspendi\u00f3 desalojos y congel\u00f3 el precio de alquileres hasta el 30 de septiembre","datePublished":"2020-03-29T18:24:15+00:00","dateModified":"2020-03-29T18:24:31+00:00","mainEntityOfPage":{"@id":"https:\/\/experienciadevida.com.ar\/portalurbano\/el-gobierno-suspendio-desalojos-y-congelo-el-precio-de-alquileres-hasta-el-30-de-septiembre\/"},"wordCount":299,"commentCount":0,"publisher":{"@id":"https:\/\/experienciadevida.com.ar\/portalurbano\/#organization"},"articleSection":["Naci\u00f3n"],"inLanguage":"es","potentialAction":[{"@type":"CommentAction","name":"Comment","target":["https:\/\/experienciadevida.com.ar\/portalurbano\/el-gobierno-suspendio-desalojos-y-congelo-el-precio-de-alquileres-hasta-el-30-de-septiembre\/#respond"]}]},{"@type":"WebPage","@id":"https:\/\/experienciadevida.com.ar\/portalurbano\/el-gobierno-suspendio-desalojos-y-congelo-el-precio-de-alquileres-hasta-el-30-de-septiembre\/","url":"https:\/\/experienciadevida.com.ar\/portalurbano\/el-gobierno-suspendio-desalojos-y-congelo-el-precio-de-alquileres-hasta-el-30-de-septiembre\/","name":"El gobierno suspendi\u00f3 desalojos y congel\u00f3 el precio de alquileres hasta el 30 de septiembre -","isPartOf":{"@id":"https:\/\/experienciadevida.com.ar\/portalurbano\/#website"},"datePublished":"2020-03-29T18:24:15+00:00","dateModified":"2020-03-29T18:24:31+00:00","breadcrumb":{"@id":"https:\/\/experienciadevida.com.ar\/portalurbano\/el-gobierno-suspendio-desalojos-y-congelo-el-precio-de-alquileres-hasta-el-30-de-septiembre\/#breadcrumb"},"inLanguage":"es","potentialAction":[{"@type":"ReadAction","target":["https:\/\/experienciadevida.com.ar\/portalurbano\/el-gobierno-suspendio-desalojos-y-congelo-el-precio-de-alquileres-hasta-el-30-de-septiembre\/"]}]},{"@type":"BreadcrumbList","@id":"https:\/\/experienciadevida.com.ar\/portalurbano\/el-gobierno-suspendio-desalojos-y-congelo-el-precio-de-alquileres-hasta-el-30-de-septiembre\/#breadcrumb","itemListElement":[{"@type":"ListItem","position":1,"name":"Portada","item":"https:\/\/experienciadevida.com.ar\/portalurbano\/"},{"@type":"ListItem","position":2,"name":"El gobierno suspendi\u00f3 desalojos y congel\u00f3 el precio de alquileres hasta el 30 de septiembre"}]},{"@type":"WebSite","@id":"https:\/\/experienciadevida.com.ar\/portalurbano\/#website","url":"https:\/\/experienciadevida.com.ar\/portalurbano\/","name":"","description":"","publisher":{"@id":"https:\/\/experienciadevida.com.ar\/portalurbano\/#organization"},"potentialAction":[{"@type":"SearchAction","target":{"@type":"EntryPoint","urlTemplate":"https:\/\/experienciadevida.com.ar\/portalurbano\/?s={search_term_string}"},"query-input":"required name=search_term_string"}],"inLanguage":"es"},{"@type":"Organization","@id":"https:\/\/experienciadevida.com.ar\/portalurbano\/#organization","name":"Portal Urbano","url":"https:\/\/experienciadevida.com.ar\/portalurbano\/","logo":{"@type":"ImageObject","inLanguage":"es","@id":"https:\/\/experienciadevida.com.ar\/portalurbano\/#\/schema\/logo\/image\/","url":"https:\/\/experienciadevida.com.ar\/portalurbano\/wp-content\/uploads\/2019\/09\/Logo-Original.png","contentUrl":"https:\/\/experienciadevida.com.ar\/portalurbano\/wp-content\/uploads\/2019\/09\/Logo-Original.png","width":2236,"height":1216,"caption":"Portal Urbano"},"image":{"@id":"https:\/\/experienciadevida.com.ar\/portalurbano\/#\/schema\/logo\/image\/"},"sameAs":["https:\/\/www.facebook.com\/Portal-Urbano-171542830093757\/","https:\/\/twitter.com\/portalurbanook","https:\/\/www.instagram.com\/_portalurbano\/","https:\/\/www.youtube.com\/channel\/UCXhagIfszH8KxFiOok79zbA?view_as=subscriber"]},{"@type":"Person","@id":"https:\/\/experienciadevida.com.ar\/portalurbano\/#\/schema\/person\/02dd326b1c4b056e9cc972486934a3a7","name":"admpu17wp","image":{"@type":"ImageObject","inLanguage":"es","@id":"https:\/\/experienciadevida.com.ar\/portalurbano\/#\/schema\/person\/image\/","url":"https:\/\/secure.gravatar.com\/avatar\/830d4c57adaae6630765e449a6908047?s=96&d=mm&r=g","contentUrl":"https:\/\/secure.gravatar.com\/avatar\/830d4c57adaae6630765e449a6908047?s=96&d=mm&r=g","caption":"admpu17wp"}}]}},"featured_image_urls":{"full":["https:\/\/experienciadevida.com.ar\/portalurbano\/wp-content\/uploads\/2020\/03\/ALQUILERES.jpg",1140,759,false],"thumbnail":["https:\/\/experienciadevida.com.ar\/portalurbano\/wp-content\/uploads\/2020\/03\/ALQUILERES-150x150.jpg",150,150,true],"medium":["https:\/\/experienciadevida.com.ar\/portalurbano\/wp-content\/uploads\/2020\/03\/ALQUILERES-300x200.jpg",300,200,true],"medium_large":["https:\/\/experienciadevida.com.ar\/portalurbano\/wp-content\/uploads\/2020\/03\/ALQUILERES-768x511.jpg",640,426,true],"large":["https:\/\/experienciadevida.com.ar\/portalurbano\/wp-content\/uploads\/2020\/03\/ALQUILERES-1024x682.jpg",640,426,true],"ug_big":["https:\/\/experienciadevida.com.ar\/portalurbano\/wp-content\/uploads\/2020\/03\/ALQUILERES-768x511.jpg",768,511,true],"1536x1536":["https:\/\/experienciadevida.com.ar\/portalurbano\/wp-content\/uploads\/2020\/03\/ALQUILERES.jpg",1140,759,false],"2048x2048":["https:\/\/experienciadevida.com.ar\/portalurbano\/wp-content\/uploads\/2020\/03\/ALQUILERES.jpg",1140,759,false],"newsever-slider-full":["https:\/\/experienciadevida.com.ar\/portalurbano\/wp-content\/uploads\/2020\/03\/ALQUILERES.jpg",1140,759,false],"newsever-featured":["https:\/\/experienciadevida.com.ar\/portalurbano\/wp-content\/uploads\/2020\/03\/ALQUILERES.jpg",1024,682,false],"newsever-medium":["https:\/\/experienciadevida.com.ar\/portalurbano\/wp-content\/uploads\/2020\/03\/ALQUILERES.jpg",713,475,false],"web-stories-poster-portrait":["https:\/\/experienciadevida.com.ar\/portalurbano\/wp-content\/uploads\/2020\/03\/ALQUILERES.jpg",640,426,false],"web-stories-publisher-logo":["https:\/\/experienciadevida.com.ar\/portalurbano\/wp-content\/uploads\/2020\/03\/ALQUILERES.jpg",96,64,false],"web-stories-thumbnail":["https:\/\/experienciadevida.com.ar\/portalurbano\/wp-content\/uploads\/2020\/03\/ALQUILERES.jpg",150,100,false]},"author_info":{"display_name":"admpu17wp","author_link":"https:\/\/experienciadevida.com.ar\/portalurbano\/author\/admpu17wp\/"},"category_info":"<a href=\"https:\/\/experienciadevida.com.ar\/portalurbano\/category\/nacion\/\" rel=\"category tag\">Naci\u00f3n<\/a>","tag_info":"Naci\u00f3n","comment_count":"0","amp_enabled":true,"_links":{"self":[{"href":"https:\/\/experienciadevida.com.ar\/portalurbano\/wp-json\/wp\/v2\/posts\/105554"}],"collection":[{"href":"https:\/\/experienciadevida.com.ar\/portalurbano\/wp-json\/wp\/v2\/posts"}],"about":[{"href":"https:\/\/experienciadevida.com.ar\/portalurbano\/wp-json\/wp\/v2\/types\/post"}],"author":[{"embeddable":true,"href":"https:\/\/experienciadevida.com.ar\/portalurbano\/wp-json\/wp\/v2\/users\/1"}],"replies":[{"embeddable":true,"href":"https:\/\/experienciadevida.com.ar\/portalurbano\/wp-json\/wp\/v2\/comments?post=105554"}],"version-history":[{"count":1,"href":"https:\/\/experienciadevida.com.ar\/portalurbano\/wp-json\/wp\/v2\/posts\/105554\/revisions"}],"predecessor-version":[{"id":105556,"href":"https:\/\/experienciadevida.com.ar\/portalurbano\/wp-json\/wp\/v2\/posts\/105554\/revisions\/105556"}],"wp:featuredmedia":[{"embeddable":true,"href":"https:\/\/experienciadevida.com.ar\/portalurbano\/wp-json\/wp\/v2\/media\/105555"}],"wp:attachment":[{"href":"https:\/\/experienciadevida.com.ar\/portalurbano\/wp-json\/wp\/v2\/media?parent=105554"}],"wp:term":[{"taxonomy":"category","embeddable":true,"href":"https:\/\/experienciadevida.com.ar\/portalurbano\/wp-json\/wp\/v2\/categories?post=105554"},{"taxonomy":"post_tag","embeddable":true,"href":"https:\/\/experienciadevida.com.ar\/portalurbano\/wp-json\/wp\/v2\/tags?post=105554"}],"curies":[{"name":"wp","href":"https:\/\/api.w.org\/{rel}","templated":true}]}}