{"id":105487,"date":"2020-03-28T18:43:24","date_gmt":"2020-03-28T21:43:24","guid":{"rendered":"https:\/\/experienciadevida.com.ar\/portalurbano\/?p=105487"},"modified":"2020-03-28T18:43:41","modified_gmt":"2020-03-28T21:43:41","slug":"el-central-aclaro-que-el-lunes-los-bancos-operaran-pero-sin-atender-al-publico","status":"publish","type":"post","link":"https:\/\/experienciadevida.com.ar\/portalurbano\/el-central-aclaro-que-el-lunes-los-bancos-operaran-pero-sin-atender-al-publico\/","title":{"rendered":"El Central aclar\u00f3 que el lunes los bancos operar\u00e1n pero sin atender al p\u00fablico"},"content":{"rendered":"<div class=\"td_block_wrap tdb_single_subtitle tdi_72_40b td-pb-border-top td_block_template_1\" data-td-block-uid=\"tdi_72_40b\">\n<div class=\"tdb-block-inner td-fix-index\">\n<p>Lo hizo ante las dudas planteada por el \u201cferiado puente\u201d que finalmente no se estableci\u00f3.<\/p>\n<\/div>\n<\/div>\n<div class=\"td_block_wrap tdb_single_date tdi_73_33e td-pb-border-top td_block_template_1 tdb-post-meta\" data-td-block-uid=\"tdi_73_33e\">\n<p>El Banco Central record\u00f3 que el pr\u00f3ximo lunes, 30 de marzo, las entidades financieras operaran normalmente aunque no atender\u00e1n al p\u00fablico.<\/p>\n<p>La entidad monetaria emiti\u00f3 una comunicaci\u00f3n para aclarar que no existe el lunes un \u201cferiado puente\u201d tal como hab\u00eda informado inicialmente el Gobierno, pero que efectivamente el 2 de abril es d\u00eda no laborable a ra\u00edz del adelanto de la conmemoraci\u00f3n al D\u00eda del Veterano y de los Ca\u00eddos en la Guerra de Malvinas.<\/p>\n<p>Por otra parte, el Central asegur\u00f3 que los cajeros autom\u00e1ticos de todo el pa\u00eds est\u00e1n sobrestockeados de efectivo y que no existe ninguna falta de dinero.<\/p>\n<p>Recordaron tambi\u00e9n que las bocas de expendio de efectivo en todo el pa\u00eds son 35 mil (unos 20 mil cajeros m\u00e1s unos 15 mil comercios) que tienen disponibilidad total de dinero.<\/p>\n<p>Fuente: DIB<\/p>\n<\/div>\n","protected":false},"excerpt":{"rendered":"<p>Lo hizo ante las dudas planteada por el \u201cferiado puente\u201d que finalmente no se estableci\u00f3&#8230;.<\/p>\n","protected":false},"author":1,"featured_media":105488,"comment_status":"open","ping_status":"open","sticky":false,"template":"","format":"standard","meta":{"content-type":""},"categories":[39],"tags":[],"nelio_content":{"isAutoShareEnabled":false,"autoShareEndMode":"default","automationSources":{"useContentSentences":true,"useSocialTemplates":true,"useCustomSentences":false,"customSentences":[]},"followers":[1],"suggestedReferences":[],"includedReferences":[],"efiUrl":"","efiAlt":"","highlights":[]},"yoast_head":"<!-- This site is optimized with the Yoast SEO plugin v20.7 - https:\/\/yoast.com\/wordpress\/plugins\/seo\/ -->\n<title>El Central aclar\u00f3 que el lunes los bancos operar\u00e1n pero sin atender al p\u00fablico -<\/title>\n<meta name=\"robots\" content=\"index, follow, max-snippet:-1, max-image-preview:large, max-video-preview:-1\" \/>\n<link rel=\"canonical\" href=\"https:\/\/experienciadevida.com.ar\/portalurbano\/el-central-aclaro-que-el-lunes-los-bancos-operaran-pero-sin-atender-al-publico\/\" \/>\n<meta property=\"og:locale\" content=\"es_ES\" \/>\n<meta property=\"og:type\" content=\"article\" \/>\n<meta property=\"og:title\" content=\"El Central aclar\u00f3 que el lunes los bancos operar\u00e1n pero sin atender al p\u00fablico -\" \/>\n<meta property=\"og:description\" content=\"Lo hizo ante las dudas planteada por el \u201cferiado puente\u201d que finalmente no se estableci\u00f3....\" \/>\n<meta property=\"og:url\" content=\"https:\/\/experienciadevida.com.ar\/portalurbano\/el-central-aclaro-que-el-lunes-los-bancos-operaran-pero-sin-atender-al-publico\/\" \/>\n<meta property=\"article:publisher\" content=\"https:\/\/www.facebook.com\/Portal-Urbano-171542830093757\/\" \/>\n<meta property=\"article:published_time\" content=\"2020-03-28T21:43:24+00:00\" \/>\n<meta property=\"article:modified_time\" content=\"2020-03-28T21:43:41+00:00\" \/>\n<meta property=\"og:image\" content=\"https:\/\/experienciadevida.com.ar\/portalurbano\/wp-content\/uploads\/2020\/03\/BANCOS.jpg\" \/>\n\t<meta property=\"og:image:width\" content=\"696\" \/>\n\t<meta property=\"og:image:height\" content=\"325\" \/>\n\t<meta property=\"og:image:type\" content=\"image\/jpeg\" \/>\n<meta name=\"author\" content=\"admpu17wp\" \/>\n<meta name=\"twitter:card\" content=\"summary_large_image\" \/>\n<meta name=\"twitter:creator\" content=\"@portalurbanook\" \/>\n<meta name=\"twitter:site\" content=\"@portalurbanook\" \/>\n<meta name=\"twitter:label1\" content=\"Escrito por\" \/>\n\t<meta name=\"twitter:data1\" content=\"admpu17wp\" \/>\n\t<meta name=\"twitter:label2\" content=\"Tiempo de lectura\" \/>\n\t<meta name=\"twitter:data2\" content=\"1 minuto\" \/>\n<script type=\"application\/ld+json\" class=\"yoast-schema-graph\">{\"@context\":\"https:\/\/schema.org\",\"@graph\":[{\"@type\":\"Article\",\"@id\":\"https:\/\/experienciadevida.com.ar\/portalurbano\/el-central-aclaro-que-el-lunes-los-bancos-operaran-pero-sin-atender-al-publico\/#article\",\"isPartOf\":{\"@id\":\"https:\/\/experienciadevida.com.ar\/portalurbano\/el-central-aclaro-que-el-lunes-los-bancos-operaran-pero-sin-atender-al-publico\/\"},\"author\":{\"name\":\"admpu17wp\",\"@id\":\"https:\/\/experienciadevida.com.ar\/portalurbano\/#\/schema\/person\/02dd326b1c4b056e9cc972486934a3a7\"},\"headline\":\"El Central aclar\u00f3 que el lunes los bancos operar\u00e1n pero sin atender al p\u00fablico\",\"datePublished\":\"2020-03-28T21:43:24+00:00\",\"dateModified\":\"2020-03-28T21:43:41+00:00\",\"mainEntityOfPage\":{\"@id\":\"https:\/\/experienciadevida.com.ar\/portalurbano\/el-central-aclaro-que-el-lunes-los-bancos-operaran-pero-sin-atender-al-publico\/\"},\"wordCount\":176,\"commentCount\":0,\"publisher\":{\"@id\":\"https:\/\/experienciadevida.com.ar\/portalurbano\/#organization\"},\"articleSection\":[\"Naci\u00f3n\"],\"inLanguage\":\"es\",\"potentialAction\":[{\"@type\":\"CommentAction\",\"name\":\"Comment\",\"target\":[\"https:\/\/experienciadevida.com.ar\/portalurbano\/el-central-aclaro-que-el-lunes-los-bancos-operaran-pero-sin-atender-al-publico\/#respond\"]}]},{\"@type\":\"WebPage\",\"@id\":\"https:\/\/experienciadevida.com.ar\/portalurbano\/el-central-aclaro-que-el-lunes-los-bancos-operaran-pero-sin-atender-al-publico\/\",\"url\":\"https:\/\/experienciadevida.com.ar\/portalurbano\/el-central-aclaro-que-el-lunes-los-bancos-operaran-pero-sin-atender-al-publico\/\",\"name\":\"El Central aclar\u00f3 que el lunes los bancos operar\u00e1n pero sin atender al p\u00fablico -\",\"isPartOf\":{\"@id\":\"https:\/\/experienciadevida.com.ar\/portalurbano\/#website\"},\"datePublished\":\"2020-03-28T21:43:24+00:00\",\"dateModified\":\"2020-03-28T21:43:41+00:00\",\"breadcrumb\":{\"@id\":\"https:\/\/experienciadevida.com.ar\/portalurbano\/el-central-aclaro-que-el-lunes-los-bancos-operaran-pero-sin-atender-al-publico\/#breadcrumb\"},\"inLanguage\":\"es\",\"potentialAction\":[{\"@type\":\"ReadAction\",\"target\":[\"https:\/\/experienciadevida.com.ar\/portalurbano\/el-central-aclaro-que-el-lunes-los-bancos-operaran-pero-sin-atender-al-publico\/\"]}]},{\"@type\":\"BreadcrumbList\",\"@id\":\"https:\/\/experienciadevida.com.ar\/portalurbano\/el-central-aclaro-que-el-lunes-los-bancos-operaran-pero-sin-atender-al-publico\/#breadcrumb\",\"itemListElement\":[{\"@type\":\"ListItem\",\"position\":1,\"name\":\"Portada\",\"item\":\"https:\/\/experienciadevida.com.ar\/portalurbano\/\"},{\"@type\":\"ListItem\",\"position\":2,\"name\":\"El Central aclar\u00f3 que el lunes los bancos operar\u00e1n pero sin atender al p\u00fablico\"}]},{\"@type\":\"WebSite\",\"@id\":\"https:\/\/experienciadevida.com.ar\/portalurbano\/#website\",\"url\":\"https:\/\/experienciadevida.com.ar\/portalurbano\/\",\"name\":\"\",\"description\":\"\",\"publisher\":{\"@id\":\"https:\/\/experienciadevida.com.ar\/portalurbano\/#organization\"},\"potentialAction\":[{\"@type\":\"SearchAction\",\"target\":{\"@type\":\"EntryPoint\",\"urlTemplate\":\"https:\/\/experienciadevida.com.ar\/portalurbano\/?s={search_term_string}\"},\"query-input\":\"required name=search_term_string\"}],\"inLanguage\":\"es\"},{\"@type\":\"Organization\",\"@id\":\"https:\/\/experienciadevida.com.ar\/portalurbano\/#organization\",\"name\":\"Portal Urbano\",\"url\":\"https:\/\/experienciadevida.com.ar\/portalurbano\/\",\"logo\":{\"@type\":\"ImageObject\",\"inLanguage\":\"es\",\"@id\":\"https:\/\/experienciadevida.com.ar\/portalurbano\/#\/schema\/logo\/image\/\",\"url\":\"https:\/\/experienciadevida.com.ar\/portalurbano\/wp-content\/uploads\/2019\/09\/Logo-Original.png\",\"contentUrl\":\"https:\/\/experienciadevida.com.ar\/portalurbano\/wp-content\/uploads\/2019\/09\/Logo-Original.png\",\"width\":2236,\"height\":1216,\"caption\":\"Portal Urbano\"},\"image\":{\"@id\":\"https:\/\/experienciadevida.com.ar\/portalurbano\/#\/schema\/logo\/image\/\"},\"sameAs\":[\"https:\/\/www.facebook.com\/Portal-Urbano-171542830093757\/\",\"https:\/\/twitter.com\/portalurbanook\",\"https:\/\/www.instagram.com\/_portalurbano\/\",\"https:\/\/www.youtube.com\/channel\/UCXhagIfszH8KxFiOok79zbA?view_as=subscriber\"]},{\"@type\":\"Person\",\"@id\":\"https:\/\/experienciadevida.com.ar\/portalurbano\/#\/schema\/person\/02dd326b1c4b056e9cc972486934a3a7\",\"name\":\"admpu17wp\",\"image\":{\"@type\":\"ImageObject\",\"inLanguage\":\"es\",\"@id\":\"https:\/\/experienciadevida.com.ar\/portalurbano\/#\/schema\/person\/image\/\",\"url\":\"https:\/\/secure.gravatar.com\/avatar\/830d4c57adaae6630765e449a6908047?s=96&d=mm&r=g\",\"contentUrl\":\"https:\/\/secure.gravatar.com\/avatar\/830d4c57adaae6630765e449a6908047?s=96&d=mm&r=g\",\"caption\":\"admpu17wp\"}}]}<\/script>\n<!-- \/ Yoast SEO plugin. -->","yoast_head_json":{"title":"El Central aclar\u00f3 que el lunes los bancos operar\u00e1n pero sin atender al p\u00fablico -","robots":{"index":"index","follow":"follow","max-snippet":"max-snippet:-1","max-image-preview":"max-image-preview:large","max-video-preview":"max-video-preview:-1"},"canonical":"https:\/\/experienciadevida.com.ar\/portalurbano\/el-central-aclaro-que-el-lunes-los-bancos-operaran-pero-sin-atender-al-publico\/","og_locale":"es_ES","og_type":"article","og_title":"El Central aclar\u00f3 que el lunes los bancos operar\u00e1n pero sin atender al p\u00fablico -","og_description":"Lo hizo ante las dudas planteada por el \u201cferiado puente\u201d que finalmente no se estableci\u00f3....","og_url":"https:\/\/experienciadevida.com.ar\/portalurbano\/el-central-aclaro-que-el-lunes-los-bancos-operaran-pero-sin-atender-al-publico\/","article_publisher":"https:\/\/www.facebook.com\/Portal-Urbano-171542830093757\/","article_published_time":"2020-03-28T21:43:24+00:00","article_modified_time":"2020-03-28T21:43:41+00:00","og_image":[{"width":696,"height":325,"url":"https:\/\/experienciadevida.com.ar\/portalurbano\/wp-content\/uploads\/2020\/03\/BANCOS.jpg","type":"image\/jpeg"}],"author":"admpu17wp","twitter_card":"summary_large_image","twitter_creator":"@portalurbanook","twitter_site":"@portalurbanook","twitter_misc":{"Escrito por":"admpu17wp","Tiempo de lectura":"1 minuto"},"schema":{"@context":"https:\/\/schema.org","@graph":[{"@type":"Article","@id":"https:\/\/experienciadevida.com.ar\/portalurbano\/el-central-aclaro-que-el-lunes-los-bancos-operaran-pero-sin-atender-al-publico\/#article","isPartOf":{"@id":"https:\/\/experienciadevida.com.ar\/portalurbano\/el-central-aclaro-que-el-lunes-los-bancos-operaran-pero-sin-atender-al-publico\/"},"author":{"name":"admpu17wp","@id":"https:\/\/experienciadevida.com.ar\/portalurbano\/#\/schema\/person\/02dd326b1c4b056e9cc972486934a3a7"},"headline":"El Central aclar\u00f3 que el lunes los bancos operar\u00e1n pero sin atender al p\u00fablico","datePublished":"2020-03-28T21:43:24+00:00","dateModified":"2020-03-28T21:43:41+00:00","mainEntityOfPage":{"@id":"https:\/\/experienciadevida.com.ar\/portalurbano\/el-central-aclaro-que-el-lunes-los-bancos-operaran-pero-sin-atender-al-publico\/"},"wordCount":176,"commentCount":0,"publisher":{"@id":"https:\/\/experienciadevida.com.ar\/portalurbano\/#organization"},"articleSection":["Naci\u00f3n"],"inLanguage":"es","potentialAction":[{"@type":"CommentAction","name":"Comment","target":["https:\/\/experienciadevida.com.ar\/portalurbano\/el-central-aclaro-que-el-lunes-los-bancos-operaran-pero-sin-atender-al-publico\/#respond"]}]},{"@type":"WebPage","@id":"https:\/\/experienciadevida.com.ar\/portalurbano\/el-central-aclaro-que-el-lunes-los-bancos-operaran-pero-sin-atender-al-publico\/","url":"https:\/\/experienciadevida.com.ar\/portalurbano\/el-central-aclaro-que-el-lunes-los-bancos-operaran-pero-sin-atender-al-publico\/","name":"El Central aclar\u00f3 que el lunes los bancos operar\u00e1n pero sin atender al p\u00fablico -","isPartOf":{"@id":"https:\/\/experienciadevida.com.ar\/portalurbano\/#website"},"datePublished":"2020-03-28T21:43:24+00:00","dateModified":"2020-03-28T21:43:41+00:00","breadcrumb":{"@id":"https:\/\/experienciadevida.com.ar\/portalurbano\/el-central-aclaro-que-el-lunes-los-bancos-operaran-pero-sin-atender-al-publico\/#breadcrumb"},"inLanguage":"es","potentialAction":[{"@type":"ReadAction","target":["https:\/\/experienciadevida.com.ar\/portalurbano\/el-central-aclaro-que-el-lunes-los-bancos-operaran-pero-sin-atender-al-publico\/"]}]},{"@type":"BreadcrumbList","@id":"https:\/\/experienciadevida.com.ar\/portalurbano\/el-central-aclaro-que-el-lunes-los-bancos-operaran-pero-sin-atender-al-publico\/#breadcrumb","itemListElement":[{"@type":"ListItem","position":1,"name":"Portada","item":"https:\/\/experienciadevida.com.ar\/portalurbano\/"},{"@type":"ListItem","position":2,"name":"El Central aclar\u00f3 que el lunes los bancos operar\u00e1n pero sin atender al p\u00fablico"}]},{"@type":"WebSite","@id":"https:\/\/experienciadevida.com.ar\/portalurbano\/#website","url":"https:\/\/experienciadevida.com.ar\/portalurbano\/","name":"","description":"","publisher":{"@id":"https:\/\/experienciadevida.com.ar\/portalurbano\/#organization"},"potentialAction":[{"@type":"SearchAction","target":{"@type":"EntryPoint","urlTemplate":"https:\/\/experienciadevida.com.ar\/portalurbano\/?s={search_term_string}"},"query-input":"required name=search_term_string"}],"inLanguage":"es"},{"@type":"Organization","@id":"https:\/\/experienciadevida.com.ar\/portalurbano\/#organization","name":"Portal Urbano","url":"https:\/\/experienciadevida.com.ar\/portalurbano\/","logo":{"@type":"ImageObject","inLanguage":"es","@id":"https:\/\/experienciadevida.com.ar\/portalurbano\/#\/schema\/logo\/image\/","url":"https:\/\/experienciadevida.com.ar\/portalurbano\/wp-content\/uploads\/2019\/09\/Logo-Original.png","contentUrl":"https:\/\/experienciadevida.com.ar\/portalurbano\/wp-content\/uploads\/2019\/09\/Logo-Original.png","width":2236,"height":1216,"caption":"Portal Urbano"},"image":{"@id":"https:\/\/experienciadevida.com.ar\/portalurbano\/#\/schema\/logo\/image\/"},"sameAs":["https:\/\/www.facebook.com\/Portal-Urbano-171542830093757\/","https:\/\/twitter.com\/portalurbanook","https:\/\/www.instagram.com\/_portalurbano\/","https:\/\/www.youtube.com\/channel\/UCXhagIfszH8KxFiOok79zbA?view_as=subscriber"]},{"@type":"Person","@id":"https:\/\/experienciadevida.com.ar\/portalurbano\/#\/schema\/person\/02dd326b1c4b056e9cc972486934a3a7","name":"admpu17wp","image":{"@type":"ImageObject","inLanguage":"es","@id":"https:\/\/experienciadevida.com.ar\/portalurbano\/#\/schema\/person\/image\/","url":"https:\/\/secure.gravatar.com\/avatar\/830d4c57adaae6630765e449a6908047?s=96&d=mm&r=g","contentUrl":"https:\/\/secure.gravatar.com\/avatar\/830d4c57adaae6630765e449a6908047?s=96&d=mm&r=g","caption":"admpu17wp"}}]}},"featured_image_urls":{"full":["https:\/\/experienciadevida.com.ar\/portalurbano\/wp-content\/uploads\/2020\/03\/BANCOS.jpg",696,325,false],"thumbnail":["https:\/\/experienciadevida.com.ar\/portalurbano\/wp-content\/uploads\/2020\/03\/BANCOS-150x150.jpg",150,150,true],"medium":["https:\/\/experienciadevida.com.ar\/portalurbano\/wp-content\/uploads\/2020\/03\/BANCOS-300x140.jpg",300,140,true],"medium_large":["https:\/\/experienciadevida.com.ar\/portalurbano\/wp-content\/uploads\/2020\/03\/BANCOS.jpg",640,299,false],"large":["https:\/\/experienciadevida.com.ar\/portalurbano\/wp-content\/uploads\/2020\/03\/BANCOS.jpg",640,299,false],"ug_big":["https:\/\/experienciadevida.com.ar\/portalurbano\/wp-content\/uploads\/2020\/03\/BANCOS.jpg",696,325,false],"1536x1536":["https:\/\/experienciadevida.com.ar\/portalurbano\/wp-content\/uploads\/2020\/03\/BANCOS.jpg",696,325,false],"2048x2048":["https:\/\/experienciadevida.com.ar\/portalurbano\/wp-content\/uploads\/2020\/03\/BANCOS.jpg",696,325,false],"newsever-slider-full":["https:\/\/experienciadevida.com.ar\/portalurbano\/wp-content\/uploads\/2020\/03\/BANCOS.jpg",696,325,false],"newsever-featured":["https:\/\/experienciadevida.com.ar\/portalurbano\/wp-content\/uploads\/2020\/03\/BANCOS.jpg",696,325,false],"newsever-medium":["https:\/\/experienciadevida.com.ar\/portalurbano\/wp-content\/uploads\/2020\/03\/BANCOS.jpg",696,325,false],"web-stories-poster-portrait":["https:\/\/experienciadevida.com.ar\/portalurbano\/wp-content\/uploads\/2020\/03\/BANCOS.jpg",640,299,false],"web-stories-publisher-logo":["https:\/\/experienciadevida.com.ar\/portalurbano\/wp-content\/uploads\/2020\/03\/BANCOS.jpg",96,45,false],"web-stories-thumbnail":["https:\/\/experienciadevida.com.ar\/portalurbano\/wp-content\/uploads\/2020\/03\/BANCOS.jpg",150,70,false]},"author_info":{"display_name":"admpu17wp","author_link":"https:\/\/experienciadevida.com.ar\/portalurbano\/author\/admpu17wp\/"},"category_info":"<a href=\"https:\/\/experienciadevida.com.ar\/portalurbano\/category\/nacion\/\" rel=\"category tag\">Naci\u00f3n<\/a>","tag_info":"Naci\u00f3n","comment_count":"0","amp_enabled":true,"_links":{"self":[{"href":"https:\/\/experienciadevida.com.ar\/portalurbano\/wp-json\/wp\/v2\/posts\/105487"}],"collection":[{"href":"https:\/\/experienciadevida.com.ar\/portalurbano\/wp-json\/wp\/v2\/posts"}],"about":[{"href":"https:\/\/experienciadevida.com.ar\/portalurbano\/wp-json\/wp\/v2\/types\/post"}],"author":[{"embeddable":true,"href":"https:\/\/experienciadevida.com.ar\/portalurbano\/wp-json\/wp\/v2\/users\/1"}],"replies":[{"embeddable":true,"href":"https:\/\/experienciadevida.com.ar\/portalurbano\/wp-json\/wp\/v2\/comments?post=105487"}],"version-history":[{"count":2,"href":"https:\/\/experienciadevida.com.ar\/portalurbano\/wp-json\/wp\/v2\/posts\/105487\/revisions"}],"predecessor-version":[{"id":105490,"href":"https:\/\/experienciadevida.com.ar\/portalurbano\/wp-json\/wp\/v2\/posts\/105487\/revisions\/105490"}],"wp:featuredmedia":[{"embeddable":true,"href":"https:\/\/experienciadevida.com.ar\/portalurbano\/wp-json\/wp\/v2\/media\/105488"}],"wp:attachment":[{"href":"https:\/\/experienciadevida.com.ar\/portalurbano\/wp-json\/wp\/v2\/media?parent=105487"}],"wp:term":[{"taxonomy":"category","embeddable":true,"href":"https:\/\/experienciadevida.com.ar\/portalurbano\/wp-json\/wp\/v2\/categories?post=105487"},{"taxonomy":"post_tag","embeddable":true,"href":"https:\/\/experienciadevida.com.ar\/portalurbano\/wp-json\/wp\/v2\/tags?post=105487"}],"curies":[{"name":"wp","href":"https:\/\/api.w.org\/{rel}","templated":true}]}}