{"id":105388,"date":"2020-03-27T19:57:16","date_gmt":"2020-03-27T22:57:16","guid":{"rendered":"https:\/\/experienciadevida.com.ar\/portalurbano\/?p=105388"},"modified":"2020-03-27T19:57:41","modified_gmt":"2020-03-27T22:57:41","slug":"la-secretaria-de-desarrollo-economico-abrio-un-registro-para-comercios-habilitados","status":"publish","type":"post","link":"https:\/\/experienciadevida.com.ar\/portalurbano\/la-secretaria-de-desarrollo-economico-abrio-un-registro-para-comercios-habilitados\/","title":{"rendered":"La secretar\u00eda de desarrollo econ\u00f3mico abri\u00f3 un registro para comercios habilitados"},"content":{"rendered":"<div class=\"col-md-6 middle-column col-md-push-3\">\n<div id=\"page-content\">\n<div class=\"article-single-page article-page\">\n<article class=\"article post-54446 post type-post status-publish format-standard has-post-thumbnail hentry category-desarrollo-economico\">\n<div class=\"c-content-box m-no-padding article-inner\">\n<div class=\"article-core\">\n<div class=\"article-content\">\n<div class=\"article-content-inner\">\n<p>La Municipalidad del Partido de Olavarr\u00eda, a trav\u00e9s de la Secretar\u00eda de Desarrollo Econ\u00f3mico, abri\u00f3 un registro para comercios habilitados seg\u00fan el decreto de necesidad y urgencia.<\/p>\n<p>Esta medida permitir\u00e1 brindar a los vecinos de Olavarr\u00eda una herramienta que otorgar\u00e1 informaci\u00f3n de los comercios abiertos, qu\u00e9 tipo de atenci\u00f3n realizan y cu\u00e1les son los comercios del barrio m\u00e1s cercano al hogar, a trav\u00e9s de un mapa interactivo.<\/p>\n<p>Para poder registrar un comercio, el propietario deber\u00e1 ingresar a trav\u00e9s de\u00abREGISTRO DE COMERCIOS EN TU BARRIO\u00bb ubicado en la p\u00e1gina web del Municipio www.olavarria.gov.ar,\u00a0 all\u00ed se encontrar\u00e1 el acceso al formulario de registro, como as\u00ed tambi\u00e9n el mapa con la ubicaci\u00f3n e informaci\u00f3n de los comercios registrados.<\/p>\n<p>Cabe aclarar que el mapa se ir\u00e1 completando a medida que los comerciantes vayan registr\u00e1ndose y previa carga al mapa se corroborar\u00e1 que el comercio est\u00e9 habilitado por la Municipalidad y que cumpla con los rubros habilitados por el decreto nacional 297\/20 y los municipales\u00a0 905\/20 y 967\/20<\/p>\n<p>Se recuerda que la manera primordial de colaborar en estos momentos, es cumpliendo el aislamiento social preventivo y obligatorio qued\u00e1ndonos en casa.<\/p>\n<div class=\"at-below-post addthis_tool\" data-url=\"https:\/\/www.olavarria.gov.ar\/registro-de-comercios-habilitados-en-tu-barrio\/\" data-title=\"Registro de comercios habilitados en tu barrio | | Municipalidad del Partido de Olavarr\u00eda\">\n<div id=\"atstbx\" class=\"at-share-tbx-element addthis-smartlayers addthis-animated at4-show\" role=\"region\" aria-labelledby=\"at-ca7bb204-3f4a-4acb-bbf0-7689384e03c4\">\n<p>&nbsp;<\/p>\n<div class=\"at-share-btn-elements\"><\/div>\n<\/div>\n<\/div>\n<\/div>\n<\/div>\n<\/div>\n<\/div>\n<\/article>\n<\/div>\n<\/div>\n<\/div>\n","protected":false},"excerpt":{"rendered":"<p>La Municipalidad del Partido de Olavarr\u00eda, a trav\u00e9s de la Secretar\u00eda de Desarrollo Econ\u00f3mico, abri\u00f3&#8230;<\/p>\n","protected":false},"author":1,"featured_media":105389,"comment_status":"open","ping_status":"open","sticky":false,"template":"","format":"standard","meta":{"content-type":""},"categories":[27,51],"tags":[],"nelio_content":{"isAutoShareEnabled":false,"autoShareEndMode":"default","automationSources":{"useContentSentences":true,"useSocialTemplates":true,"useCustomSentences":false,"customSentences":[]},"followers":[1],"suggestedReferences":[],"includedReferences":[],"efiUrl":"","efiAlt":"","highlights":[]},"yoast_head":"<!-- This site is optimized with the Yoast SEO plugin v20.7 - https:\/\/yoast.com\/wordpress\/plugins\/seo\/ -->\n<title>La secretar\u00eda de desarrollo econ\u00f3mico abri\u00f3 un registro para comercios habilitados -<\/title>\n<meta name=\"robots\" content=\"index, follow, max-snippet:-1, max-image-preview:large, max-video-preview:-1\" \/>\n<link rel=\"canonical\" href=\"https:\/\/experienciadevida.com.ar\/portalurbano\/la-secretaria-de-desarrollo-economico-abrio-un-registro-para-comercios-habilitados\/\" \/>\n<meta property=\"og:locale\" content=\"es_ES\" \/>\n<meta property=\"og:type\" content=\"article\" \/>\n<meta property=\"og:title\" content=\"La secretar\u00eda de desarrollo econ\u00f3mico abri\u00f3 un registro para comercios habilitados -\" \/>\n<meta property=\"og:description\" content=\"La Municipalidad del Partido de Olavarr\u00eda, a trav\u00e9s de la Secretar\u00eda de Desarrollo Econ\u00f3mico, abri\u00f3...\" \/>\n<meta property=\"og:url\" content=\"https:\/\/experienciadevida.com.ar\/portalurbano\/la-secretaria-de-desarrollo-economico-abrio-un-registro-para-comercios-habilitados\/\" \/>\n<meta property=\"article:publisher\" content=\"https:\/\/www.facebook.com\/Portal-Urbano-171542830093757\/\" \/>\n<meta property=\"article:published_time\" content=\"2020-03-27T22:57:16+00:00\" \/>\n<meta property=\"article:modified_time\" content=\"2020-03-27T22:57:41+00:00\" \/>\n<meta property=\"og:image\" content=\"https:\/\/experienciadevida.com.ar\/portalurbano\/wp-content\/uploads\/2020\/03\/COMERCIOS.png\" \/>\n\t<meta property=\"og:image:width\" content=\"1024\" \/>\n\t<meta property=\"og:image:height\" content=\"466\" \/>\n\t<meta property=\"og:image:type\" content=\"image\/png\" \/>\n<meta name=\"author\" content=\"admpu17wp\" \/>\n<meta name=\"twitter:card\" content=\"summary_large_image\" \/>\n<meta name=\"twitter:creator\" content=\"@portalurbanook\" \/>\n<meta name=\"twitter:site\" content=\"@portalurbanook\" \/>\n<meta name=\"twitter:label1\" content=\"Escrito por\" \/>\n\t<meta name=\"twitter:data1\" content=\"admpu17wp\" \/>\n\t<meta name=\"twitter:label2\" content=\"Tiempo de lectura\" \/>\n\t<meta name=\"twitter:data2\" content=\"1 minuto\" \/>\n<script type=\"application\/ld+json\" class=\"yoast-schema-graph\">{\"@context\":\"https:\/\/schema.org\",\"@graph\":[{\"@type\":\"Article\",\"@id\":\"https:\/\/experienciadevida.com.ar\/portalurbano\/la-secretaria-de-desarrollo-economico-abrio-un-registro-para-comercios-habilitados\/#article\",\"isPartOf\":{\"@id\":\"https:\/\/experienciadevida.com.ar\/portalurbano\/la-secretaria-de-desarrollo-economico-abrio-un-registro-para-comercios-habilitados\/\"},\"author\":{\"name\":\"admpu17wp\",\"@id\":\"https:\/\/experienciadevida.com.ar\/portalurbano\/#\/schema\/person\/02dd326b1c4b056e9cc972486934a3a7\"},\"headline\":\"La secretar\u00eda de desarrollo econ\u00f3mico abri\u00f3 un registro para comercios habilitados\",\"datePublished\":\"2020-03-27T22:57:16+00:00\",\"dateModified\":\"2020-03-27T22:57:41+00:00\",\"mainEntityOfPage\":{\"@id\":\"https:\/\/experienciadevida.com.ar\/portalurbano\/la-secretaria-de-desarrollo-economico-abrio-un-registro-para-comercios-habilitados\/\"},\"wordCount\":218,\"commentCount\":0,\"publisher\":{\"@id\":\"https:\/\/experienciadevida.com.ar\/portalurbano\/#organization\"},\"articleSection\":[\"Ciudad\",\"Destacadas\"],\"inLanguage\":\"es\",\"potentialAction\":[{\"@type\":\"CommentAction\",\"name\":\"Comment\",\"target\":[\"https:\/\/experienciadevida.com.ar\/portalurbano\/la-secretaria-de-desarrollo-economico-abrio-un-registro-para-comercios-habilitados\/#respond\"]}]},{\"@type\":\"WebPage\",\"@id\":\"https:\/\/experienciadevida.com.ar\/portalurbano\/la-secretaria-de-desarrollo-economico-abrio-un-registro-para-comercios-habilitados\/\",\"url\":\"https:\/\/experienciadevida.com.ar\/portalurbano\/la-secretaria-de-desarrollo-economico-abrio-un-registro-para-comercios-habilitados\/\",\"name\":\"La secretar\u00eda de desarrollo econ\u00f3mico abri\u00f3 un registro para comercios habilitados -\",\"isPartOf\":{\"@id\":\"https:\/\/experienciadevida.com.ar\/portalurbano\/#website\"},\"datePublished\":\"2020-03-27T22:57:16+00:00\",\"dateModified\":\"2020-03-27T22:57:41+00:00\",\"breadcrumb\":{\"@id\":\"https:\/\/experienciadevida.com.ar\/portalurbano\/la-secretaria-de-desarrollo-economico-abrio-un-registro-para-comercios-habilitados\/#breadcrumb\"},\"inLanguage\":\"es\",\"potentialAction\":[{\"@type\":\"ReadAction\",\"target\":[\"https:\/\/experienciadevida.com.ar\/portalurbano\/la-secretaria-de-desarrollo-economico-abrio-un-registro-para-comercios-habilitados\/\"]}]},{\"@type\":\"BreadcrumbList\",\"@id\":\"https:\/\/experienciadevida.com.ar\/portalurbano\/la-secretaria-de-desarrollo-economico-abrio-un-registro-para-comercios-habilitados\/#breadcrumb\",\"itemListElement\":[{\"@type\":\"ListItem\",\"position\":1,\"name\":\"Portada\",\"item\":\"https:\/\/experienciadevida.com.ar\/portalurbano\/\"},{\"@type\":\"ListItem\",\"position\":2,\"name\":\"La secretar\u00eda de desarrollo econ\u00f3mico abri\u00f3 un registro para comercios habilitados\"}]},{\"@type\":\"WebSite\",\"@id\":\"https:\/\/experienciadevida.com.ar\/portalurbano\/#website\",\"url\":\"https:\/\/experienciadevida.com.ar\/portalurbano\/\",\"name\":\"\",\"description\":\"\",\"publisher\":{\"@id\":\"https:\/\/experienciadevida.com.ar\/portalurbano\/#organization\"},\"potentialAction\":[{\"@type\":\"SearchAction\",\"target\":{\"@type\":\"EntryPoint\",\"urlTemplate\":\"https:\/\/experienciadevida.com.ar\/portalurbano\/?s={search_term_string}\"},\"query-input\":\"required name=search_term_string\"}],\"inLanguage\":\"es\"},{\"@type\":\"Organization\",\"@id\":\"https:\/\/experienciadevida.com.ar\/portalurbano\/#organization\",\"name\":\"Portal Urbano\",\"url\":\"https:\/\/experienciadevida.com.ar\/portalurbano\/\",\"logo\":{\"@type\":\"ImageObject\",\"inLanguage\":\"es\",\"@id\":\"https:\/\/experienciadevida.com.ar\/portalurbano\/#\/schema\/logo\/image\/\",\"url\":\"https:\/\/experienciadevida.com.ar\/portalurbano\/wp-content\/uploads\/2019\/09\/Logo-Original.png\",\"contentUrl\":\"https:\/\/experienciadevida.com.ar\/portalurbano\/wp-content\/uploads\/2019\/09\/Logo-Original.png\",\"width\":2236,\"height\":1216,\"caption\":\"Portal Urbano\"},\"image\":{\"@id\":\"https:\/\/experienciadevida.com.ar\/portalurbano\/#\/schema\/logo\/image\/\"},\"sameAs\":[\"https:\/\/www.facebook.com\/Portal-Urbano-171542830093757\/\",\"https:\/\/twitter.com\/portalurbanook\",\"https:\/\/www.instagram.com\/_portalurbano\/\",\"https:\/\/www.youtube.com\/channel\/UCXhagIfszH8KxFiOok79zbA?view_as=subscriber\"]},{\"@type\":\"Person\",\"@id\":\"https:\/\/experienciadevida.com.ar\/portalurbano\/#\/schema\/person\/02dd326b1c4b056e9cc972486934a3a7\",\"name\":\"admpu17wp\",\"image\":{\"@type\":\"ImageObject\",\"inLanguage\":\"es\",\"@id\":\"https:\/\/experienciadevida.com.ar\/portalurbano\/#\/schema\/person\/image\/\",\"url\":\"https:\/\/secure.gravatar.com\/avatar\/830d4c57adaae6630765e449a6908047?s=96&d=mm&r=g\",\"contentUrl\":\"https:\/\/secure.gravatar.com\/avatar\/830d4c57adaae6630765e449a6908047?s=96&d=mm&r=g\",\"caption\":\"admpu17wp\"}}]}<\/script>\n<!-- \/ Yoast SEO plugin. -->","yoast_head_json":{"title":"La secretar\u00eda de desarrollo econ\u00f3mico abri\u00f3 un registro para comercios habilitados -","robots":{"index":"index","follow":"follow","max-snippet":"max-snippet:-1","max-image-preview":"max-image-preview:large","max-video-preview":"max-video-preview:-1"},"canonical":"https:\/\/experienciadevida.com.ar\/portalurbano\/la-secretaria-de-desarrollo-economico-abrio-un-registro-para-comercios-habilitados\/","og_locale":"es_ES","og_type":"article","og_title":"La secretar\u00eda de desarrollo econ\u00f3mico abri\u00f3 un registro para comercios habilitados -","og_description":"La Municipalidad del Partido de Olavarr\u00eda, a trav\u00e9s de la Secretar\u00eda de Desarrollo Econ\u00f3mico, abri\u00f3...","og_url":"https:\/\/experienciadevida.com.ar\/portalurbano\/la-secretaria-de-desarrollo-economico-abrio-un-registro-para-comercios-habilitados\/","article_publisher":"https:\/\/www.facebook.com\/Portal-Urbano-171542830093757\/","article_published_time":"2020-03-27T22:57:16+00:00","article_modified_time":"2020-03-27T22:57:41+00:00","og_image":[{"width":1024,"height":466,"url":"https:\/\/experienciadevida.com.ar\/portalurbano\/wp-content\/uploads\/2020\/03\/COMERCIOS.png","type":"image\/png"}],"author":"admpu17wp","twitter_card":"summary_large_image","twitter_creator":"@portalurbanook","twitter_site":"@portalurbanook","twitter_misc":{"Escrito por":"admpu17wp","Tiempo de lectura":"1 minuto"},"schema":{"@context":"https:\/\/schema.org","@graph":[{"@type":"Article","@id":"https:\/\/experienciadevida.com.ar\/portalurbano\/la-secretaria-de-desarrollo-economico-abrio-un-registro-para-comercios-habilitados\/#article","isPartOf":{"@id":"https:\/\/experienciadevida.com.ar\/portalurbano\/la-secretaria-de-desarrollo-economico-abrio-un-registro-para-comercios-habilitados\/"},"author":{"name":"admpu17wp","@id":"https:\/\/experienciadevida.com.ar\/portalurbano\/#\/schema\/person\/02dd326b1c4b056e9cc972486934a3a7"},"headline":"La secretar\u00eda de desarrollo econ\u00f3mico abri\u00f3 un registro para comercios habilitados","datePublished":"2020-03-27T22:57:16+00:00","dateModified":"2020-03-27T22:57:41+00:00","mainEntityOfPage":{"@id":"https:\/\/experienciadevida.com.ar\/portalurbano\/la-secretaria-de-desarrollo-economico-abrio-un-registro-para-comercios-habilitados\/"},"wordCount":218,"commentCount":0,"publisher":{"@id":"https:\/\/experienciadevida.com.ar\/portalurbano\/#organization"},"articleSection":["Ciudad","Destacadas"],"inLanguage":"es","potentialAction":[{"@type":"CommentAction","name":"Comment","target":["https:\/\/experienciadevida.com.ar\/portalurbano\/la-secretaria-de-desarrollo-economico-abrio-un-registro-para-comercios-habilitados\/#respond"]}]},{"@type":"WebPage","@id":"https:\/\/experienciadevida.com.ar\/portalurbano\/la-secretaria-de-desarrollo-economico-abrio-un-registro-para-comercios-habilitados\/","url":"https:\/\/experienciadevida.com.ar\/portalurbano\/la-secretaria-de-desarrollo-economico-abrio-un-registro-para-comercios-habilitados\/","name":"La secretar\u00eda de desarrollo econ\u00f3mico abri\u00f3 un registro para comercios habilitados -","isPartOf":{"@id":"https:\/\/experienciadevida.com.ar\/portalurbano\/#website"},"datePublished":"2020-03-27T22:57:16+00:00","dateModified":"2020-03-27T22:57:41+00:00","breadcrumb":{"@id":"https:\/\/experienciadevida.com.ar\/portalurbano\/la-secretaria-de-desarrollo-economico-abrio-un-registro-para-comercios-habilitados\/#breadcrumb"},"inLanguage":"es","potentialAction":[{"@type":"ReadAction","target":["https:\/\/experienciadevida.com.ar\/portalurbano\/la-secretaria-de-desarrollo-economico-abrio-un-registro-para-comercios-habilitados\/"]}]},{"@type":"BreadcrumbList","@id":"https:\/\/experienciadevida.com.ar\/portalurbano\/la-secretaria-de-desarrollo-economico-abrio-un-registro-para-comercios-habilitados\/#breadcrumb","itemListElement":[{"@type":"ListItem","position":1,"name":"Portada","item":"https:\/\/experienciadevida.com.ar\/portalurbano\/"},{"@type":"ListItem","position":2,"name":"La secretar\u00eda de desarrollo econ\u00f3mico abri\u00f3 un registro para comercios habilitados"}]},{"@type":"WebSite","@id":"https:\/\/experienciadevida.com.ar\/portalurbano\/#website","url":"https:\/\/experienciadevida.com.ar\/portalurbano\/","name":"","description":"","publisher":{"@id":"https:\/\/experienciadevida.com.ar\/portalurbano\/#organization"},"potentialAction":[{"@type":"SearchAction","target":{"@type":"EntryPoint","urlTemplate":"https:\/\/experienciadevida.com.ar\/portalurbano\/?s={search_term_string}"},"query-input":"required name=search_term_string"}],"inLanguage":"es"},{"@type":"Organization","@id":"https:\/\/experienciadevida.com.ar\/portalurbano\/#organization","name":"Portal Urbano","url":"https:\/\/experienciadevida.com.ar\/portalurbano\/","logo":{"@type":"ImageObject","inLanguage":"es","@id":"https:\/\/experienciadevida.com.ar\/portalurbano\/#\/schema\/logo\/image\/","url":"https:\/\/experienciadevida.com.ar\/portalurbano\/wp-content\/uploads\/2019\/09\/Logo-Original.png","contentUrl":"https:\/\/experienciadevida.com.ar\/portalurbano\/wp-content\/uploads\/2019\/09\/Logo-Original.png","width":2236,"height":1216,"caption":"Portal Urbano"},"image":{"@id":"https:\/\/experienciadevida.com.ar\/portalurbano\/#\/schema\/logo\/image\/"},"sameAs":["https:\/\/www.facebook.com\/Portal-Urbano-171542830093757\/","https:\/\/twitter.com\/portalurbanook","https:\/\/www.instagram.com\/_portalurbano\/","https:\/\/www.youtube.com\/channel\/UCXhagIfszH8KxFiOok79zbA?view_as=subscriber"]},{"@type":"Person","@id":"https:\/\/experienciadevida.com.ar\/portalurbano\/#\/schema\/person\/02dd326b1c4b056e9cc972486934a3a7","name":"admpu17wp","image":{"@type":"ImageObject","inLanguage":"es","@id":"https:\/\/experienciadevida.com.ar\/portalurbano\/#\/schema\/person\/image\/","url":"https:\/\/secure.gravatar.com\/avatar\/830d4c57adaae6630765e449a6908047?s=96&d=mm&r=g","contentUrl":"https:\/\/secure.gravatar.com\/avatar\/830d4c57adaae6630765e449a6908047?s=96&d=mm&r=g","caption":"admpu17wp"}}]}},"featured_image_urls":{"full":["https:\/\/experienciadevida.com.ar\/portalurbano\/wp-content\/uploads\/2020\/03\/COMERCIOS.png",1024,466,false],"thumbnail":["https:\/\/experienciadevida.com.ar\/portalurbano\/wp-content\/uploads\/2020\/03\/COMERCIOS-150x150.png",150,150,true],"medium":["https:\/\/experienciadevida.com.ar\/portalurbano\/wp-content\/uploads\/2020\/03\/COMERCIOS-300x137.png",300,137,true],"medium_large":["https:\/\/experienciadevida.com.ar\/portalurbano\/wp-content\/uploads\/2020\/03\/COMERCIOS-768x350.png",640,292,true],"large":["https:\/\/experienciadevida.com.ar\/portalurbano\/wp-content\/uploads\/2020\/03\/COMERCIOS.png",640,291,false],"ug_big":["https:\/\/experienciadevida.com.ar\/portalurbano\/wp-content\/uploads\/2020\/03\/COMERCIOS-768x350.png",768,350,true],"1536x1536":["https:\/\/experienciadevida.com.ar\/portalurbano\/wp-content\/uploads\/2020\/03\/COMERCIOS.png",1024,466,false],"2048x2048":["https:\/\/experienciadevida.com.ar\/portalurbano\/wp-content\/uploads\/2020\/03\/COMERCIOS.png",1024,466,false],"newsever-slider-full":["https:\/\/experienciadevida.com.ar\/portalurbano\/wp-content\/uploads\/2020\/03\/COMERCIOS.png",1024,466,false],"newsever-featured":["https:\/\/experienciadevida.com.ar\/portalurbano\/wp-content\/uploads\/2020\/03\/COMERCIOS.png",1024,466,false],"newsever-medium":["https:\/\/experienciadevida.com.ar\/portalurbano\/wp-content\/uploads\/2020\/03\/COMERCIOS.png",720,328,false],"web-stories-poster-portrait":["https:\/\/experienciadevida.com.ar\/portalurbano\/wp-content\/uploads\/2020\/03\/COMERCIOS.png",640,291,false],"web-stories-publisher-logo":["https:\/\/experienciadevida.com.ar\/portalurbano\/wp-content\/uploads\/2020\/03\/COMERCIOS.png",96,44,false],"web-stories-thumbnail":["https:\/\/experienciadevida.com.ar\/portalurbano\/wp-content\/uploads\/2020\/03\/COMERCIOS.png",150,68,false]},"author_info":{"display_name":"admpu17wp","author_link":"https:\/\/experienciadevida.com.ar\/portalurbano\/author\/admpu17wp\/"},"category_info":"<a href=\"https:\/\/experienciadevida.com.ar\/portalurbano\/category\/ciudad\/\" rel=\"category tag\">Ciudad<\/a> <a href=\"https:\/\/experienciadevida.com.ar\/portalurbano\/category\/destacadas\/\" rel=\"category tag\">Destacadas<\/a>","tag_info":"Destacadas","comment_count":"0","amp_enabled":true,"_links":{"self":[{"href":"https:\/\/experienciadevida.com.ar\/portalurbano\/wp-json\/wp\/v2\/posts\/105388"}],"collection":[{"href":"https:\/\/experienciadevida.com.ar\/portalurbano\/wp-json\/wp\/v2\/posts"}],"about":[{"href":"https:\/\/experienciadevida.com.ar\/portalurbano\/wp-json\/wp\/v2\/types\/post"}],"author":[{"embeddable":true,"href":"https:\/\/experienciadevida.com.ar\/portalurbano\/wp-json\/wp\/v2\/users\/1"}],"replies":[{"embeddable":true,"href":"https:\/\/experienciadevida.com.ar\/portalurbano\/wp-json\/wp\/v2\/comments?post=105388"}],"version-history":[{"count":2,"href":"https:\/\/experienciadevida.com.ar\/portalurbano\/wp-json\/wp\/v2\/posts\/105388\/revisions"}],"predecessor-version":[{"id":105400,"href":"https:\/\/experienciadevida.com.ar\/portalurbano\/wp-json\/wp\/v2\/posts\/105388\/revisions\/105400"}],"wp:featuredmedia":[{"embeddable":true,"href":"https:\/\/experienciadevida.com.ar\/portalurbano\/wp-json\/wp\/v2\/media\/105389"}],"wp:attachment":[{"href":"https:\/\/experienciadevida.com.ar\/portalurbano\/wp-json\/wp\/v2\/media?parent=105388"}],"wp:term":[{"taxonomy":"category","embeddable":true,"href":"https:\/\/experienciadevida.com.ar\/portalurbano\/wp-json\/wp\/v2\/categories?post=105388"},{"taxonomy":"post_tag","embeddable":true,"href":"https:\/\/experienciadevida.com.ar\/portalurbano\/wp-json\/wp\/v2\/tags?post=105388"}],"curies":[{"name":"wp","href":"https:\/\/api.w.org\/{rel}","templated":true}]}}