{"id":105305,"date":"2020-03-27T10:24:14","date_gmt":"2020-03-27T13:24:14","guid":{"rendered":"https:\/\/experienciadevida.com.ar\/portalurbano\/?p=105305"},"modified":"2020-03-27T10:24:37","modified_gmt":"2020-03-27T13:24:37","slug":"varios-detenidos-por-incumplir-el-aislamiento-obligatorio-preventivo","status":"publish","type":"post","link":"https:\/\/experienciadevida.com.ar\/portalurbano\/varios-detenidos-por-incumplir-el-aislamiento-obligatorio-preventivo\/","title":{"rendered":"Varios detenidos por incumplir el aislamiento obligatorio preventivo"},"content":{"rendered":"<p>En el d\u00eda de ayer, el personal policial de diferentes dependencias continu\u00f3 realizando operativos dispuestos por le decreto 297\/2020, donde procedieron a la interceptaci\u00f3n de varias personas que se encontraban quebrantando el mencionado decreto.<\/p>\n<hr \/>\n<p>En nuestra ciudad, el personal de la comisar\u00eda primera junto con Comando de Patrullas en la Avenida Sarmiento e Independencia interceptaron a un hombre de 36 a\u00f1os el mismo se movilizaba en un veh\u00edculo diciendo que hab\u00eda vuelto del mec\u00e1nico. A su vez, en la calle Chacabuco al 2300 interceptaron a una mujer de 41 a\u00f1os, quien estaba en su veh\u00edculo sin poder justificar la presencia en el lugar.<\/p>\n<p>Por otro lado, en la calle Ayacucho al 3400 interceptaron a un joven de 22 a\u00f1os quien circulaba en una motocicleta manifestando que iba a vender un tel\u00e9fono. Tambi\u00e9n en la Avenida Pellegrini y ruta 226 interceptaron a dos hombres que circulaban a pie sin justificaci\u00f3n alguna, adem\u00e1s en la Av. Del Valle al 4800 procedieron a la interceptaci\u00f3n de un hombre quien circulaba a pie sin poder justificar su presencia all\u00ed.<\/p>\n<p>En la Localidad de Sierras Bayas, personal de la Subcomisaria juntamente con personal de Polic\u00eda Local, en Ruta 226 y Acceso a la localidad, procedieron a la interceptaci\u00f3n de un masculino de 30 a\u00f1os quien circulaba en un cami\u00f3n sin poder justificar su presencia en el lugar. En Av. Centenario al 1600 procedieron a la interceptaci\u00f3n de un joven de 18 a\u00f1os quien se movilizaba a bordo de un veh\u00edculo sin poder justificar su presencia en el lugar, como as\u00ed tambi\u00e9n se procedi\u00f3 al Secuestro del veh\u00edculo en el que se movilizaba por infringir el conductor los art\u00edculos 39, 40 inciso &#8220;A&#8221;, &#8220;B&#8221;, 49 inciso &#8220;B&#8221;, y 77 inciso &#8220;X&#8221; de la Ley 24449.<\/p>\n<p>Se deja constancia que la totalidad de las personas interceptados no se hallaba en las excepciones del Art\u00edculo 6 de dicha normativa, motivo por el cual se hace efectiva su aprehensi\u00f3n y posterior traslado a sede de las dependencias policiales correspondientes. La fiscal fue quien orden\u00f3 su liberaci\u00f3n y se les inici\u00f3 una causa por &#8220;<em><strong>infracci\u00f3n decreto 297\/2020&#8243;.<\/strong><\/em><\/p>\n<div class=\"slider-gallery-wrapper \"><div class=\"slider-gallery\"><div id=\"sliderify-carousel-1\" class=\"owl-carousel\"><div class=\"sliderify-owl-item-inner\"><img src=\"https:\/\/experienciadevida.com.ar\/portalurbano\/wp-content\/uploads\/2020\/03\/DETENCI\u00d3N1-2.jpg\"><\/div><div class=\"sliderify-owl-item-inner\"><img src=\"https:\/\/experienciadevida.com.ar\/portalurbano\/wp-content\/uploads\/2020\/03\/DETENCI\u00d3N2-1.jpg\"><\/div><div class=\"sliderify-owl-item-inner\"><img src=\"https:\/\/experienciadevida.com.ar\/portalurbano\/wp-content\/uploads\/2020\/03\/DETENCI\u00d3N-3.jpg\"><\/div><\/div><!-- .owl-carousel --><\/div><!-- .slider-gallery --><\/div><!-- .slider-gallery-wrapper --><script>\n\t\t\tjQuery(document).ready(function($){\n\t\t\t\tcarousel1 = $('#sliderify-carousel-1');\ncarousel1.imagesLoaded(function(){carousel1.owlCarousel({items:1,\nstagePadding:0,\nnav:1,\nnavText:['<span><\/span><span><\/span>','<span><\/span><span><\/span>'],\ncenter:1,\nloop:1,\nmargin:0,\nautoWidth:false,\nautoHeight:true,\nstageOuterClass:'sliderify-stage-outer',\nstageClass:'sliderify-stage',\nnavContainerClass:'sliderify-nav',\ncontrolsClass:'sliderify-controls',\ndotsClass:'sliderify-dots',\ndotClass:'sliderify-dot',\nonInitialized:function(event){\n\t\t\t\tconsole.log('init');\n\t\t\t},\n});});\n});\n\t\t\t<\/script>\n","protected":false},"excerpt":{"rendered":"<p>En el d\u00eda de ayer, el personal policial de diferentes dependencias continu\u00f3 realizando operativos dispuestos&#8230;<\/p>\n","protected":false},"author":1,"featured_media":105306,"comment_status":"open","ping_status":"open","sticky":false,"template":"","format":"standard","meta":{"content-type":""},"categories":[51,40],"tags":[],"nelio_content":{"isAutoShareEnabled":false,"autoShareEndMode":"default","automationSources":{"useContentSentences":true,"useSocialTemplates":true,"useCustomSentences":false,"customSentences":[]},"followers":[1],"suggestedReferences":[],"includedReferences":[],"efiUrl":"","efiAlt":"","highlights":[]},"yoast_head":"<!-- This site is optimized with the Yoast SEO plugin v20.7 - https:\/\/yoast.com\/wordpress\/plugins\/seo\/ -->\n<title>Varios detenidos por incumplir el aislamiento obligatorio preventivo -<\/title>\n<meta name=\"robots\" content=\"index, follow, max-snippet:-1, max-image-preview:large, max-video-preview:-1\" \/>\n<link rel=\"canonical\" href=\"https:\/\/experienciadevida.com.ar\/portalurbano\/varios-detenidos-por-incumplir-el-aislamiento-obligatorio-preventivo\/\" \/>\n<meta property=\"og:locale\" content=\"es_ES\" \/>\n<meta property=\"og:type\" content=\"article\" \/>\n<meta property=\"og:title\" content=\"Varios detenidos por incumplir el aislamiento obligatorio preventivo -\" \/>\n<meta property=\"og:description\" content=\"En el d\u00eda de ayer, el personal policial de diferentes dependencias continu\u00f3 realizando operativos dispuestos...\" \/>\n<meta property=\"og:url\" content=\"https:\/\/experienciadevida.com.ar\/portalurbano\/varios-detenidos-por-incumplir-el-aislamiento-obligatorio-preventivo\/\" \/>\n<meta property=\"article:publisher\" content=\"https:\/\/www.facebook.com\/Portal-Urbano-171542830093757\/\" \/>\n<meta property=\"article:published_time\" content=\"2020-03-27T13:24:14+00:00\" \/>\n<meta property=\"article:modified_time\" content=\"2020-03-27T13:24:37+00:00\" \/>\n<meta property=\"og:image\" content=\"https:\/\/experienciadevida.com.ar\/portalurbano\/wp-content\/uploads\/2020\/03\/DETENCI\u00d3N-3.jpg\" \/>\n\t<meta property=\"og:image:width\" content=\"901\" \/>\n\t<meta property=\"og:image:height\" content=\"598\" \/>\n\t<meta property=\"og:image:type\" content=\"image\/jpeg\" \/>\n<meta name=\"author\" content=\"admpu17wp\" \/>\n<meta name=\"twitter:card\" content=\"summary_large_image\" \/>\n<meta name=\"twitter:creator\" content=\"@portalurbanook\" \/>\n<meta name=\"twitter:site\" content=\"@portalurbanook\" \/>\n<meta name=\"twitter:label1\" content=\"Escrito por\" \/>\n\t<meta name=\"twitter:data1\" content=\"admpu17wp\" \/>\n\t<meta name=\"twitter:label2\" content=\"Tiempo de lectura\" \/>\n\t<meta name=\"twitter:data2\" content=\"2 minutos\" \/>\n<script type=\"application\/ld+json\" class=\"yoast-schema-graph\">{\"@context\":\"https:\/\/schema.org\",\"@graph\":[{\"@type\":\"Article\",\"@id\":\"https:\/\/experienciadevida.com.ar\/portalurbano\/varios-detenidos-por-incumplir-el-aislamiento-obligatorio-preventivo\/#article\",\"isPartOf\":{\"@id\":\"https:\/\/experienciadevida.com.ar\/portalurbano\/varios-detenidos-por-incumplir-el-aislamiento-obligatorio-preventivo\/\"},\"author\":{\"name\":\"admpu17wp\",\"@id\":\"https:\/\/experienciadevida.com.ar\/portalurbano\/#\/schema\/person\/02dd326b1c4b056e9cc972486934a3a7\"},\"headline\":\"Varios detenidos por incumplir el aislamiento obligatorio preventivo\",\"datePublished\":\"2020-03-27T13:24:14+00:00\",\"dateModified\":\"2020-03-27T13:24:37+00:00\",\"mainEntityOfPage\":{\"@id\":\"https:\/\/experienciadevida.com.ar\/portalurbano\/varios-detenidos-por-incumplir-el-aislamiento-obligatorio-preventivo\/\"},\"wordCount\":380,\"commentCount\":0,\"publisher\":{\"@id\":\"https:\/\/experienciadevida.com.ar\/portalurbano\/#organization\"},\"articleSection\":[\"Destacadas\",\"Policiales\"],\"inLanguage\":\"es\",\"potentialAction\":[{\"@type\":\"CommentAction\",\"name\":\"Comment\",\"target\":[\"https:\/\/experienciadevida.com.ar\/portalurbano\/varios-detenidos-por-incumplir-el-aislamiento-obligatorio-preventivo\/#respond\"]}]},{\"@type\":\"WebPage\",\"@id\":\"https:\/\/experienciadevida.com.ar\/portalurbano\/varios-detenidos-por-incumplir-el-aislamiento-obligatorio-preventivo\/\",\"url\":\"https:\/\/experienciadevida.com.ar\/portalurbano\/varios-detenidos-por-incumplir-el-aislamiento-obligatorio-preventivo\/\",\"name\":\"Varios detenidos por incumplir el aislamiento obligatorio preventivo -\",\"isPartOf\":{\"@id\":\"https:\/\/experienciadevida.com.ar\/portalurbano\/#website\"},\"datePublished\":\"2020-03-27T13:24:14+00:00\",\"dateModified\":\"2020-03-27T13:24:37+00:00\",\"breadcrumb\":{\"@id\":\"https:\/\/experienciadevida.com.ar\/portalurbano\/varios-detenidos-por-incumplir-el-aislamiento-obligatorio-preventivo\/#breadcrumb\"},\"inLanguage\":\"es\",\"potentialAction\":[{\"@type\":\"ReadAction\",\"target\":[\"https:\/\/experienciadevida.com.ar\/portalurbano\/varios-detenidos-por-incumplir-el-aislamiento-obligatorio-preventivo\/\"]}]},{\"@type\":\"BreadcrumbList\",\"@id\":\"https:\/\/experienciadevida.com.ar\/portalurbano\/varios-detenidos-por-incumplir-el-aislamiento-obligatorio-preventivo\/#breadcrumb\",\"itemListElement\":[{\"@type\":\"ListItem\",\"position\":1,\"name\":\"Portada\",\"item\":\"https:\/\/experienciadevida.com.ar\/portalurbano\/\"},{\"@type\":\"ListItem\",\"position\":2,\"name\":\"Varios detenidos por incumplir el aislamiento obligatorio preventivo\"}]},{\"@type\":\"WebSite\",\"@id\":\"https:\/\/experienciadevida.com.ar\/portalurbano\/#website\",\"url\":\"https:\/\/experienciadevida.com.ar\/portalurbano\/\",\"name\":\"\",\"description\":\"\",\"publisher\":{\"@id\":\"https:\/\/experienciadevida.com.ar\/portalurbano\/#organization\"},\"potentialAction\":[{\"@type\":\"SearchAction\",\"target\":{\"@type\":\"EntryPoint\",\"urlTemplate\":\"https:\/\/experienciadevida.com.ar\/portalurbano\/?s={search_term_string}\"},\"query-input\":\"required name=search_term_string\"}],\"inLanguage\":\"es\"},{\"@type\":\"Organization\",\"@id\":\"https:\/\/experienciadevida.com.ar\/portalurbano\/#organization\",\"name\":\"Portal Urbano\",\"url\":\"https:\/\/experienciadevida.com.ar\/portalurbano\/\",\"logo\":{\"@type\":\"ImageObject\",\"inLanguage\":\"es\",\"@id\":\"https:\/\/experienciadevida.com.ar\/portalurbano\/#\/schema\/logo\/image\/\",\"url\":\"https:\/\/experienciadevida.com.ar\/portalurbano\/wp-content\/uploads\/2019\/09\/Logo-Original.png\",\"contentUrl\":\"https:\/\/experienciadevida.com.ar\/portalurbano\/wp-content\/uploads\/2019\/09\/Logo-Original.png\",\"width\":2236,\"height\":1216,\"caption\":\"Portal Urbano\"},\"image\":{\"@id\":\"https:\/\/experienciadevida.com.ar\/portalurbano\/#\/schema\/logo\/image\/\"},\"sameAs\":[\"https:\/\/www.facebook.com\/Portal-Urbano-171542830093757\/\",\"https:\/\/twitter.com\/portalurbanook\",\"https:\/\/www.instagram.com\/_portalurbano\/\",\"https:\/\/www.youtube.com\/channel\/UCXhagIfszH8KxFiOok79zbA?view_as=subscriber\"]},{\"@type\":\"Person\",\"@id\":\"https:\/\/experienciadevida.com.ar\/portalurbano\/#\/schema\/person\/02dd326b1c4b056e9cc972486934a3a7\",\"name\":\"admpu17wp\",\"image\":{\"@type\":\"ImageObject\",\"inLanguage\":\"es\",\"@id\":\"https:\/\/experienciadevida.com.ar\/portalurbano\/#\/schema\/person\/image\/\",\"url\":\"https:\/\/secure.gravatar.com\/avatar\/830d4c57adaae6630765e449a6908047?s=96&d=mm&r=g\",\"contentUrl\":\"https:\/\/secure.gravatar.com\/avatar\/830d4c57adaae6630765e449a6908047?s=96&d=mm&r=g\",\"caption\":\"admpu17wp\"}}]}<\/script>\n<!-- \/ Yoast SEO plugin. -->","yoast_head_json":{"title":"Varios detenidos por incumplir el aislamiento obligatorio preventivo -","robots":{"index":"index","follow":"follow","max-snippet":"max-snippet:-1","max-image-preview":"max-image-preview:large","max-video-preview":"max-video-preview:-1"},"canonical":"https:\/\/experienciadevida.com.ar\/portalurbano\/varios-detenidos-por-incumplir-el-aislamiento-obligatorio-preventivo\/","og_locale":"es_ES","og_type":"article","og_title":"Varios detenidos por incumplir el aislamiento obligatorio preventivo -","og_description":"En el d\u00eda de ayer, el personal policial de diferentes dependencias continu\u00f3 realizando operativos dispuestos...","og_url":"https:\/\/experienciadevida.com.ar\/portalurbano\/varios-detenidos-por-incumplir-el-aislamiento-obligatorio-preventivo\/","article_publisher":"https:\/\/www.facebook.com\/Portal-Urbano-171542830093757\/","article_published_time":"2020-03-27T13:24:14+00:00","article_modified_time":"2020-03-27T13:24:37+00:00","og_image":[{"width":901,"height":598,"url":"https:\/\/experienciadevida.com.ar\/portalurbano\/wp-content\/uploads\/2020\/03\/DETENCI\u00d3N-3.jpg","type":"image\/jpeg"}],"author":"admpu17wp","twitter_card":"summary_large_image","twitter_creator":"@portalurbanook","twitter_site":"@portalurbanook","twitter_misc":{"Escrito por":"admpu17wp","Tiempo de lectura":"2 minutos"},"schema":{"@context":"https:\/\/schema.org","@graph":[{"@type":"Article","@id":"https:\/\/experienciadevida.com.ar\/portalurbano\/varios-detenidos-por-incumplir-el-aislamiento-obligatorio-preventivo\/#article","isPartOf":{"@id":"https:\/\/experienciadevida.com.ar\/portalurbano\/varios-detenidos-por-incumplir-el-aislamiento-obligatorio-preventivo\/"},"author":{"name":"admpu17wp","@id":"https:\/\/experienciadevida.com.ar\/portalurbano\/#\/schema\/person\/02dd326b1c4b056e9cc972486934a3a7"},"headline":"Varios detenidos por incumplir el aislamiento obligatorio preventivo","datePublished":"2020-03-27T13:24:14+00:00","dateModified":"2020-03-27T13:24:37+00:00","mainEntityOfPage":{"@id":"https:\/\/experienciadevida.com.ar\/portalurbano\/varios-detenidos-por-incumplir-el-aislamiento-obligatorio-preventivo\/"},"wordCount":380,"commentCount":0,"publisher":{"@id":"https:\/\/experienciadevida.com.ar\/portalurbano\/#organization"},"articleSection":["Destacadas","Policiales"],"inLanguage":"es","potentialAction":[{"@type":"CommentAction","name":"Comment","target":["https:\/\/experienciadevida.com.ar\/portalurbano\/varios-detenidos-por-incumplir-el-aislamiento-obligatorio-preventivo\/#respond"]}]},{"@type":"WebPage","@id":"https:\/\/experienciadevida.com.ar\/portalurbano\/varios-detenidos-por-incumplir-el-aislamiento-obligatorio-preventivo\/","url":"https:\/\/experienciadevida.com.ar\/portalurbano\/varios-detenidos-por-incumplir-el-aislamiento-obligatorio-preventivo\/","name":"Varios detenidos por incumplir el aislamiento obligatorio preventivo -","isPartOf":{"@id":"https:\/\/experienciadevida.com.ar\/portalurbano\/#website"},"datePublished":"2020-03-27T13:24:14+00:00","dateModified":"2020-03-27T13:24:37+00:00","breadcrumb":{"@id":"https:\/\/experienciadevida.com.ar\/portalurbano\/varios-detenidos-por-incumplir-el-aislamiento-obligatorio-preventivo\/#breadcrumb"},"inLanguage":"es","potentialAction":[{"@type":"ReadAction","target":["https:\/\/experienciadevida.com.ar\/portalurbano\/varios-detenidos-por-incumplir-el-aislamiento-obligatorio-preventivo\/"]}]},{"@type":"BreadcrumbList","@id":"https:\/\/experienciadevida.com.ar\/portalurbano\/varios-detenidos-por-incumplir-el-aislamiento-obligatorio-preventivo\/#breadcrumb","itemListElement":[{"@type":"ListItem","position":1,"name":"Portada","item":"https:\/\/experienciadevida.com.ar\/portalurbano\/"},{"@type":"ListItem","position":2,"name":"Varios detenidos por incumplir el aislamiento obligatorio preventivo"}]},{"@type":"WebSite","@id":"https:\/\/experienciadevida.com.ar\/portalurbano\/#website","url":"https:\/\/experienciadevida.com.ar\/portalurbano\/","name":"","description":"","publisher":{"@id":"https:\/\/experienciadevida.com.ar\/portalurbano\/#organization"},"potentialAction":[{"@type":"SearchAction","target":{"@type":"EntryPoint","urlTemplate":"https:\/\/experienciadevida.com.ar\/portalurbano\/?s={search_term_string}"},"query-input":"required name=search_term_string"}],"inLanguage":"es"},{"@type":"Organization","@id":"https:\/\/experienciadevida.com.ar\/portalurbano\/#organization","name":"Portal Urbano","url":"https:\/\/experienciadevida.com.ar\/portalurbano\/","logo":{"@type":"ImageObject","inLanguage":"es","@id":"https:\/\/experienciadevida.com.ar\/portalurbano\/#\/schema\/logo\/image\/","url":"https:\/\/experienciadevida.com.ar\/portalurbano\/wp-content\/uploads\/2019\/09\/Logo-Original.png","contentUrl":"https:\/\/experienciadevida.com.ar\/portalurbano\/wp-content\/uploads\/2019\/09\/Logo-Original.png","width":2236,"height":1216,"caption":"Portal Urbano"},"image":{"@id":"https:\/\/experienciadevida.com.ar\/portalurbano\/#\/schema\/logo\/image\/"},"sameAs":["https:\/\/www.facebook.com\/Portal-Urbano-171542830093757\/","https:\/\/twitter.com\/portalurbanook","https:\/\/www.instagram.com\/_portalurbano\/","https:\/\/www.youtube.com\/channel\/UCXhagIfszH8KxFiOok79zbA?view_as=subscriber"]},{"@type":"Person","@id":"https:\/\/experienciadevida.com.ar\/portalurbano\/#\/schema\/person\/02dd326b1c4b056e9cc972486934a3a7","name":"admpu17wp","image":{"@type":"ImageObject","inLanguage":"es","@id":"https:\/\/experienciadevida.com.ar\/portalurbano\/#\/schema\/person\/image\/","url":"https:\/\/secure.gravatar.com\/avatar\/830d4c57adaae6630765e449a6908047?s=96&d=mm&r=g","contentUrl":"https:\/\/secure.gravatar.com\/avatar\/830d4c57adaae6630765e449a6908047?s=96&d=mm&r=g","caption":"admpu17wp"}}]}},"featured_image_urls":{"full":["https:\/\/experienciadevida.com.ar\/portalurbano\/wp-content\/uploads\/2020\/03\/DETENCI\u00d3N-3.jpg",901,598,false],"thumbnail":["https:\/\/experienciadevida.com.ar\/portalurbano\/wp-content\/uploads\/2020\/03\/DETENCI\u00d3N-3-150x150.jpg",150,150,true],"medium":["https:\/\/experienciadevida.com.ar\/portalurbano\/wp-content\/uploads\/2020\/03\/DETENCI\u00d3N-3-300x199.jpg",300,199,true],"medium_large":["https:\/\/experienciadevida.com.ar\/portalurbano\/wp-content\/uploads\/2020\/03\/DETENCI\u00d3N-3-768x510.jpg",640,425,true],"large":["https:\/\/experienciadevida.com.ar\/portalurbano\/wp-content\/uploads\/2020\/03\/DETENCI\u00d3N-3.jpg",640,425,false],"ug_big":["https:\/\/experienciadevida.com.ar\/portalurbano\/wp-content\/uploads\/2020\/03\/DETENCI\u00d3N-3-768x510.jpg",768,510,true],"1536x1536":["https:\/\/experienciadevida.com.ar\/portalurbano\/wp-content\/uploads\/2020\/03\/DETENCI\u00d3N-3.jpg",901,598,false],"2048x2048":["https:\/\/experienciadevida.com.ar\/portalurbano\/wp-content\/uploads\/2020\/03\/DETENCI\u00d3N-3.jpg",901,598,false],"newsever-slider-full":["https:\/\/experienciadevida.com.ar\/portalurbano\/wp-content\/uploads\/2020\/03\/DETENCI\u00d3N-3.jpg",901,598,false],"newsever-featured":["https:\/\/experienciadevida.com.ar\/portalurbano\/wp-content\/uploads\/2020\/03\/DETENCI\u00d3N-3.jpg",901,598,false],"newsever-medium":["https:\/\/experienciadevida.com.ar\/portalurbano\/wp-content\/uploads\/2020\/03\/DETENCI\u00d3N-3.jpg",716,475,false],"web-stories-poster-portrait":["https:\/\/experienciadevida.com.ar\/portalurbano\/wp-content\/uploads\/2020\/03\/DETENCI\u00d3N-3.jpg",640,425,false],"web-stories-publisher-logo":["https:\/\/experienciadevida.com.ar\/portalurbano\/wp-content\/uploads\/2020\/03\/DETENCI\u00d3N-3.jpg",96,64,false],"web-stories-thumbnail":["https:\/\/experienciadevida.com.ar\/portalurbano\/wp-content\/uploads\/2020\/03\/DETENCI\u00d3N-3.jpg",150,100,false]},"author_info":{"display_name":"admpu17wp","author_link":"https:\/\/experienciadevida.com.ar\/portalurbano\/author\/admpu17wp\/"},"category_info":"<a href=\"https:\/\/experienciadevida.com.ar\/portalurbano\/category\/destacadas\/\" rel=\"category tag\">Destacadas<\/a> <a href=\"https:\/\/experienciadevida.com.ar\/portalurbano\/category\/policiales\/\" rel=\"category tag\">Policiales<\/a>","tag_info":"Policiales","comment_count":"0","amp_enabled":true,"_links":{"self":[{"href":"https:\/\/experienciadevida.com.ar\/portalurbano\/wp-json\/wp\/v2\/posts\/105305"}],"collection":[{"href":"https:\/\/experienciadevida.com.ar\/portalurbano\/wp-json\/wp\/v2\/posts"}],"about":[{"href":"https:\/\/experienciadevida.com.ar\/portalurbano\/wp-json\/wp\/v2\/types\/post"}],"author":[{"embeddable":true,"href":"https:\/\/experienciadevida.com.ar\/portalurbano\/wp-json\/wp\/v2\/users\/1"}],"replies":[{"embeddable":true,"href":"https:\/\/experienciadevida.com.ar\/portalurbano\/wp-json\/wp\/v2\/comments?post=105305"}],"version-history":[{"count":2,"href":"https:\/\/experienciadevida.com.ar\/portalurbano\/wp-json\/wp\/v2\/posts\/105305\/revisions"}],"predecessor-version":[{"id":105310,"href":"https:\/\/experienciadevida.com.ar\/portalurbano\/wp-json\/wp\/v2\/posts\/105305\/revisions\/105310"}],"wp:featuredmedia":[{"embeddable":true,"href":"https:\/\/experienciadevida.com.ar\/portalurbano\/wp-json\/wp\/v2\/media\/105306"}],"wp:attachment":[{"href":"https:\/\/experienciadevida.com.ar\/portalurbano\/wp-json\/wp\/v2\/media?parent=105305"}],"wp:term":[{"taxonomy":"category","embeddable":true,"href":"https:\/\/experienciadevida.com.ar\/portalurbano\/wp-json\/wp\/v2\/categories?post=105305"},{"taxonomy":"post_tag","embeddable":true,"href":"https:\/\/experienciadevida.com.ar\/portalurbano\/wp-json\/wp\/v2\/tags?post=105305"}],"curies":[{"name":"wp","href":"https:\/\/api.w.org\/{rel}","templated":true}]}}