{"id":105285,"date":"2020-03-26T23:42:40","date_gmt":"2020-03-27T02:42:40","guid":{"rendered":"https:\/\/experienciadevida.com.ar\/portalurbano\/?p=105285"},"modified":"2020-03-26T23:43:25","modified_gmt":"2020-03-27T02:43:25","slug":"califican-como-critica-situacion-en-las-carceles","status":"publish","type":"post","link":"https:\/\/experienciadevida.com.ar\/portalurbano\/califican-como-critica-situacion-en-las-carceles\/","title":{"rendered":"Califican como &#8220;cr\u00edtica&#8221; situaci\u00f3n en las c\u00e1rceles"},"content":{"rendered":"<article id=\"article-post\" class=\"first\">\n<p class=\"interiorCopete\">En medio de motines, ante la demanda de los presos por el avance del coronavirus, la Procuradur\u00eda de Violencia Institucional present\u00f3 su Informe de Poblaci\u00f3n Penal, en el que califica la situaci\u00f3n como cr\u00edtica.<\/p>\n<hr \/>\n<\/article>\n<article id=\"article-post\">\n<div class=\"cuerpo\" data-twitter-link=\"https:\/\/twitter.com\/intent\/tweet?url=https:\/\/www.diariopopular.com.ar\/\/c468094&amp;via=poopulardiario&amp;related=Diario Popular&amp;text=\">\n<p>En medio de <strong>algunos motines y otras revueltas<\/strong>\u00a0en distintas c\u00e1rceles del pa\u00eds, ante la<strong>\u00a0demanda de los presos<\/strong>\u00a0en relaci\u00f3n a la\u00a0<strong>falta de medidas de prevenci\u00f3n ante el avance del coronavirus<\/strong>\u00a0y el sistem\u00e1tico reclamo de mejoras en las condiciones de h\u00e1bitat, alimentaci\u00f3n y cuidado de la salud, la<strong>\u00a0Procuradur\u00eda de Violencia Institucional (PROCUVIN)<\/strong>\u00a0present\u00f3 su<strong> Informe de Poblaci\u00f3n Penal 2015-2019<\/strong>, en el que califica la situaci\u00f3n como\u00a0<strong>cr\u00edtica<\/strong>.<\/p>\n<p>El documento fue constituido a trav\u00e9s de la recolecci\u00f3n, an\u00e1lisis y sistematizaci\u00f3n de informaci\u00f3n relevante de la situaci\u00f3n carcelaria federal. Seg\u00fan se detall\u00f3, este trabajo estad\u00edstico\u00a0<strong>ofrece un panorama general de la situaci\u00f3n en dependencias penitenciarias<\/strong> y permite establecer como cr\u00edtica la situaci\u00f3n actual, de acuerdo a los indicadores de <strong>sobrepoblaci\u00f3n<\/strong>\u00a0y muertes<\/p>\n<p>De acuerdo a los datos de la\u00a0<strong>PROCUVIN<\/strong>, en los \u00faltimos cinco a\u00f1os <strong>la poblaci\u00f3n carcelaria total creci\u00f3 un 35 por ciento<\/strong>\u00a0y desde 2017 la capacidad de alojamiento de las dependencias federales se ha visto desbordada, existiendo una\u00a0<strong>sobrepoblaci\u00f3n del orden del 14 por ciento<\/strong>. En tal sentido, consider\u00f3 \u0091cr\u00edtica\u0092 la situaci\u00f3n actual, en base a los indicadores de poblaci\u00f3n, sobrepoblaci\u00f3n y fallecimientos.<\/p>\n<p>Adem\u00e1s, se subray\u00f3 que en la poblaci\u00f3n femenina se aprecia que durante el periodo su crecimiento ha sido mayor al de la media general y se trata de una\u00a0<strong>poblaci\u00f3n especialmente alcanzada por delitos federales<\/strong>\u00a0(el 50 por ciento de ellos, vinculados a cuestiones de comercializaci\u00f3n de estupefacientes).<\/p>\n<p>Al mismo tiempo, el documento registr\u00f3 un<strong>\u00a0incremento en el n\u00famero de fallecimientos<\/strong>\u00a0y verific\u00f3 que, lejos de disminuir, se ha mantenido estable el n\u00famero de personas encarceladas preventivamente, los que no tienen una condena firea, quienes representan cerca del 60 por ciento del total.<\/p>\n<p>Desde el a\u00f1o 2013, mes a mes, la\u00a0<strong>PROCUVIN<\/strong>\u00a0recoge la informaci\u00f3n brindada por la\u00a0<strong>Direcci\u00f3n General del Servicio Penitenciario Federal<\/strong>\u00a0y actualiza una base de datos con la cantidad de poblaci\u00f3n alojada a nivel general, seg\u00fan establecimiento, g\u00e9nero, situaci\u00f3n procesal y fuero del que depende la causa.<\/p>\n<p>El organismo, que encabeza\u00a0<strong>H\u00e9ctor Andr\u00e9s Heim<\/strong>, explic\u00f3 que la actividad de recolecci\u00f3n y sistematizaci\u00f3n de informaci\u00f3n permite desplegar una comparaci\u00f3n y una evoluci\u00f3n de los datos vinculados a la cantidad de personas privadas de libertad en establecimientos penitenciarios federales y a sus principales caracter\u00edsticas y corroborar, no s\u00f3lo los cambios a trav\u00e9s del tiempo en los n\u00fameros m\u00e1s generales, sino los movimientos en la composici\u00f3n de esta poblaci\u00f3n.<\/p>\n<\/div>\n<\/article>\n","protected":false},"excerpt":{"rendered":"<p>En medio de motines, ante la demanda de los presos por el avance del coronavirus,&#8230;<\/p>\n","protected":false},"author":1,"featured_media":105288,"comment_status":"open","ping_status":"open","sticky":false,"template":"","format":"standard","meta":{"content-type":""},"categories":[39],"tags":[],"nelio_content":{"isAutoShareEnabled":false,"autoShareEndMode":"default","automationSources":{"useContentSentences":true,"useSocialTemplates":true,"useCustomSentences":false,"customSentences":[]},"followers":[1],"suggestedReferences":[],"includedReferences":[],"efiUrl":"","efiAlt":"","highlights":[]},"yoast_head":"<!-- This site is optimized with the Yoast SEO plugin v20.7 - https:\/\/yoast.com\/wordpress\/plugins\/seo\/ -->\n<title>Califican como &quot;cr\u00edtica&quot; situaci\u00f3n en las c\u00e1rceles -<\/title>\n<meta name=\"robots\" content=\"index, follow, max-snippet:-1, max-image-preview:large, max-video-preview:-1\" \/>\n<link rel=\"canonical\" href=\"https:\/\/experienciadevida.com.ar\/portalurbano\/califican-como-critica-situacion-en-las-carceles\/\" \/>\n<meta property=\"og:locale\" content=\"es_ES\" \/>\n<meta property=\"og:type\" content=\"article\" \/>\n<meta property=\"og:title\" content=\"Califican como &quot;cr\u00edtica&quot; situaci\u00f3n en las c\u00e1rceles -\" \/>\n<meta property=\"og:description\" content=\"En medio de motines, ante la demanda de los presos por el avance del coronavirus,...\" \/>\n<meta property=\"og:url\" content=\"https:\/\/experienciadevida.com.ar\/portalurbano\/califican-como-critica-situacion-en-las-carceles\/\" \/>\n<meta property=\"article:publisher\" content=\"https:\/\/www.facebook.com\/Portal-Urbano-171542830093757\/\" \/>\n<meta property=\"article:published_time\" content=\"2020-03-27T02:42:40+00:00\" \/>\n<meta property=\"article:modified_time\" content=\"2020-03-27T02:43:25+00:00\" \/>\n<meta property=\"og:image\" content=\"https:\/\/experienciadevida.com.ar\/portalurbano\/wp-content\/uploads\/2020\/03\/0006655574-e1585276857726.jpg\" \/>\n\t<meta property=\"og:image:width\" content=\"750\" \/>\n\t<meta property=\"og:image:height\" content=\"422\" \/>\n\t<meta property=\"og:image:type\" content=\"image\/jpeg\" \/>\n<meta name=\"author\" content=\"admpu17wp\" \/>\n<meta name=\"twitter:card\" content=\"summary_large_image\" \/>\n<meta name=\"twitter:creator\" content=\"@portalurbanook\" \/>\n<meta name=\"twitter:site\" content=\"@portalurbanook\" \/>\n<meta name=\"twitter:label1\" content=\"Escrito por\" \/>\n\t<meta name=\"twitter:data1\" content=\"admpu17wp\" \/>\n\t<meta name=\"twitter:label2\" content=\"Tiempo de lectura\" \/>\n\t<meta name=\"twitter:data2\" content=\"2 minutos\" \/>\n<script type=\"application\/ld+json\" class=\"yoast-schema-graph\">{\"@context\":\"https:\/\/schema.org\",\"@graph\":[{\"@type\":\"Article\",\"@id\":\"https:\/\/experienciadevida.com.ar\/portalurbano\/califican-como-critica-situacion-en-las-carceles\/#article\",\"isPartOf\":{\"@id\":\"https:\/\/experienciadevida.com.ar\/portalurbano\/califican-como-critica-situacion-en-las-carceles\/\"},\"author\":{\"name\":\"admpu17wp\",\"@id\":\"https:\/\/experienciadevida.com.ar\/portalurbano\/#\/schema\/person\/02dd326b1c4b056e9cc972486934a3a7\"},\"headline\":\"Califican como &#8220;cr\u00edtica&#8221; situaci\u00f3n en las c\u00e1rceles\",\"datePublished\":\"2020-03-27T02:42:40+00:00\",\"dateModified\":\"2020-03-27T02:43:25+00:00\",\"mainEntityOfPage\":{\"@id\":\"https:\/\/experienciadevida.com.ar\/portalurbano\/califican-como-critica-situacion-en-las-carceles\/\"},\"wordCount\":497,\"commentCount\":0,\"publisher\":{\"@id\":\"https:\/\/experienciadevida.com.ar\/portalurbano\/#organization\"},\"articleSection\":[\"Naci\u00f3n\"],\"inLanguage\":\"es\",\"potentialAction\":[{\"@type\":\"CommentAction\",\"name\":\"Comment\",\"target\":[\"https:\/\/experienciadevida.com.ar\/portalurbano\/califican-como-critica-situacion-en-las-carceles\/#respond\"]}]},{\"@type\":\"WebPage\",\"@id\":\"https:\/\/experienciadevida.com.ar\/portalurbano\/califican-como-critica-situacion-en-las-carceles\/\",\"url\":\"https:\/\/experienciadevida.com.ar\/portalurbano\/califican-como-critica-situacion-en-las-carceles\/\",\"name\":\"Califican como \\\"cr\u00edtica\\\" situaci\u00f3n en las c\u00e1rceles -\",\"isPartOf\":{\"@id\":\"https:\/\/experienciadevida.com.ar\/portalurbano\/#website\"},\"datePublished\":\"2020-03-27T02:42:40+00:00\",\"dateModified\":\"2020-03-27T02:43:25+00:00\",\"breadcrumb\":{\"@id\":\"https:\/\/experienciadevida.com.ar\/portalurbano\/califican-como-critica-situacion-en-las-carceles\/#breadcrumb\"},\"inLanguage\":\"es\",\"potentialAction\":[{\"@type\":\"ReadAction\",\"target\":[\"https:\/\/experienciadevida.com.ar\/portalurbano\/califican-como-critica-situacion-en-las-carceles\/\"]}]},{\"@type\":\"BreadcrumbList\",\"@id\":\"https:\/\/experienciadevida.com.ar\/portalurbano\/califican-como-critica-situacion-en-las-carceles\/#breadcrumb\",\"itemListElement\":[{\"@type\":\"ListItem\",\"position\":1,\"name\":\"Portada\",\"item\":\"https:\/\/experienciadevida.com.ar\/portalurbano\/\"},{\"@type\":\"ListItem\",\"position\":2,\"name\":\"Califican como \u00abcr\u00edtica\u00bb situaci\u00f3n en las c\u00e1rceles\"}]},{\"@type\":\"WebSite\",\"@id\":\"https:\/\/experienciadevida.com.ar\/portalurbano\/#website\",\"url\":\"https:\/\/experienciadevida.com.ar\/portalurbano\/\",\"name\":\"\",\"description\":\"\",\"publisher\":{\"@id\":\"https:\/\/experienciadevida.com.ar\/portalurbano\/#organization\"},\"potentialAction\":[{\"@type\":\"SearchAction\",\"target\":{\"@type\":\"EntryPoint\",\"urlTemplate\":\"https:\/\/experienciadevida.com.ar\/portalurbano\/?s={search_term_string}\"},\"query-input\":\"required name=search_term_string\"}],\"inLanguage\":\"es\"},{\"@type\":\"Organization\",\"@id\":\"https:\/\/experienciadevida.com.ar\/portalurbano\/#organization\",\"name\":\"Portal Urbano\",\"url\":\"https:\/\/experienciadevida.com.ar\/portalurbano\/\",\"logo\":{\"@type\":\"ImageObject\",\"inLanguage\":\"es\",\"@id\":\"https:\/\/experienciadevida.com.ar\/portalurbano\/#\/schema\/logo\/image\/\",\"url\":\"https:\/\/experienciadevida.com.ar\/portalurbano\/wp-content\/uploads\/2019\/09\/Logo-Original.png\",\"contentUrl\":\"https:\/\/experienciadevida.com.ar\/portalurbano\/wp-content\/uploads\/2019\/09\/Logo-Original.png\",\"width\":2236,\"height\":1216,\"caption\":\"Portal Urbano\"},\"image\":{\"@id\":\"https:\/\/experienciadevida.com.ar\/portalurbano\/#\/schema\/logo\/image\/\"},\"sameAs\":[\"https:\/\/www.facebook.com\/Portal-Urbano-171542830093757\/\",\"https:\/\/twitter.com\/portalurbanook\",\"https:\/\/www.instagram.com\/_portalurbano\/\",\"https:\/\/www.youtube.com\/channel\/UCXhagIfszH8KxFiOok79zbA?view_as=subscriber\"]},{\"@type\":\"Person\",\"@id\":\"https:\/\/experienciadevida.com.ar\/portalurbano\/#\/schema\/person\/02dd326b1c4b056e9cc972486934a3a7\",\"name\":\"admpu17wp\",\"image\":{\"@type\":\"ImageObject\",\"inLanguage\":\"es\",\"@id\":\"https:\/\/experienciadevida.com.ar\/portalurbano\/#\/schema\/person\/image\/\",\"url\":\"https:\/\/secure.gravatar.com\/avatar\/830d4c57adaae6630765e449a6908047?s=96&d=mm&r=g\",\"contentUrl\":\"https:\/\/secure.gravatar.com\/avatar\/830d4c57adaae6630765e449a6908047?s=96&d=mm&r=g\",\"caption\":\"admpu17wp\"}}]}<\/script>\n<!-- \/ Yoast SEO plugin. -->","yoast_head_json":{"title":"Califican como \"cr\u00edtica\" situaci\u00f3n en las c\u00e1rceles -","robots":{"index":"index","follow":"follow","max-snippet":"max-snippet:-1","max-image-preview":"max-image-preview:large","max-video-preview":"max-video-preview:-1"},"canonical":"https:\/\/experienciadevida.com.ar\/portalurbano\/califican-como-critica-situacion-en-las-carceles\/","og_locale":"es_ES","og_type":"article","og_title":"Califican como \"cr\u00edtica\" situaci\u00f3n en las c\u00e1rceles -","og_description":"En medio de motines, ante la demanda de los presos por el avance del coronavirus,...","og_url":"https:\/\/experienciadevida.com.ar\/portalurbano\/califican-como-critica-situacion-en-las-carceles\/","article_publisher":"https:\/\/www.facebook.com\/Portal-Urbano-171542830093757\/","article_published_time":"2020-03-27T02:42:40+00:00","article_modified_time":"2020-03-27T02:43:25+00:00","og_image":[{"width":750,"height":422,"url":"https:\/\/experienciadevida.com.ar\/portalurbano\/wp-content\/uploads\/2020\/03\/0006655574-e1585276857726.jpg","type":"image\/jpeg"}],"author":"admpu17wp","twitter_card":"summary_large_image","twitter_creator":"@portalurbanook","twitter_site":"@portalurbanook","twitter_misc":{"Escrito por":"admpu17wp","Tiempo de lectura":"2 minutos"},"schema":{"@context":"https:\/\/schema.org","@graph":[{"@type":"Article","@id":"https:\/\/experienciadevida.com.ar\/portalurbano\/califican-como-critica-situacion-en-las-carceles\/#article","isPartOf":{"@id":"https:\/\/experienciadevida.com.ar\/portalurbano\/califican-como-critica-situacion-en-las-carceles\/"},"author":{"name":"admpu17wp","@id":"https:\/\/experienciadevida.com.ar\/portalurbano\/#\/schema\/person\/02dd326b1c4b056e9cc972486934a3a7"},"headline":"Califican como &#8220;cr\u00edtica&#8221; situaci\u00f3n en las c\u00e1rceles","datePublished":"2020-03-27T02:42:40+00:00","dateModified":"2020-03-27T02:43:25+00:00","mainEntityOfPage":{"@id":"https:\/\/experienciadevida.com.ar\/portalurbano\/califican-como-critica-situacion-en-las-carceles\/"},"wordCount":497,"commentCount":0,"publisher":{"@id":"https:\/\/experienciadevida.com.ar\/portalurbano\/#organization"},"articleSection":["Naci\u00f3n"],"inLanguage":"es","potentialAction":[{"@type":"CommentAction","name":"Comment","target":["https:\/\/experienciadevida.com.ar\/portalurbano\/califican-como-critica-situacion-en-las-carceles\/#respond"]}]},{"@type":"WebPage","@id":"https:\/\/experienciadevida.com.ar\/portalurbano\/califican-como-critica-situacion-en-las-carceles\/","url":"https:\/\/experienciadevida.com.ar\/portalurbano\/califican-como-critica-situacion-en-las-carceles\/","name":"Califican como \"cr\u00edtica\" situaci\u00f3n en las c\u00e1rceles -","isPartOf":{"@id":"https:\/\/experienciadevida.com.ar\/portalurbano\/#website"},"datePublished":"2020-03-27T02:42:40+00:00","dateModified":"2020-03-27T02:43:25+00:00","breadcrumb":{"@id":"https:\/\/experienciadevida.com.ar\/portalurbano\/califican-como-critica-situacion-en-las-carceles\/#breadcrumb"},"inLanguage":"es","potentialAction":[{"@type":"ReadAction","target":["https:\/\/experienciadevida.com.ar\/portalurbano\/califican-como-critica-situacion-en-las-carceles\/"]}]},{"@type":"BreadcrumbList","@id":"https:\/\/experienciadevida.com.ar\/portalurbano\/califican-como-critica-situacion-en-las-carceles\/#breadcrumb","itemListElement":[{"@type":"ListItem","position":1,"name":"Portada","item":"https:\/\/experienciadevida.com.ar\/portalurbano\/"},{"@type":"ListItem","position":2,"name":"Califican como \u00abcr\u00edtica\u00bb situaci\u00f3n en las c\u00e1rceles"}]},{"@type":"WebSite","@id":"https:\/\/experienciadevida.com.ar\/portalurbano\/#website","url":"https:\/\/experienciadevida.com.ar\/portalurbano\/","name":"","description":"","publisher":{"@id":"https:\/\/experienciadevida.com.ar\/portalurbano\/#organization"},"potentialAction":[{"@type":"SearchAction","target":{"@type":"EntryPoint","urlTemplate":"https:\/\/experienciadevida.com.ar\/portalurbano\/?s={search_term_string}"},"query-input":"required name=search_term_string"}],"inLanguage":"es"},{"@type":"Organization","@id":"https:\/\/experienciadevida.com.ar\/portalurbano\/#organization","name":"Portal Urbano","url":"https:\/\/experienciadevida.com.ar\/portalurbano\/","logo":{"@type":"ImageObject","inLanguage":"es","@id":"https:\/\/experienciadevida.com.ar\/portalurbano\/#\/schema\/logo\/image\/","url":"https:\/\/experienciadevida.com.ar\/portalurbano\/wp-content\/uploads\/2019\/09\/Logo-Original.png","contentUrl":"https:\/\/experienciadevida.com.ar\/portalurbano\/wp-content\/uploads\/2019\/09\/Logo-Original.png","width":2236,"height":1216,"caption":"Portal Urbano"},"image":{"@id":"https:\/\/experienciadevida.com.ar\/portalurbano\/#\/schema\/logo\/image\/"},"sameAs":["https:\/\/www.facebook.com\/Portal-Urbano-171542830093757\/","https:\/\/twitter.com\/portalurbanook","https:\/\/www.instagram.com\/_portalurbano\/","https:\/\/www.youtube.com\/channel\/UCXhagIfszH8KxFiOok79zbA?view_as=subscriber"]},{"@type":"Person","@id":"https:\/\/experienciadevida.com.ar\/portalurbano\/#\/schema\/person\/02dd326b1c4b056e9cc972486934a3a7","name":"admpu17wp","image":{"@type":"ImageObject","inLanguage":"es","@id":"https:\/\/experienciadevida.com.ar\/portalurbano\/#\/schema\/person\/image\/","url":"https:\/\/secure.gravatar.com\/avatar\/830d4c57adaae6630765e449a6908047?s=96&d=mm&r=g","contentUrl":"https:\/\/secure.gravatar.com\/avatar\/830d4c57adaae6630765e449a6908047?s=96&d=mm&r=g","caption":"admpu17wp"}}]}},"featured_image_urls":{"full":["https:\/\/experienciadevida.com.ar\/portalurbano\/wp-content\/uploads\/2020\/03\/0006655574-e1585276857726.jpg",750,422,false],"thumbnail":["https:\/\/experienciadevida.com.ar\/portalurbano\/wp-content\/uploads\/2020\/03\/0006655574-150x150.jpg",150,150,true],"medium":["https:\/\/experienciadevida.com.ar\/portalurbano\/wp-content\/uploads\/2020\/03\/0006655574-300x169.jpg",300,169,true],"medium_large":["https:\/\/experienciadevida.com.ar\/portalurbano\/wp-content\/uploads\/2020\/03\/0006655574-768x432.jpg",640,360,true],"large":["https:\/\/experienciadevida.com.ar\/portalurbano\/wp-content\/uploads\/2020\/03\/0006655574-1024x576.jpg",640,360,true],"ug_big":["https:\/\/experienciadevida.com.ar\/portalurbano\/wp-content\/uploads\/2020\/03\/0006655574-768x432.jpg",768,432,true],"1536x1536":["https:\/\/experienciadevida.com.ar\/portalurbano\/wp-content\/uploads\/2020\/03\/0006655574-e1585276857726.jpg",750,422,false],"2048x2048":["https:\/\/experienciadevida.com.ar\/portalurbano\/wp-content\/uploads\/2020\/03\/0006655574-e1585276857726.jpg",750,422,false],"newsever-slider-full":["https:\/\/experienciadevida.com.ar\/portalurbano\/wp-content\/uploads\/2020\/03\/0006655574-e1585276857726.jpg",750,422,false],"newsever-featured":["https:\/\/experienciadevida.com.ar\/portalurbano\/wp-content\/uploads\/2020\/03\/0006655574-e1585276857726.jpg",750,422,false],"newsever-medium":["https:\/\/experienciadevida.com.ar\/portalurbano\/wp-content\/uploads\/2020\/03\/0006655574-e1585276857726.jpg",720,405,false],"web-stories-poster-portrait":["https:\/\/experienciadevida.com.ar\/portalurbano\/wp-content\/uploads\/2020\/03\/0006655574-e1585276857726.jpg",640,360,false],"web-stories-publisher-logo":["https:\/\/experienciadevida.com.ar\/portalurbano\/wp-content\/uploads\/2020\/03\/0006655574-e1585276857726.jpg",96,54,false],"web-stories-thumbnail":["https:\/\/experienciadevida.com.ar\/portalurbano\/wp-content\/uploads\/2020\/03\/0006655574-e1585276857726.jpg",150,84,false]},"author_info":{"display_name":"admpu17wp","author_link":"https:\/\/experienciadevida.com.ar\/portalurbano\/author\/admpu17wp\/"},"category_info":"<a href=\"https:\/\/experienciadevida.com.ar\/portalurbano\/category\/nacion\/\" rel=\"category tag\">Naci\u00f3n<\/a>","tag_info":"Naci\u00f3n","comment_count":"0","amp_enabled":true,"_links":{"self":[{"href":"https:\/\/experienciadevida.com.ar\/portalurbano\/wp-json\/wp\/v2\/posts\/105285"}],"collection":[{"href":"https:\/\/experienciadevida.com.ar\/portalurbano\/wp-json\/wp\/v2\/posts"}],"about":[{"href":"https:\/\/experienciadevida.com.ar\/portalurbano\/wp-json\/wp\/v2\/types\/post"}],"author":[{"embeddable":true,"href":"https:\/\/experienciadevida.com.ar\/portalurbano\/wp-json\/wp\/v2\/users\/1"}],"replies":[{"embeddable":true,"href":"https:\/\/experienciadevida.com.ar\/portalurbano\/wp-json\/wp\/v2\/comments?post=105285"}],"version-history":[{"count":4,"href":"https:\/\/experienciadevida.com.ar\/portalurbano\/wp-json\/wp\/v2\/posts\/105285\/revisions"}],"predecessor-version":[{"id":105292,"href":"https:\/\/experienciadevida.com.ar\/portalurbano\/wp-json\/wp\/v2\/posts\/105285\/revisions\/105292"}],"wp:featuredmedia":[{"embeddable":true,"href":"https:\/\/experienciadevida.com.ar\/portalurbano\/wp-json\/wp\/v2\/media\/105288"}],"wp:attachment":[{"href":"https:\/\/experienciadevida.com.ar\/portalurbano\/wp-json\/wp\/v2\/media?parent=105285"}],"wp:term":[{"taxonomy":"category","embeddable":true,"href":"https:\/\/experienciadevida.com.ar\/portalurbano\/wp-json\/wp\/v2\/categories?post=105285"},{"taxonomy":"post_tag","embeddable":true,"href":"https:\/\/experienciadevida.com.ar\/portalurbano\/wp-json\/wp\/v2\/tags?post=105285"}],"curies":[{"name":"wp","href":"https:\/\/api.w.org\/{rel}","templated":true}]}}