{"id":105276,"date":"2020-03-26T23:36:18","date_gmt":"2020-03-27T02:36:18","guid":{"rendered":"https:\/\/experienciadevida.com.ar\/portalurbano\/?p=105276"},"modified":"2020-03-26T23:36:18","modified_gmt":"2020-03-27T02:36:18","slug":"cierran-todas-las-fronteras-hasta-el-31-de-marzo","status":"publish","type":"post","link":"https:\/\/experienciadevida.com.ar\/portalurbano\/cierran-todas-las-fronteras-hasta-el-31-de-marzo\/","title":{"rendered":"Cierran todas las fronteras hasta el 31 de marzo"},"content":{"rendered":"<p><strong>Lo confirm\u00f3 el ministro de Defensa, Agust\u00edn Rossi. \u201cEs una medida complementaria a las que ven\u00edamos tomando\u201d, dijo. La medida se establecer\u00e1 con un decreto que ser\u00e1 publicado en las pr\u00f3ximas horas.<\/strong><\/p>\n<hr \/>\n<p>El ministro de Defensa de la Naci\u00f3n, Agust\u00edn Rossi, confirm\u00f3 que\u00a0<strong>a partir de la medianoche de este viernes se cerrar\u00e1n todas las fronteras del pa\u00eds<\/strong>, y hasta el pr\u00f3ximo 31 de marzo, en pos de aplanar la curva de contagio de Covid-19. &#8220;Firm\u00e9 un Decreto de Necesidad y Urgencia en el que se anuncia que ampliamos el cierre terrestre de los pasos fronterizos&#8221;, explic\u00f3 Rossi.<\/p>\n<p>El DNU, que ser\u00e1 publicado en el Bolet\u00edn Oficial de este viernes, s\u00f3lo contemplar\u00e1 algunas excepciones.\u00a0<strong>Podr\u00e1n ingresar al pa\u00eds \u00fanicamente quienes residan aqu\u00ed.<\/strong>\u00a0&#8220;Nadie m\u00e1s&#8221;, afirm\u00f3 el funcionario en di\u00e1logo con el canal C5N.<\/p>\n<p>Rossi tambi\u00e9n hizo referencia a los argentinos que se encuentran varados en el exterior, a los que el presidente Alberto Fern\u00e1ndez les advirti\u00f3 que tendr\u00edan &#8220;que esperar un poco&#8221;.\u00a0<strong>&#8220;Vamos a ir regulando los que entran a medida que se vaya evaluando la situaci\u00f3n en el pa\u00eds.<\/strong>\u00a0Su ingreso\u00a0depender\u00e1 de si el sistema de salud p\u00fablica puede absorberlos.\u00a0<strong>No queremos que esto genere que tengamos que enfrentar a la pandemia con complicaciones&#8221;<\/strong>, dijo.<\/p>\n<p>Dentro de las excepciones se encontrar\u00edan las personas que est\u00e9n afectadas al traslado de mercader\u00edas por operaciones de comercio internacional de transporte de cargas de mercader\u00edas, por medios a\u00e9reos, terrestres, mar\u00edtimos, fluviales y lacustres; los transportistas y tripulantes de buques y aeronaves; y las personas afectadas a la operaci\u00f3n de vuelos y traslados sanitarios.<\/p>\n","protected":false},"excerpt":{"rendered":"<p>Lo confirm\u00f3 el ministro de Defensa, Agust\u00edn Rossi. \u201cEs una medida complementaria a las que&#8230;<\/p>\n","protected":false},"author":1,"featured_media":105277,"comment_status":"open","ping_status":"open","sticky":false,"template":"","format":"standard","meta":{"content-type":""},"categories":[39],"tags":[],"nelio_content":{"isAutoShareEnabled":false,"autoShareEndMode":"default","automationSources":{"useContentSentences":true,"useSocialTemplates":true,"useCustomSentences":false,"customSentences":[]},"followers":[1],"suggestedReferences":[],"includedReferences":[],"efiUrl":"","efiAlt":"","highlights":[]},"yoast_head":"<!-- This site is optimized with the Yoast SEO plugin v20.7 - https:\/\/yoast.com\/wordpress\/plugins\/seo\/ -->\n<title>Cierran todas las fronteras hasta el 31 de marzo -<\/title>\n<meta name=\"robots\" content=\"index, follow, max-snippet:-1, max-image-preview:large, max-video-preview:-1\" \/>\n<link rel=\"canonical\" href=\"https:\/\/experienciadevida.com.ar\/portalurbano\/cierran-todas-las-fronteras-hasta-el-31-de-marzo\/\" \/>\n<meta property=\"og:locale\" content=\"es_ES\" \/>\n<meta property=\"og:type\" content=\"article\" \/>\n<meta property=\"og:title\" content=\"Cierran todas las fronteras hasta el 31 de marzo -\" \/>\n<meta property=\"og:description\" content=\"Lo confirm\u00f3 el ministro de Defensa, Agust\u00edn Rossi. \u201cEs una medida complementaria a las que...\" \/>\n<meta property=\"og:url\" content=\"https:\/\/experienciadevida.com.ar\/portalurbano\/cierran-todas-las-fronteras-hasta-el-31-de-marzo\/\" \/>\n<meta property=\"article:publisher\" content=\"https:\/\/www.facebook.com\/Portal-Urbano-171542830093757\/\" \/>\n<meta property=\"article:published_time\" content=\"2020-03-27T02:36:18+00:00\" \/>\n<meta property=\"og:image\" content=\"https:\/\/experienciadevida.com.ar\/portalurbano\/wp-content\/uploads\/2020\/03\/UN-F7mXks_1256x620__1-e1585276545795.jpg\" \/>\n\t<meta property=\"og:image:width\" content=\"750\" \/>\n\t<meta property=\"og:image:height\" content=\"370\" \/>\n\t<meta property=\"og:image:type\" content=\"image\/jpeg\" \/>\n<meta name=\"author\" content=\"admpu17wp\" \/>\n<meta name=\"twitter:card\" content=\"summary_large_image\" \/>\n<meta name=\"twitter:creator\" content=\"@portalurbanook\" \/>\n<meta name=\"twitter:site\" content=\"@portalurbanook\" \/>\n<meta name=\"twitter:label1\" content=\"Escrito por\" \/>\n\t<meta name=\"twitter:data1\" content=\"admpu17wp\" \/>\n\t<meta name=\"twitter:label2\" content=\"Tiempo de lectura\" \/>\n\t<meta name=\"twitter:data2\" content=\"1 minuto\" \/>\n<script type=\"application\/ld+json\" class=\"yoast-schema-graph\">{\"@context\":\"https:\/\/schema.org\",\"@graph\":[{\"@type\":\"Article\",\"@id\":\"https:\/\/experienciadevida.com.ar\/portalurbano\/cierran-todas-las-fronteras-hasta-el-31-de-marzo\/#article\",\"isPartOf\":{\"@id\":\"https:\/\/experienciadevida.com.ar\/portalurbano\/cierran-todas-las-fronteras-hasta-el-31-de-marzo\/\"},\"author\":{\"name\":\"admpu17wp\",\"@id\":\"https:\/\/experienciadevida.com.ar\/portalurbano\/#\/schema\/person\/02dd326b1c4b056e9cc972486934a3a7\"},\"headline\":\"Cierran todas las fronteras hasta el 31 de marzo\",\"datePublished\":\"2020-03-27T02:36:18+00:00\",\"dateModified\":\"2020-03-27T02:36:18+00:00\",\"mainEntityOfPage\":{\"@id\":\"https:\/\/experienciadevida.com.ar\/portalurbano\/cierran-todas-las-fronteras-hasta-el-31-de-marzo\/\"},\"wordCount\":296,\"commentCount\":0,\"publisher\":{\"@id\":\"https:\/\/experienciadevida.com.ar\/portalurbano\/#organization\"},\"articleSection\":[\"Naci\u00f3n\"],\"inLanguage\":\"es\",\"potentialAction\":[{\"@type\":\"CommentAction\",\"name\":\"Comment\",\"target\":[\"https:\/\/experienciadevida.com.ar\/portalurbano\/cierran-todas-las-fronteras-hasta-el-31-de-marzo\/#respond\"]}]},{\"@type\":\"WebPage\",\"@id\":\"https:\/\/experienciadevida.com.ar\/portalurbano\/cierran-todas-las-fronteras-hasta-el-31-de-marzo\/\",\"url\":\"https:\/\/experienciadevida.com.ar\/portalurbano\/cierran-todas-las-fronteras-hasta-el-31-de-marzo\/\",\"name\":\"Cierran todas las fronteras hasta el 31 de marzo -\",\"isPartOf\":{\"@id\":\"https:\/\/experienciadevida.com.ar\/portalurbano\/#website\"},\"datePublished\":\"2020-03-27T02:36:18+00:00\",\"dateModified\":\"2020-03-27T02:36:18+00:00\",\"breadcrumb\":{\"@id\":\"https:\/\/experienciadevida.com.ar\/portalurbano\/cierran-todas-las-fronteras-hasta-el-31-de-marzo\/#breadcrumb\"},\"inLanguage\":\"es\",\"potentialAction\":[{\"@type\":\"ReadAction\",\"target\":[\"https:\/\/experienciadevida.com.ar\/portalurbano\/cierran-todas-las-fronteras-hasta-el-31-de-marzo\/\"]}]},{\"@type\":\"BreadcrumbList\",\"@id\":\"https:\/\/experienciadevida.com.ar\/portalurbano\/cierran-todas-las-fronteras-hasta-el-31-de-marzo\/#breadcrumb\",\"itemListElement\":[{\"@type\":\"ListItem\",\"position\":1,\"name\":\"Portada\",\"item\":\"https:\/\/experienciadevida.com.ar\/portalurbano\/\"},{\"@type\":\"ListItem\",\"position\":2,\"name\":\"Cierran todas las fronteras hasta el 31 de marzo\"}]},{\"@type\":\"WebSite\",\"@id\":\"https:\/\/experienciadevida.com.ar\/portalurbano\/#website\",\"url\":\"https:\/\/experienciadevida.com.ar\/portalurbano\/\",\"name\":\"\",\"description\":\"\",\"publisher\":{\"@id\":\"https:\/\/experienciadevida.com.ar\/portalurbano\/#organization\"},\"potentialAction\":[{\"@type\":\"SearchAction\",\"target\":{\"@type\":\"EntryPoint\",\"urlTemplate\":\"https:\/\/experienciadevida.com.ar\/portalurbano\/?s={search_term_string}\"},\"query-input\":\"required name=search_term_string\"}],\"inLanguage\":\"es\"},{\"@type\":\"Organization\",\"@id\":\"https:\/\/experienciadevida.com.ar\/portalurbano\/#organization\",\"name\":\"Portal Urbano\",\"url\":\"https:\/\/experienciadevida.com.ar\/portalurbano\/\",\"logo\":{\"@type\":\"ImageObject\",\"inLanguage\":\"es\",\"@id\":\"https:\/\/experienciadevida.com.ar\/portalurbano\/#\/schema\/logo\/image\/\",\"url\":\"https:\/\/experienciadevida.com.ar\/portalurbano\/wp-content\/uploads\/2019\/09\/Logo-Original.png\",\"contentUrl\":\"https:\/\/experienciadevida.com.ar\/portalurbano\/wp-content\/uploads\/2019\/09\/Logo-Original.png\",\"width\":2236,\"height\":1216,\"caption\":\"Portal Urbano\"},\"image\":{\"@id\":\"https:\/\/experienciadevida.com.ar\/portalurbano\/#\/schema\/logo\/image\/\"},\"sameAs\":[\"https:\/\/www.facebook.com\/Portal-Urbano-171542830093757\/\",\"https:\/\/twitter.com\/portalurbanook\",\"https:\/\/www.instagram.com\/_portalurbano\/\",\"https:\/\/www.youtube.com\/channel\/UCXhagIfszH8KxFiOok79zbA?view_as=subscriber\"]},{\"@type\":\"Person\",\"@id\":\"https:\/\/experienciadevida.com.ar\/portalurbano\/#\/schema\/person\/02dd326b1c4b056e9cc972486934a3a7\",\"name\":\"admpu17wp\",\"image\":{\"@type\":\"ImageObject\",\"inLanguage\":\"es\",\"@id\":\"https:\/\/experienciadevida.com.ar\/portalurbano\/#\/schema\/person\/image\/\",\"url\":\"https:\/\/secure.gravatar.com\/avatar\/830d4c57adaae6630765e449a6908047?s=96&d=mm&r=g\",\"contentUrl\":\"https:\/\/secure.gravatar.com\/avatar\/830d4c57adaae6630765e449a6908047?s=96&d=mm&r=g\",\"caption\":\"admpu17wp\"}}]}<\/script>\n<!-- \/ Yoast SEO plugin. -->","yoast_head_json":{"title":"Cierran todas las fronteras hasta el 31 de marzo -","robots":{"index":"index","follow":"follow","max-snippet":"max-snippet:-1","max-image-preview":"max-image-preview:large","max-video-preview":"max-video-preview:-1"},"canonical":"https:\/\/experienciadevida.com.ar\/portalurbano\/cierran-todas-las-fronteras-hasta-el-31-de-marzo\/","og_locale":"es_ES","og_type":"article","og_title":"Cierran todas las fronteras hasta el 31 de marzo -","og_description":"Lo confirm\u00f3 el ministro de Defensa, Agust\u00edn Rossi. \u201cEs una medida complementaria a las que...","og_url":"https:\/\/experienciadevida.com.ar\/portalurbano\/cierran-todas-las-fronteras-hasta-el-31-de-marzo\/","article_publisher":"https:\/\/www.facebook.com\/Portal-Urbano-171542830093757\/","article_published_time":"2020-03-27T02:36:18+00:00","og_image":[{"width":750,"height":370,"url":"https:\/\/experienciadevida.com.ar\/portalurbano\/wp-content\/uploads\/2020\/03\/UN-F7mXks_1256x620__1-e1585276545795.jpg","type":"image\/jpeg"}],"author":"admpu17wp","twitter_card":"summary_large_image","twitter_creator":"@portalurbanook","twitter_site":"@portalurbanook","twitter_misc":{"Escrito por":"admpu17wp","Tiempo de lectura":"1 minuto"},"schema":{"@context":"https:\/\/schema.org","@graph":[{"@type":"Article","@id":"https:\/\/experienciadevida.com.ar\/portalurbano\/cierran-todas-las-fronteras-hasta-el-31-de-marzo\/#article","isPartOf":{"@id":"https:\/\/experienciadevida.com.ar\/portalurbano\/cierran-todas-las-fronteras-hasta-el-31-de-marzo\/"},"author":{"name":"admpu17wp","@id":"https:\/\/experienciadevida.com.ar\/portalurbano\/#\/schema\/person\/02dd326b1c4b056e9cc972486934a3a7"},"headline":"Cierran todas las fronteras hasta el 31 de marzo","datePublished":"2020-03-27T02:36:18+00:00","dateModified":"2020-03-27T02:36:18+00:00","mainEntityOfPage":{"@id":"https:\/\/experienciadevida.com.ar\/portalurbano\/cierran-todas-las-fronteras-hasta-el-31-de-marzo\/"},"wordCount":296,"commentCount":0,"publisher":{"@id":"https:\/\/experienciadevida.com.ar\/portalurbano\/#organization"},"articleSection":["Naci\u00f3n"],"inLanguage":"es","potentialAction":[{"@type":"CommentAction","name":"Comment","target":["https:\/\/experienciadevida.com.ar\/portalurbano\/cierran-todas-las-fronteras-hasta-el-31-de-marzo\/#respond"]}]},{"@type":"WebPage","@id":"https:\/\/experienciadevida.com.ar\/portalurbano\/cierran-todas-las-fronteras-hasta-el-31-de-marzo\/","url":"https:\/\/experienciadevida.com.ar\/portalurbano\/cierran-todas-las-fronteras-hasta-el-31-de-marzo\/","name":"Cierran todas las fronteras hasta el 31 de marzo -","isPartOf":{"@id":"https:\/\/experienciadevida.com.ar\/portalurbano\/#website"},"datePublished":"2020-03-27T02:36:18+00:00","dateModified":"2020-03-27T02:36:18+00:00","breadcrumb":{"@id":"https:\/\/experienciadevida.com.ar\/portalurbano\/cierran-todas-las-fronteras-hasta-el-31-de-marzo\/#breadcrumb"},"inLanguage":"es","potentialAction":[{"@type":"ReadAction","target":["https:\/\/experienciadevida.com.ar\/portalurbano\/cierran-todas-las-fronteras-hasta-el-31-de-marzo\/"]}]},{"@type":"BreadcrumbList","@id":"https:\/\/experienciadevida.com.ar\/portalurbano\/cierran-todas-las-fronteras-hasta-el-31-de-marzo\/#breadcrumb","itemListElement":[{"@type":"ListItem","position":1,"name":"Portada","item":"https:\/\/experienciadevida.com.ar\/portalurbano\/"},{"@type":"ListItem","position":2,"name":"Cierran todas las fronteras hasta el 31 de marzo"}]},{"@type":"WebSite","@id":"https:\/\/experienciadevida.com.ar\/portalurbano\/#website","url":"https:\/\/experienciadevida.com.ar\/portalurbano\/","name":"","description":"","publisher":{"@id":"https:\/\/experienciadevida.com.ar\/portalurbano\/#organization"},"potentialAction":[{"@type":"SearchAction","target":{"@type":"EntryPoint","urlTemplate":"https:\/\/experienciadevida.com.ar\/portalurbano\/?s={search_term_string}"},"query-input":"required name=search_term_string"}],"inLanguage":"es"},{"@type":"Organization","@id":"https:\/\/experienciadevida.com.ar\/portalurbano\/#organization","name":"Portal Urbano","url":"https:\/\/experienciadevida.com.ar\/portalurbano\/","logo":{"@type":"ImageObject","inLanguage":"es","@id":"https:\/\/experienciadevida.com.ar\/portalurbano\/#\/schema\/logo\/image\/","url":"https:\/\/experienciadevida.com.ar\/portalurbano\/wp-content\/uploads\/2019\/09\/Logo-Original.png","contentUrl":"https:\/\/experienciadevida.com.ar\/portalurbano\/wp-content\/uploads\/2019\/09\/Logo-Original.png","width":2236,"height":1216,"caption":"Portal Urbano"},"image":{"@id":"https:\/\/experienciadevida.com.ar\/portalurbano\/#\/schema\/logo\/image\/"},"sameAs":["https:\/\/www.facebook.com\/Portal-Urbano-171542830093757\/","https:\/\/twitter.com\/portalurbanook","https:\/\/www.instagram.com\/_portalurbano\/","https:\/\/www.youtube.com\/channel\/UCXhagIfszH8KxFiOok79zbA?view_as=subscriber"]},{"@type":"Person","@id":"https:\/\/experienciadevida.com.ar\/portalurbano\/#\/schema\/person\/02dd326b1c4b056e9cc972486934a3a7","name":"admpu17wp","image":{"@type":"ImageObject","inLanguage":"es","@id":"https:\/\/experienciadevida.com.ar\/portalurbano\/#\/schema\/person\/image\/","url":"https:\/\/secure.gravatar.com\/avatar\/830d4c57adaae6630765e449a6908047?s=96&d=mm&r=g","contentUrl":"https:\/\/secure.gravatar.com\/avatar\/830d4c57adaae6630765e449a6908047?s=96&d=mm&r=g","caption":"admpu17wp"}}]}},"featured_image_urls":{"full":["https:\/\/experienciadevida.com.ar\/portalurbano\/wp-content\/uploads\/2020\/03\/UN-F7mXks_1256x620__1-e1585276545795.jpg",750,370,false],"thumbnail":["https:\/\/experienciadevida.com.ar\/portalurbano\/wp-content\/uploads\/2020\/03\/UN-F7mXks_1256x620__1-150x150.jpg",150,150,true],"medium":["https:\/\/experienciadevida.com.ar\/portalurbano\/wp-content\/uploads\/2020\/03\/UN-F7mXks_1256x620__1-300x148.jpg",300,148,true],"medium_large":["https:\/\/experienciadevida.com.ar\/portalurbano\/wp-content\/uploads\/2020\/03\/UN-F7mXks_1256x620__1-768x379.jpg",640,316,true],"large":["https:\/\/experienciadevida.com.ar\/portalurbano\/wp-content\/uploads\/2020\/03\/UN-F7mXks_1256x620__1-1024x505.jpg",640,316,true],"ug_big":["https:\/\/experienciadevida.com.ar\/portalurbano\/wp-content\/uploads\/2020\/03\/UN-F7mXks_1256x620__1-768x379.jpg",768,379,true],"1536x1536":["https:\/\/experienciadevida.com.ar\/portalurbano\/wp-content\/uploads\/2020\/03\/UN-F7mXks_1256x620__1-e1585276545795.jpg",750,370,false],"2048x2048":["https:\/\/experienciadevida.com.ar\/portalurbano\/wp-content\/uploads\/2020\/03\/UN-F7mXks_1256x620__1-e1585276545795.jpg",750,370,false],"newsever-slider-full":["https:\/\/experienciadevida.com.ar\/portalurbano\/wp-content\/uploads\/2020\/03\/UN-F7mXks_1256x620__1-e1585276545795.jpg",750,370,false],"newsever-featured":["https:\/\/experienciadevida.com.ar\/portalurbano\/wp-content\/uploads\/2020\/03\/UN-F7mXks_1256x620__1-e1585276545795.jpg",750,370,false],"newsever-medium":["https:\/\/experienciadevida.com.ar\/portalurbano\/wp-content\/uploads\/2020\/03\/UN-F7mXks_1256x620__1-e1585276545795.jpg",720,355,false],"web-stories-poster-portrait":["https:\/\/experienciadevida.com.ar\/portalurbano\/wp-content\/uploads\/2020\/03\/UN-F7mXks_1256x620__1-e1585276545795.jpg",640,316,false],"web-stories-publisher-logo":["https:\/\/experienciadevida.com.ar\/portalurbano\/wp-content\/uploads\/2020\/03\/UN-F7mXks_1256x620__1-e1585276545795.jpg",96,47,false],"web-stories-thumbnail":["https:\/\/experienciadevida.com.ar\/portalurbano\/wp-content\/uploads\/2020\/03\/UN-F7mXks_1256x620__1-e1585276545795.jpg",150,74,false]},"author_info":{"display_name":"admpu17wp","author_link":"https:\/\/experienciadevida.com.ar\/portalurbano\/author\/admpu17wp\/"},"category_info":"<a href=\"https:\/\/experienciadevida.com.ar\/portalurbano\/category\/nacion\/\" rel=\"category tag\">Naci\u00f3n<\/a>","tag_info":"Naci\u00f3n","comment_count":"0","amp_enabled":true,"_links":{"self":[{"href":"https:\/\/experienciadevida.com.ar\/portalurbano\/wp-json\/wp\/v2\/posts\/105276"}],"collection":[{"href":"https:\/\/experienciadevida.com.ar\/portalurbano\/wp-json\/wp\/v2\/posts"}],"about":[{"href":"https:\/\/experienciadevida.com.ar\/portalurbano\/wp-json\/wp\/v2\/types\/post"}],"author":[{"embeddable":true,"href":"https:\/\/experienciadevida.com.ar\/portalurbano\/wp-json\/wp\/v2\/users\/1"}],"replies":[{"embeddable":true,"href":"https:\/\/experienciadevida.com.ar\/portalurbano\/wp-json\/wp\/v2\/comments?post=105276"}],"version-history":[{"count":1,"href":"https:\/\/experienciadevida.com.ar\/portalurbano\/wp-json\/wp\/v2\/posts\/105276\/revisions"}],"predecessor-version":[{"id":105278,"href":"https:\/\/experienciadevida.com.ar\/portalurbano\/wp-json\/wp\/v2\/posts\/105276\/revisions\/105278"}],"wp:featuredmedia":[{"embeddable":true,"href":"https:\/\/experienciadevida.com.ar\/portalurbano\/wp-json\/wp\/v2\/media\/105277"}],"wp:attachment":[{"href":"https:\/\/experienciadevida.com.ar\/portalurbano\/wp-json\/wp\/v2\/media?parent=105276"}],"wp:term":[{"taxonomy":"category","embeddable":true,"href":"https:\/\/experienciadevida.com.ar\/portalurbano\/wp-json\/wp\/v2\/categories?post=105276"},{"taxonomy":"post_tag","embeddable":true,"href":"https:\/\/experienciadevida.com.ar\/portalurbano\/wp-json\/wp\/v2\/tags?post=105276"}],"curies":[{"name":"wp","href":"https:\/\/api.w.org\/{rel}","templated":true}]}}