{"id":105192,"date":"2020-03-25T18:24:51","date_gmt":"2020-03-25T21:24:51","guid":{"rendered":"https:\/\/experienciadevida.com.ar\/portalurbano\/?p=105192"},"modified":"2020-03-25T18:24:51","modified_gmt":"2020-03-25T21:24:51","slug":"la-comision-por-la-memoria-pidio-descomprimir-las-carceles","status":"publish","type":"post","link":"https:\/\/experienciadevida.com.ar\/portalurbano\/la-comision-por-la-memoria-pidio-descomprimir-las-carceles\/","title":{"rendered":"La Comisi\u00f3n Por la Memoria pidi\u00f3 descomprimir las c\u00e1rceles"},"content":{"rendered":"<p><em>Frente a la expansi\u00f3n de la pandemia del coronavirus, la poblaci\u00f3n carcelaria es uno de los sectores de la sociedad que m\u00e1s riesgos enfrenta. Por esta raz\u00f3n la Comisi\u00f3n Provincial por la Memoria (CPM) en tanto Mecanismo Local de Prevenci\u00f3n de la Tortura envi\u00f3 una nota al Ministerio de Justicia bonaerense y a la Suprema Corte solicitando medidas urgentes para contener la situaci\u00f3n y proteger la integridad de las personas detenidas. Entre ellas la aplicaci\u00f3n por parte del poder judicial de morigeraciones y arrestos domiciliarios para grupos vulnerables, el uso de la conmutaci\u00f3n de penas por el poder ejecutivo, la urgente distribuci\u00f3n de elementos de prevenci\u00f3n, de comida y medicamentos, y la habilitaci\u00f3n del uso de telefon\u00eda celular.<\/em><\/p>\n<p>Desde hace dos d\u00e9cadas y con mayor crudeza desde hace cinco a\u00f1os, las pol\u00edticas penitenciarias de los gobiernos provinciales y la inacci\u00f3n de la justicia condenaron al sistema de encierro bonaerense a una crisis humanitaria sin precedentes que se profundiza cada d\u00eda. Por esta raz\u00f3n, y frente al avance de la pandemia de coronavirus, se vuelve imprescindible tomar medidas urgentes para proteger a las personas detenidas.<\/p>\n<p>En este sentido la Comisi\u00f3n Provincial por la Memoria (CPM), en su rol de Mecanismo Local de Prevenci\u00f3n de la Tortura, envi\u00f3 hoy una nota al Ministro de justicia Julio Alak, manifestando su preocupaci\u00f3n y solicitando se adopten medidas excepcionales y urgentes que permitan contener esta emergencia; medidas\u00a0orientadas fundamentalmente a descomprimir la situaci\u00f3n de sobrepoblaci\u00f3n y hacinamiento,\u00a0haciendo uso de todas las potestades del poder ejecutivo, entre ellas contemplar la conmutaci\u00f3n de penas y otras\u00a0medidas para mejorar la supervivencia en las c\u00e1rceles y evitar la expansi\u00f3n de la pandemia.<\/p>\n<p>El hacinamiento extremo en condiciones infrahumanas es uno de los principales problemas, toda vez que impide la implementaci\u00f3n de las medidas de higiene b\u00e1sicas y de distanciamiento social conforme lo recomendado desde el punto de vista sanitario.<\/p>\n<p>Tampoco llegan los suministros b\u00e1sicos. Como se expresa en el relevamiento por unidad entregado al Ministro, los elementos de prevenci\u00f3n b\u00e1sicos como jabones, alcohol, guantes y productos de limpieza no est\u00e1n llegando a las personas detenidas ni el personal penitenciario est\u00e1 tomando los recaudos elementales como uso de barbijos y guantes y control de temperatura al ingreso. En la nota la CPM solicita no s\u00f3lo que se compren los insumos necesarios sino que se controle debidamente su distribuci\u00f3n.\u00a0En relaci\u00f3n a esto,\u00a0la CPM solicita al Ministerio que informe detalladamente la fecha y cantidad de elementos entregados por cada unidad para la prevenci\u00f3n del coronavirus, as\u00ed como tambi\u00e9n, de haberse implementado, los refuerzos alimentarios distribuidos por unidad. Puesto que\u00a0es urgente atender la cuesti\u00f3n alimentaria garantizando la provisi\u00f3n suficiente y a tiempo en cada unidad penitenciaria en tanto la restricci\u00f3n de las visitas familiares por la pandemia impide que llegue lo provisto por ellos.<\/p>\n<p>Por este mismo motivo se solicita habilitar el uso de tel\u00e9fonos celulares para promover el contacto con el n\u00facleo afectivo de las personas detenidas. Es una decisi\u00f3n simple, central y urgente para reducir los conflictos. La situaci\u00f3n extrema que vive la sociedad genera mucha angustia en las personas privadas de su libertad y la comunicaci\u00f3n fluida con sus seres queridos es un elemento importante que tranquiliza.<\/p>\n<p>Ante la conflictividad emergente, la CPM propone crear un equipo de mediaci\u00f3n y priorizar la prevenci\u00f3n de los conflictos de manera temprana, mediante el di\u00e1logo y la persuasi\u00f3n, sin apelar a la violencia o la represi\u00f3n para resolver las demandas que se presenten.<\/p>\n<p>Respecto de la atenci\u00f3n de la salud en el encierro, se solicita una vez m\u00e1s que la Direcci\u00f3n de Salud Penitenciaria pase a la \u00f3rbita del Ministerio de Salud Provincial, un viejo reclamo que mejorar\u00eda considerablemente las condiciones estructurales en que se encuentra actualmente el sistema. Frente a la emergencia es necesario proveer adecuadamente insumos para la prevenci\u00f3n y medicamentos y es la cartera sanitaria quien debe controlar esto.<\/p>\n<p>Por otra parte, la CPM-Mecanismo junto al CELS elevaron una nota a la Suprema Corte de Justicia bonaerense (SCJB) en la que manifiestan la \u201cimperiosa necesidad\u201d de tomar medidas generales urgentes\u00a0para la poblaci\u00f3n carcelaria en relaci\u00f3n al avance del coronavirus.<\/p>\n<p>En los \u00faltimos meses la Corte bonaerense se ha manifestado en varias oportunidades reconociendo la crisis humanitaria que atraviesa el sistema de encierro. Es en este sentido que ambos organismos requieren ahora su intervenci\u00f3n para profundizar esta l\u00ednea que viene desarrollando.<\/p>\n<p>Particularmente, la nota comparte con la SCJB la preocupaci\u00f3n respecto de la imposibilidad de implementar dentro de los lugares de encierro la medida de distanciamiento social anunciada por el gobierno nacional como una de las principales recomendaciones para frenar el avance del virus. En un sistema\u00a0\u00a0de encierro que tiene, al menos, un 118% de sobrepoblaci\u00f3n, con unidades que alcanzan m\u00e1s del 200%, el distanciamiento es evidentemente imposible.<\/p>\n<p>Sobre este diagn\u00f3stico,\u00a0la CPM-Mecanismo y el CELS solicitan a la Corte bonaerense \u201cque adopte una resoluci\u00f3n general que contenga medidas de organizaci\u00f3n y criterios concretos de actuaci\u00f3n orientados a reducir de manera urgente la sobrepoblaci\u00f3n existente y as\u00ed prevenir que el virus ingrese y se extienda dentro de los lugares de encierro\u201d. Y adem\u00e1s que se establezcan \u201cmedidas concretas que garanticen el control judicial de las acciones de prevenci\u00f3n e higiene que debe cumplir el personal que est\u00e9 a cargo del resguardo los detenidos\u201d.<\/p>\n<p>Considerando los tiempos lentos que caracterizan la acci\u00f3n judicial y la necesidad de respuestas r\u00e1pidas que la crisis exige, tambi\u00e9n se ha solicitado a la SCJB la creaci\u00f3n de un comit\u00e9 de crisis que coordine la actividad en conjunto con el Poder Ejecutivo y el Ministerio P\u00fablico. Se entiende que resulta imprescindible que la Corte \u201casuma el liderazgo de este proceso y brinde instrucciones claras de c\u00f3mo avanzar para el acceso a libertades y centralizar las decisiones judiciales para evitar la lentitud del caso a caso\u201d.<\/p>\n<p>Frente a esta grave crisis sanitaria, que podr\u00eda tener un impacto severo en el sistema de encierro bonaerense afectando extendidamente a las personas detenidas y por ende a sus familias, la CPM insta a todos los poderes del Estado a trabajar de manera articulada, urgente y efectiva para generar condiciones que permitan contener el avance del virus garantizando la integridad de las personas.<\/p>\n<p>Gacetilla: Comisi\u00f3n Provincial por la Memoria<\/p>\n","protected":false},"excerpt":{"rendered":"<p>Frente a la expansi\u00f3n de la pandemia del coronavirus, la poblaci\u00f3n carcelaria es uno de&#8230;<\/p>\n","protected":false},"author":1,"featured_media":105194,"comment_status":"open","ping_status":"open","sticky":false,"template":"","format":"standard","meta":{"content-type":""},"categories":[27,71,40],"tags":[],"nelio_content":{"isAutoShareEnabled":false,"autoShareEndMode":"default","automationSources":{"useContentSentences":true,"useSocialTemplates":true,"useCustomSentences":false,"customSentences":[]},"followers":[1],"suggestedReferences":[],"includedReferences":[],"efiUrl":"","efiAlt":"","highlights":[]},"yoast_head":"<!-- This site is optimized with the Yoast SEO plugin v20.7 - https:\/\/yoast.com\/wordpress\/plugins\/seo\/ -->\n<title>La Comisi\u00f3n Por la Memoria pidi\u00f3 descomprimir las c\u00e1rceles -<\/title>\n<meta name=\"robots\" content=\"index, follow, max-snippet:-1, max-image-preview:large, max-video-preview:-1\" \/>\n<link rel=\"canonical\" href=\"https:\/\/experienciadevida.com.ar\/portalurbano\/la-comision-por-la-memoria-pidio-descomprimir-las-carceles\/\" \/>\n<meta property=\"og:locale\" content=\"es_ES\" \/>\n<meta property=\"og:type\" content=\"article\" \/>\n<meta property=\"og:title\" content=\"La Comisi\u00f3n Por la Memoria pidi\u00f3 descomprimir las c\u00e1rceles -\" \/>\n<meta property=\"og:description\" content=\"Frente a la expansi\u00f3n de la pandemia del coronavirus, la poblaci\u00f3n carcelaria es uno de...\" \/>\n<meta property=\"og:url\" content=\"https:\/\/experienciadevida.com.ar\/portalurbano\/la-comision-por-la-memoria-pidio-descomprimir-las-carceles\/\" \/>\n<meta property=\"article:publisher\" content=\"https:\/\/www.facebook.com\/Portal-Urbano-171542830093757\/\" \/>\n<meta property=\"article:published_time\" content=\"2020-03-25T21:24:51+00:00\" \/>\n<meta property=\"og:image\" content=\"https:\/\/experienciadevida.com.ar\/portalurbano\/wp-content\/uploads\/2020\/03\/MG_2931-620x413-1.jpg\" \/>\n\t<meta property=\"og:image:width\" content=\"620\" \/>\n\t<meta property=\"og:image:height\" content=\"413\" \/>\n\t<meta property=\"og:image:type\" content=\"image\/jpeg\" \/>\n<meta name=\"author\" content=\"admpu17wp\" \/>\n<meta name=\"twitter:card\" content=\"summary_large_image\" \/>\n<meta name=\"twitter:creator\" content=\"@portalurbanook\" \/>\n<meta name=\"twitter:site\" content=\"@portalurbanook\" \/>\n<meta name=\"twitter:label1\" content=\"Escrito por\" \/>\n\t<meta name=\"twitter:data1\" content=\"admpu17wp\" \/>\n\t<meta name=\"twitter:label2\" content=\"Tiempo de lectura\" \/>\n\t<meta name=\"twitter:data2\" content=\"6 minutos\" \/>\n<script type=\"application\/ld+json\" class=\"yoast-schema-graph\">{\"@context\":\"https:\/\/schema.org\",\"@graph\":[{\"@type\":\"Article\",\"@id\":\"https:\/\/experienciadevida.com.ar\/portalurbano\/la-comision-por-la-memoria-pidio-descomprimir-las-carceles\/#article\",\"isPartOf\":{\"@id\":\"https:\/\/experienciadevida.com.ar\/portalurbano\/la-comision-por-la-memoria-pidio-descomprimir-las-carceles\/\"},\"author\":{\"name\":\"admpu17wp\",\"@id\":\"https:\/\/experienciadevida.com.ar\/portalurbano\/#\/schema\/person\/02dd326b1c4b056e9cc972486934a3a7\"},\"headline\":\"La Comisi\u00f3n Por la Memoria pidi\u00f3 descomprimir las c\u00e1rceles\",\"datePublished\":\"2020-03-25T21:24:51+00:00\",\"dateModified\":\"2020-03-25T21:24:51+00:00\",\"mainEntityOfPage\":{\"@id\":\"https:\/\/experienciadevida.com.ar\/portalurbano\/la-comision-por-la-memoria-pidio-descomprimir-las-carceles\/\"},\"wordCount\":1121,\"commentCount\":0,\"publisher\":{\"@id\":\"https:\/\/experienciadevida.com.ar\/portalurbano\/#organization\"},\"articleSection\":[\"Ciudad\",\"Coronavirus\",\"Policiales\"],\"inLanguage\":\"es\",\"potentialAction\":[{\"@type\":\"CommentAction\",\"name\":\"Comment\",\"target\":[\"https:\/\/experienciadevida.com.ar\/portalurbano\/la-comision-por-la-memoria-pidio-descomprimir-las-carceles\/#respond\"]}]},{\"@type\":\"WebPage\",\"@id\":\"https:\/\/experienciadevida.com.ar\/portalurbano\/la-comision-por-la-memoria-pidio-descomprimir-las-carceles\/\",\"url\":\"https:\/\/experienciadevida.com.ar\/portalurbano\/la-comision-por-la-memoria-pidio-descomprimir-las-carceles\/\",\"name\":\"La Comisi\u00f3n Por la Memoria pidi\u00f3 descomprimir las c\u00e1rceles -\",\"isPartOf\":{\"@id\":\"https:\/\/experienciadevida.com.ar\/portalurbano\/#website\"},\"datePublished\":\"2020-03-25T21:24:51+00:00\",\"dateModified\":\"2020-03-25T21:24:51+00:00\",\"breadcrumb\":{\"@id\":\"https:\/\/experienciadevida.com.ar\/portalurbano\/la-comision-por-la-memoria-pidio-descomprimir-las-carceles\/#breadcrumb\"},\"inLanguage\":\"es\",\"potentialAction\":[{\"@type\":\"ReadAction\",\"target\":[\"https:\/\/experienciadevida.com.ar\/portalurbano\/la-comision-por-la-memoria-pidio-descomprimir-las-carceles\/\"]}]},{\"@type\":\"BreadcrumbList\",\"@id\":\"https:\/\/experienciadevida.com.ar\/portalurbano\/la-comision-por-la-memoria-pidio-descomprimir-las-carceles\/#breadcrumb\",\"itemListElement\":[{\"@type\":\"ListItem\",\"position\":1,\"name\":\"Portada\",\"item\":\"https:\/\/experienciadevida.com.ar\/portalurbano\/\"},{\"@type\":\"ListItem\",\"position\":2,\"name\":\"La Comisi\u00f3n Por la Memoria pidi\u00f3 descomprimir las c\u00e1rceles\"}]},{\"@type\":\"WebSite\",\"@id\":\"https:\/\/experienciadevida.com.ar\/portalurbano\/#website\",\"url\":\"https:\/\/experienciadevida.com.ar\/portalurbano\/\",\"name\":\"\",\"description\":\"\",\"publisher\":{\"@id\":\"https:\/\/experienciadevida.com.ar\/portalurbano\/#organization\"},\"potentialAction\":[{\"@type\":\"SearchAction\",\"target\":{\"@type\":\"EntryPoint\",\"urlTemplate\":\"https:\/\/experienciadevida.com.ar\/portalurbano\/?s={search_term_string}\"},\"query-input\":\"required name=search_term_string\"}],\"inLanguage\":\"es\"},{\"@type\":\"Organization\",\"@id\":\"https:\/\/experienciadevida.com.ar\/portalurbano\/#organization\",\"name\":\"Portal Urbano\",\"url\":\"https:\/\/experienciadevida.com.ar\/portalurbano\/\",\"logo\":{\"@type\":\"ImageObject\",\"inLanguage\":\"es\",\"@id\":\"https:\/\/experienciadevida.com.ar\/portalurbano\/#\/schema\/logo\/image\/\",\"url\":\"https:\/\/experienciadevida.com.ar\/portalurbano\/wp-content\/uploads\/2019\/09\/Logo-Original.png\",\"contentUrl\":\"https:\/\/experienciadevida.com.ar\/portalurbano\/wp-content\/uploads\/2019\/09\/Logo-Original.png\",\"width\":2236,\"height\":1216,\"caption\":\"Portal Urbano\"},\"image\":{\"@id\":\"https:\/\/experienciadevida.com.ar\/portalurbano\/#\/schema\/logo\/image\/\"},\"sameAs\":[\"https:\/\/www.facebook.com\/Portal-Urbano-171542830093757\/\",\"https:\/\/twitter.com\/portalurbanook\",\"https:\/\/www.instagram.com\/_portalurbano\/\",\"https:\/\/www.youtube.com\/channel\/UCXhagIfszH8KxFiOok79zbA?view_as=subscriber\"]},{\"@type\":\"Person\",\"@id\":\"https:\/\/experienciadevida.com.ar\/portalurbano\/#\/schema\/person\/02dd326b1c4b056e9cc972486934a3a7\",\"name\":\"admpu17wp\",\"image\":{\"@type\":\"ImageObject\",\"inLanguage\":\"es\",\"@id\":\"https:\/\/experienciadevida.com.ar\/portalurbano\/#\/schema\/person\/image\/\",\"url\":\"https:\/\/secure.gravatar.com\/avatar\/830d4c57adaae6630765e449a6908047?s=96&d=mm&r=g\",\"contentUrl\":\"https:\/\/secure.gravatar.com\/avatar\/830d4c57adaae6630765e449a6908047?s=96&d=mm&r=g\",\"caption\":\"admpu17wp\"}}]}<\/script>\n<!-- \/ Yoast SEO plugin. -->","yoast_head_json":{"title":"La Comisi\u00f3n Por la Memoria pidi\u00f3 descomprimir las c\u00e1rceles -","robots":{"index":"index","follow":"follow","max-snippet":"max-snippet:-1","max-image-preview":"max-image-preview:large","max-video-preview":"max-video-preview:-1"},"canonical":"https:\/\/experienciadevida.com.ar\/portalurbano\/la-comision-por-la-memoria-pidio-descomprimir-las-carceles\/","og_locale":"es_ES","og_type":"article","og_title":"La Comisi\u00f3n Por la Memoria pidi\u00f3 descomprimir las c\u00e1rceles -","og_description":"Frente a la expansi\u00f3n de la pandemia del coronavirus, la poblaci\u00f3n carcelaria es uno de...","og_url":"https:\/\/experienciadevida.com.ar\/portalurbano\/la-comision-por-la-memoria-pidio-descomprimir-las-carceles\/","article_publisher":"https:\/\/www.facebook.com\/Portal-Urbano-171542830093757\/","article_published_time":"2020-03-25T21:24:51+00:00","og_image":[{"width":620,"height":413,"url":"https:\/\/experienciadevida.com.ar\/portalurbano\/wp-content\/uploads\/2020\/03\/MG_2931-620x413-1.jpg","type":"image\/jpeg"}],"author":"admpu17wp","twitter_card":"summary_large_image","twitter_creator":"@portalurbanook","twitter_site":"@portalurbanook","twitter_misc":{"Escrito por":"admpu17wp","Tiempo de lectura":"6 minutos"},"schema":{"@context":"https:\/\/schema.org","@graph":[{"@type":"Article","@id":"https:\/\/experienciadevida.com.ar\/portalurbano\/la-comision-por-la-memoria-pidio-descomprimir-las-carceles\/#article","isPartOf":{"@id":"https:\/\/experienciadevida.com.ar\/portalurbano\/la-comision-por-la-memoria-pidio-descomprimir-las-carceles\/"},"author":{"name":"admpu17wp","@id":"https:\/\/experienciadevida.com.ar\/portalurbano\/#\/schema\/person\/02dd326b1c4b056e9cc972486934a3a7"},"headline":"La Comisi\u00f3n Por la Memoria pidi\u00f3 descomprimir las c\u00e1rceles","datePublished":"2020-03-25T21:24:51+00:00","dateModified":"2020-03-25T21:24:51+00:00","mainEntityOfPage":{"@id":"https:\/\/experienciadevida.com.ar\/portalurbano\/la-comision-por-la-memoria-pidio-descomprimir-las-carceles\/"},"wordCount":1121,"commentCount":0,"publisher":{"@id":"https:\/\/experienciadevida.com.ar\/portalurbano\/#organization"},"articleSection":["Ciudad","Coronavirus","Policiales"],"inLanguage":"es","potentialAction":[{"@type":"CommentAction","name":"Comment","target":["https:\/\/experienciadevida.com.ar\/portalurbano\/la-comision-por-la-memoria-pidio-descomprimir-las-carceles\/#respond"]}]},{"@type":"WebPage","@id":"https:\/\/experienciadevida.com.ar\/portalurbano\/la-comision-por-la-memoria-pidio-descomprimir-las-carceles\/","url":"https:\/\/experienciadevida.com.ar\/portalurbano\/la-comision-por-la-memoria-pidio-descomprimir-las-carceles\/","name":"La Comisi\u00f3n Por la Memoria pidi\u00f3 descomprimir las c\u00e1rceles -","isPartOf":{"@id":"https:\/\/experienciadevida.com.ar\/portalurbano\/#website"},"datePublished":"2020-03-25T21:24:51+00:00","dateModified":"2020-03-25T21:24:51+00:00","breadcrumb":{"@id":"https:\/\/experienciadevida.com.ar\/portalurbano\/la-comision-por-la-memoria-pidio-descomprimir-las-carceles\/#breadcrumb"},"inLanguage":"es","potentialAction":[{"@type":"ReadAction","target":["https:\/\/experienciadevida.com.ar\/portalurbano\/la-comision-por-la-memoria-pidio-descomprimir-las-carceles\/"]}]},{"@type":"BreadcrumbList","@id":"https:\/\/experienciadevida.com.ar\/portalurbano\/la-comision-por-la-memoria-pidio-descomprimir-las-carceles\/#breadcrumb","itemListElement":[{"@type":"ListItem","position":1,"name":"Portada","item":"https:\/\/experienciadevida.com.ar\/portalurbano\/"},{"@type":"ListItem","position":2,"name":"La Comisi\u00f3n Por la Memoria pidi\u00f3 descomprimir las c\u00e1rceles"}]},{"@type":"WebSite","@id":"https:\/\/experienciadevida.com.ar\/portalurbano\/#website","url":"https:\/\/experienciadevida.com.ar\/portalurbano\/","name":"","description":"","publisher":{"@id":"https:\/\/experienciadevida.com.ar\/portalurbano\/#organization"},"potentialAction":[{"@type":"SearchAction","target":{"@type":"EntryPoint","urlTemplate":"https:\/\/experienciadevida.com.ar\/portalurbano\/?s={search_term_string}"},"query-input":"required name=search_term_string"}],"inLanguage":"es"},{"@type":"Organization","@id":"https:\/\/experienciadevida.com.ar\/portalurbano\/#organization","name":"Portal Urbano","url":"https:\/\/experienciadevida.com.ar\/portalurbano\/","logo":{"@type":"ImageObject","inLanguage":"es","@id":"https:\/\/experienciadevida.com.ar\/portalurbano\/#\/schema\/logo\/image\/","url":"https:\/\/experienciadevida.com.ar\/portalurbano\/wp-content\/uploads\/2019\/09\/Logo-Original.png","contentUrl":"https:\/\/experienciadevida.com.ar\/portalurbano\/wp-content\/uploads\/2019\/09\/Logo-Original.png","width":2236,"height":1216,"caption":"Portal Urbano"},"image":{"@id":"https:\/\/experienciadevida.com.ar\/portalurbano\/#\/schema\/logo\/image\/"},"sameAs":["https:\/\/www.facebook.com\/Portal-Urbano-171542830093757\/","https:\/\/twitter.com\/portalurbanook","https:\/\/www.instagram.com\/_portalurbano\/","https:\/\/www.youtube.com\/channel\/UCXhagIfszH8KxFiOok79zbA?view_as=subscriber"]},{"@type":"Person","@id":"https:\/\/experienciadevida.com.ar\/portalurbano\/#\/schema\/person\/02dd326b1c4b056e9cc972486934a3a7","name":"admpu17wp","image":{"@type":"ImageObject","inLanguage":"es","@id":"https:\/\/experienciadevida.com.ar\/portalurbano\/#\/schema\/person\/image\/","url":"https:\/\/secure.gravatar.com\/avatar\/830d4c57adaae6630765e449a6908047?s=96&d=mm&r=g","contentUrl":"https:\/\/secure.gravatar.com\/avatar\/830d4c57adaae6630765e449a6908047?s=96&d=mm&r=g","caption":"admpu17wp"}}]}},"featured_image_urls":{"full":["https:\/\/experienciadevida.com.ar\/portalurbano\/wp-content\/uploads\/2020\/03\/MG_2931-620x413-1.jpg",620,413,false],"thumbnail":["https:\/\/experienciadevida.com.ar\/portalurbano\/wp-content\/uploads\/2020\/03\/MG_2931-620x413-1-150x150.jpg",150,150,true],"medium":["https:\/\/experienciadevida.com.ar\/portalurbano\/wp-content\/uploads\/2020\/03\/MG_2931-620x413-1-300x200.jpg",300,200,true],"medium_large":["https:\/\/experienciadevida.com.ar\/portalurbano\/wp-content\/uploads\/2020\/03\/MG_2931-620x413-1.jpg",620,413,false],"large":["https:\/\/experienciadevida.com.ar\/portalurbano\/wp-content\/uploads\/2020\/03\/MG_2931-620x413-1.jpg",620,413,false],"ug_big":["https:\/\/experienciadevida.com.ar\/portalurbano\/wp-content\/uploads\/2020\/03\/MG_2931-620x413-1.jpg",620,413,false],"1536x1536":["https:\/\/experienciadevida.com.ar\/portalurbano\/wp-content\/uploads\/2020\/03\/MG_2931-620x413-1.jpg",620,413,false],"2048x2048":["https:\/\/experienciadevida.com.ar\/portalurbano\/wp-content\/uploads\/2020\/03\/MG_2931-620x413-1.jpg",620,413,false],"newsever-slider-full":["https:\/\/experienciadevida.com.ar\/portalurbano\/wp-content\/uploads\/2020\/03\/MG_2931-620x413-1.jpg",620,413,false],"newsever-featured":["https:\/\/experienciadevida.com.ar\/portalurbano\/wp-content\/uploads\/2020\/03\/MG_2931-620x413-1.jpg",620,413,false],"newsever-medium":["https:\/\/experienciadevida.com.ar\/portalurbano\/wp-content\/uploads\/2020\/03\/MG_2931-620x413-1.jpg",620,413,false],"web-stories-poster-portrait":["https:\/\/experienciadevida.com.ar\/portalurbano\/wp-content\/uploads\/2020\/03\/MG_2931-620x413-1.jpg",620,413,false],"web-stories-publisher-logo":["https:\/\/experienciadevida.com.ar\/portalurbano\/wp-content\/uploads\/2020\/03\/MG_2931-620x413-1.jpg",96,64,false],"web-stories-thumbnail":["https:\/\/experienciadevida.com.ar\/portalurbano\/wp-content\/uploads\/2020\/03\/MG_2931-620x413-1.jpg",150,100,false]},"author_info":{"display_name":"admpu17wp","author_link":"https:\/\/experienciadevida.com.ar\/portalurbano\/author\/admpu17wp\/"},"category_info":"<a href=\"https:\/\/experienciadevida.com.ar\/portalurbano\/category\/ciudad\/\" rel=\"category tag\">Ciudad<\/a> <a href=\"https:\/\/experienciadevida.com.ar\/portalurbano\/category\/nacion\/coronavirus\/\" rel=\"category tag\">Coronavirus<\/a> <a href=\"https:\/\/experienciadevida.com.ar\/portalurbano\/category\/policiales\/\" rel=\"category tag\">Policiales<\/a>","tag_info":"Policiales","comment_count":"0","amp_enabled":true,"_links":{"self":[{"href":"https:\/\/experienciadevida.com.ar\/portalurbano\/wp-json\/wp\/v2\/posts\/105192"}],"collection":[{"href":"https:\/\/experienciadevida.com.ar\/portalurbano\/wp-json\/wp\/v2\/posts"}],"about":[{"href":"https:\/\/experienciadevida.com.ar\/portalurbano\/wp-json\/wp\/v2\/types\/post"}],"author":[{"embeddable":true,"href":"https:\/\/experienciadevida.com.ar\/portalurbano\/wp-json\/wp\/v2\/users\/1"}],"replies":[{"embeddable":true,"href":"https:\/\/experienciadevida.com.ar\/portalurbano\/wp-json\/wp\/v2\/comments?post=105192"}],"version-history":[{"count":1,"href":"https:\/\/experienciadevida.com.ar\/portalurbano\/wp-json\/wp\/v2\/posts\/105192\/revisions"}],"predecessor-version":[{"id":105195,"href":"https:\/\/experienciadevida.com.ar\/portalurbano\/wp-json\/wp\/v2\/posts\/105192\/revisions\/105195"}],"wp:featuredmedia":[{"embeddable":true,"href":"https:\/\/experienciadevida.com.ar\/portalurbano\/wp-json\/wp\/v2\/media\/105194"}],"wp:attachment":[{"href":"https:\/\/experienciadevida.com.ar\/portalurbano\/wp-json\/wp\/v2\/media?parent=105192"}],"wp:term":[{"taxonomy":"category","embeddable":true,"href":"https:\/\/experienciadevida.com.ar\/portalurbano\/wp-json\/wp\/v2\/categories?post=105192"},{"taxonomy":"post_tag","embeddable":true,"href":"https:\/\/experienciadevida.com.ar\/portalurbano\/wp-json\/wp\/v2\/tags?post=105192"}],"curies":[{"name":"wp","href":"https:\/\/api.w.org\/{rel}","templated":true}]}}