{"id":105173,"date":"2020-03-25T13:54:36","date_gmt":"2020-03-25T16:54:36","guid":{"rendered":"https:\/\/experienciadevida.com.ar\/portalurbano\/?p=105173"},"modified":"2020-03-25T13:54:36","modified_gmt":"2020-03-25T16:54:36","slug":"que-sucede-con-la-campana-antigripal-en-el-marco-del-aislamiento","status":"publish","type":"post","link":"https:\/\/experienciadevida.com.ar\/portalurbano\/que-sucede-con-la-campana-antigripal-en-el-marco-del-aislamiento\/","title":{"rendered":"\u00bfQu\u00e9 sucede con la campa\u00f1a antigripal en el marco del aislamiento?"},"content":{"rendered":"<p>En medio del aislamiento obligatorio por la pandemia de coronavirus y ante el inminente lanzamiento de la campa\u00f1a antigripal, las autoridades sanitarias se\u00f1alaron que se garantizar\u00e1n los mecanismos para el acceso a la vacunaci\u00f3n de los grupos de riesgo.<\/p>\n<p>\u201cSe est\u00e1 trabajando fuertemente para garantizar la vacunaci\u00f3n. En la Argentina ya se distribuyeron 1.400.000 dosis adultos, 800.000 pedi\u00e1tricas y 470.000 a PAMI\u201d, indic\u00f3 la Secretaria de Acceso a la Salud, Carla Vizzotti. \u201cTrabajan (los ministerio de) Seguridad, Defensa e Interior para que se acerquen los equipos de salud a vacunar a los mayores de 65 a\u00f1os\u201d, se\u00f1al\u00f3 en el marco del reporte diario que realizan las autoridades del Ministerio de Salud.<\/p>\n<p>Por su parte, la infect\u00f3loga Florencia Cahn precis\u00f3 que la vacunaci\u00f3n antigripal \u201cse va a hacer en forma escalonada y progresiva comenzando por los grupos de mayor riesgo, que son los trabajadores de salud que recibir\u00e1n la vacuna intramuros y por los mayores de 65 a\u00f1os, comenzando por las personas institucionalizadas\u201d.<\/p>\n<p>E indic\u00f3: \u201cCada jurisdicci\u00f3n deber\u00e1 organizar de qu\u00e9 manera se va a ejecutar la vacunaci\u00f3n y deber\u00e1 ver las diferentes estrategias para tener una vacunaci\u00f3n oportuna y segura\u201d.<\/p>\n<p>Cabe se\u00f1alar que los grupos definidos como de riesgo son: ni\u00f1os hasta los dos a\u00f1os, embarazadas o pu\u00e9rperas, personal de salud, adultos mayores de 65 a\u00f1os y personas con factores de riesgo: obesidad, diabetes, enfermedades respiratorias, enfermedades card\u00edacas, inmunodeficiencias cong\u00e9nitas o adquiridas, pacientes oncohematol\u00f3gicos, trasplantados o personas con insuficiencia renal cr\u00f3nica en di\u00e1lisis, entre otros.<\/p>\n","protected":false},"excerpt":{"rendered":"<p>En medio del aislamiento obligatorio por la pandemia de coronavirus y ante el inminente lanzamiento&#8230;<\/p>\n","protected":false},"author":1,"featured_media":91924,"comment_status":"open","ping_status":"open","sticky":false,"template":"","format":"standard","meta":{"content-type":""},"categories":[39,45],"tags":[],"nelio_content":{"isAutoShareEnabled":false,"autoShareEndMode":"default","automationSources":{"useContentSentences":true,"useSocialTemplates":true,"useCustomSentences":false,"customSentences":[]},"followers":[1],"suggestedReferences":[],"includedReferences":[],"efiUrl":"","efiAlt":"","highlights":[]},"yoast_head":"<!-- This site is optimized with the Yoast SEO plugin v20.7 - https:\/\/yoast.com\/wordpress\/plugins\/seo\/ -->\n<title>\u00bfQu\u00e9 sucede con la campa\u00f1a antigripal en el marco del aislamiento? -<\/title>\n<meta name=\"robots\" content=\"index, follow, max-snippet:-1, max-image-preview:large, max-video-preview:-1\" \/>\n<link rel=\"canonical\" href=\"https:\/\/experienciadevida.com.ar\/portalurbano\/que-sucede-con-la-campana-antigripal-en-el-marco-del-aislamiento\/\" \/>\n<meta property=\"og:locale\" content=\"es_ES\" \/>\n<meta property=\"og:type\" content=\"article\" \/>\n<meta property=\"og:title\" content=\"\u00bfQu\u00e9 sucede con la campa\u00f1a antigripal en el marco del aislamiento? -\" \/>\n<meta property=\"og:description\" content=\"En medio del aislamiento obligatorio por la pandemia de coronavirus y ante el inminente lanzamiento...\" \/>\n<meta property=\"og:url\" content=\"https:\/\/experienciadevida.com.ar\/portalurbano\/que-sucede-con-la-campana-antigripal-en-el-marco-del-aislamiento\/\" \/>\n<meta property=\"article:publisher\" content=\"https:\/\/www.facebook.com\/Portal-Urbano-171542830093757\/\" \/>\n<meta property=\"article:published_time\" content=\"2020-03-25T16:54:36+00:00\" \/>\n<meta property=\"og:image\" content=\"https:\/\/experienciadevida.com.ar\/portalurbano\/wp-content\/uploads\/2019\/10\/vacuna-752x440.jpg\" \/>\n\t<meta property=\"og:image:width\" content=\"752\" \/>\n\t<meta property=\"og:image:height\" content=\"440\" \/>\n\t<meta property=\"og:image:type\" content=\"image\/jpeg\" \/>\n<meta name=\"author\" content=\"admpu17wp\" \/>\n<meta name=\"twitter:card\" content=\"summary_large_image\" \/>\n<meta name=\"twitter:creator\" content=\"@portalurbanook\" \/>\n<meta name=\"twitter:site\" content=\"@portalurbanook\" \/>\n<meta name=\"twitter:label1\" content=\"Escrito por\" \/>\n\t<meta name=\"twitter:data1\" content=\"admpu17wp\" \/>\n\t<meta name=\"twitter:label2\" content=\"Tiempo de lectura\" \/>\n\t<meta name=\"twitter:data2\" content=\"1 minuto\" \/>\n<script type=\"application\/ld+json\" class=\"yoast-schema-graph\">{\"@context\":\"https:\/\/schema.org\",\"@graph\":[{\"@type\":\"Article\",\"@id\":\"https:\/\/experienciadevida.com.ar\/portalurbano\/que-sucede-con-la-campana-antigripal-en-el-marco-del-aislamiento\/#article\",\"isPartOf\":{\"@id\":\"https:\/\/experienciadevida.com.ar\/portalurbano\/que-sucede-con-la-campana-antigripal-en-el-marco-del-aislamiento\/\"},\"author\":{\"name\":\"admpu17wp\",\"@id\":\"https:\/\/experienciadevida.com.ar\/portalurbano\/#\/schema\/person\/02dd326b1c4b056e9cc972486934a3a7\"},\"headline\":\"\u00bfQu\u00e9 sucede con la campa\u00f1a antigripal en el marco del aislamiento?\",\"datePublished\":\"2020-03-25T16:54:36+00:00\",\"dateModified\":\"2020-03-25T16:54:36+00:00\",\"mainEntityOfPage\":{\"@id\":\"https:\/\/experienciadevida.com.ar\/portalurbano\/que-sucede-con-la-campana-antigripal-en-el-marco-del-aislamiento\/\"},\"wordCount\":276,\"commentCount\":0,\"publisher\":{\"@id\":\"https:\/\/experienciadevida.com.ar\/portalurbano\/#organization\"},\"articleSection\":[\"Naci\u00f3n\",\"Salud\"],\"inLanguage\":\"es\",\"potentialAction\":[{\"@type\":\"CommentAction\",\"name\":\"Comment\",\"target\":[\"https:\/\/experienciadevida.com.ar\/portalurbano\/que-sucede-con-la-campana-antigripal-en-el-marco-del-aislamiento\/#respond\"]}]},{\"@type\":\"WebPage\",\"@id\":\"https:\/\/experienciadevida.com.ar\/portalurbano\/que-sucede-con-la-campana-antigripal-en-el-marco-del-aislamiento\/\",\"url\":\"https:\/\/experienciadevida.com.ar\/portalurbano\/que-sucede-con-la-campana-antigripal-en-el-marco-del-aislamiento\/\",\"name\":\"\u00bfQu\u00e9 sucede con la campa\u00f1a antigripal en el marco del aislamiento? -\",\"isPartOf\":{\"@id\":\"https:\/\/experienciadevida.com.ar\/portalurbano\/#website\"},\"datePublished\":\"2020-03-25T16:54:36+00:00\",\"dateModified\":\"2020-03-25T16:54:36+00:00\",\"breadcrumb\":{\"@id\":\"https:\/\/experienciadevida.com.ar\/portalurbano\/que-sucede-con-la-campana-antigripal-en-el-marco-del-aislamiento\/#breadcrumb\"},\"inLanguage\":\"es\",\"potentialAction\":[{\"@type\":\"ReadAction\",\"target\":[\"https:\/\/experienciadevida.com.ar\/portalurbano\/que-sucede-con-la-campana-antigripal-en-el-marco-del-aislamiento\/\"]}]},{\"@type\":\"BreadcrumbList\",\"@id\":\"https:\/\/experienciadevida.com.ar\/portalurbano\/que-sucede-con-la-campana-antigripal-en-el-marco-del-aislamiento\/#breadcrumb\",\"itemListElement\":[{\"@type\":\"ListItem\",\"position\":1,\"name\":\"Portada\",\"item\":\"https:\/\/experienciadevida.com.ar\/portalurbano\/\"},{\"@type\":\"ListItem\",\"position\":2,\"name\":\"\u00bfQu\u00e9 sucede con la campa\u00f1a antigripal en el marco del aislamiento?\"}]},{\"@type\":\"WebSite\",\"@id\":\"https:\/\/experienciadevida.com.ar\/portalurbano\/#website\",\"url\":\"https:\/\/experienciadevida.com.ar\/portalurbano\/\",\"name\":\"\",\"description\":\"\",\"publisher\":{\"@id\":\"https:\/\/experienciadevida.com.ar\/portalurbano\/#organization\"},\"potentialAction\":[{\"@type\":\"SearchAction\",\"target\":{\"@type\":\"EntryPoint\",\"urlTemplate\":\"https:\/\/experienciadevida.com.ar\/portalurbano\/?s={search_term_string}\"},\"query-input\":\"required name=search_term_string\"}],\"inLanguage\":\"es\"},{\"@type\":\"Organization\",\"@id\":\"https:\/\/experienciadevida.com.ar\/portalurbano\/#organization\",\"name\":\"Portal Urbano\",\"url\":\"https:\/\/experienciadevida.com.ar\/portalurbano\/\",\"logo\":{\"@type\":\"ImageObject\",\"inLanguage\":\"es\",\"@id\":\"https:\/\/experienciadevida.com.ar\/portalurbano\/#\/schema\/logo\/image\/\",\"url\":\"https:\/\/experienciadevida.com.ar\/portalurbano\/wp-content\/uploads\/2019\/09\/Logo-Original.png\",\"contentUrl\":\"https:\/\/experienciadevida.com.ar\/portalurbano\/wp-content\/uploads\/2019\/09\/Logo-Original.png\",\"width\":2236,\"height\":1216,\"caption\":\"Portal Urbano\"},\"image\":{\"@id\":\"https:\/\/experienciadevida.com.ar\/portalurbano\/#\/schema\/logo\/image\/\"},\"sameAs\":[\"https:\/\/www.facebook.com\/Portal-Urbano-171542830093757\/\",\"https:\/\/twitter.com\/portalurbanook\",\"https:\/\/www.instagram.com\/_portalurbano\/\",\"https:\/\/www.youtube.com\/channel\/UCXhagIfszH8KxFiOok79zbA?view_as=subscriber\"]},{\"@type\":\"Person\",\"@id\":\"https:\/\/experienciadevida.com.ar\/portalurbano\/#\/schema\/person\/02dd326b1c4b056e9cc972486934a3a7\",\"name\":\"admpu17wp\",\"image\":{\"@type\":\"ImageObject\",\"inLanguage\":\"es\",\"@id\":\"https:\/\/experienciadevida.com.ar\/portalurbano\/#\/schema\/person\/image\/\",\"url\":\"https:\/\/secure.gravatar.com\/avatar\/830d4c57adaae6630765e449a6908047?s=96&d=mm&r=g\",\"contentUrl\":\"https:\/\/secure.gravatar.com\/avatar\/830d4c57adaae6630765e449a6908047?s=96&d=mm&r=g\",\"caption\":\"admpu17wp\"}}]}<\/script>\n<!-- \/ Yoast SEO plugin. -->","yoast_head_json":{"title":"\u00bfQu\u00e9 sucede con la campa\u00f1a antigripal en el marco del aislamiento? -","robots":{"index":"index","follow":"follow","max-snippet":"max-snippet:-1","max-image-preview":"max-image-preview:large","max-video-preview":"max-video-preview:-1"},"canonical":"https:\/\/experienciadevida.com.ar\/portalurbano\/que-sucede-con-la-campana-antigripal-en-el-marco-del-aislamiento\/","og_locale":"es_ES","og_type":"article","og_title":"\u00bfQu\u00e9 sucede con la campa\u00f1a antigripal en el marco del aislamiento? -","og_description":"En medio del aislamiento obligatorio por la pandemia de coronavirus y ante el inminente lanzamiento...","og_url":"https:\/\/experienciadevida.com.ar\/portalurbano\/que-sucede-con-la-campana-antigripal-en-el-marco-del-aislamiento\/","article_publisher":"https:\/\/www.facebook.com\/Portal-Urbano-171542830093757\/","article_published_time":"2020-03-25T16:54:36+00:00","og_image":[{"width":752,"height":440,"url":"https:\/\/experienciadevida.com.ar\/portalurbano\/wp-content\/uploads\/2019\/10\/vacuna-752x440.jpg","type":"image\/jpeg"}],"author":"admpu17wp","twitter_card":"summary_large_image","twitter_creator":"@portalurbanook","twitter_site":"@portalurbanook","twitter_misc":{"Escrito por":"admpu17wp","Tiempo de lectura":"1 minuto"},"schema":{"@context":"https:\/\/schema.org","@graph":[{"@type":"Article","@id":"https:\/\/experienciadevida.com.ar\/portalurbano\/que-sucede-con-la-campana-antigripal-en-el-marco-del-aislamiento\/#article","isPartOf":{"@id":"https:\/\/experienciadevida.com.ar\/portalurbano\/que-sucede-con-la-campana-antigripal-en-el-marco-del-aislamiento\/"},"author":{"name":"admpu17wp","@id":"https:\/\/experienciadevida.com.ar\/portalurbano\/#\/schema\/person\/02dd326b1c4b056e9cc972486934a3a7"},"headline":"\u00bfQu\u00e9 sucede con la campa\u00f1a antigripal en el marco del aislamiento?","datePublished":"2020-03-25T16:54:36+00:00","dateModified":"2020-03-25T16:54:36+00:00","mainEntityOfPage":{"@id":"https:\/\/experienciadevida.com.ar\/portalurbano\/que-sucede-con-la-campana-antigripal-en-el-marco-del-aislamiento\/"},"wordCount":276,"commentCount":0,"publisher":{"@id":"https:\/\/experienciadevida.com.ar\/portalurbano\/#organization"},"articleSection":["Naci\u00f3n","Salud"],"inLanguage":"es","potentialAction":[{"@type":"CommentAction","name":"Comment","target":["https:\/\/experienciadevida.com.ar\/portalurbano\/que-sucede-con-la-campana-antigripal-en-el-marco-del-aislamiento\/#respond"]}]},{"@type":"WebPage","@id":"https:\/\/experienciadevida.com.ar\/portalurbano\/que-sucede-con-la-campana-antigripal-en-el-marco-del-aislamiento\/","url":"https:\/\/experienciadevida.com.ar\/portalurbano\/que-sucede-con-la-campana-antigripal-en-el-marco-del-aislamiento\/","name":"\u00bfQu\u00e9 sucede con la campa\u00f1a antigripal en el marco del aislamiento? -","isPartOf":{"@id":"https:\/\/experienciadevida.com.ar\/portalurbano\/#website"},"datePublished":"2020-03-25T16:54:36+00:00","dateModified":"2020-03-25T16:54:36+00:00","breadcrumb":{"@id":"https:\/\/experienciadevida.com.ar\/portalurbano\/que-sucede-con-la-campana-antigripal-en-el-marco-del-aislamiento\/#breadcrumb"},"inLanguage":"es","potentialAction":[{"@type":"ReadAction","target":["https:\/\/experienciadevida.com.ar\/portalurbano\/que-sucede-con-la-campana-antigripal-en-el-marco-del-aislamiento\/"]}]},{"@type":"BreadcrumbList","@id":"https:\/\/experienciadevida.com.ar\/portalurbano\/que-sucede-con-la-campana-antigripal-en-el-marco-del-aislamiento\/#breadcrumb","itemListElement":[{"@type":"ListItem","position":1,"name":"Portada","item":"https:\/\/experienciadevida.com.ar\/portalurbano\/"},{"@type":"ListItem","position":2,"name":"\u00bfQu\u00e9 sucede con la campa\u00f1a antigripal en el marco del aislamiento?"}]},{"@type":"WebSite","@id":"https:\/\/experienciadevida.com.ar\/portalurbano\/#website","url":"https:\/\/experienciadevida.com.ar\/portalurbano\/","name":"","description":"","publisher":{"@id":"https:\/\/experienciadevida.com.ar\/portalurbano\/#organization"},"potentialAction":[{"@type":"SearchAction","target":{"@type":"EntryPoint","urlTemplate":"https:\/\/experienciadevida.com.ar\/portalurbano\/?s={search_term_string}"},"query-input":"required name=search_term_string"}],"inLanguage":"es"},{"@type":"Organization","@id":"https:\/\/experienciadevida.com.ar\/portalurbano\/#organization","name":"Portal Urbano","url":"https:\/\/experienciadevida.com.ar\/portalurbano\/","logo":{"@type":"ImageObject","inLanguage":"es","@id":"https:\/\/experienciadevida.com.ar\/portalurbano\/#\/schema\/logo\/image\/","url":"https:\/\/experienciadevida.com.ar\/portalurbano\/wp-content\/uploads\/2019\/09\/Logo-Original.png","contentUrl":"https:\/\/experienciadevida.com.ar\/portalurbano\/wp-content\/uploads\/2019\/09\/Logo-Original.png","width":2236,"height":1216,"caption":"Portal Urbano"},"image":{"@id":"https:\/\/experienciadevida.com.ar\/portalurbano\/#\/schema\/logo\/image\/"},"sameAs":["https:\/\/www.facebook.com\/Portal-Urbano-171542830093757\/","https:\/\/twitter.com\/portalurbanook","https:\/\/www.instagram.com\/_portalurbano\/","https:\/\/www.youtube.com\/channel\/UCXhagIfszH8KxFiOok79zbA?view_as=subscriber"]},{"@type":"Person","@id":"https:\/\/experienciadevida.com.ar\/portalurbano\/#\/schema\/person\/02dd326b1c4b056e9cc972486934a3a7","name":"admpu17wp","image":{"@type":"ImageObject","inLanguage":"es","@id":"https:\/\/experienciadevida.com.ar\/portalurbano\/#\/schema\/person\/image\/","url":"https:\/\/secure.gravatar.com\/avatar\/830d4c57adaae6630765e449a6908047?s=96&d=mm&r=g","contentUrl":"https:\/\/secure.gravatar.com\/avatar\/830d4c57adaae6630765e449a6908047?s=96&d=mm&r=g","caption":"admpu17wp"}}]}},"featured_image_urls":{"full":["https:\/\/experienciadevida.com.ar\/portalurbano\/wp-content\/uploads\/2019\/10\/vacuna-752x440.jpg",752,440,false],"thumbnail":["https:\/\/experienciadevida.com.ar\/portalurbano\/wp-content\/uploads\/2019\/10\/vacuna-752x440-150x150.jpg",150,150,true],"medium":["https:\/\/experienciadevida.com.ar\/portalurbano\/wp-content\/uploads\/2019\/10\/vacuna-752x440-300x176.jpg",300,176,true],"medium_large":["https:\/\/experienciadevida.com.ar\/portalurbano\/wp-content\/uploads\/2019\/10\/vacuna-752x440.jpg",640,374,false],"large":["https:\/\/experienciadevida.com.ar\/portalurbano\/wp-content\/uploads\/2019\/10\/vacuna-752x440.jpg",640,374,false],"ug_big":["https:\/\/experienciadevida.com.ar\/portalurbano\/wp-content\/uploads\/2019\/10\/vacuna-752x440.jpg",752,440,false],"1536x1536":["https:\/\/experienciadevida.com.ar\/portalurbano\/wp-content\/uploads\/2019\/10\/vacuna-752x440.jpg",752,440,false],"2048x2048":["https:\/\/experienciadevida.com.ar\/portalurbano\/wp-content\/uploads\/2019\/10\/vacuna-752x440.jpg",752,440,false],"newsever-slider-full":["https:\/\/experienciadevida.com.ar\/portalurbano\/wp-content\/uploads\/2019\/10\/vacuna-752x440.jpg",752,440,false],"newsever-featured":["https:\/\/experienciadevida.com.ar\/portalurbano\/wp-content\/uploads\/2019\/10\/vacuna-752x440.jpg",752,440,false],"newsever-medium":["https:\/\/experienciadevida.com.ar\/portalurbano\/wp-content\/uploads\/2019\/10\/vacuna-752x440.jpg",720,421,false],"web-stories-poster-portrait":["https:\/\/experienciadevida.com.ar\/portalurbano\/wp-content\/uploads\/2019\/10\/vacuna-752x440.jpg",640,374,false],"web-stories-publisher-logo":["https:\/\/experienciadevida.com.ar\/portalurbano\/wp-content\/uploads\/2019\/10\/vacuna-752x440.jpg",96,56,false],"web-stories-thumbnail":["https:\/\/experienciadevida.com.ar\/portalurbano\/wp-content\/uploads\/2019\/10\/vacuna-752x440.jpg",150,88,false]},"author_info":{"display_name":"admpu17wp","author_link":"https:\/\/experienciadevida.com.ar\/portalurbano\/author\/admpu17wp\/"},"category_info":"<a href=\"https:\/\/experienciadevida.com.ar\/portalurbano\/category\/nacion\/\" rel=\"category tag\">Naci\u00f3n<\/a> <a href=\"https:\/\/experienciadevida.com.ar\/portalurbano\/category\/ciudad\/salud\/\" rel=\"category tag\">Salud<\/a>","tag_info":"Salud","comment_count":"0","amp_enabled":true,"_links":{"self":[{"href":"https:\/\/experienciadevida.com.ar\/portalurbano\/wp-json\/wp\/v2\/posts\/105173"}],"collection":[{"href":"https:\/\/experienciadevida.com.ar\/portalurbano\/wp-json\/wp\/v2\/posts"}],"about":[{"href":"https:\/\/experienciadevida.com.ar\/portalurbano\/wp-json\/wp\/v2\/types\/post"}],"author":[{"embeddable":true,"href":"https:\/\/experienciadevida.com.ar\/portalurbano\/wp-json\/wp\/v2\/users\/1"}],"replies":[{"embeddable":true,"href":"https:\/\/experienciadevida.com.ar\/portalurbano\/wp-json\/wp\/v2\/comments?post=105173"}],"version-history":[{"count":1,"href":"https:\/\/experienciadevida.com.ar\/portalurbano\/wp-json\/wp\/v2\/posts\/105173\/revisions"}],"predecessor-version":[{"id":105174,"href":"https:\/\/experienciadevida.com.ar\/portalurbano\/wp-json\/wp\/v2\/posts\/105173\/revisions\/105174"}],"wp:featuredmedia":[{"embeddable":true,"href":"https:\/\/experienciadevida.com.ar\/portalurbano\/wp-json\/wp\/v2\/media\/91924"}],"wp:attachment":[{"href":"https:\/\/experienciadevida.com.ar\/portalurbano\/wp-json\/wp\/v2\/media?parent=105173"}],"wp:term":[{"taxonomy":"category","embeddable":true,"href":"https:\/\/experienciadevida.com.ar\/portalurbano\/wp-json\/wp\/v2\/categories?post=105173"},{"taxonomy":"post_tag","embeddable":true,"href":"https:\/\/experienciadevida.com.ar\/portalurbano\/wp-json\/wp\/v2\/tags?post=105173"}],"curies":[{"name":"wp","href":"https:\/\/api.w.org\/{rel}","templated":true}]}}