{"id":105149,"date":"2020-03-25T15:11:32","date_gmt":"2020-03-25T18:11:32","guid":{"rendered":"https:\/\/experienciadevida.com.ar\/portalurbano\/?p=105149"},"modified":"2020-03-25T15:11:56","modified_gmt":"2020-03-25T18:11:56","slug":"mujer-de-73-anos-muere-en-chaco-y-es-la-octava-victima-fatal-por-coronavirus","status":"publish","type":"post","link":"https:\/\/experienciadevida.com.ar\/portalurbano\/mujer-de-73-anos-muere-en-chaco-y-es-la-octava-victima-fatal-por-coronavirus\/","title":{"rendered":"Mujer de 73 a\u00f1os muere en Chaco y es la octava v\u00edctima fatal por Coronavirus"},"content":{"rendered":"<p>La fallecida ten\u00eda antecedentes de obesidad, diabetes e hipertensi\u00f3n. Su deceso se produjo este mi\u00e9rcoles, informaron fuentes oficiales.<\/p>\n<p>En Chaco falleci\u00f3 una mujer de 73 a\u00f1os con antecedentes de obesidad y diabetes que se encontraba internada en una cl\u00ednica privada de la ciudad de Resistencia, que se convirti\u00f3 en la tercera v\u00edctima fatal en ese distrito del norte del pa\u00eds, se\u00f1al\u00f3 el Ministerio de Salud P\u00fablica de la provincia.<\/p>\n<p>La paciente que falleci\u00f3 hoy en Chaco hab\u00eda ingresado el pasado jueves al centro de salud con un cuadro de insuficiencia respiratorio y permaneci\u00f3 internada hasta que en la noche de ayer se confirm\u00f3 el diagn\u00f3stico de Covid-19, y muri\u00f3 esta ma\u00f1ana.<\/p>\n<p>La mujer, que permanec\u00eda con asistencia respiratoria mec\u00e1nica desde el inicio de su internaci\u00f3n, ten\u00eda diabetes, hipertensi\u00f3n y obesidad, inform\u00f3 la Direcci\u00f3n de Epidemiolog\u00eda local, que se\u00f1al\u00f3 adem\u00e1s que hab\u00eda tenido contacto con un caso confirmado anteriormente.<\/p>\n","protected":false},"excerpt":{"rendered":"<p>La fallecida ten\u00eda antecedentes de obesidad, diabetes e hipertensi\u00f3n. Su deceso se produjo este mi\u00e9rcoles,&#8230;<\/p>\n","protected":false},"author":1,"featured_media":105150,"comment_status":"open","ping_status":"open","sticky":false,"template":"","format":"standard","meta":{"content-type":""},"categories":[71],"tags":[],"nelio_content":{"isAutoShareEnabled":false,"autoShareEndMode":"default","automationSources":{"useContentSentences":true,"useSocialTemplates":true,"useCustomSentences":false,"customSentences":[]},"followers":[1],"suggestedReferences":[],"includedReferences":[],"efiUrl":"","efiAlt":"","highlights":[]},"yoast_head":"<!-- This site is optimized with the Yoast SEO plugin v20.7 - https:\/\/yoast.com\/wordpress\/plugins\/seo\/ -->\n<title>Mujer de 73 a\u00f1os muere en Chaco y es la octava v\u00edctima fatal por Coronavirus -<\/title>\n<meta name=\"robots\" content=\"index, follow, max-snippet:-1, max-image-preview:large, max-video-preview:-1\" \/>\n<link rel=\"canonical\" href=\"https:\/\/experienciadevida.com.ar\/portalurbano\/mujer-de-73-anos-muere-en-chaco-y-es-la-octava-victima-fatal-por-coronavirus\/\" \/>\n<meta property=\"og:locale\" content=\"es_ES\" \/>\n<meta property=\"og:type\" content=\"article\" \/>\n<meta property=\"og:title\" content=\"Mujer de 73 a\u00f1os muere en Chaco y es la octava v\u00edctima fatal por Coronavirus -\" \/>\n<meta property=\"og:description\" content=\"La fallecida ten\u00eda antecedentes de obesidad, diabetes e hipertensi\u00f3n. Su deceso se produjo este mi\u00e9rcoles,...\" \/>\n<meta property=\"og:url\" content=\"https:\/\/experienciadevida.com.ar\/portalurbano\/mujer-de-73-anos-muere-en-chaco-y-es-la-octava-victima-fatal-por-coronavirus\/\" \/>\n<meta property=\"article:publisher\" content=\"https:\/\/www.facebook.com\/Portal-Urbano-171542830093757\/\" \/>\n<meta property=\"article:published_time\" content=\"2020-03-25T18:11:32+00:00\" \/>\n<meta property=\"article:modified_time\" content=\"2020-03-25T18:11:56+00:00\" \/>\n<meta property=\"og:image\" content=\"https:\/\/experienciadevida.com.ar\/portalurbano\/wp-content\/uploads\/2020\/03\/CORONAVIRUS1-2.jpg\" \/>\n\t<meta property=\"og:image:width\" content=\"1140\" \/>\n\t<meta property=\"og:image:height\" content=\"759\" \/>\n\t<meta property=\"og:image:type\" content=\"image\/jpeg\" \/>\n<meta name=\"author\" content=\"admpu17wp\" \/>\n<meta name=\"twitter:card\" content=\"summary_large_image\" \/>\n<meta name=\"twitter:creator\" content=\"@portalurbanook\" \/>\n<meta name=\"twitter:site\" content=\"@portalurbanook\" \/>\n<meta name=\"twitter:label1\" content=\"Escrito por\" \/>\n\t<meta name=\"twitter:data1\" content=\"admpu17wp\" \/>\n\t<meta name=\"twitter:label2\" content=\"Tiempo de lectura\" \/>\n\t<meta name=\"twitter:data2\" content=\"1 minuto\" \/>\n<script type=\"application\/ld+json\" class=\"yoast-schema-graph\">{\"@context\":\"https:\/\/schema.org\",\"@graph\":[{\"@type\":\"Article\",\"@id\":\"https:\/\/experienciadevida.com.ar\/portalurbano\/mujer-de-73-anos-muere-en-chaco-y-es-la-octava-victima-fatal-por-coronavirus\/#article\",\"isPartOf\":{\"@id\":\"https:\/\/experienciadevida.com.ar\/portalurbano\/mujer-de-73-anos-muere-en-chaco-y-es-la-octava-victima-fatal-por-coronavirus\/\"},\"author\":{\"name\":\"admpu17wp\",\"@id\":\"https:\/\/experienciadevida.com.ar\/portalurbano\/#\/schema\/person\/02dd326b1c4b056e9cc972486934a3a7\"},\"headline\":\"Mujer de 73 a\u00f1os muere en Chaco y es la octava v\u00edctima fatal por Coronavirus\",\"datePublished\":\"2020-03-25T18:11:32+00:00\",\"dateModified\":\"2020-03-25T18:11:56+00:00\",\"mainEntityOfPage\":{\"@id\":\"https:\/\/experienciadevida.com.ar\/portalurbano\/mujer-de-73-anos-muere-en-chaco-y-es-la-octava-victima-fatal-por-coronavirus\/\"},\"wordCount\":185,\"commentCount\":0,\"publisher\":{\"@id\":\"https:\/\/experienciadevida.com.ar\/portalurbano\/#organization\"},\"articleSection\":[\"Coronavirus\"],\"inLanguage\":\"es\",\"potentialAction\":[{\"@type\":\"CommentAction\",\"name\":\"Comment\",\"target\":[\"https:\/\/experienciadevida.com.ar\/portalurbano\/mujer-de-73-anos-muere-en-chaco-y-es-la-octava-victima-fatal-por-coronavirus\/#respond\"]}]},{\"@type\":\"WebPage\",\"@id\":\"https:\/\/experienciadevida.com.ar\/portalurbano\/mujer-de-73-anos-muere-en-chaco-y-es-la-octava-victima-fatal-por-coronavirus\/\",\"url\":\"https:\/\/experienciadevida.com.ar\/portalurbano\/mujer-de-73-anos-muere-en-chaco-y-es-la-octava-victima-fatal-por-coronavirus\/\",\"name\":\"Mujer de 73 a\u00f1os muere en Chaco y es la octava v\u00edctima fatal por Coronavirus -\",\"isPartOf\":{\"@id\":\"https:\/\/experienciadevida.com.ar\/portalurbano\/#website\"},\"datePublished\":\"2020-03-25T18:11:32+00:00\",\"dateModified\":\"2020-03-25T18:11:56+00:00\",\"breadcrumb\":{\"@id\":\"https:\/\/experienciadevida.com.ar\/portalurbano\/mujer-de-73-anos-muere-en-chaco-y-es-la-octava-victima-fatal-por-coronavirus\/#breadcrumb\"},\"inLanguage\":\"es\",\"potentialAction\":[{\"@type\":\"ReadAction\",\"target\":[\"https:\/\/experienciadevida.com.ar\/portalurbano\/mujer-de-73-anos-muere-en-chaco-y-es-la-octava-victima-fatal-por-coronavirus\/\"]}]},{\"@type\":\"BreadcrumbList\",\"@id\":\"https:\/\/experienciadevida.com.ar\/portalurbano\/mujer-de-73-anos-muere-en-chaco-y-es-la-octava-victima-fatal-por-coronavirus\/#breadcrumb\",\"itemListElement\":[{\"@type\":\"ListItem\",\"position\":1,\"name\":\"Portada\",\"item\":\"https:\/\/experienciadevida.com.ar\/portalurbano\/\"},{\"@type\":\"ListItem\",\"position\":2,\"name\":\"Mujer de 73 a\u00f1os muere en Chaco y es la octava v\u00edctima fatal por Coronavirus\"}]},{\"@type\":\"WebSite\",\"@id\":\"https:\/\/experienciadevida.com.ar\/portalurbano\/#website\",\"url\":\"https:\/\/experienciadevida.com.ar\/portalurbano\/\",\"name\":\"\",\"description\":\"\",\"publisher\":{\"@id\":\"https:\/\/experienciadevida.com.ar\/portalurbano\/#organization\"},\"potentialAction\":[{\"@type\":\"SearchAction\",\"target\":{\"@type\":\"EntryPoint\",\"urlTemplate\":\"https:\/\/experienciadevida.com.ar\/portalurbano\/?s={search_term_string}\"},\"query-input\":\"required name=search_term_string\"}],\"inLanguage\":\"es\"},{\"@type\":\"Organization\",\"@id\":\"https:\/\/experienciadevida.com.ar\/portalurbano\/#organization\",\"name\":\"Portal Urbano\",\"url\":\"https:\/\/experienciadevida.com.ar\/portalurbano\/\",\"logo\":{\"@type\":\"ImageObject\",\"inLanguage\":\"es\",\"@id\":\"https:\/\/experienciadevida.com.ar\/portalurbano\/#\/schema\/logo\/image\/\",\"url\":\"https:\/\/experienciadevida.com.ar\/portalurbano\/wp-content\/uploads\/2019\/09\/Logo-Original.png\",\"contentUrl\":\"https:\/\/experienciadevida.com.ar\/portalurbano\/wp-content\/uploads\/2019\/09\/Logo-Original.png\",\"width\":2236,\"height\":1216,\"caption\":\"Portal Urbano\"},\"image\":{\"@id\":\"https:\/\/experienciadevida.com.ar\/portalurbano\/#\/schema\/logo\/image\/\"},\"sameAs\":[\"https:\/\/www.facebook.com\/Portal-Urbano-171542830093757\/\",\"https:\/\/twitter.com\/portalurbanook\",\"https:\/\/www.instagram.com\/_portalurbano\/\",\"https:\/\/www.youtube.com\/channel\/UCXhagIfszH8KxFiOok79zbA?view_as=subscriber\"]},{\"@type\":\"Person\",\"@id\":\"https:\/\/experienciadevida.com.ar\/portalurbano\/#\/schema\/person\/02dd326b1c4b056e9cc972486934a3a7\",\"name\":\"admpu17wp\",\"image\":{\"@type\":\"ImageObject\",\"inLanguage\":\"es\",\"@id\":\"https:\/\/experienciadevida.com.ar\/portalurbano\/#\/schema\/person\/image\/\",\"url\":\"https:\/\/secure.gravatar.com\/avatar\/830d4c57adaae6630765e449a6908047?s=96&d=mm&r=g\",\"contentUrl\":\"https:\/\/secure.gravatar.com\/avatar\/830d4c57adaae6630765e449a6908047?s=96&d=mm&r=g\",\"caption\":\"admpu17wp\"}}]}<\/script>\n<!-- \/ Yoast SEO plugin. -->","yoast_head_json":{"title":"Mujer de 73 a\u00f1os muere en Chaco y es la octava v\u00edctima fatal por Coronavirus -","robots":{"index":"index","follow":"follow","max-snippet":"max-snippet:-1","max-image-preview":"max-image-preview:large","max-video-preview":"max-video-preview:-1"},"canonical":"https:\/\/experienciadevida.com.ar\/portalurbano\/mujer-de-73-anos-muere-en-chaco-y-es-la-octava-victima-fatal-por-coronavirus\/","og_locale":"es_ES","og_type":"article","og_title":"Mujer de 73 a\u00f1os muere en Chaco y es la octava v\u00edctima fatal por Coronavirus -","og_description":"La fallecida ten\u00eda antecedentes de obesidad, diabetes e hipertensi\u00f3n. Su deceso se produjo este mi\u00e9rcoles,...","og_url":"https:\/\/experienciadevida.com.ar\/portalurbano\/mujer-de-73-anos-muere-en-chaco-y-es-la-octava-victima-fatal-por-coronavirus\/","article_publisher":"https:\/\/www.facebook.com\/Portal-Urbano-171542830093757\/","article_published_time":"2020-03-25T18:11:32+00:00","article_modified_time":"2020-03-25T18:11:56+00:00","og_image":[{"width":1140,"height":759,"url":"https:\/\/experienciadevida.com.ar\/portalurbano\/wp-content\/uploads\/2020\/03\/CORONAVIRUS1-2.jpg","type":"image\/jpeg"}],"author":"admpu17wp","twitter_card":"summary_large_image","twitter_creator":"@portalurbanook","twitter_site":"@portalurbanook","twitter_misc":{"Escrito por":"admpu17wp","Tiempo de lectura":"1 minuto"},"schema":{"@context":"https:\/\/schema.org","@graph":[{"@type":"Article","@id":"https:\/\/experienciadevida.com.ar\/portalurbano\/mujer-de-73-anos-muere-en-chaco-y-es-la-octava-victima-fatal-por-coronavirus\/#article","isPartOf":{"@id":"https:\/\/experienciadevida.com.ar\/portalurbano\/mujer-de-73-anos-muere-en-chaco-y-es-la-octava-victima-fatal-por-coronavirus\/"},"author":{"name":"admpu17wp","@id":"https:\/\/experienciadevida.com.ar\/portalurbano\/#\/schema\/person\/02dd326b1c4b056e9cc972486934a3a7"},"headline":"Mujer de 73 a\u00f1os muere en Chaco y es la octava v\u00edctima fatal por Coronavirus","datePublished":"2020-03-25T18:11:32+00:00","dateModified":"2020-03-25T18:11:56+00:00","mainEntityOfPage":{"@id":"https:\/\/experienciadevida.com.ar\/portalurbano\/mujer-de-73-anos-muere-en-chaco-y-es-la-octava-victima-fatal-por-coronavirus\/"},"wordCount":185,"commentCount":0,"publisher":{"@id":"https:\/\/experienciadevida.com.ar\/portalurbano\/#organization"},"articleSection":["Coronavirus"],"inLanguage":"es","potentialAction":[{"@type":"CommentAction","name":"Comment","target":["https:\/\/experienciadevida.com.ar\/portalurbano\/mujer-de-73-anos-muere-en-chaco-y-es-la-octava-victima-fatal-por-coronavirus\/#respond"]}]},{"@type":"WebPage","@id":"https:\/\/experienciadevida.com.ar\/portalurbano\/mujer-de-73-anos-muere-en-chaco-y-es-la-octava-victima-fatal-por-coronavirus\/","url":"https:\/\/experienciadevida.com.ar\/portalurbano\/mujer-de-73-anos-muere-en-chaco-y-es-la-octava-victima-fatal-por-coronavirus\/","name":"Mujer de 73 a\u00f1os muere en Chaco y es la octava v\u00edctima fatal por Coronavirus -","isPartOf":{"@id":"https:\/\/experienciadevida.com.ar\/portalurbano\/#website"},"datePublished":"2020-03-25T18:11:32+00:00","dateModified":"2020-03-25T18:11:56+00:00","breadcrumb":{"@id":"https:\/\/experienciadevida.com.ar\/portalurbano\/mujer-de-73-anos-muere-en-chaco-y-es-la-octava-victima-fatal-por-coronavirus\/#breadcrumb"},"inLanguage":"es","potentialAction":[{"@type":"ReadAction","target":["https:\/\/experienciadevida.com.ar\/portalurbano\/mujer-de-73-anos-muere-en-chaco-y-es-la-octava-victima-fatal-por-coronavirus\/"]}]},{"@type":"BreadcrumbList","@id":"https:\/\/experienciadevida.com.ar\/portalurbano\/mujer-de-73-anos-muere-en-chaco-y-es-la-octava-victima-fatal-por-coronavirus\/#breadcrumb","itemListElement":[{"@type":"ListItem","position":1,"name":"Portada","item":"https:\/\/experienciadevida.com.ar\/portalurbano\/"},{"@type":"ListItem","position":2,"name":"Mujer de 73 a\u00f1os muere en Chaco y es la octava v\u00edctima fatal por Coronavirus"}]},{"@type":"WebSite","@id":"https:\/\/experienciadevida.com.ar\/portalurbano\/#website","url":"https:\/\/experienciadevida.com.ar\/portalurbano\/","name":"","description":"","publisher":{"@id":"https:\/\/experienciadevida.com.ar\/portalurbano\/#organization"},"potentialAction":[{"@type":"SearchAction","target":{"@type":"EntryPoint","urlTemplate":"https:\/\/experienciadevida.com.ar\/portalurbano\/?s={search_term_string}"},"query-input":"required name=search_term_string"}],"inLanguage":"es"},{"@type":"Organization","@id":"https:\/\/experienciadevida.com.ar\/portalurbano\/#organization","name":"Portal Urbano","url":"https:\/\/experienciadevida.com.ar\/portalurbano\/","logo":{"@type":"ImageObject","inLanguage":"es","@id":"https:\/\/experienciadevida.com.ar\/portalurbano\/#\/schema\/logo\/image\/","url":"https:\/\/experienciadevida.com.ar\/portalurbano\/wp-content\/uploads\/2019\/09\/Logo-Original.png","contentUrl":"https:\/\/experienciadevida.com.ar\/portalurbano\/wp-content\/uploads\/2019\/09\/Logo-Original.png","width":2236,"height":1216,"caption":"Portal Urbano"},"image":{"@id":"https:\/\/experienciadevida.com.ar\/portalurbano\/#\/schema\/logo\/image\/"},"sameAs":["https:\/\/www.facebook.com\/Portal-Urbano-171542830093757\/","https:\/\/twitter.com\/portalurbanook","https:\/\/www.instagram.com\/_portalurbano\/","https:\/\/www.youtube.com\/channel\/UCXhagIfszH8KxFiOok79zbA?view_as=subscriber"]},{"@type":"Person","@id":"https:\/\/experienciadevida.com.ar\/portalurbano\/#\/schema\/person\/02dd326b1c4b056e9cc972486934a3a7","name":"admpu17wp","image":{"@type":"ImageObject","inLanguage":"es","@id":"https:\/\/experienciadevida.com.ar\/portalurbano\/#\/schema\/person\/image\/","url":"https:\/\/secure.gravatar.com\/avatar\/830d4c57adaae6630765e449a6908047?s=96&d=mm&r=g","contentUrl":"https:\/\/secure.gravatar.com\/avatar\/830d4c57adaae6630765e449a6908047?s=96&d=mm&r=g","caption":"admpu17wp"}}]}},"featured_image_urls":{"full":["https:\/\/experienciadevida.com.ar\/portalurbano\/wp-content\/uploads\/2020\/03\/CORONAVIRUS1-2.jpg",1140,759,false],"thumbnail":["https:\/\/experienciadevida.com.ar\/portalurbano\/wp-content\/uploads\/2020\/03\/CORONAVIRUS1-2-150x150.jpg",150,150,true],"medium":["https:\/\/experienciadevida.com.ar\/portalurbano\/wp-content\/uploads\/2020\/03\/CORONAVIRUS1-2-300x200.jpg",300,200,true],"medium_large":["https:\/\/experienciadevida.com.ar\/portalurbano\/wp-content\/uploads\/2020\/03\/CORONAVIRUS1-2-768x511.jpg",640,426,true],"large":["https:\/\/experienciadevida.com.ar\/portalurbano\/wp-content\/uploads\/2020\/03\/CORONAVIRUS1-2-1024x682.jpg",640,426,true],"ug_big":["https:\/\/experienciadevida.com.ar\/portalurbano\/wp-content\/uploads\/2020\/03\/CORONAVIRUS1-2-768x511.jpg",768,511,true],"1536x1536":["https:\/\/experienciadevida.com.ar\/portalurbano\/wp-content\/uploads\/2020\/03\/CORONAVIRUS1-2.jpg",1140,759,false],"2048x2048":["https:\/\/experienciadevida.com.ar\/portalurbano\/wp-content\/uploads\/2020\/03\/CORONAVIRUS1-2.jpg",1140,759,false],"newsever-slider-full":["https:\/\/experienciadevida.com.ar\/portalurbano\/wp-content\/uploads\/2020\/03\/CORONAVIRUS1-2.jpg",1140,759,false],"newsever-featured":["https:\/\/experienciadevida.com.ar\/portalurbano\/wp-content\/uploads\/2020\/03\/CORONAVIRUS1-2.jpg",1024,682,false],"newsever-medium":["https:\/\/experienciadevida.com.ar\/portalurbano\/wp-content\/uploads\/2020\/03\/CORONAVIRUS1-2.jpg",713,475,false],"web-stories-poster-portrait":["https:\/\/experienciadevida.com.ar\/portalurbano\/wp-content\/uploads\/2020\/03\/CORONAVIRUS1-2.jpg",640,426,false],"web-stories-publisher-logo":["https:\/\/experienciadevida.com.ar\/portalurbano\/wp-content\/uploads\/2020\/03\/CORONAVIRUS1-2.jpg",96,64,false],"web-stories-thumbnail":["https:\/\/experienciadevida.com.ar\/portalurbano\/wp-content\/uploads\/2020\/03\/CORONAVIRUS1-2.jpg",150,100,false]},"author_info":{"display_name":"admpu17wp","author_link":"https:\/\/experienciadevida.com.ar\/portalurbano\/author\/admpu17wp\/"},"category_info":"<a href=\"https:\/\/experienciadevida.com.ar\/portalurbano\/category\/nacion\/coronavirus\/\" rel=\"category tag\">Coronavirus<\/a>","tag_info":"Coronavirus","comment_count":"0","amp_enabled":true,"_links":{"self":[{"href":"https:\/\/experienciadevida.com.ar\/portalurbano\/wp-json\/wp\/v2\/posts\/105149"}],"collection":[{"href":"https:\/\/experienciadevida.com.ar\/portalurbano\/wp-json\/wp\/v2\/posts"}],"about":[{"href":"https:\/\/experienciadevida.com.ar\/portalurbano\/wp-json\/wp\/v2\/types\/post"}],"author":[{"embeddable":true,"href":"https:\/\/experienciadevida.com.ar\/portalurbano\/wp-json\/wp\/v2\/users\/1"}],"replies":[{"embeddable":true,"href":"https:\/\/experienciadevida.com.ar\/portalurbano\/wp-json\/wp\/v2\/comments?post=105149"}],"version-history":[{"count":1,"href":"https:\/\/experienciadevida.com.ar\/portalurbano\/wp-json\/wp\/v2\/posts\/105149\/revisions"}],"predecessor-version":[{"id":105186,"href":"https:\/\/experienciadevida.com.ar\/portalurbano\/wp-json\/wp\/v2\/posts\/105149\/revisions\/105186"}],"wp:featuredmedia":[{"embeddable":true,"href":"https:\/\/experienciadevida.com.ar\/portalurbano\/wp-json\/wp\/v2\/media\/105150"}],"wp:attachment":[{"href":"https:\/\/experienciadevida.com.ar\/portalurbano\/wp-json\/wp\/v2\/media?parent=105149"}],"wp:term":[{"taxonomy":"category","embeddable":true,"href":"https:\/\/experienciadevida.com.ar\/portalurbano\/wp-json\/wp\/v2\/categories?post=105149"},{"taxonomy":"post_tag","embeddable":true,"href":"https:\/\/experienciadevida.com.ar\/portalurbano\/wp-json\/wp\/v2\/tags?post=105149"}],"curies":[{"name":"wp","href":"https:\/\/api.w.org\/{rel}","templated":true}]}}