{"id":105145,"date":"2020-03-25T11:06:51","date_gmt":"2020-03-25T14:06:51","guid":{"rendered":"https:\/\/experienciadevida.com.ar\/portalurbano\/?p=105145"},"modified":"2020-03-26T09:21:57","modified_gmt":"2020-03-26T12:21:57","slug":"coronavirus-en-argentina-nicolas-trotta-aseguro-que-se-esta-evaluando-la-posibilidad-de-continuar-con-la-suspension-de-clases","status":"publish","type":"post","link":"https:\/\/experienciadevida.com.ar\/portalurbano\/coronavirus-en-argentina-nicolas-trotta-aseguro-que-se-esta-evaluando-la-posibilidad-de-continuar-con-la-suspension-de-clases\/","title":{"rendered":"Coronavirus en Argentina: Nicol\u00e1s Trotta asegur\u00f3 que &#8220;se est\u00e1 evaluando la posibilidad de continuar con la suspensi\u00f3n de clases&#8221;"},"content":{"rendered":"<p class=\"interiorCopete\">El titular de la cartera educativa asegur\u00f3 que se est\u00e1n &#8220;preparando para afrontar distintos escenarios&#8221;, ante la pandemia.<\/p>\n<p>El ministro de Educaci\u00f3n, Nicol\u00e1s Trotta, afirm\u00f3 <em>&#8220;que se est\u00e1 evaluando la posibilidad de continuar con la suspensi\u00f3n de clases presenciales&#8221; y agreg\u00f3 que &#8220;nos estamos preparando para afrontar distintos escenarios<\/em>&#8220;, ante la pandemia de coronavirus.<\/p>\n<p>En un comunicado de prensa, el titular de la cartera educativa explic\u00f3 que uno de los principales desaf\u00edos es la continuidad pedag\u00f3gica del proceso de ense\u00f1anza en un escenario impensado meses atr\u00e1s.<\/p>\n<p>&#8220;<em>Debemos ver c\u00f3mo mantenemos el v\u00ednculo de las maestras y maestros con sus alumnos en una diversidad de realidades, no solo econ\u00f3mica o social sino tambi\u00e9n educativa en nuestros hogares&#8221;,<\/em> asever\u00f3.<\/p>\n<p>Como respuesta a la suspensi\u00f3n de clases presenciales establecidas el pasado 16 de marzo, el ministerio de Educaci\u00f3n lanz\u00f3 el programa educativo Seguimos Educando que cuenta con una plataforma educativa digital para todos los niveles: inicial, primario y secundario.<\/p>\n<p>Adem\u00e1s cuenta con una serie de programas de TV y radio para llegar a todos los hogares del pa\u00eds.<\/p>\n<p>Sobre la difusi\u00f3n de contenidos educativos a trav\u00e9s de la televisi\u00f3n o del uso de tecnolog\u00edas, el ministro de Educaci\u00f3n explic\u00f3 que los mismos son tambi\u00e9n para &#8220;<em>canales provinciales y del sector privado&#8221;<\/em> porque &#8220;<em>creemos que la televisi\u00f3n es la herramienta para poder ordenar y escolarizar m\u00e1s nuestra vida&#8221;.<\/em><\/p>\n<p>&#8220;<em>La escuela es irremplazable y el proceso de aprendizaje es muy distinto dentro del aula al que se puede hacer en un hogar&#8221;,<\/em> enfatiz\u00f3 y agreg\u00f3 que <em>&#8220;otro de los desaf\u00edos que se est\u00e1n planteando en Educaci\u00f3n es iniciar un proceso que permita acreditar esos saberes&#8221;.<\/em><\/p>\n<p>En este sentido, el funcionario reconoci\u00f3 que &#8220;<em>ning\u00fan sistema educativo est\u00e1 preparado para un desaf\u00edo como este y hay que ser creativos en los caminos que tenemos que recorrer&#8221;.<\/em><\/p>\n<p>Por \u00faltimo, Trotta destac\u00f3 que los comedores escolares &#8220;siguen funcionando gracias al compromiso de las y los maestros y hay lugares donde no se pas\u00f3 al sistema de viandas a\u00fan, pero se est\u00e1 trabajando para poder hacerlo a la brevedad&#8221;.<\/p>\n<p>&nbsp;<\/p>\n","protected":false},"excerpt":{"rendered":"<p>El titular de la cartera educativa asegur\u00f3 que se est\u00e1n &#8220;preparando para afrontar distintos escenarios&#8221;,&#8230;<\/p>\n","protected":false},"author":1,"featured_media":105146,"comment_status":"open","ping_status":"open","sticky":false,"template":"","format":"standard","meta":{"content-type":""},"categories":[71,31],"tags":[],"nelio_content":{"isAutoShareEnabled":false,"autoShareEndMode":"default","automationSources":{"useContentSentences":true,"useSocialTemplates":true,"useCustomSentences":false,"customSentences":[]},"followers":[1],"suggestedReferences":[],"includedReferences":[],"efiUrl":"","efiAlt":"","highlights":[]},"yoast_head":"<!-- This site is optimized with the Yoast SEO plugin v20.7 - https:\/\/yoast.com\/wordpress\/plugins\/seo\/ -->\n<title>Coronavirus en Argentina: Nicol\u00e1s Trotta asegur\u00f3 que &quot;se est\u00e1 evaluando la posibilidad de continuar con la suspensi\u00f3n de clases&quot; -<\/title>\n<meta name=\"robots\" content=\"index, follow, max-snippet:-1, max-image-preview:large, max-video-preview:-1\" \/>\n<link rel=\"canonical\" href=\"https:\/\/experienciadevida.com.ar\/portalurbano\/coronavirus-en-argentina-nicolas-trotta-aseguro-que-se-esta-evaluando-la-posibilidad-de-continuar-con-la-suspension-de-clases\/\" \/>\n<meta property=\"og:locale\" content=\"es_ES\" \/>\n<meta property=\"og:type\" content=\"article\" \/>\n<meta property=\"og:title\" content=\"Coronavirus en Argentina: Nicol\u00e1s Trotta asegur\u00f3 que &quot;se est\u00e1 evaluando la posibilidad de continuar con la suspensi\u00f3n de clases&quot; -\" \/>\n<meta property=\"og:description\" content=\"El titular de la cartera educativa asegur\u00f3 que se est\u00e1n &#8220;preparando para afrontar distintos escenarios&#8221;,...\" \/>\n<meta property=\"og:url\" content=\"https:\/\/experienciadevida.com.ar\/portalurbano\/coronavirus-en-argentina-nicolas-trotta-aseguro-que-se-esta-evaluando-la-posibilidad-de-continuar-con-la-suspension-de-clases\/\" \/>\n<meta property=\"article:publisher\" content=\"https:\/\/www.facebook.com\/Portal-Urbano-171542830093757\/\" \/>\n<meta property=\"article:published_time\" content=\"2020-03-25T14:06:51+00:00\" \/>\n<meta property=\"article:modified_time\" content=\"2020-03-26T12:21:57+00:00\" \/>\n<meta property=\"og:image\" content=\"https:\/\/experienciadevida.com.ar\/portalurbano\/wp-content\/uploads\/2020\/03\/CLASES-2-e1585145104759.jpg\" \/>\n\t<meta property=\"og:image:width\" content=\"765\" \/>\n\t<meta property=\"og:image:height\" content=\"546\" \/>\n\t<meta property=\"og:image:type\" content=\"image\/jpeg\" \/>\n<meta name=\"author\" content=\"admpu17wp\" \/>\n<meta name=\"twitter:card\" content=\"summary_large_image\" \/>\n<meta name=\"twitter:creator\" content=\"@portalurbanook\" \/>\n<meta name=\"twitter:site\" content=\"@portalurbanook\" \/>\n<meta name=\"twitter:label1\" content=\"Escrito por\" \/>\n\t<meta name=\"twitter:data1\" content=\"admpu17wp\" \/>\n\t<meta name=\"twitter:label2\" content=\"Tiempo de lectura\" \/>\n\t<meta name=\"twitter:data2\" content=\"2 minutos\" \/>\n<script type=\"application\/ld+json\" class=\"yoast-schema-graph\">{\"@context\":\"https:\/\/schema.org\",\"@graph\":[{\"@type\":\"Article\",\"@id\":\"https:\/\/experienciadevida.com.ar\/portalurbano\/coronavirus-en-argentina-nicolas-trotta-aseguro-que-se-esta-evaluando-la-posibilidad-de-continuar-con-la-suspension-de-clases\/#article\",\"isPartOf\":{\"@id\":\"https:\/\/experienciadevida.com.ar\/portalurbano\/coronavirus-en-argentina-nicolas-trotta-aseguro-que-se-esta-evaluando-la-posibilidad-de-continuar-con-la-suspension-de-clases\/\"},\"author\":{\"name\":\"admpu17wp\",\"@id\":\"https:\/\/experienciadevida.com.ar\/portalurbano\/#\/schema\/person\/02dd326b1c4b056e9cc972486934a3a7\"},\"headline\":\"Coronavirus en Argentina: Nicol\u00e1s Trotta asegur\u00f3 que &#8220;se est\u00e1 evaluando la posibilidad de continuar con la suspensi\u00f3n de clases&#8221;\",\"datePublished\":\"2020-03-25T14:06:51+00:00\",\"dateModified\":\"2020-03-26T12:21:57+00:00\",\"mainEntityOfPage\":{\"@id\":\"https:\/\/experienciadevida.com.ar\/portalurbano\/coronavirus-en-argentina-nicolas-trotta-aseguro-que-se-esta-evaluando-la-posibilidad-de-continuar-con-la-suspension-de-clases\/\"},\"wordCount\":390,\"commentCount\":0,\"publisher\":{\"@id\":\"https:\/\/experienciadevida.com.ar\/portalurbano\/#organization\"},\"articleSection\":[\"Coronavirus\",\"Educaci\u00f3n\"],\"inLanguage\":\"es\",\"potentialAction\":[{\"@type\":\"CommentAction\",\"name\":\"Comment\",\"target\":[\"https:\/\/experienciadevida.com.ar\/portalurbano\/coronavirus-en-argentina-nicolas-trotta-aseguro-que-se-esta-evaluando-la-posibilidad-de-continuar-con-la-suspension-de-clases\/#respond\"]}]},{\"@type\":\"WebPage\",\"@id\":\"https:\/\/experienciadevida.com.ar\/portalurbano\/coronavirus-en-argentina-nicolas-trotta-aseguro-que-se-esta-evaluando-la-posibilidad-de-continuar-con-la-suspension-de-clases\/\",\"url\":\"https:\/\/experienciadevida.com.ar\/portalurbano\/coronavirus-en-argentina-nicolas-trotta-aseguro-que-se-esta-evaluando-la-posibilidad-de-continuar-con-la-suspension-de-clases\/\",\"name\":\"Coronavirus en Argentina: Nicol\u00e1s Trotta asegur\u00f3 que \\\"se est\u00e1 evaluando la posibilidad de continuar con la suspensi\u00f3n de clases\\\" -\",\"isPartOf\":{\"@id\":\"https:\/\/experienciadevida.com.ar\/portalurbano\/#website\"},\"datePublished\":\"2020-03-25T14:06:51+00:00\",\"dateModified\":\"2020-03-26T12:21:57+00:00\",\"breadcrumb\":{\"@id\":\"https:\/\/experienciadevida.com.ar\/portalurbano\/coronavirus-en-argentina-nicolas-trotta-aseguro-que-se-esta-evaluando-la-posibilidad-de-continuar-con-la-suspension-de-clases\/#breadcrumb\"},\"inLanguage\":\"es\",\"potentialAction\":[{\"@type\":\"ReadAction\",\"target\":[\"https:\/\/experienciadevida.com.ar\/portalurbano\/coronavirus-en-argentina-nicolas-trotta-aseguro-que-se-esta-evaluando-la-posibilidad-de-continuar-con-la-suspension-de-clases\/\"]}]},{\"@type\":\"BreadcrumbList\",\"@id\":\"https:\/\/experienciadevida.com.ar\/portalurbano\/coronavirus-en-argentina-nicolas-trotta-aseguro-que-se-esta-evaluando-la-posibilidad-de-continuar-con-la-suspension-de-clases\/#breadcrumb\",\"itemListElement\":[{\"@type\":\"ListItem\",\"position\":1,\"name\":\"Portada\",\"item\":\"https:\/\/experienciadevida.com.ar\/portalurbano\/\"},{\"@type\":\"ListItem\",\"position\":2,\"name\":\"Coronavirus en Argentina: Nicol\u00e1s Trotta asegur\u00f3 que \u00abse est\u00e1 evaluando la posibilidad de continuar con la suspensi\u00f3n de clases\u00bb\"}]},{\"@type\":\"WebSite\",\"@id\":\"https:\/\/experienciadevida.com.ar\/portalurbano\/#website\",\"url\":\"https:\/\/experienciadevida.com.ar\/portalurbano\/\",\"name\":\"\",\"description\":\"\",\"publisher\":{\"@id\":\"https:\/\/experienciadevida.com.ar\/portalurbano\/#organization\"},\"potentialAction\":[{\"@type\":\"SearchAction\",\"target\":{\"@type\":\"EntryPoint\",\"urlTemplate\":\"https:\/\/experienciadevida.com.ar\/portalurbano\/?s={search_term_string}\"},\"query-input\":\"required name=search_term_string\"}],\"inLanguage\":\"es\"},{\"@type\":\"Organization\",\"@id\":\"https:\/\/experienciadevida.com.ar\/portalurbano\/#organization\",\"name\":\"Portal Urbano\",\"url\":\"https:\/\/experienciadevida.com.ar\/portalurbano\/\",\"logo\":{\"@type\":\"ImageObject\",\"inLanguage\":\"es\",\"@id\":\"https:\/\/experienciadevida.com.ar\/portalurbano\/#\/schema\/logo\/image\/\",\"url\":\"https:\/\/experienciadevida.com.ar\/portalurbano\/wp-content\/uploads\/2019\/09\/Logo-Original.png\",\"contentUrl\":\"https:\/\/experienciadevida.com.ar\/portalurbano\/wp-content\/uploads\/2019\/09\/Logo-Original.png\",\"width\":2236,\"height\":1216,\"caption\":\"Portal Urbano\"},\"image\":{\"@id\":\"https:\/\/experienciadevida.com.ar\/portalurbano\/#\/schema\/logo\/image\/\"},\"sameAs\":[\"https:\/\/www.facebook.com\/Portal-Urbano-171542830093757\/\",\"https:\/\/twitter.com\/portalurbanook\",\"https:\/\/www.instagram.com\/_portalurbano\/\",\"https:\/\/www.youtube.com\/channel\/UCXhagIfszH8KxFiOok79zbA?view_as=subscriber\"]},{\"@type\":\"Person\",\"@id\":\"https:\/\/experienciadevida.com.ar\/portalurbano\/#\/schema\/person\/02dd326b1c4b056e9cc972486934a3a7\",\"name\":\"admpu17wp\",\"image\":{\"@type\":\"ImageObject\",\"inLanguage\":\"es\",\"@id\":\"https:\/\/experienciadevida.com.ar\/portalurbano\/#\/schema\/person\/image\/\",\"url\":\"https:\/\/secure.gravatar.com\/avatar\/830d4c57adaae6630765e449a6908047?s=96&d=mm&r=g\",\"contentUrl\":\"https:\/\/secure.gravatar.com\/avatar\/830d4c57adaae6630765e449a6908047?s=96&d=mm&r=g\",\"caption\":\"admpu17wp\"}}]}<\/script>\n<!-- \/ Yoast SEO plugin. -->","yoast_head_json":{"title":"Coronavirus en Argentina: Nicol\u00e1s Trotta asegur\u00f3 que \"se est\u00e1 evaluando la posibilidad de continuar con la suspensi\u00f3n de clases\" -","robots":{"index":"index","follow":"follow","max-snippet":"max-snippet:-1","max-image-preview":"max-image-preview:large","max-video-preview":"max-video-preview:-1"},"canonical":"https:\/\/experienciadevida.com.ar\/portalurbano\/coronavirus-en-argentina-nicolas-trotta-aseguro-que-se-esta-evaluando-la-posibilidad-de-continuar-con-la-suspension-de-clases\/","og_locale":"es_ES","og_type":"article","og_title":"Coronavirus en Argentina: Nicol\u00e1s Trotta asegur\u00f3 que \"se est\u00e1 evaluando la posibilidad de continuar con la suspensi\u00f3n de clases\" -","og_description":"El titular de la cartera educativa asegur\u00f3 que se est\u00e1n &#8220;preparando para afrontar distintos escenarios&#8221;,...","og_url":"https:\/\/experienciadevida.com.ar\/portalurbano\/coronavirus-en-argentina-nicolas-trotta-aseguro-que-se-esta-evaluando-la-posibilidad-de-continuar-con-la-suspension-de-clases\/","article_publisher":"https:\/\/www.facebook.com\/Portal-Urbano-171542830093757\/","article_published_time":"2020-03-25T14:06:51+00:00","article_modified_time":"2020-03-26T12:21:57+00:00","og_image":[{"width":765,"height":546,"url":"https:\/\/experienciadevida.com.ar\/portalurbano\/wp-content\/uploads\/2020\/03\/CLASES-2-e1585145104759.jpg","type":"image\/jpeg"}],"author":"admpu17wp","twitter_card":"summary_large_image","twitter_creator":"@portalurbanook","twitter_site":"@portalurbanook","twitter_misc":{"Escrito por":"admpu17wp","Tiempo de lectura":"2 minutos"},"schema":{"@context":"https:\/\/schema.org","@graph":[{"@type":"Article","@id":"https:\/\/experienciadevida.com.ar\/portalurbano\/coronavirus-en-argentina-nicolas-trotta-aseguro-que-se-esta-evaluando-la-posibilidad-de-continuar-con-la-suspension-de-clases\/#article","isPartOf":{"@id":"https:\/\/experienciadevida.com.ar\/portalurbano\/coronavirus-en-argentina-nicolas-trotta-aseguro-que-se-esta-evaluando-la-posibilidad-de-continuar-con-la-suspension-de-clases\/"},"author":{"name":"admpu17wp","@id":"https:\/\/experienciadevida.com.ar\/portalurbano\/#\/schema\/person\/02dd326b1c4b056e9cc972486934a3a7"},"headline":"Coronavirus en Argentina: Nicol\u00e1s Trotta asegur\u00f3 que &#8220;se est\u00e1 evaluando la posibilidad de continuar con la suspensi\u00f3n de clases&#8221;","datePublished":"2020-03-25T14:06:51+00:00","dateModified":"2020-03-26T12:21:57+00:00","mainEntityOfPage":{"@id":"https:\/\/experienciadevida.com.ar\/portalurbano\/coronavirus-en-argentina-nicolas-trotta-aseguro-que-se-esta-evaluando-la-posibilidad-de-continuar-con-la-suspension-de-clases\/"},"wordCount":390,"commentCount":0,"publisher":{"@id":"https:\/\/experienciadevida.com.ar\/portalurbano\/#organization"},"articleSection":["Coronavirus","Educaci\u00f3n"],"inLanguage":"es","potentialAction":[{"@type":"CommentAction","name":"Comment","target":["https:\/\/experienciadevida.com.ar\/portalurbano\/coronavirus-en-argentina-nicolas-trotta-aseguro-que-se-esta-evaluando-la-posibilidad-de-continuar-con-la-suspension-de-clases\/#respond"]}]},{"@type":"WebPage","@id":"https:\/\/experienciadevida.com.ar\/portalurbano\/coronavirus-en-argentina-nicolas-trotta-aseguro-que-se-esta-evaluando-la-posibilidad-de-continuar-con-la-suspension-de-clases\/","url":"https:\/\/experienciadevida.com.ar\/portalurbano\/coronavirus-en-argentina-nicolas-trotta-aseguro-que-se-esta-evaluando-la-posibilidad-de-continuar-con-la-suspension-de-clases\/","name":"Coronavirus en Argentina: Nicol\u00e1s Trotta asegur\u00f3 que \"se est\u00e1 evaluando la posibilidad de continuar con la suspensi\u00f3n de clases\" -","isPartOf":{"@id":"https:\/\/experienciadevida.com.ar\/portalurbano\/#website"},"datePublished":"2020-03-25T14:06:51+00:00","dateModified":"2020-03-26T12:21:57+00:00","breadcrumb":{"@id":"https:\/\/experienciadevida.com.ar\/portalurbano\/coronavirus-en-argentina-nicolas-trotta-aseguro-que-se-esta-evaluando-la-posibilidad-de-continuar-con-la-suspension-de-clases\/#breadcrumb"},"inLanguage":"es","potentialAction":[{"@type":"ReadAction","target":["https:\/\/experienciadevida.com.ar\/portalurbano\/coronavirus-en-argentina-nicolas-trotta-aseguro-que-se-esta-evaluando-la-posibilidad-de-continuar-con-la-suspension-de-clases\/"]}]},{"@type":"BreadcrumbList","@id":"https:\/\/experienciadevida.com.ar\/portalurbano\/coronavirus-en-argentina-nicolas-trotta-aseguro-que-se-esta-evaluando-la-posibilidad-de-continuar-con-la-suspension-de-clases\/#breadcrumb","itemListElement":[{"@type":"ListItem","position":1,"name":"Portada","item":"https:\/\/experienciadevida.com.ar\/portalurbano\/"},{"@type":"ListItem","position":2,"name":"Coronavirus en Argentina: Nicol\u00e1s Trotta asegur\u00f3 que \u00abse est\u00e1 evaluando la posibilidad de continuar con la suspensi\u00f3n de clases\u00bb"}]},{"@type":"WebSite","@id":"https:\/\/experienciadevida.com.ar\/portalurbano\/#website","url":"https:\/\/experienciadevida.com.ar\/portalurbano\/","name":"","description":"","publisher":{"@id":"https:\/\/experienciadevida.com.ar\/portalurbano\/#organization"},"potentialAction":[{"@type":"SearchAction","target":{"@type":"EntryPoint","urlTemplate":"https:\/\/experienciadevida.com.ar\/portalurbano\/?s={search_term_string}"},"query-input":"required name=search_term_string"}],"inLanguage":"es"},{"@type":"Organization","@id":"https:\/\/experienciadevida.com.ar\/portalurbano\/#organization","name":"Portal Urbano","url":"https:\/\/experienciadevida.com.ar\/portalurbano\/","logo":{"@type":"ImageObject","inLanguage":"es","@id":"https:\/\/experienciadevida.com.ar\/portalurbano\/#\/schema\/logo\/image\/","url":"https:\/\/experienciadevida.com.ar\/portalurbano\/wp-content\/uploads\/2019\/09\/Logo-Original.png","contentUrl":"https:\/\/experienciadevida.com.ar\/portalurbano\/wp-content\/uploads\/2019\/09\/Logo-Original.png","width":2236,"height":1216,"caption":"Portal Urbano"},"image":{"@id":"https:\/\/experienciadevida.com.ar\/portalurbano\/#\/schema\/logo\/image\/"},"sameAs":["https:\/\/www.facebook.com\/Portal-Urbano-171542830093757\/","https:\/\/twitter.com\/portalurbanook","https:\/\/www.instagram.com\/_portalurbano\/","https:\/\/www.youtube.com\/channel\/UCXhagIfszH8KxFiOok79zbA?view_as=subscriber"]},{"@type":"Person","@id":"https:\/\/experienciadevida.com.ar\/portalurbano\/#\/schema\/person\/02dd326b1c4b056e9cc972486934a3a7","name":"admpu17wp","image":{"@type":"ImageObject","inLanguage":"es","@id":"https:\/\/experienciadevida.com.ar\/portalurbano\/#\/schema\/person\/image\/","url":"https:\/\/secure.gravatar.com\/avatar\/830d4c57adaae6630765e449a6908047?s=96&d=mm&r=g","contentUrl":"https:\/\/secure.gravatar.com\/avatar\/830d4c57adaae6630765e449a6908047?s=96&d=mm&r=g","caption":"admpu17wp"}}]}},"featured_image_urls":{"full":["https:\/\/experienciadevida.com.ar\/portalurbano\/wp-content\/uploads\/2020\/03\/CLASES-2-e1585145104759.jpg",765,546,false],"thumbnail":["https:\/\/experienciadevida.com.ar\/portalurbano\/wp-content\/uploads\/2020\/03\/CLASES-2-150x150.jpg",150,150,true],"medium":["https:\/\/experienciadevida.com.ar\/portalurbano\/wp-content\/uploads\/2020\/03\/CLASES-2-300x214.jpg",300,214,true],"medium_large":["https:\/\/experienciadevida.com.ar\/portalurbano\/wp-content\/uploads\/2020\/03\/CLASES-2-768x548.jpg",640,457,true],"large":["https:\/\/experienciadevida.com.ar\/portalurbano\/wp-content\/uploads\/2020\/03\/CLASES-2-1024x730.jpg",640,456,true],"ug_big":["https:\/\/experienciadevida.com.ar\/portalurbano\/wp-content\/uploads\/2020\/03\/CLASES-2-768x548.jpg",768,548,true],"1536x1536":["https:\/\/experienciadevida.com.ar\/portalurbano\/wp-content\/uploads\/2020\/03\/CLASES-2-e1585145104759.jpg",765,546,false],"2048x2048":["https:\/\/experienciadevida.com.ar\/portalurbano\/wp-content\/uploads\/2020\/03\/CLASES-2-e1585145104759.jpg",765,546,false],"newsever-slider-full":["https:\/\/experienciadevida.com.ar\/portalurbano\/wp-content\/uploads\/2020\/03\/CLASES-2-e1585145104759.jpg",765,546,false],"newsever-featured":["https:\/\/experienciadevida.com.ar\/portalurbano\/wp-content\/uploads\/2020\/03\/CLASES-2-e1585145104759.jpg",765,546,false],"newsever-medium":["https:\/\/experienciadevida.com.ar\/portalurbano\/wp-content\/uploads\/2020\/03\/CLASES-2-e1585145104759.jpg",666,475,false],"web-stories-poster-portrait":["https:\/\/experienciadevida.com.ar\/portalurbano\/wp-content\/uploads\/2020\/03\/CLASES-2-e1585145104759.jpg",640,457,false],"web-stories-publisher-logo":["https:\/\/experienciadevida.com.ar\/portalurbano\/wp-content\/uploads\/2020\/03\/CLASES-2-e1585145104759.jpg",96,69,false],"web-stories-thumbnail":["https:\/\/experienciadevida.com.ar\/portalurbano\/wp-content\/uploads\/2020\/03\/CLASES-2-e1585145104759.jpg",150,107,false]},"author_info":{"display_name":"admpu17wp","author_link":"https:\/\/experienciadevida.com.ar\/portalurbano\/author\/admpu17wp\/"},"category_info":"<a href=\"https:\/\/experienciadevida.com.ar\/portalurbano\/category\/nacion\/coronavirus\/\" rel=\"category tag\">Coronavirus<\/a> <a href=\"https:\/\/experienciadevida.com.ar\/portalurbano\/category\/ciudad\/educacion\/\" rel=\"category tag\">Educaci\u00f3n<\/a>","tag_info":"Educaci\u00f3n","comment_count":"0","amp_enabled":true,"_links":{"self":[{"href":"https:\/\/experienciadevida.com.ar\/portalurbano\/wp-json\/wp\/v2\/posts\/105145"}],"collection":[{"href":"https:\/\/experienciadevida.com.ar\/portalurbano\/wp-json\/wp\/v2\/posts"}],"about":[{"href":"https:\/\/experienciadevida.com.ar\/portalurbano\/wp-json\/wp\/v2\/types\/post"}],"author":[{"embeddable":true,"href":"https:\/\/experienciadevida.com.ar\/portalurbano\/wp-json\/wp\/v2\/users\/1"}],"replies":[{"embeddable":true,"href":"https:\/\/experienciadevida.com.ar\/portalurbano\/wp-json\/wp\/v2\/comments?post=105145"}],"version-history":[{"count":2,"href":"https:\/\/experienciadevida.com.ar\/portalurbano\/wp-json\/wp\/v2\/posts\/105145\/revisions"}],"predecessor-version":[{"id":105148,"href":"https:\/\/experienciadevida.com.ar\/portalurbano\/wp-json\/wp\/v2\/posts\/105145\/revisions\/105148"}],"wp:featuredmedia":[{"embeddable":true,"href":"https:\/\/experienciadevida.com.ar\/portalurbano\/wp-json\/wp\/v2\/media\/105146"}],"wp:attachment":[{"href":"https:\/\/experienciadevida.com.ar\/portalurbano\/wp-json\/wp\/v2\/media?parent=105145"}],"wp:term":[{"taxonomy":"category","embeddable":true,"href":"https:\/\/experienciadevida.com.ar\/portalurbano\/wp-json\/wp\/v2\/categories?post=105145"},{"taxonomy":"post_tag","embeddable":true,"href":"https:\/\/experienciadevida.com.ar\/portalurbano\/wp-json\/wp\/v2\/tags?post=105145"}],"curies":[{"name":"wp","href":"https:\/\/api.w.org\/{rel}","templated":true}]}}