{"id":105136,"date":"2020-03-25T10:32:05","date_gmt":"2020-03-25T13:32:05","guid":{"rendered":"https:\/\/experienciadevida.com.ar\/portalurbano\/?p=105136"},"modified":"2020-03-26T09:22:06","modified_gmt":"2020-03-26T12:22:06","slug":"murio-mujer-de-81-anos-por-coronavirus-y-es-la-septima-victima-fatal-en-argentina","status":"publish","type":"post","link":"https:\/\/experienciadevida.com.ar\/portalurbano\/murio-mujer-de-81-anos-por-coronavirus-y-es-la-septima-victima-fatal-en-argentina\/","title":{"rendered":"Muri\u00f3 mujer de 81 a\u00f1os por Coronavirus y es la s\u00e9ptima v\u00edctima fatal en Argentina"},"content":{"rendered":"<p>La anciana estaba internada en el sanatorio Otamendi. Su deceso fue confirmado por el gobierno porte\u00f1o.<\/p>\n<p>Una mujer de 81 a\u00f1os que estaba internada en el sanatorio Otamendi de la ciudad de Buenos Aires se convirti\u00f3 hoy en la s\u00e9ptima v\u00edctima fatal de coronavirus en la Argentina, inform\u00f3 en un comunicado el gobierno porte\u00f1o.<\/p>\n<p>El cuadro de la mujer fue notificado como caso positivo ayer, seg\u00fan precis\u00f3 el gobierno porte\u00f1o en un comunicado difundido pasadas las 9.<\/p>\n<p>Adem\u00e1s, se indic\u00f3 que la anciana tuvo &#8220;contacto estrecho&#8221; con un hombre que regres\u00f3 al pa\u00eds desde Estados Unidos el 15 de marzo, de 82 a\u00f1os, que permanece internado en el Sanatorio Agote.<\/p>\n<p>El deceso eleva a tres la cantidad de v\u00edctimas fatales en la Ciudad y a siete en el pa\u00eds.<\/p>\n","protected":false},"excerpt":{"rendered":"<p>La anciana estaba internada en el sanatorio Otamendi. Su deceso fue confirmado por el gobierno&#8230;<\/p>\n","protected":false},"author":1,"featured_media":105137,"comment_status":"open","ping_status":"open","sticky":false,"template":"","format":"standard","meta":{"content-type":""},"categories":[71],"tags":[],"nelio_content":{"isAutoShareEnabled":false,"autoShareEndMode":"default","automationSources":{"useContentSentences":true,"useSocialTemplates":true,"useCustomSentences":false,"customSentences":[]},"followers":[1],"suggestedReferences":[],"includedReferences":[],"efiUrl":"","efiAlt":"","highlights":[]},"yoast_head":"<!-- This site is optimized with the Yoast SEO plugin v20.7 - https:\/\/yoast.com\/wordpress\/plugins\/seo\/ -->\n<title>Muri\u00f3 mujer de 81 a\u00f1os por Coronavirus y es la s\u00e9ptima v\u00edctima fatal en Argentina -<\/title>\n<meta name=\"robots\" content=\"index, follow, max-snippet:-1, max-image-preview:large, max-video-preview:-1\" \/>\n<link rel=\"canonical\" href=\"https:\/\/experienciadevida.com.ar\/portalurbano\/murio-mujer-de-81-anos-por-coronavirus-y-es-la-septima-victima-fatal-en-argentina\/\" \/>\n<meta property=\"og:locale\" content=\"es_ES\" \/>\n<meta property=\"og:type\" content=\"article\" \/>\n<meta property=\"og:title\" content=\"Muri\u00f3 mujer de 81 a\u00f1os por Coronavirus y es la s\u00e9ptima v\u00edctima fatal en Argentina -\" \/>\n<meta property=\"og:description\" content=\"La anciana estaba internada en el sanatorio Otamendi. Su deceso fue confirmado por el gobierno...\" \/>\n<meta property=\"og:url\" content=\"https:\/\/experienciadevida.com.ar\/portalurbano\/murio-mujer-de-81-anos-por-coronavirus-y-es-la-septima-victima-fatal-en-argentina\/\" \/>\n<meta property=\"article:publisher\" content=\"https:\/\/www.facebook.com\/Portal-Urbano-171542830093757\/\" \/>\n<meta property=\"article:published_time\" content=\"2020-03-25T13:32:05+00:00\" \/>\n<meta property=\"article:modified_time\" content=\"2020-03-26T12:22:06+00:00\" \/>\n<meta property=\"og:image\" content=\"https:\/\/experienciadevida.com.ar\/portalurbano\/wp-content\/uploads\/2020\/03\/CORONAVIRUS-6.jpg\" \/>\n\t<meta property=\"og:image:width\" content=\"1140\" \/>\n\t<meta property=\"og:image:height\" content=\"883\" \/>\n\t<meta property=\"og:image:type\" content=\"image\/jpeg\" \/>\n<meta name=\"author\" content=\"admpu17wp\" \/>\n<meta name=\"twitter:card\" content=\"summary_large_image\" \/>\n<meta name=\"twitter:creator\" content=\"@portalurbanook\" \/>\n<meta name=\"twitter:site\" content=\"@portalurbanook\" \/>\n<meta name=\"twitter:label1\" content=\"Escrito por\" \/>\n\t<meta name=\"twitter:data1\" content=\"admpu17wp\" \/>\n\t<meta name=\"twitter:label2\" content=\"Tiempo de lectura\" \/>\n\t<meta name=\"twitter:data2\" content=\"1 minuto\" \/>\n<script type=\"application\/ld+json\" class=\"yoast-schema-graph\">{\"@context\":\"https:\/\/schema.org\",\"@graph\":[{\"@type\":\"Article\",\"@id\":\"https:\/\/experienciadevida.com.ar\/portalurbano\/murio-mujer-de-81-anos-por-coronavirus-y-es-la-septima-victima-fatal-en-argentina\/#article\",\"isPartOf\":{\"@id\":\"https:\/\/experienciadevida.com.ar\/portalurbano\/murio-mujer-de-81-anos-por-coronavirus-y-es-la-septima-victima-fatal-en-argentina\/\"},\"author\":{\"name\":\"admpu17wp\",\"@id\":\"https:\/\/experienciadevida.com.ar\/portalurbano\/#\/schema\/person\/02dd326b1c4b056e9cc972486934a3a7\"},\"headline\":\"Muri\u00f3 mujer de 81 a\u00f1os por Coronavirus y es la s\u00e9ptima v\u00edctima fatal en Argentina\",\"datePublished\":\"2020-03-25T13:32:05+00:00\",\"dateModified\":\"2020-03-26T12:22:06+00:00\",\"mainEntityOfPage\":{\"@id\":\"https:\/\/experienciadevida.com.ar\/portalurbano\/murio-mujer-de-81-anos-por-coronavirus-y-es-la-septima-victima-fatal-en-argentina\/\"},\"wordCount\":154,\"commentCount\":0,\"publisher\":{\"@id\":\"https:\/\/experienciadevida.com.ar\/portalurbano\/#organization\"},\"articleSection\":[\"Coronavirus\"],\"inLanguage\":\"es\",\"potentialAction\":[{\"@type\":\"CommentAction\",\"name\":\"Comment\",\"target\":[\"https:\/\/experienciadevida.com.ar\/portalurbano\/murio-mujer-de-81-anos-por-coronavirus-y-es-la-septima-victima-fatal-en-argentina\/#respond\"]}]},{\"@type\":\"WebPage\",\"@id\":\"https:\/\/experienciadevida.com.ar\/portalurbano\/murio-mujer-de-81-anos-por-coronavirus-y-es-la-septima-victima-fatal-en-argentina\/\",\"url\":\"https:\/\/experienciadevida.com.ar\/portalurbano\/murio-mujer-de-81-anos-por-coronavirus-y-es-la-septima-victima-fatal-en-argentina\/\",\"name\":\"Muri\u00f3 mujer de 81 a\u00f1os por Coronavirus y es la s\u00e9ptima v\u00edctima fatal en Argentina -\",\"isPartOf\":{\"@id\":\"https:\/\/experienciadevida.com.ar\/portalurbano\/#website\"},\"datePublished\":\"2020-03-25T13:32:05+00:00\",\"dateModified\":\"2020-03-26T12:22:06+00:00\",\"breadcrumb\":{\"@id\":\"https:\/\/experienciadevida.com.ar\/portalurbano\/murio-mujer-de-81-anos-por-coronavirus-y-es-la-septima-victima-fatal-en-argentina\/#breadcrumb\"},\"inLanguage\":\"es\",\"potentialAction\":[{\"@type\":\"ReadAction\",\"target\":[\"https:\/\/experienciadevida.com.ar\/portalurbano\/murio-mujer-de-81-anos-por-coronavirus-y-es-la-septima-victima-fatal-en-argentina\/\"]}]},{\"@type\":\"BreadcrumbList\",\"@id\":\"https:\/\/experienciadevida.com.ar\/portalurbano\/murio-mujer-de-81-anos-por-coronavirus-y-es-la-septima-victima-fatal-en-argentina\/#breadcrumb\",\"itemListElement\":[{\"@type\":\"ListItem\",\"position\":1,\"name\":\"Portada\",\"item\":\"https:\/\/experienciadevida.com.ar\/portalurbano\/\"},{\"@type\":\"ListItem\",\"position\":2,\"name\":\"Muri\u00f3 mujer de 81 a\u00f1os por Coronavirus y es la s\u00e9ptima v\u00edctima fatal en Argentina\"}]},{\"@type\":\"WebSite\",\"@id\":\"https:\/\/experienciadevida.com.ar\/portalurbano\/#website\",\"url\":\"https:\/\/experienciadevida.com.ar\/portalurbano\/\",\"name\":\"\",\"description\":\"\",\"publisher\":{\"@id\":\"https:\/\/experienciadevida.com.ar\/portalurbano\/#organization\"},\"potentialAction\":[{\"@type\":\"SearchAction\",\"target\":{\"@type\":\"EntryPoint\",\"urlTemplate\":\"https:\/\/experienciadevida.com.ar\/portalurbano\/?s={search_term_string}\"},\"query-input\":\"required name=search_term_string\"}],\"inLanguage\":\"es\"},{\"@type\":\"Organization\",\"@id\":\"https:\/\/experienciadevida.com.ar\/portalurbano\/#organization\",\"name\":\"Portal Urbano\",\"url\":\"https:\/\/experienciadevida.com.ar\/portalurbano\/\",\"logo\":{\"@type\":\"ImageObject\",\"inLanguage\":\"es\",\"@id\":\"https:\/\/experienciadevida.com.ar\/portalurbano\/#\/schema\/logo\/image\/\",\"url\":\"https:\/\/experienciadevida.com.ar\/portalurbano\/wp-content\/uploads\/2019\/09\/Logo-Original.png\",\"contentUrl\":\"https:\/\/experienciadevida.com.ar\/portalurbano\/wp-content\/uploads\/2019\/09\/Logo-Original.png\",\"width\":2236,\"height\":1216,\"caption\":\"Portal Urbano\"},\"image\":{\"@id\":\"https:\/\/experienciadevida.com.ar\/portalurbano\/#\/schema\/logo\/image\/\"},\"sameAs\":[\"https:\/\/www.facebook.com\/Portal-Urbano-171542830093757\/\",\"https:\/\/twitter.com\/portalurbanook\",\"https:\/\/www.instagram.com\/_portalurbano\/\",\"https:\/\/www.youtube.com\/channel\/UCXhagIfszH8KxFiOok79zbA?view_as=subscriber\"]},{\"@type\":\"Person\",\"@id\":\"https:\/\/experienciadevida.com.ar\/portalurbano\/#\/schema\/person\/02dd326b1c4b056e9cc972486934a3a7\",\"name\":\"admpu17wp\",\"image\":{\"@type\":\"ImageObject\",\"inLanguage\":\"es\",\"@id\":\"https:\/\/experienciadevida.com.ar\/portalurbano\/#\/schema\/person\/image\/\",\"url\":\"https:\/\/secure.gravatar.com\/avatar\/830d4c57adaae6630765e449a6908047?s=96&d=mm&r=g\",\"contentUrl\":\"https:\/\/secure.gravatar.com\/avatar\/830d4c57adaae6630765e449a6908047?s=96&d=mm&r=g\",\"caption\":\"admpu17wp\"}}]}<\/script>\n<!-- \/ Yoast SEO plugin. -->","yoast_head_json":{"title":"Muri\u00f3 mujer de 81 a\u00f1os por Coronavirus y es la s\u00e9ptima v\u00edctima fatal en Argentina -","robots":{"index":"index","follow":"follow","max-snippet":"max-snippet:-1","max-image-preview":"max-image-preview:large","max-video-preview":"max-video-preview:-1"},"canonical":"https:\/\/experienciadevida.com.ar\/portalurbano\/murio-mujer-de-81-anos-por-coronavirus-y-es-la-septima-victima-fatal-en-argentina\/","og_locale":"es_ES","og_type":"article","og_title":"Muri\u00f3 mujer de 81 a\u00f1os por Coronavirus y es la s\u00e9ptima v\u00edctima fatal en Argentina -","og_description":"La anciana estaba internada en el sanatorio Otamendi. Su deceso fue confirmado por el gobierno...","og_url":"https:\/\/experienciadevida.com.ar\/portalurbano\/murio-mujer-de-81-anos-por-coronavirus-y-es-la-septima-victima-fatal-en-argentina\/","article_publisher":"https:\/\/www.facebook.com\/Portal-Urbano-171542830093757\/","article_published_time":"2020-03-25T13:32:05+00:00","article_modified_time":"2020-03-26T12:22:06+00:00","og_image":[{"width":1140,"height":883,"url":"https:\/\/experienciadevida.com.ar\/portalurbano\/wp-content\/uploads\/2020\/03\/CORONAVIRUS-6.jpg","type":"image\/jpeg"}],"author":"admpu17wp","twitter_card":"summary_large_image","twitter_creator":"@portalurbanook","twitter_site":"@portalurbanook","twitter_misc":{"Escrito por":"admpu17wp","Tiempo de lectura":"1 minuto"},"schema":{"@context":"https:\/\/schema.org","@graph":[{"@type":"Article","@id":"https:\/\/experienciadevida.com.ar\/portalurbano\/murio-mujer-de-81-anos-por-coronavirus-y-es-la-septima-victima-fatal-en-argentina\/#article","isPartOf":{"@id":"https:\/\/experienciadevida.com.ar\/portalurbano\/murio-mujer-de-81-anos-por-coronavirus-y-es-la-septima-victima-fatal-en-argentina\/"},"author":{"name":"admpu17wp","@id":"https:\/\/experienciadevida.com.ar\/portalurbano\/#\/schema\/person\/02dd326b1c4b056e9cc972486934a3a7"},"headline":"Muri\u00f3 mujer de 81 a\u00f1os por Coronavirus y es la s\u00e9ptima v\u00edctima fatal en Argentina","datePublished":"2020-03-25T13:32:05+00:00","dateModified":"2020-03-26T12:22:06+00:00","mainEntityOfPage":{"@id":"https:\/\/experienciadevida.com.ar\/portalurbano\/murio-mujer-de-81-anos-por-coronavirus-y-es-la-septima-victima-fatal-en-argentina\/"},"wordCount":154,"commentCount":0,"publisher":{"@id":"https:\/\/experienciadevida.com.ar\/portalurbano\/#organization"},"articleSection":["Coronavirus"],"inLanguage":"es","potentialAction":[{"@type":"CommentAction","name":"Comment","target":["https:\/\/experienciadevida.com.ar\/portalurbano\/murio-mujer-de-81-anos-por-coronavirus-y-es-la-septima-victima-fatal-en-argentina\/#respond"]}]},{"@type":"WebPage","@id":"https:\/\/experienciadevida.com.ar\/portalurbano\/murio-mujer-de-81-anos-por-coronavirus-y-es-la-septima-victima-fatal-en-argentina\/","url":"https:\/\/experienciadevida.com.ar\/portalurbano\/murio-mujer-de-81-anos-por-coronavirus-y-es-la-septima-victima-fatal-en-argentina\/","name":"Muri\u00f3 mujer de 81 a\u00f1os por Coronavirus y es la s\u00e9ptima v\u00edctima fatal en Argentina -","isPartOf":{"@id":"https:\/\/experienciadevida.com.ar\/portalurbano\/#website"},"datePublished":"2020-03-25T13:32:05+00:00","dateModified":"2020-03-26T12:22:06+00:00","breadcrumb":{"@id":"https:\/\/experienciadevida.com.ar\/portalurbano\/murio-mujer-de-81-anos-por-coronavirus-y-es-la-septima-victima-fatal-en-argentina\/#breadcrumb"},"inLanguage":"es","potentialAction":[{"@type":"ReadAction","target":["https:\/\/experienciadevida.com.ar\/portalurbano\/murio-mujer-de-81-anos-por-coronavirus-y-es-la-septima-victima-fatal-en-argentina\/"]}]},{"@type":"BreadcrumbList","@id":"https:\/\/experienciadevida.com.ar\/portalurbano\/murio-mujer-de-81-anos-por-coronavirus-y-es-la-septima-victima-fatal-en-argentina\/#breadcrumb","itemListElement":[{"@type":"ListItem","position":1,"name":"Portada","item":"https:\/\/experienciadevida.com.ar\/portalurbano\/"},{"@type":"ListItem","position":2,"name":"Muri\u00f3 mujer de 81 a\u00f1os por Coronavirus y es la s\u00e9ptima v\u00edctima fatal en Argentina"}]},{"@type":"WebSite","@id":"https:\/\/experienciadevida.com.ar\/portalurbano\/#website","url":"https:\/\/experienciadevida.com.ar\/portalurbano\/","name":"","description":"","publisher":{"@id":"https:\/\/experienciadevida.com.ar\/portalurbano\/#organization"},"potentialAction":[{"@type":"SearchAction","target":{"@type":"EntryPoint","urlTemplate":"https:\/\/experienciadevida.com.ar\/portalurbano\/?s={search_term_string}"},"query-input":"required name=search_term_string"}],"inLanguage":"es"},{"@type":"Organization","@id":"https:\/\/experienciadevida.com.ar\/portalurbano\/#organization","name":"Portal Urbano","url":"https:\/\/experienciadevida.com.ar\/portalurbano\/","logo":{"@type":"ImageObject","inLanguage":"es","@id":"https:\/\/experienciadevida.com.ar\/portalurbano\/#\/schema\/logo\/image\/","url":"https:\/\/experienciadevida.com.ar\/portalurbano\/wp-content\/uploads\/2019\/09\/Logo-Original.png","contentUrl":"https:\/\/experienciadevida.com.ar\/portalurbano\/wp-content\/uploads\/2019\/09\/Logo-Original.png","width":2236,"height":1216,"caption":"Portal Urbano"},"image":{"@id":"https:\/\/experienciadevida.com.ar\/portalurbano\/#\/schema\/logo\/image\/"},"sameAs":["https:\/\/www.facebook.com\/Portal-Urbano-171542830093757\/","https:\/\/twitter.com\/portalurbanook","https:\/\/www.instagram.com\/_portalurbano\/","https:\/\/www.youtube.com\/channel\/UCXhagIfszH8KxFiOok79zbA?view_as=subscriber"]},{"@type":"Person","@id":"https:\/\/experienciadevida.com.ar\/portalurbano\/#\/schema\/person\/02dd326b1c4b056e9cc972486934a3a7","name":"admpu17wp","image":{"@type":"ImageObject","inLanguage":"es","@id":"https:\/\/experienciadevida.com.ar\/portalurbano\/#\/schema\/person\/image\/","url":"https:\/\/secure.gravatar.com\/avatar\/830d4c57adaae6630765e449a6908047?s=96&d=mm&r=g","contentUrl":"https:\/\/secure.gravatar.com\/avatar\/830d4c57adaae6630765e449a6908047?s=96&d=mm&r=g","caption":"admpu17wp"}}]}},"featured_image_urls":{"full":["https:\/\/experienciadevida.com.ar\/portalurbano\/wp-content\/uploads\/2020\/03\/CORONAVIRUS-6.jpg",1140,883,false],"thumbnail":["https:\/\/experienciadevida.com.ar\/portalurbano\/wp-content\/uploads\/2020\/03\/CORONAVIRUS-6-150x150.jpg",150,150,true],"medium":["https:\/\/experienciadevida.com.ar\/portalurbano\/wp-content\/uploads\/2020\/03\/CORONAVIRUS-6-300x232.jpg",300,232,true],"medium_large":["https:\/\/experienciadevida.com.ar\/portalurbano\/wp-content\/uploads\/2020\/03\/CORONAVIRUS-6-768x595.jpg",640,496,true],"large":["https:\/\/experienciadevida.com.ar\/portalurbano\/wp-content\/uploads\/2020\/03\/CORONAVIRUS-6-1024x793.jpg",640,496,true],"ug_big":["https:\/\/experienciadevida.com.ar\/portalurbano\/wp-content\/uploads\/2020\/03\/CORONAVIRUS-6-768x595.jpg",768,595,true],"1536x1536":["https:\/\/experienciadevida.com.ar\/portalurbano\/wp-content\/uploads\/2020\/03\/CORONAVIRUS-6.jpg",1140,883,false],"2048x2048":["https:\/\/experienciadevida.com.ar\/portalurbano\/wp-content\/uploads\/2020\/03\/CORONAVIRUS-6.jpg",1140,883,false],"newsever-slider-full":["https:\/\/experienciadevida.com.ar\/portalurbano\/wp-content\/uploads\/2020\/03\/CORONAVIRUS-6.jpg",1091,845,false],"newsever-featured":["https:\/\/experienciadevida.com.ar\/portalurbano\/wp-content\/uploads\/2020\/03\/CORONAVIRUS-6.jpg",1024,793,false],"newsever-medium":["https:\/\/experienciadevida.com.ar\/portalurbano\/wp-content\/uploads\/2020\/03\/CORONAVIRUS-6.jpg",613,475,false],"web-stories-poster-portrait":["https:\/\/experienciadevida.com.ar\/portalurbano\/wp-content\/uploads\/2020\/03\/CORONAVIRUS-6.jpg",640,496,false],"web-stories-publisher-logo":["https:\/\/experienciadevida.com.ar\/portalurbano\/wp-content\/uploads\/2020\/03\/CORONAVIRUS-6.jpg",96,74,false],"web-stories-thumbnail":["https:\/\/experienciadevida.com.ar\/portalurbano\/wp-content\/uploads\/2020\/03\/CORONAVIRUS-6.jpg",150,116,false]},"author_info":{"display_name":"admpu17wp","author_link":"https:\/\/experienciadevida.com.ar\/portalurbano\/author\/admpu17wp\/"},"category_info":"<a href=\"https:\/\/experienciadevida.com.ar\/portalurbano\/category\/nacion\/coronavirus\/\" rel=\"category tag\">Coronavirus<\/a>","tag_info":"Coronavirus","comment_count":"0","amp_enabled":true,"_links":{"self":[{"href":"https:\/\/experienciadevida.com.ar\/portalurbano\/wp-json\/wp\/v2\/posts\/105136"}],"collection":[{"href":"https:\/\/experienciadevida.com.ar\/portalurbano\/wp-json\/wp\/v2\/posts"}],"about":[{"href":"https:\/\/experienciadevida.com.ar\/portalurbano\/wp-json\/wp\/v2\/types\/post"}],"author":[{"embeddable":true,"href":"https:\/\/experienciadevida.com.ar\/portalurbano\/wp-json\/wp\/v2\/users\/1"}],"replies":[{"embeddable":true,"href":"https:\/\/experienciadevida.com.ar\/portalurbano\/wp-json\/wp\/v2\/comments?post=105136"}],"version-history":[{"count":1,"href":"https:\/\/experienciadevida.com.ar\/portalurbano\/wp-json\/wp\/v2\/posts\/105136\/revisions"}],"predecessor-version":[{"id":105138,"href":"https:\/\/experienciadevida.com.ar\/portalurbano\/wp-json\/wp\/v2\/posts\/105136\/revisions\/105138"}],"wp:featuredmedia":[{"embeddable":true,"href":"https:\/\/experienciadevida.com.ar\/portalurbano\/wp-json\/wp\/v2\/media\/105137"}],"wp:attachment":[{"href":"https:\/\/experienciadevida.com.ar\/portalurbano\/wp-json\/wp\/v2\/media?parent=105136"}],"wp:term":[{"taxonomy":"category","embeddable":true,"href":"https:\/\/experienciadevida.com.ar\/portalurbano\/wp-json\/wp\/v2\/categories?post=105136"},{"taxonomy":"post_tag","embeddable":true,"href":"https:\/\/experienciadevida.com.ar\/portalurbano\/wp-json\/wp\/v2\/tags?post=105136"}],"curies":[{"name":"wp","href":"https:\/\/api.w.org\/{rel}","templated":true}]}}