{"id":105107,"date":"2020-03-25T08:51:16","date_gmt":"2020-03-25T11:51:16","guid":{"rendered":"https:\/\/experienciadevida.com.ar\/portalurbano\/?p=105107"},"modified":"2020-03-25T08:51:16","modified_gmt":"2020-03-25T11:51:16","slug":"en-bolivar-dos-olavarrienses-y-dos-personas-de-nacionalidad-china-fueron-aprehendidos-por-incumplimiento-de-cuarentena","status":"publish","type":"post","link":"https:\/\/experienciadevida.com.ar\/portalurbano\/en-bolivar-dos-olavarrienses-y-dos-personas-de-nacionalidad-china-fueron-aprehendidos-por-incumplimiento-de-cuarentena\/","title":{"rendered":"En Bol\u00edvar dos Olavarrienses y dos personas de nacionalidad China fueron aprehendidos por incumplimiento de cuarentena"},"content":{"rendered":"<p>Este martes la Fiscal\u00eda Federal de Pehuaj\u00f3 imput\u00f3 a un hombre de 56 a\u00f1os y a su hijo\u00a0 de (23), ambos con domicilio en el Cuartel XII de Olavarr\u00eda, tambi\u00e9n hizo lo mismo con Ying Shang, oriundo de Canada que hab\u00eda ingresado a la Argentina el 12 de marzo, procedente de Uruguay y a Lian Duan de nacionalidad China.<\/p>\n<p>Los cuatro infractores se encontraban deambulando juntos en la v\u00eda p\u00fablica sin justificaci\u00f3n alguna y por ellos fueron procesados por infracci\u00f3n a los art\u00edculos 205 y 239 del C\u00f3digo Penal en el d\u00eda de ayer<\/p>\n<p>Desde la Jefatura Distrital comunicaron que las cuatro personas mencionadas fueron trasladadas a la comisar\u00eda local y cumplidos los recaudos legales fueron conducidas con acompa\u00f1amiento policial al domicilio de Olavarr\u00eda indicado por el conductor del rodado, En el caso intervino adem\u00e1s el \u00e1rea zonal de salud de Olavarr\u00eda porque la ciudadana China Yong Shang no cumpli\u00f3 con la cuarentena obligatoria.<\/p>\n<p><img decoding=\"async\" src=\"http:\/\/diariolamanana.com.ar\/galeria\/2020\/Marzo\/24\/2.jpg\" alt=\"\" width=\"100%\" height=\"100%\" \/><\/p>\n<p>Las cuatro personas fueron identificadas en la v\u00eda p\u00fablica por agentes de la Comisaria de Bol\u00edvar, teniendo presente el decreto dispuesto por el Ejecutivo Nacional en el que se prev\u00e9 el aislamiento social, preventivo y obligatorio hasta el 31 de marzo, por razones de emergencia sanitaria, declarada ante el riesgo de expansi\u00f3n del Covid-19 en el pa\u00eds.<\/p>\n","protected":false},"excerpt":{"rendered":"<p>Este martes la Fiscal\u00eda Federal de Pehuaj\u00f3 imput\u00f3 a un hombre de 56 a\u00f1os y&#8230;<\/p>\n","protected":false},"author":1,"featured_media":105108,"comment_status":"open","ping_status":"open","sticky":false,"template":"","format":"standard","meta":{"content-type":""},"categories":[51,40],"tags":[],"nelio_content":{"isAutoShareEnabled":false,"autoShareEndMode":"default","automationSources":{"useContentSentences":true,"useSocialTemplates":true,"useCustomSentences":false,"customSentences":[]},"followers":[1],"suggestedReferences":[],"includedReferences":[],"efiUrl":"","efiAlt":"","highlights":[]},"yoast_head":"<!-- This site is optimized with the Yoast SEO plugin v20.7 - https:\/\/yoast.com\/wordpress\/plugins\/seo\/ -->\n<title>En Bol\u00edvar dos Olavarrienses y dos personas de nacionalidad China fueron aprehendidos por incumplimiento de cuarentena -<\/title>\n<meta name=\"robots\" content=\"index, follow, max-snippet:-1, max-image-preview:large, max-video-preview:-1\" \/>\n<link rel=\"canonical\" href=\"https:\/\/experienciadevida.com.ar\/portalurbano\/en-bolivar-dos-olavarrienses-y-dos-personas-de-nacionalidad-china-fueron-aprehendidos-por-incumplimiento-de-cuarentena\/\" \/>\n<meta property=\"og:locale\" content=\"es_ES\" \/>\n<meta property=\"og:type\" content=\"article\" \/>\n<meta property=\"og:title\" content=\"En Bol\u00edvar dos Olavarrienses y dos personas de nacionalidad China fueron aprehendidos por incumplimiento de cuarentena -\" \/>\n<meta property=\"og:description\" content=\"Este martes la Fiscal\u00eda Federal de Pehuaj\u00f3 imput\u00f3 a un hombre de 56 a\u00f1os y...\" \/>\n<meta property=\"og:url\" content=\"https:\/\/experienciadevida.com.ar\/portalurbano\/en-bolivar-dos-olavarrienses-y-dos-personas-de-nacionalidad-china-fueron-aprehendidos-por-incumplimiento-de-cuarentena\/\" \/>\n<meta property=\"article:publisher\" content=\"https:\/\/www.facebook.com\/Portal-Urbano-171542830093757\/\" \/>\n<meta property=\"article:published_time\" content=\"2020-03-25T11:51:16+00:00\" \/>\n<meta property=\"og:image\" content=\"https:\/\/experienciadevida.com.ar\/portalurbano\/wp-content\/uploads\/2020\/03\/detencion_bolivar-e1585136773685.jpg\" \/>\n\t<meta property=\"og:image:width\" content=\"750\" \/>\n\t<meta property=\"og:image:height\" content=\"422\" \/>\n\t<meta property=\"og:image:type\" content=\"image\/jpeg\" \/>\n<meta name=\"author\" content=\"admpu17wp\" \/>\n<meta name=\"twitter:card\" content=\"summary_large_image\" \/>\n<meta name=\"twitter:creator\" content=\"@portalurbanook\" \/>\n<meta name=\"twitter:site\" content=\"@portalurbanook\" \/>\n<meta name=\"twitter:label1\" content=\"Escrito por\" \/>\n\t<meta name=\"twitter:data1\" content=\"admpu17wp\" \/>\n\t<meta name=\"twitter:label2\" content=\"Tiempo de lectura\" \/>\n\t<meta name=\"twitter:data2\" content=\"1 minuto\" \/>\n<script type=\"application\/ld+json\" class=\"yoast-schema-graph\">{\"@context\":\"https:\/\/schema.org\",\"@graph\":[{\"@type\":\"Article\",\"@id\":\"https:\/\/experienciadevida.com.ar\/portalurbano\/en-bolivar-dos-olavarrienses-y-dos-personas-de-nacionalidad-china-fueron-aprehendidos-por-incumplimiento-de-cuarentena\/#article\",\"isPartOf\":{\"@id\":\"https:\/\/experienciadevida.com.ar\/portalurbano\/en-bolivar-dos-olavarrienses-y-dos-personas-de-nacionalidad-china-fueron-aprehendidos-por-incumplimiento-de-cuarentena\/\"},\"author\":{\"name\":\"admpu17wp\",\"@id\":\"https:\/\/experienciadevida.com.ar\/portalurbano\/#\/schema\/person\/02dd326b1c4b056e9cc972486934a3a7\"},\"headline\":\"En Bol\u00edvar dos Olavarrienses y dos personas de nacionalidad China fueron aprehendidos por incumplimiento de cuarentena\",\"datePublished\":\"2020-03-25T11:51:16+00:00\",\"dateModified\":\"2020-03-25T11:51:16+00:00\",\"mainEntityOfPage\":{\"@id\":\"https:\/\/experienciadevida.com.ar\/portalurbano\/en-bolivar-dos-olavarrienses-y-dos-personas-de-nacionalidad-china-fueron-aprehendidos-por-incumplimiento-de-cuarentena\/\"},\"wordCount\":244,\"commentCount\":0,\"publisher\":{\"@id\":\"https:\/\/experienciadevida.com.ar\/portalurbano\/#organization\"},\"articleSection\":[\"Destacadas\",\"Policiales\"],\"inLanguage\":\"es\",\"potentialAction\":[{\"@type\":\"CommentAction\",\"name\":\"Comment\",\"target\":[\"https:\/\/experienciadevida.com.ar\/portalurbano\/en-bolivar-dos-olavarrienses-y-dos-personas-de-nacionalidad-china-fueron-aprehendidos-por-incumplimiento-de-cuarentena\/#respond\"]}]},{\"@type\":\"WebPage\",\"@id\":\"https:\/\/experienciadevida.com.ar\/portalurbano\/en-bolivar-dos-olavarrienses-y-dos-personas-de-nacionalidad-china-fueron-aprehendidos-por-incumplimiento-de-cuarentena\/\",\"url\":\"https:\/\/experienciadevida.com.ar\/portalurbano\/en-bolivar-dos-olavarrienses-y-dos-personas-de-nacionalidad-china-fueron-aprehendidos-por-incumplimiento-de-cuarentena\/\",\"name\":\"En Bol\u00edvar dos Olavarrienses y dos personas de nacionalidad China fueron aprehendidos por incumplimiento de cuarentena -\",\"isPartOf\":{\"@id\":\"https:\/\/experienciadevida.com.ar\/portalurbano\/#website\"},\"datePublished\":\"2020-03-25T11:51:16+00:00\",\"dateModified\":\"2020-03-25T11:51:16+00:00\",\"breadcrumb\":{\"@id\":\"https:\/\/experienciadevida.com.ar\/portalurbano\/en-bolivar-dos-olavarrienses-y-dos-personas-de-nacionalidad-china-fueron-aprehendidos-por-incumplimiento-de-cuarentena\/#breadcrumb\"},\"inLanguage\":\"es\",\"potentialAction\":[{\"@type\":\"ReadAction\",\"target\":[\"https:\/\/experienciadevida.com.ar\/portalurbano\/en-bolivar-dos-olavarrienses-y-dos-personas-de-nacionalidad-china-fueron-aprehendidos-por-incumplimiento-de-cuarentena\/\"]}]},{\"@type\":\"BreadcrumbList\",\"@id\":\"https:\/\/experienciadevida.com.ar\/portalurbano\/en-bolivar-dos-olavarrienses-y-dos-personas-de-nacionalidad-china-fueron-aprehendidos-por-incumplimiento-de-cuarentena\/#breadcrumb\",\"itemListElement\":[{\"@type\":\"ListItem\",\"position\":1,\"name\":\"Portada\",\"item\":\"https:\/\/experienciadevida.com.ar\/portalurbano\/\"},{\"@type\":\"ListItem\",\"position\":2,\"name\":\"En Bol\u00edvar dos Olavarrienses y dos personas de nacionalidad China fueron aprehendidos por incumplimiento de cuarentena\"}]},{\"@type\":\"WebSite\",\"@id\":\"https:\/\/experienciadevida.com.ar\/portalurbano\/#website\",\"url\":\"https:\/\/experienciadevida.com.ar\/portalurbano\/\",\"name\":\"\",\"description\":\"\",\"publisher\":{\"@id\":\"https:\/\/experienciadevida.com.ar\/portalurbano\/#organization\"},\"potentialAction\":[{\"@type\":\"SearchAction\",\"target\":{\"@type\":\"EntryPoint\",\"urlTemplate\":\"https:\/\/experienciadevida.com.ar\/portalurbano\/?s={search_term_string}\"},\"query-input\":\"required name=search_term_string\"}],\"inLanguage\":\"es\"},{\"@type\":\"Organization\",\"@id\":\"https:\/\/experienciadevida.com.ar\/portalurbano\/#organization\",\"name\":\"Portal Urbano\",\"url\":\"https:\/\/experienciadevida.com.ar\/portalurbano\/\",\"logo\":{\"@type\":\"ImageObject\",\"inLanguage\":\"es\",\"@id\":\"https:\/\/experienciadevida.com.ar\/portalurbano\/#\/schema\/logo\/image\/\",\"url\":\"https:\/\/experienciadevida.com.ar\/portalurbano\/wp-content\/uploads\/2019\/09\/Logo-Original.png\",\"contentUrl\":\"https:\/\/experienciadevida.com.ar\/portalurbano\/wp-content\/uploads\/2019\/09\/Logo-Original.png\",\"width\":2236,\"height\":1216,\"caption\":\"Portal Urbano\"},\"image\":{\"@id\":\"https:\/\/experienciadevida.com.ar\/portalurbano\/#\/schema\/logo\/image\/\"},\"sameAs\":[\"https:\/\/www.facebook.com\/Portal-Urbano-171542830093757\/\",\"https:\/\/twitter.com\/portalurbanook\",\"https:\/\/www.instagram.com\/_portalurbano\/\",\"https:\/\/www.youtube.com\/channel\/UCXhagIfszH8KxFiOok79zbA?view_as=subscriber\"]},{\"@type\":\"Person\",\"@id\":\"https:\/\/experienciadevida.com.ar\/portalurbano\/#\/schema\/person\/02dd326b1c4b056e9cc972486934a3a7\",\"name\":\"admpu17wp\",\"image\":{\"@type\":\"ImageObject\",\"inLanguage\":\"es\",\"@id\":\"https:\/\/experienciadevida.com.ar\/portalurbano\/#\/schema\/person\/image\/\",\"url\":\"https:\/\/secure.gravatar.com\/avatar\/830d4c57adaae6630765e449a6908047?s=96&d=mm&r=g\",\"contentUrl\":\"https:\/\/secure.gravatar.com\/avatar\/830d4c57adaae6630765e449a6908047?s=96&d=mm&r=g\",\"caption\":\"admpu17wp\"}}]}<\/script>\n<!-- \/ Yoast SEO plugin. -->","yoast_head_json":{"title":"En Bol\u00edvar dos Olavarrienses y dos personas de nacionalidad China fueron aprehendidos por incumplimiento de cuarentena -","robots":{"index":"index","follow":"follow","max-snippet":"max-snippet:-1","max-image-preview":"max-image-preview:large","max-video-preview":"max-video-preview:-1"},"canonical":"https:\/\/experienciadevida.com.ar\/portalurbano\/en-bolivar-dos-olavarrienses-y-dos-personas-de-nacionalidad-china-fueron-aprehendidos-por-incumplimiento-de-cuarentena\/","og_locale":"es_ES","og_type":"article","og_title":"En Bol\u00edvar dos Olavarrienses y dos personas de nacionalidad China fueron aprehendidos por incumplimiento de cuarentena -","og_description":"Este martes la Fiscal\u00eda Federal de Pehuaj\u00f3 imput\u00f3 a un hombre de 56 a\u00f1os y...","og_url":"https:\/\/experienciadevida.com.ar\/portalurbano\/en-bolivar-dos-olavarrienses-y-dos-personas-de-nacionalidad-china-fueron-aprehendidos-por-incumplimiento-de-cuarentena\/","article_publisher":"https:\/\/www.facebook.com\/Portal-Urbano-171542830093757\/","article_published_time":"2020-03-25T11:51:16+00:00","og_image":[{"width":750,"height":422,"url":"https:\/\/experienciadevida.com.ar\/portalurbano\/wp-content\/uploads\/2020\/03\/detencion_bolivar-e1585136773685.jpg","type":"image\/jpeg"}],"author":"admpu17wp","twitter_card":"summary_large_image","twitter_creator":"@portalurbanook","twitter_site":"@portalurbanook","twitter_misc":{"Escrito por":"admpu17wp","Tiempo de lectura":"1 minuto"},"schema":{"@context":"https:\/\/schema.org","@graph":[{"@type":"Article","@id":"https:\/\/experienciadevida.com.ar\/portalurbano\/en-bolivar-dos-olavarrienses-y-dos-personas-de-nacionalidad-china-fueron-aprehendidos-por-incumplimiento-de-cuarentena\/#article","isPartOf":{"@id":"https:\/\/experienciadevida.com.ar\/portalurbano\/en-bolivar-dos-olavarrienses-y-dos-personas-de-nacionalidad-china-fueron-aprehendidos-por-incumplimiento-de-cuarentena\/"},"author":{"name":"admpu17wp","@id":"https:\/\/experienciadevida.com.ar\/portalurbano\/#\/schema\/person\/02dd326b1c4b056e9cc972486934a3a7"},"headline":"En Bol\u00edvar dos Olavarrienses y dos personas de nacionalidad China fueron aprehendidos por incumplimiento de cuarentena","datePublished":"2020-03-25T11:51:16+00:00","dateModified":"2020-03-25T11:51:16+00:00","mainEntityOfPage":{"@id":"https:\/\/experienciadevida.com.ar\/portalurbano\/en-bolivar-dos-olavarrienses-y-dos-personas-de-nacionalidad-china-fueron-aprehendidos-por-incumplimiento-de-cuarentena\/"},"wordCount":244,"commentCount":0,"publisher":{"@id":"https:\/\/experienciadevida.com.ar\/portalurbano\/#organization"},"articleSection":["Destacadas","Policiales"],"inLanguage":"es","potentialAction":[{"@type":"CommentAction","name":"Comment","target":["https:\/\/experienciadevida.com.ar\/portalurbano\/en-bolivar-dos-olavarrienses-y-dos-personas-de-nacionalidad-china-fueron-aprehendidos-por-incumplimiento-de-cuarentena\/#respond"]}]},{"@type":"WebPage","@id":"https:\/\/experienciadevida.com.ar\/portalurbano\/en-bolivar-dos-olavarrienses-y-dos-personas-de-nacionalidad-china-fueron-aprehendidos-por-incumplimiento-de-cuarentena\/","url":"https:\/\/experienciadevida.com.ar\/portalurbano\/en-bolivar-dos-olavarrienses-y-dos-personas-de-nacionalidad-china-fueron-aprehendidos-por-incumplimiento-de-cuarentena\/","name":"En Bol\u00edvar dos Olavarrienses y dos personas de nacionalidad China fueron aprehendidos por incumplimiento de cuarentena -","isPartOf":{"@id":"https:\/\/experienciadevida.com.ar\/portalurbano\/#website"},"datePublished":"2020-03-25T11:51:16+00:00","dateModified":"2020-03-25T11:51:16+00:00","breadcrumb":{"@id":"https:\/\/experienciadevida.com.ar\/portalurbano\/en-bolivar-dos-olavarrienses-y-dos-personas-de-nacionalidad-china-fueron-aprehendidos-por-incumplimiento-de-cuarentena\/#breadcrumb"},"inLanguage":"es","potentialAction":[{"@type":"ReadAction","target":["https:\/\/experienciadevida.com.ar\/portalurbano\/en-bolivar-dos-olavarrienses-y-dos-personas-de-nacionalidad-china-fueron-aprehendidos-por-incumplimiento-de-cuarentena\/"]}]},{"@type":"BreadcrumbList","@id":"https:\/\/experienciadevida.com.ar\/portalurbano\/en-bolivar-dos-olavarrienses-y-dos-personas-de-nacionalidad-china-fueron-aprehendidos-por-incumplimiento-de-cuarentena\/#breadcrumb","itemListElement":[{"@type":"ListItem","position":1,"name":"Portada","item":"https:\/\/experienciadevida.com.ar\/portalurbano\/"},{"@type":"ListItem","position":2,"name":"En Bol\u00edvar dos Olavarrienses y dos personas de nacionalidad China fueron aprehendidos por incumplimiento de cuarentena"}]},{"@type":"WebSite","@id":"https:\/\/experienciadevida.com.ar\/portalurbano\/#website","url":"https:\/\/experienciadevida.com.ar\/portalurbano\/","name":"","description":"","publisher":{"@id":"https:\/\/experienciadevida.com.ar\/portalurbano\/#organization"},"potentialAction":[{"@type":"SearchAction","target":{"@type":"EntryPoint","urlTemplate":"https:\/\/experienciadevida.com.ar\/portalurbano\/?s={search_term_string}"},"query-input":"required name=search_term_string"}],"inLanguage":"es"},{"@type":"Organization","@id":"https:\/\/experienciadevida.com.ar\/portalurbano\/#organization","name":"Portal Urbano","url":"https:\/\/experienciadevida.com.ar\/portalurbano\/","logo":{"@type":"ImageObject","inLanguage":"es","@id":"https:\/\/experienciadevida.com.ar\/portalurbano\/#\/schema\/logo\/image\/","url":"https:\/\/experienciadevida.com.ar\/portalurbano\/wp-content\/uploads\/2019\/09\/Logo-Original.png","contentUrl":"https:\/\/experienciadevida.com.ar\/portalurbano\/wp-content\/uploads\/2019\/09\/Logo-Original.png","width":2236,"height":1216,"caption":"Portal Urbano"},"image":{"@id":"https:\/\/experienciadevida.com.ar\/portalurbano\/#\/schema\/logo\/image\/"},"sameAs":["https:\/\/www.facebook.com\/Portal-Urbano-171542830093757\/","https:\/\/twitter.com\/portalurbanook","https:\/\/www.instagram.com\/_portalurbano\/","https:\/\/www.youtube.com\/channel\/UCXhagIfszH8KxFiOok79zbA?view_as=subscriber"]},{"@type":"Person","@id":"https:\/\/experienciadevida.com.ar\/portalurbano\/#\/schema\/person\/02dd326b1c4b056e9cc972486934a3a7","name":"admpu17wp","image":{"@type":"ImageObject","inLanguage":"es","@id":"https:\/\/experienciadevida.com.ar\/portalurbano\/#\/schema\/person\/image\/","url":"https:\/\/secure.gravatar.com\/avatar\/830d4c57adaae6630765e449a6908047?s=96&d=mm&r=g","contentUrl":"https:\/\/secure.gravatar.com\/avatar\/830d4c57adaae6630765e449a6908047?s=96&d=mm&r=g","caption":"admpu17wp"}}]}},"featured_image_urls":{"full":["https:\/\/experienciadevida.com.ar\/portalurbano\/wp-content\/uploads\/2020\/03\/detencion_bolivar-e1585136773685.jpg",750,422,false],"thumbnail":["https:\/\/experienciadevida.com.ar\/portalurbano\/wp-content\/uploads\/2020\/03\/detencion_bolivar-150x150.jpg",150,150,true],"medium":["https:\/\/experienciadevida.com.ar\/portalurbano\/wp-content\/uploads\/2020\/03\/detencion_bolivar-300x169.jpg",300,169,true],"medium_large":["https:\/\/experienciadevida.com.ar\/portalurbano\/wp-content\/uploads\/2020\/03\/detencion_bolivar-768x432.jpg",640,360,true],"large":["https:\/\/experienciadevida.com.ar\/portalurbano\/wp-content\/uploads\/2020\/03\/detencion_bolivar-e1585136773685.jpg",640,360,false],"ug_big":["https:\/\/experienciadevida.com.ar\/portalurbano\/wp-content\/uploads\/2020\/03\/detencion_bolivar-768x432.jpg",768,432,true],"1536x1536":["https:\/\/experienciadevida.com.ar\/portalurbano\/wp-content\/uploads\/2020\/03\/detencion_bolivar-e1585136773685.jpg",750,422,false],"2048x2048":["https:\/\/experienciadevida.com.ar\/portalurbano\/wp-content\/uploads\/2020\/03\/detencion_bolivar-e1585136773685.jpg",750,422,false],"newsever-slider-full":["https:\/\/experienciadevida.com.ar\/portalurbano\/wp-content\/uploads\/2020\/03\/detencion_bolivar-e1585136773685.jpg",750,422,false],"newsever-featured":["https:\/\/experienciadevida.com.ar\/portalurbano\/wp-content\/uploads\/2020\/03\/detencion_bolivar-e1585136773685.jpg",750,422,false],"newsever-medium":["https:\/\/experienciadevida.com.ar\/portalurbano\/wp-content\/uploads\/2020\/03\/detencion_bolivar-e1585136773685.jpg",720,405,false],"web-stories-poster-portrait":["https:\/\/experienciadevida.com.ar\/portalurbano\/wp-content\/uploads\/2020\/03\/detencion_bolivar-e1585136773685.jpg",640,360,false],"web-stories-publisher-logo":["https:\/\/experienciadevida.com.ar\/portalurbano\/wp-content\/uploads\/2020\/03\/detencion_bolivar-e1585136773685.jpg",96,54,false],"web-stories-thumbnail":["https:\/\/experienciadevida.com.ar\/portalurbano\/wp-content\/uploads\/2020\/03\/detencion_bolivar-e1585136773685.jpg",150,84,false]},"author_info":{"display_name":"admpu17wp","author_link":"https:\/\/experienciadevida.com.ar\/portalurbano\/author\/admpu17wp\/"},"category_info":"<a href=\"https:\/\/experienciadevida.com.ar\/portalurbano\/category\/destacadas\/\" rel=\"category tag\">Destacadas<\/a> <a href=\"https:\/\/experienciadevida.com.ar\/portalurbano\/category\/policiales\/\" rel=\"category tag\">Policiales<\/a>","tag_info":"Policiales","comment_count":"0","amp_enabled":true,"_links":{"self":[{"href":"https:\/\/experienciadevida.com.ar\/portalurbano\/wp-json\/wp\/v2\/posts\/105107"}],"collection":[{"href":"https:\/\/experienciadevida.com.ar\/portalurbano\/wp-json\/wp\/v2\/posts"}],"about":[{"href":"https:\/\/experienciadevida.com.ar\/portalurbano\/wp-json\/wp\/v2\/types\/post"}],"author":[{"embeddable":true,"href":"https:\/\/experienciadevida.com.ar\/portalurbano\/wp-json\/wp\/v2\/users\/1"}],"replies":[{"embeddable":true,"href":"https:\/\/experienciadevida.com.ar\/portalurbano\/wp-json\/wp\/v2\/comments?post=105107"}],"version-history":[{"count":2,"href":"https:\/\/experienciadevida.com.ar\/portalurbano\/wp-json\/wp\/v2\/posts\/105107\/revisions"}],"predecessor-version":[{"id":105110,"href":"https:\/\/experienciadevida.com.ar\/portalurbano\/wp-json\/wp\/v2\/posts\/105107\/revisions\/105110"}],"wp:featuredmedia":[{"embeddable":true,"href":"https:\/\/experienciadevida.com.ar\/portalurbano\/wp-json\/wp\/v2\/media\/105108"}],"wp:attachment":[{"href":"https:\/\/experienciadevida.com.ar\/portalurbano\/wp-json\/wp\/v2\/media?parent=105107"}],"wp:term":[{"taxonomy":"category","embeddable":true,"href":"https:\/\/experienciadevida.com.ar\/portalurbano\/wp-json\/wp\/v2\/categories?post=105107"},{"taxonomy":"post_tag","embeddable":true,"href":"https:\/\/experienciadevida.com.ar\/portalurbano\/wp-json\/wp\/v2\/tags?post=105107"}],"curies":[{"name":"wp","href":"https:\/\/api.w.org\/{rel}","templated":true}]}}