{"id":105081,"date":"2020-03-24T14:43:13","date_gmt":"2020-03-24T17:43:13","guid":{"rendered":"https:\/\/experienciadevida.com.ar\/portalurbano\/?p=105081"},"modified":"2020-03-24T14:43:46","modified_gmt":"2020-03-24T17:43:46","slug":"coronovirus-murio-un-hombre-de-71-anos-en-mar-del-plata-y-es-la-quinta-victima-fatal-en-el-pais","status":"publish","type":"post","link":"https:\/\/experienciadevida.com.ar\/portalurbano\/coronovirus-murio-un-hombre-de-71-anos-en-mar-del-plata-y-es-la-quinta-victima-fatal-en-el-pais\/","title":{"rendered":"Coronovirus: muri\u00f3 un hombre de 71 a\u00f1os en Mar del Plata y es la quinta v\u00edctima fatal en el pa\u00eds"},"content":{"rendered":"<p>Se encontraba internado desde el 9 de marzo. Hab\u00eda regresado de un viaje a Espa\u00f1a. Era el primer caso en la ciudad.<\/p>\n<p>Un hombre de 71 a\u00f1os falleci\u00f3 esta ma\u00f1ana en Mar del Plata tras permanecer internado dos semanas luego de haberse contagiado por coronavirus. Es la quinta v\u00edctima fatal en el pa\u00eds que ya tiene m\u00e1s de 300 infectados.<\/p>\n<p>El paciente se encontraba aislado en la Cl\u00ednica 25 de Mayo, cuando el lunes 9 de marzo lleg\u00f3 a la ciudad luego de un viaje por Espa\u00f1a con s\u00edntomas propios de Covid-19. Su contagio fue confirmado tres d\u00edas despu\u00e9s.<\/p>\n<p>Seg\u00fan se supo, al llegar al pa\u00eds abord\u00f3 un \u00f3mnibus que lo llev\u00f3 hasta Mar del Plata y all\u00ed lo busc\u00f3 un amigo, que lo traslad\u00f3 hasta el hospital 25 de Mayo.<\/p>\n<p>Cuando desde el Instituto Malbr\u00e1n llegaron los datos que daban cuenta de que era positivo de coronavirus, el paciente ya se encontraba en grave estado, asistido por respirador artificial debido a una neumon\u00eda bilateral.<\/p>\n<p>En la ciudad de Mar del Plata quedan tres pacientes internados con coronavirus en distintas cl\u00ednicas privadas, y un caso sospechoso que est\u00e1 internado y aislado a la espera de los resultados.<\/p>\n<p>De acuerdo el \u00faltimo parte del Ministerio de Salud, el total de casos confirmados en Argentina es de 301. Ayer fueron confirmados 36 nuevos casos de COVID-19: 11 en la Ciudad Aut\u00f3noma de Buenos Aires, 5 en Provincia de Buenos Aires, 13 en Santa Fe, 3 en C\u00f3rdoba y 4 en Chaco.<\/p>\n","protected":false},"excerpt":{"rendered":"<p>Se encontraba internado desde el 9 de marzo. Hab\u00eda regresado de un viaje a Espa\u00f1a&#8230;.<\/p>\n","protected":false},"author":1,"featured_media":105082,"comment_status":"open","ping_status":"open","sticky":false,"template":"","format":"standard","meta":{"content-type":""},"categories":[71],"tags":[],"nelio_content":{"isAutoShareEnabled":false,"autoShareEndMode":"default","automationSources":{"useContentSentences":true,"useSocialTemplates":true,"useCustomSentences":false,"customSentences":[]},"followers":[1],"suggestedReferences":[],"includedReferences":[],"efiUrl":"","efiAlt":"","highlights":[]},"yoast_head":"<!-- This site is optimized with the Yoast SEO plugin v20.7 - https:\/\/yoast.com\/wordpress\/plugins\/seo\/ -->\n<title>Coronovirus: muri\u00f3 un hombre de 71 a\u00f1os en Mar del Plata y es la quinta v\u00edctima fatal en el pa\u00eds -<\/title>\n<meta name=\"robots\" content=\"index, follow, max-snippet:-1, max-image-preview:large, max-video-preview:-1\" \/>\n<link rel=\"canonical\" href=\"https:\/\/experienciadevida.com.ar\/portalurbano\/coronovirus-murio-un-hombre-de-71-anos-en-mar-del-plata-y-es-la-quinta-victima-fatal-en-el-pais\/\" \/>\n<meta property=\"og:locale\" content=\"es_ES\" \/>\n<meta property=\"og:type\" content=\"article\" \/>\n<meta property=\"og:title\" content=\"Coronovirus: muri\u00f3 un hombre de 71 a\u00f1os en Mar del Plata y es la quinta v\u00edctima fatal en el pa\u00eds -\" \/>\n<meta property=\"og:description\" content=\"Se encontraba internado desde el 9 de marzo. Hab\u00eda regresado de un viaje a Espa\u00f1a....\" \/>\n<meta property=\"og:url\" content=\"https:\/\/experienciadevida.com.ar\/portalurbano\/coronovirus-murio-un-hombre-de-71-anos-en-mar-del-plata-y-es-la-quinta-victima-fatal-en-el-pais\/\" \/>\n<meta property=\"article:publisher\" content=\"https:\/\/www.facebook.com\/Portal-Urbano-171542830093757\/\" \/>\n<meta property=\"article:published_time\" content=\"2020-03-24T17:43:13+00:00\" \/>\n<meta property=\"article:modified_time\" content=\"2020-03-24T17:43:46+00:00\" \/>\n<meta property=\"og:image\" content=\"https:\/\/experienciadevida.com.ar\/portalurbano\/wp-content\/uploads\/2020\/03\/CORONAVIRUS-5-e1585071744212.jpg\" \/>\n\t<meta property=\"og:image:width\" content=\"765\" \/>\n\t<meta property=\"og:image:height\" content=\"428\" \/>\n\t<meta property=\"og:image:type\" content=\"image\/jpeg\" \/>\n<meta name=\"author\" content=\"admpu17wp\" \/>\n<meta name=\"twitter:card\" content=\"summary_large_image\" \/>\n<meta name=\"twitter:creator\" content=\"@portalurbanook\" \/>\n<meta name=\"twitter:site\" content=\"@portalurbanook\" \/>\n<meta name=\"twitter:label1\" content=\"Escrito por\" \/>\n\t<meta name=\"twitter:data1\" content=\"admpu17wp\" \/>\n\t<meta name=\"twitter:label2\" content=\"Tiempo de lectura\" \/>\n\t<meta name=\"twitter:data2\" content=\"1 minuto\" \/>\n<script type=\"application\/ld+json\" class=\"yoast-schema-graph\">{\"@context\":\"https:\/\/schema.org\",\"@graph\":[{\"@type\":\"Article\",\"@id\":\"https:\/\/experienciadevida.com.ar\/portalurbano\/coronovirus-murio-un-hombre-de-71-anos-en-mar-del-plata-y-es-la-quinta-victima-fatal-en-el-pais\/#article\",\"isPartOf\":{\"@id\":\"https:\/\/experienciadevida.com.ar\/portalurbano\/coronovirus-murio-un-hombre-de-71-anos-en-mar-del-plata-y-es-la-quinta-victima-fatal-en-el-pais\/\"},\"author\":{\"name\":\"admpu17wp\",\"@id\":\"https:\/\/experienciadevida.com.ar\/portalurbano\/#\/schema\/person\/02dd326b1c4b056e9cc972486934a3a7\"},\"headline\":\"Coronovirus: muri\u00f3 un hombre de 71 a\u00f1os en Mar del Plata y es la quinta v\u00edctima fatal en el pa\u00eds\",\"datePublished\":\"2020-03-24T17:43:13+00:00\",\"dateModified\":\"2020-03-24T17:43:46+00:00\",\"mainEntityOfPage\":{\"@id\":\"https:\/\/experienciadevida.com.ar\/portalurbano\/coronovirus-murio-un-hombre-de-71-anos-en-mar-del-plata-y-es-la-quinta-victima-fatal-en-el-pais\/\"},\"wordCount\":277,\"commentCount\":0,\"publisher\":{\"@id\":\"https:\/\/experienciadevida.com.ar\/portalurbano\/#organization\"},\"articleSection\":[\"Coronavirus\"],\"inLanguage\":\"es\",\"potentialAction\":[{\"@type\":\"CommentAction\",\"name\":\"Comment\",\"target\":[\"https:\/\/experienciadevida.com.ar\/portalurbano\/coronovirus-murio-un-hombre-de-71-anos-en-mar-del-plata-y-es-la-quinta-victima-fatal-en-el-pais\/#respond\"]}]},{\"@type\":\"WebPage\",\"@id\":\"https:\/\/experienciadevida.com.ar\/portalurbano\/coronovirus-murio-un-hombre-de-71-anos-en-mar-del-plata-y-es-la-quinta-victima-fatal-en-el-pais\/\",\"url\":\"https:\/\/experienciadevida.com.ar\/portalurbano\/coronovirus-murio-un-hombre-de-71-anos-en-mar-del-plata-y-es-la-quinta-victima-fatal-en-el-pais\/\",\"name\":\"Coronovirus: muri\u00f3 un hombre de 71 a\u00f1os en Mar del Plata y es la quinta v\u00edctima fatal en el pa\u00eds -\",\"isPartOf\":{\"@id\":\"https:\/\/experienciadevida.com.ar\/portalurbano\/#website\"},\"datePublished\":\"2020-03-24T17:43:13+00:00\",\"dateModified\":\"2020-03-24T17:43:46+00:00\",\"breadcrumb\":{\"@id\":\"https:\/\/experienciadevida.com.ar\/portalurbano\/coronovirus-murio-un-hombre-de-71-anos-en-mar-del-plata-y-es-la-quinta-victima-fatal-en-el-pais\/#breadcrumb\"},\"inLanguage\":\"es\",\"potentialAction\":[{\"@type\":\"ReadAction\",\"target\":[\"https:\/\/experienciadevida.com.ar\/portalurbano\/coronovirus-murio-un-hombre-de-71-anos-en-mar-del-plata-y-es-la-quinta-victima-fatal-en-el-pais\/\"]}]},{\"@type\":\"BreadcrumbList\",\"@id\":\"https:\/\/experienciadevida.com.ar\/portalurbano\/coronovirus-murio-un-hombre-de-71-anos-en-mar-del-plata-y-es-la-quinta-victima-fatal-en-el-pais\/#breadcrumb\",\"itemListElement\":[{\"@type\":\"ListItem\",\"position\":1,\"name\":\"Portada\",\"item\":\"https:\/\/experienciadevida.com.ar\/portalurbano\/\"},{\"@type\":\"ListItem\",\"position\":2,\"name\":\"Coronovirus: muri\u00f3 un hombre de 71 a\u00f1os en Mar del Plata y es la quinta v\u00edctima fatal en el pa\u00eds\"}]},{\"@type\":\"WebSite\",\"@id\":\"https:\/\/experienciadevida.com.ar\/portalurbano\/#website\",\"url\":\"https:\/\/experienciadevida.com.ar\/portalurbano\/\",\"name\":\"\",\"description\":\"\",\"publisher\":{\"@id\":\"https:\/\/experienciadevida.com.ar\/portalurbano\/#organization\"},\"potentialAction\":[{\"@type\":\"SearchAction\",\"target\":{\"@type\":\"EntryPoint\",\"urlTemplate\":\"https:\/\/experienciadevida.com.ar\/portalurbano\/?s={search_term_string}\"},\"query-input\":\"required name=search_term_string\"}],\"inLanguage\":\"es\"},{\"@type\":\"Organization\",\"@id\":\"https:\/\/experienciadevida.com.ar\/portalurbano\/#organization\",\"name\":\"Portal Urbano\",\"url\":\"https:\/\/experienciadevida.com.ar\/portalurbano\/\",\"logo\":{\"@type\":\"ImageObject\",\"inLanguage\":\"es\",\"@id\":\"https:\/\/experienciadevida.com.ar\/portalurbano\/#\/schema\/logo\/image\/\",\"url\":\"https:\/\/experienciadevida.com.ar\/portalurbano\/wp-content\/uploads\/2019\/09\/Logo-Original.png\",\"contentUrl\":\"https:\/\/experienciadevida.com.ar\/portalurbano\/wp-content\/uploads\/2019\/09\/Logo-Original.png\",\"width\":2236,\"height\":1216,\"caption\":\"Portal Urbano\"},\"image\":{\"@id\":\"https:\/\/experienciadevida.com.ar\/portalurbano\/#\/schema\/logo\/image\/\"},\"sameAs\":[\"https:\/\/www.facebook.com\/Portal-Urbano-171542830093757\/\",\"https:\/\/twitter.com\/portalurbanook\",\"https:\/\/www.instagram.com\/_portalurbano\/\",\"https:\/\/www.youtube.com\/channel\/UCXhagIfszH8KxFiOok79zbA?view_as=subscriber\"]},{\"@type\":\"Person\",\"@id\":\"https:\/\/experienciadevida.com.ar\/portalurbano\/#\/schema\/person\/02dd326b1c4b056e9cc972486934a3a7\",\"name\":\"admpu17wp\",\"image\":{\"@type\":\"ImageObject\",\"inLanguage\":\"es\",\"@id\":\"https:\/\/experienciadevida.com.ar\/portalurbano\/#\/schema\/person\/image\/\",\"url\":\"https:\/\/secure.gravatar.com\/avatar\/830d4c57adaae6630765e449a6908047?s=96&d=mm&r=g\",\"contentUrl\":\"https:\/\/secure.gravatar.com\/avatar\/830d4c57adaae6630765e449a6908047?s=96&d=mm&r=g\",\"caption\":\"admpu17wp\"}}]}<\/script>\n<!-- \/ Yoast SEO plugin. -->","yoast_head_json":{"title":"Coronovirus: muri\u00f3 un hombre de 71 a\u00f1os en Mar del Plata y es la quinta v\u00edctima fatal en el pa\u00eds -","robots":{"index":"index","follow":"follow","max-snippet":"max-snippet:-1","max-image-preview":"max-image-preview:large","max-video-preview":"max-video-preview:-1"},"canonical":"https:\/\/experienciadevida.com.ar\/portalurbano\/coronovirus-murio-un-hombre-de-71-anos-en-mar-del-plata-y-es-la-quinta-victima-fatal-en-el-pais\/","og_locale":"es_ES","og_type":"article","og_title":"Coronovirus: muri\u00f3 un hombre de 71 a\u00f1os en Mar del Plata y es la quinta v\u00edctima fatal en el pa\u00eds -","og_description":"Se encontraba internado desde el 9 de marzo. Hab\u00eda regresado de un viaje a Espa\u00f1a....","og_url":"https:\/\/experienciadevida.com.ar\/portalurbano\/coronovirus-murio-un-hombre-de-71-anos-en-mar-del-plata-y-es-la-quinta-victima-fatal-en-el-pais\/","article_publisher":"https:\/\/www.facebook.com\/Portal-Urbano-171542830093757\/","article_published_time":"2020-03-24T17:43:13+00:00","article_modified_time":"2020-03-24T17:43:46+00:00","og_image":[{"width":765,"height":428,"url":"https:\/\/experienciadevida.com.ar\/portalurbano\/wp-content\/uploads\/2020\/03\/CORONAVIRUS-5-e1585071744212.jpg","type":"image\/jpeg"}],"author":"admpu17wp","twitter_card":"summary_large_image","twitter_creator":"@portalurbanook","twitter_site":"@portalurbanook","twitter_misc":{"Escrito por":"admpu17wp","Tiempo de lectura":"1 minuto"},"schema":{"@context":"https:\/\/schema.org","@graph":[{"@type":"Article","@id":"https:\/\/experienciadevida.com.ar\/portalurbano\/coronovirus-murio-un-hombre-de-71-anos-en-mar-del-plata-y-es-la-quinta-victima-fatal-en-el-pais\/#article","isPartOf":{"@id":"https:\/\/experienciadevida.com.ar\/portalurbano\/coronovirus-murio-un-hombre-de-71-anos-en-mar-del-plata-y-es-la-quinta-victima-fatal-en-el-pais\/"},"author":{"name":"admpu17wp","@id":"https:\/\/experienciadevida.com.ar\/portalurbano\/#\/schema\/person\/02dd326b1c4b056e9cc972486934a3a7"},"headline":"Coronovirus: muri\u00f3 un hombre de 71 a\u00f1os en Mar del Plata y es la quinta v\u00edctima fatal en el pa\u00eds","datePublished":"2020-03-24T17:43:13+00:00","dateModified":"2020-03-24T17:43:46+00:00","mainEntityOfPage":{"@id":"https:\/\/experienciadevida.com.ar\/portalurbano\/coronovirus-murio-un-hombre-de-71-anos-en-mar-del-plata-y-es-la-quinta-victima-fatal-en-el-pais\/"},"wordCount":277,"commentCount":0,"publisher":{"@id":"https:\/\/experienciadevida.com.ar\/portalurbano\/#organization"},"articleSection":["Coronavirus"],"inLanguage":"es","potentialAction":[{"@type":"CommentAction","name":"Comment","target":["https:\/\/experienciadevida.com.ar\/portalurbano\/coronovirus-murio-un-hombre-de-71-anos-en-mar-del-plata-y-es-la-quinta-victima-fatal-en-el-pais\/#respond"]}]},{"@type":"WebPage","@id":"https:\/\/experienciadevida.com.ar\/portalurbano\/coronovirus-murio-un-hombre-de-71-anos-en-mar-del-plata-y-es-la-quinta-victima-fatal-en-el-pais\/","url":"https:\/\/experienciadevida.com.ar\/portalurbano\/coronovirus-murio-un-hombre-de-71-anos-en-mar-del-plata-y-es-la-quinta-victima-fatal-en-el-pais\/","name":"Coronovirus: muri\u00f3 un hombre de 71 a\u00f1os en Mar del Plata y es la quinta v\u00edctima fatal en el pa\u00eds -","isPartOf":{"@id":"https:\/\/experienciadevida.com.ar\/portalurbano\/#website"},"datePublished":"2020-03-24T17:43:13+00:00","dateModified":"2020-03-24T17:43:46+00:00","breadcrumb":{"@id":"https:\/\/experienciadevida.com.ar\/portalurbano\/coronovirus-murio-un-hombre-de-71-anos-en-mar-del-plata-y-es-la-quinta-victima-fatal-en-el-pais\/#breadcrumb"},"inLanguage":"es","potentialAction":[{"@type":"ReadAction","target":["https:\/\/experienciadevida.com.ar\/portalurbano\/coronovirus-murio-un-hombre-de-71-anos-en-mar-del-plata-y-es-la-quinta-victima-fatal-en-el-pais\/"]}]},{"@type":"BreadcrumbList","@id":"https:\/\/experienciadevida.com.ar\/portalurbano\/coronovirus-murio-un-hombre-de-71-anos-en-mar-del-plata-y-es-la-quinta-victima-fatal-en-el-pais\/#breadcrumb","itemListElement":[{"@type":"ListItem","position":1,"name":"Portada","item":"https:\/\/experienciadevida.com.ar\/portalurbano\/"},{"@type":"ListItem","position":2,"name":"Coronovirus: muri\u00f3 un hombre de 71 a\u00f1os en Mar del Plata y es la quinta v\u00edctima fatal en el pa\u00eds"}]},{"@type":"WebSite","@id":"https:\/\/experienciadevida.com.ar\/portalurbano\/#website","url":"https:\/\/experienciadevida.com.ar\/portalurbano\/","name":"","description":"","publisher":{"@id":"https:\/\/experienciadevida.com.ar\/portalurbano\/#organization"},"potentialAction":[{"@type":"SearchAction","target":{"@type":"EntryPoint","urlTemplate":"https:\/\/experienciadevida.com.ar\/portalurbano\/?s={search_term_string}"},"query-input":"required name=search_term_string"}],"inLanguage":"es"},{"@type":"Organization","@id":"https:\/\/experienciadevida.com.ar\/portalurbano\/#organization","name":"Portal Urbano","url":"https:\/\/experienciadevida.com.ar\/portalurbano\/","logo":{"@type":"ImageObject","inLanguage":"es","@id":"https:\/\/experienciadevida.com.ar\/portalurbano\/#\/schema\/logo\/image\/","url":"https:\/\/experienciadevida.com.ar\/portalurbano\/wp-content\/uploads\/2019\/09\/Logo-Original.png","contentUrl":"https:\/\/experienciadevida.com.ar\/portalurbano\/wp-content\/uploads\/2019\/09\/Logo-Original.png","width":2236,"height":1216,"caption":"Portal Urbano"},"image":{"@id":"https:\/\/experienciadevida.com.ar\/portalurbano\/#\/schema\/logo\/image\/"},"sameAs":["https:\/\/www.facebook.com\/Portal-Urbano-171542830093757\/","https:\/\/twitter.com\/portalurbanook","https:\/\/www.instagram.com\/_portalurbano\/","https:\/\/www.youtube.com\/channel\/UCXhagIfszH8KxFiOok79zbA?view_as=subscriber"]},{"@type":"Person","@id":"https:\/\/experienciadevida.com.ar\/portalurbano\/#\/schema\/person\/02dd326b1c4b056e9cc972486934a3a7","name":"admpu17wp","image":{"@type":"ImageObject","inLanguage":"es","@id":"https:\/\/experienciadevida.com.ar\/portalurbano\/#\/schema\/person\/image\/","url":"https:\/\/secure.gravatar.com\/avatar\/830d4c57adaae6630765e449a6908047?s=96&d=mm&r=g","contentUrl":"https:\/\/secure.gravatar.com\/avatar\/830d4c57adaae6630765e449a6908047?s=96&d=mm&r=g","caption":"admpu17wp"}}]}},"featured_image_urls":{"full":["https:\/\/experienciadevida.com.ar\/portalurbano\/wp-content\/uploads\/2020\/03\/CORONAVIRUS-5-e1585071744212.jpg",765,428,false],"thumbnail":["https:\/\/experienciadevida.com.ar\/portalurbano\/wp-content\/uploads\/2020\/03\/CORONAVIRUS-5-150x150.jpg",150,150,true],"medium":["https:\/\/experienciadevida.com.ar\/portalurbano\/wp-content\/uploads\/2020\/03\/CORONAVIRUS-5-300x168.jpg",300,168,true],"medium_large":["https:\/\/experienciadevida.com.ar\/portalurbano\/wp-content\/uploads\/2020\/03\/CORONAVIRUS-5-768x430.jpg",640,358,true],"large":["https:\/\/experienciadevida.com.ar\/portalurbano\/wp-content\/uploads\/2020\/03\/CORONAVIRUS-5-1024x573.jpg",640,358,true],"ug_big":["https:\/\/experienciadevida.com.ar\/portalurbano\/wp-content\/uploads\/2020\/03\/CORONAVIRUS-5-768x430.jpg",768,430,true],"1536x1536":["https:\/\/experienciadevida.com.ar\/portalurbano\/wp-content\/uploads\/2020\/03\/CORONAVIRUS-5-e1585071744212.jpg",765,428,false],"2048x2048":["https:\/\/experienciadevida.com.ar\/portalurbano\/wp-content\/uploads\/2020\/03\/CORONAVIRUS-5-e1585071744212.jpg",765,428,false],"newsever-slider-full":["https:\/\/experienciadevida.com.ar\/portalurbano\/wp-content\/uploads\/2020\/03\/CORONAVIRUS-5-e1585071744212.jpg",765,428,false],"newsever-featured":["https:\/\/experienciadevida.com.ar\/portalurbano\/wp-content\/uploads\/2020\/03\/CORONAVIRUS-5-e1585071744212.jpg",765,428,false],"newsever-medium":["https:\/\/experienciadevida.com.ar\/portalurbano\/wp-content\/uploads\/2020\/03\/CORONAVIRUS-5-e1585071744212.jpg",720,403,false],"web-stories-poster-portrait":["https:\/\/experienciadevida.com.ar\/portalurbano\/wp-content\/uploads\/2020\/03\/CORONAVIRUS-5-e1585071744212.jpg",640,358,false],"web-stories-publisher-logo":["https:\/\/experienciadevida.com.ar\/portalurbano\/wp-content\/uploads\/2020\/03\/CORONAVIRUS-5-e1585071744212.jpg",96,54,false],"web-stories-thumbnail":["https:\/\/experienciadevida.com.ar\/portalurbano\/wp-content\/uploads\/2020\/03\/CORONAVIRUS-5-e1585071744212.jpg",150,84,false]},"author_info":{"display_name":"admpu17wp","author_link":"https:\/\/experienciadevida.com.ar\/portalurbano\/author\/admpu17wp\/"},"category_info":"<a href=\"https:\/\/experienciadevida.com.ar\/portalurbano\/category\/nacion\/coronavirus\/\" rel=\"category tag\">Coronavirus<\/a>","tag_info":"Coronavirus","comment_count":"0","amp_enabled":true,"_links":{"self":[{"href":"https:\/\/experienciadevida.com.ar\/portalurbano\/wp-json\/wp\/v2\/posts\/105081"}],"collection":[{"href":"https:\/\/experienciadevida.com.ar\/portalurbano\/wp-json\/wp\/v2\/posts"}],"about":[{"href":"https:\/\/experienciadevida.com.ar\/portalurbano\/wp-json\/wp\/v2\/types\/post"}],"author":[{"embeddable":true,"href":"https:\/\/experienciadevida.com.ar\/portalurbano\/wp-json\/wp\/v2\/users\/1"}],"replies":[{"embeddable":true,"href":"https:\/\/experienciadevida.com.ar\/portalurbano\/wp-json\/wp\/v2\/comments?post=105081"}],"version-history":[{"count":1,"href":"https:\/\/experienciadevida.com.ar\/portalurbano\/wp-json\/wp\/v2\/posts\/105081\/revisions"}],"predecessor-version":[{"id":105083,"href":"https:\/\/experienciadevida.com.ar\/portalurbano\/wp-json\/wp\/v2\/posts\/105081\/revisions\/105083"}],"wp:featuredmedia":[{"embeddable":true,"href":"https:\/\/experienciadevida.com.ar\/portalurbano\/wp-json\/wp\/v2\/media\/105082"}],"wp:attachment":[{"href":"https:\/\/experienciadevida.com.ar\/portalurbano\/wp-json\/wp\/v2\/media?parent=105081"}],"wp:term":[{"taxonomy":"category","embeddable":true,"href":"https:\/\/experienciadevida.com.ar\/portalurbano\/wp-json\/wp\/v2\/categories?post=105081"},{"taxonomy":"post_tag","embeddable":true,"href":"https:\/\/experienciadevida.com.ar\/portalurbano\/wp-json\/wp\/v2\/tags?post=105081"}],"curies":[{"name":"wp","href":"https:\/\/api.w.org\/{rel}","templated":true}]}}