{"id":105015,"date":"2020-03-23T19:01:08","date_gmt":"2020-03-23T22:01:08","guid":{"rendered":"https:\/\/experienciadevida.com.ar\/portalurbano\/?p=105015"},"modified":"2020-03-23T19:01:38","modified_gmt":"2020-03-23T22:01:38","slug":"alberto-fernandez-les-pedi-a-los-intendentes-que-nos-ayuden-a-controlar-el-cumplimiento-del-aislamiento","status":"publish","type":"post","link":"https:\/\/experienciadevida.com.ar\/portalurbano\/alberto-fernandez-les-pedi-a-los-intendentes-que-nos-ayuden-a-controlar-el-cumplimiento-del-aislamiento\/","title":{"rendered":"Alberto Fern\u00e1ndez: &#8220;Les ped\u00ed a los intendentes que nos ayuden a controlar el cumplimiento del aislamiento&#8221;"},"content":{"rendered":"<p>El presidente qued\u00f3 &#8220;muy conforme&#8221; con la reuni\u00f3n que mantuvo con los intendentes y volvi\u00f3 a destacar que &#8220;no tiene ning\u00fan sentido el estado de sitio&#8221;.<\/p>\n<p>El presidente Alberto Fern\u00e1ndez pidi\u00f3 a los intendentes que lo &#8220;ayuden&#8221; a &#8220;controlar el cumplimiento&#8221; del aislamiento y que todos sean &#8220;absolutamente estrictos&#8221; y lament\u00f3 que siga habiendo &#8220;sinverg\u00faenzas que se aprovechan de la situaci\u00f3n de crisis para hacer su propio negocio y ganar dinero a costa de qui\u00e9n lo necesita&#8221;.<\/p>\n<p>Fern\u00e1ndez asegur\u00f3 hoy que qued\u00f3 &#8220;muy conforme&#8221; con la respuesta de los intendentes, porque &#8220;el compromiso fue muy grande&#8221;.<\/p>\n<p>En cuanto al refuerzo de los controles, el presidente afirm\u00f3 hoy que &#8220;<em>no tiene ning\u00fan sentido el estado de sitio&#8221;<\/em>, ya que <em>&#8220;con que se haga lo que se tiene que hacer alcanza&#8221;.<\/em><\/p>\n<p>El jefe de Estado afirm\u00f3 que &#8220;<em>quienes piden estado de sitio son los que no quieren asumir la responsabilidad que tienen&#8221;<\/em>, al tiempo que record\u00f3 que &#8220;<em>se va a actuar severamente&#8221;<\/em> con &#8220;<em>normas penales&#8221;<\/em> a quienes no cumplan con las restricciones impuestas en el marco del aislamiento obligatorio.<\/p>\n<p>En cuanto a las medidas tomadas para mitigar el impacto econ\u00f3mico y social, el presidente dijo hoy que sus mayores preocupaciones en la emergencia por el coronavirus son que &#8220;<em>ninguna persona pase hambre, que todos tengan recursos para estar tranquilos en sus casas y que la econom\u00eda no se paralice totalmente&#8221;.<\/em><\/p>\n<p><em>\u201cSi el dilema es la econom\u00eda o la vida yo elijo la vida\u201d,<\/em> ratific\u00f3.<\/p>\n<p><em>\u201cHay que entender que estamos en una situaci\u00f3n muy delicada, que el mundo est\u00e1 enfrentado una pandemia que est\u00e1 matando gente en todo el mundo; el virus contra todo lo que se pronosticaba se traslad\u00f3 a Am\u00e9rica Latina y empezamos a recibir el contagio de los que ven\u00edan de Europa y nos puso a prueba\u201d.<\/em><\/p>\n<p>&nbsp;<\/p>\n","protected":false},"excerpt":{"rendered":"<p>El presidente qued\u00f3 &#8220;muy conforme&#8221; con la reuni\u00f3n que mantuvo con los intendentes y volvi\u00f3&#8230;<\/p>\n","protected":false},"author":1,"featured_media":105016,"comment_status":"open","ping_status":"open","sticky":false,"template":"","format":"standard","meta":{"content-type":""},"categories":[71],"tags":[],"nelio_content":{"isAutoShareEnabled":false,"autoShareEndMode":"default","automationSources":{"useContentSentences":true,"useSocialTemplates":true,"useCustomSentences":false,"customSentences":[]},"followers":[1],"suggestedReferences":[],"includedReferences":[],"efiUrl":"","efiAlt":"","highlights":[]},"yoast_head":"<!-- This site is optimized with the Yoast SEO plugin v20.7 - https:\/\/yoast.com\/wordpress\/plugins\/seo\/ -->\n<title>Alberto Fern\u00e1ndez: &quot;Les ped\u00ed a los intendentes que nos ayuden a controlar el cumplimiento del aislamiento&quot; -<\/title>\n<meta name=\"robots\" content=\"index, follow, max-snippet:-1, max-image-preview:large, max-video-preview:-1\" \/>\n<link rel=\"canonical\" href=\"https:\/\/experienciadevida.com.ar\/portalurbano\/alberto-fernandez-les-pedi-a-los-intendentes-que-nos-ayuden-a-controlar-el-cumplimiento-del-aislamiento\/\" \/>\n<meta property=\"og:locale\" content=\"es_ES\" \/>\n<meta property=\"og:type\" content=\"article\" \/>\n<meta property=\"og:title\" content=\"Alberto Fern\u00e1ndez: &quot;Les ped\u00ed a los intendentes que nos ayuden a controlar el cumplimiento del aislamiento&quot; -\" \/>\n<meta property=\"og:description\" content=\"El presidente qued\u00f3 &#8220;muy conforme&#8221; con la reuni\u00f3n que mantuvo con los intendentes y volvi\u00f3...\" \/>\n<meta property=\"og:url\" content=\"https:\/\/experienciadevida.com.ar\/portalurbano\/alberto-fernandez-les-pedi-a-los-intendentes-que-nos-ayuden-a-controlar-el-cumplimiento-del-aislamiento\/\" \/>\n<meta property=\"article:publisher\" content=\"https:\/\/www.facebook.com\/Portal-Urbano-171542830093757\/\" \/>\n<meta property=\"article:published_time\" content=\"2020-03-23T22:01:08+00:00\" \/>\n<meta property=\"article:modified_time\" content=\"2020-03-23T22:01:38+00:00\" \/>\n<meta property=\"og:image\" content=\"https:\/\/experienciadevida.com.ar\/portalurbano\/wp-content\/uploads\/2020\/03\/FERNANDEZINTENDENTES-e1585000753306.jpg\" \/>\n\t<meta property=\"og:image:width\" content=\"765\" \/>\n\t<meta property=\"og:image:height\" content=\"429\" \/>\n\t<meta property=\"og:image:type\" content=\"image\/jpeg\" \/>\n<meta name=\"author\" content=\"admpu17wp\" \/>\n<meta name=\"twitter:card\" content=\"summary_large_image\" \/>\n<meta name=\"twitter:creator\" content=\"@portalurbanook\" \/>\n<meta name=\"twitter:site\" content=\"@portalurbanook\" \/>\n<meta name=\"twitter:label1\" content=\"Escrito por\" \/>\n\t<meta name=\"twitter:data1\" content=\"admpu17wp\" \/>\n\t<meta name=\"twitter:label2\" content=\"Tiempo de lectura\" \/>\n\t<meta name=\"twitter:data2\" content=\"2 minutos\" \/>\n<script type=\"application\/ld+json\" class=\"yoast-schema-graph\">{\"@context\":\"https:\/\/schema.org\",\"@graph\":[{\"@type\":\"Article\",\"@id\":\"https:\/\/experienciadevida.com.ar\/portalurbano\/alberto-fernandez-les-pedi-a-los-intendentes-que-nos-ayuden-a-controlar-el-cumplimiento-del-aislamiento\/#article\",\"isPartOf\":{\"@id\":\"https:\/\/experienciadevida.com.ar\/portalurbano\/alberto-fernandez-les-pedi-a-los-intendentes-que-nos-ayuden-a-controlar-el-cumplimiento-del-aislamiento\/\"},\"author\":{\"name\":\"admpu17wp\",\"@id\":\"https:\/\/experienciadevida.com.ar\/portalurbano\/#\/schema\/person\/02dd326b1c4b056e9cc972486934a3a7\"},\"headline\":\"Alberto Fern\u00e1ndez: &#8220;Les ped\u00ed a los intendentes que nos ayuden a controlar el cumplimiento del aislamiento&#8221;\",\"datePublished\":\"2020-03-23T22:01:08+00:00\",\"dateModified\":\"2020-03-23T22:01:38+00:00\",\"mainEntityOfPage\":{\"@id\":\"https:\/\/experienciadevida.com.ar\/portalurbano\/alberto-fernandez-les-pedi-a-los-intendentes-que-nos-ayuden-a-controlar-el-cumplimiento-del-aislamiento\/\"},\"wordCount\":329,\"commentCount\":0,\"publisher\":{\"@id\":\"https:\/\/experienciadevida.com.ar\/portalurbano\/#organization\"},\"articleSection\":[\"Coronavirus\"],\"inLanguage\":\"es\",\"potentialAction\":[{\"@type\":\"CommentAction\",\"name\":\"Comment\",\"target\":[\"https:\/\/experienciadevida.com.ar\/portalurbano\/alberto-fernandez-les-pedi-a-los-intendentes-que-nos-ayuden-a-controlar-el-cumplimiento-del-aislamiento\/#respond\"]}]},{\"@type\":\"WebPage\",\"@id\":\"https:\/\/experienciadevida.com.ar\/portalurbano\/alberto-fernandez-les-pedi-a-los-intendentes-que-nos-ayuden-a-controlar-el-cumplimiento-del-aislamiento\/\",\"url\":\"https:\/\/experienciadevida.com.ar\/portalurbano\/alberto-fernandez-les-pedi-a-los-intendentes-que-nos-ayuden-a-controlar-el-cumplimiento-del-aislamiento\/\",\"name\":\"Alberto Fern\u00e1ndez: \\\"Les ped\u00ed a los intendentes que nos ayuden a controlar el cumplimiento del aislamiento\\\" -\",\"isPartOf\":{\"@id\":\"https:\/\/experienciadevida.com.ar\/portalurbano\/#website\"},\"datePublished\":\"2020-03-23T22:01:08+00:00\",\"dateModified\":\"2020-03-23T22:01:38+00:00\",\"breadcrumb\":{\"@id\":\"https:\/\/experienciadevida.com.ar\/portalurbano\/alberto-fernandez-les-pedi-a-los-intendentes-que-nos-ayuden-a-controlar-el-cumplimiento-del-aislamiento\/#breadcrumb\"},\"inLanguage\":\"es\",\"potentialAction\":[{\"@type\":\"ReadAction\",\"target\":[\"https:\/\/experienciadevida.com.ar\/portalurbano\/alberto-fernandez-les-pedi-a-los-intendentes-que-nos-ayuden-a-controlar-el-cumplimiento-del-aislamiento\/\"]}]},{\"@type\":\"BreadcrumbList\",\"@id\":\"https:\/\/experienciadevida.com.ar\/portalurbano\/alberto-fernandez-les-pedi-a-los-intendentes-que-nos-ayuden-a-controlar-el-cumplimiento-del-aislamiento\/#breadcrumb\",\"itemListElement\":[{\"@type\":\"ListItem\",\"position\":1,\"name\":\"Portada\",\"item\":\"https:\/\/experienciadevida.com.ar\/portalurbano\/\"},{\"@type\":\"ListItem\",\"position\":2,\"name\":\"Alberto Fern\u00e1ndez: \u00abLes ped\u00ed a los intendentes que nos ayuden a controlar el cumplimiento del aislamiento\u00bb\"}]},{\"@type\":\"WebSite\",\"@id\":\"https:\/\/experienciadevida.com.ar\/portalurbano\/#website\",\"url\":\"https:\/\/experienciadevida.com.ar\/portalurbano\/\",\"name\":\"\",\"description\":\"\",\"publisher\":{\"@id\":\"https:\/\/experienciadevida.com.ar\/portalurbano\/#organization\"},\"potentialAction\":[{\"@type\":\"SearchAction\",\"target\":{\"@type\":\"EntryPoint\",\"urlTemplate\":\"https:\/\/experienciadevida.com.ar\/portalurbano\/?s={search_term_string}\"},\"query-input\":\"required name=search_term_string\"}],\"inLanguage\":\"es\"},{\"@type\":\"Organization\",\"@id\":\"https:\/\/experienciadevida.com.ar\/portalurbano\/#organization\",\"name\":\"Portal Urbano\",\"url\":\"https:\/\/experienciadevida.com.ar\/portalurbano\/\",\"logo\":{\"@type\":\"ImageObject\",\"inLanguage\":\"es\",\"@id\":\"https:\/\/experienciadevida.com.ar\/portalurbano\/#\/schema\/logo\/image\/\",\"url\":\"https:\/\/experienciadevida.com.ar\/portalurbano\/wp-content\/uploads\/2019\/09\/Logo-Original.png\",\"contentUrl\":\"https:\/\/experienciadevida.com.ar\/portalurbano\/wp-content\/uploads\/2019\/09\/Logo-Original.png\",\"width\":2236,\"height\":1216,\"caption\":\"Portal Urbano\"},\"image\":{\"@id\":\"https:\/\/experienciadevida.com.ar\/portalurbano\/#\/schema\/logo\/image\/\"},\"sameAs\":[\"https:\/\/www.facebook.com\/Portal-Urbano-171542830093757\/\",\"https:\/\/twitter.com\/portalurbanook\",\"https:\/\/www.instagram.com\/_portalurbano\/\",\"https:\/\/www.youtube.com\/channel\/UCXhagIfszH8KxFiOok79zbA?view_as=subscriber\"]},{\"@type\":\"Person\",\"@id\":\"https:\/\/experienciadevida.com.ar\/portalurbano\/#\/schema\/person\/02dd326b1c4b056e9cc972486934a3a7\",\"name\":\"admpu17wp\",\"image\":{\"@type\":\"ImageObject\",\"inLanguage\":\"es\",\"@id\":\"https:\/\/experienciadevida.com.ar\/portalurbano\/#\/schema\/person\/image\/\",\"url\":\"https:\/\/secure.gravatar.com\/avatar\/830d4c57adaae6630765e449a6908047?s=96&d=mm&r=g\",\"contentUrl\":\"https:\/\/secure.gravatar.com\/avatar\/830d4c57adaae6630765e449a6908047?s=96&d=mm&r=g\",\"caption\":\"admpu17wp\"}}]}<\/script>\n<!-- \/ Yoast SEO plugin. -->","yoast_head_json":{"title":"Alberto Fern\u00e1ndez: \"Les ped\u00ed a los intendentes que nos ayuden a controlar el cumplimiento del aislamiento\" -","robots":{"index":"index","follow":"follow","max-snippet":"max-snippet:-1","max-image-preview":"max-image-preview:large","max-video-preview":"max-video-preview:-1"},"canonical":"https:\/\/experienciadevida.com.ar\/portalurbano\/alberto-fernandez-les-pedi-a-los-intendentes-que-nos-ayuden-a-controlar-el-cumplimiento-del-aislamiento\/","og_locale":"es_ES","og_type":"article","og_title":"Alberto Fern\u00e1ndez: \"Les ped\u00ed a los intendentes que nos ayuden a controlar el cumplimiento del aislamiento\" -","og_description":"El presidente qued\u00f3 &#8220;muy conforme&#8221; con la reuni\u00f3n que mantuvo con los intendentes y volvi\u00f3...","og_url":"https:\/\/experienciadevida.com.ar\/portalurbano\/alberto-fernandez-les-pedi-a-los-intendentes-que-nos-ayuden-a-controlar-el-cumplimiento-del-aislamiento\/","article_publisher":"https:\/\/www.facebook.com\/Portal-Urbano-171542830093757\/","article_published_time":"2020-03-23T22:01:08+00:00","article_modified_time":"2020-03-23T22:01:38+00:00","og_image":[{"width":765,"height":429,"url":"https:\/\/experienciadevida.com.ar\/portalurbano\/wp-content\/uploads\/2020\/03\/FERNANDEZINTENDENTES-e1585000753306.jpg","type":"image\/jpeg"}],"author":"admpu17wp","twitter_card":"summary_large_image","twitter_creator":"@portalurbanook","twitter_site":"@portalurbanook","twitter_misc":{"Escrito por":"admpu17wp","Tiempo de lectura":"2 minutos"},"schema":{"@context":"https:\/\/schema.org","@graph":[{"@type":"Article","@id":"https:\/\/experienciadevida.com.ar\/portalurbano\/alberto-fernandez-les-pedi-a-los-intendentes-que-nos-ayuden-a-controlar-el-cumplimiento-del-aislamiento\/#article","isPartOf":{"@id":"https:\/\/experienciadevida.com.ar\/portalurbano\/alberto-fernandez-les-pedi-a-los-intendentes-que-nos-ayuden-a-controlar-el-cumplimiento-del-aislamiento\/"},"author":{"name":"admpu17wp","@id":"https:\/\/experienciadevida.com.ar\/portalurbano\/#\/schema\/person\/02dd326b1c4b056e9cc972486934a3a7"},"headline":"Alberto Fern\u00e1ndez: &#8220;Les ped\u00ed a los intendentes que nos ayuden a controlar el cumplimiento del aislamiento&#8221;","datePublished":"2020-03-23T22:01:08+00:00","dateModified":"2020-03-23T22:01:38+00:00","mainEntityOfPage":{"@id":"https:\/\/experienciadevida.com.ar\/portalurbano\/alberto-fernandez-les-pedi-a-los-intendentes-que-nos-ayuden-a-controlar-el-cumplimiento-del-aislamiento\/"},"wordCount":329,"commentCount":0,"publisher":{"@id":"https:\/\/experienciadevida.com.ar\/portalurbano\/#organization"},"articleSection":["Coronavirus"],"inLanguage":"es","potentialAction":[{"@type":"CommentAction","name":"Comment","target":["https:\/\/experienciadevida.com.ar\/portalurbano\/alberto-fernandez-les-pedi-a-los-intendentes-que-nos-ayuden-a-controlar-el-cumplimiento-del-aislamiento\/#respond"]}]},{"@type":"WebPage","@id":"https:\/\/experienciadevida.com.ar\/portalurbano\/alberto-fernandez-les-pedi-a-los-intendentes-que-nos-ayuden-a-controlar-el-cumplimiento-del-aislamiento\/","url":"https:\/\/experienciadevida.com.ar\/portalurbano\/alberto-fernandez-les-pedi-a-los-intendentes-que-nos-ayuden-a-controlar-el-cumplimiento-del-aislamiento\/","name":"Alberto Fern\u00e1ndez: \"Les ped\u00ed a los intendentes que nos ayuden a controlar el cumplimiento del aislamiento\" -","isPartOf":{"@id":"https:\/\/experienciadevida.com.ar\/portalurbano\/#website"},"datePublished":"2020-03-23T22:01:08+00:00","dateModified":"2020-03-23T22:01:38+00:00","breadcrumb":{"@id":"https:\/\/experienciadevida.com.ar\/portalurbano\/alberto-fernandez-les-pedi-a-los-intendentes-que-nos-ayuden-a-controlar-el-cumplimiento-del-aislamiento\/#breadcrumb"},"inLanguage":"es","potentialAction":[{"@type":"ReadAction","target":["https:\/\/experienciadevida.com.ar\/portalurbano\/alberto-fernandez-les-pedi-a-los-intendentes-que-nos-ayuden-a-controlar-el-cumplimiento-del-aislamiento\/"]}]},{"@type":"BreadcrumbList","@id":"https:\/\/experienciadevida.com.ar\/portalurbano\/alberto-fernandez-les-pedi-a-los-intendentes-que-nos-ayuden-a-controlar-el-cumplimiento-del-aislamiento\/#breadcrumb","itemListElement":[{"@type":"ListItem","position":1,"name":"Portada","item":"https:\/\/experienciadevida.com.ar\/portalurbano\/"},{"@type":"ListItem","position":2,"name":"Alberto Fern\u00e1ndez: \u00abLes ped\u00ed a los intendentes que nos ayuden a controlar el cumplimiento del aislamiento\u00bb"}]},{"@type":"WebSite","@id":"https:\/\/experienciadevida.com.ar\/portalurbano\/#website","url":"https:\/\/experienciadevida.com.ar\/portalurbano\/","name":"","description":"","publisher":{"@id":"https:\/\/experienciadevida.com.ar\/portalurbano\/#organization"},"potentialAction":[{"@type":"SearchAction","target":{"@type":"EntryPoint","urlTemplate":"https:\/\/experienciadevida.com.ar\/portalurbano\/?s={search_term_string}"},"query-input":"required name=search_term_string"}],"inLanguage":"es"},{"@type":"Organization","@id":"https:\/\/experienciadevida.com.ar\/portalurbano\/#organization","name":"Portal Urbano","url":"https:\/\/experienciadevida.com.ar\/portalurbano\/","logo":{"@type":"ImageObject","inLanguage":"es","@id":"https:\/\/experienciadevida.com.ar\/portalurbano\/#\/schema\/logo\/image\/","url":"https:\/\/experienciadevida.com.ar\/portalurbano\/wp-content\/uploads\/2019\/09\/Logo-Original.png","contentUrl":"https:\/\/experienciadevida.com.ar\/portalurbano\/wp-content\/uploads\/2019\/09\/Logo-Original.png","width":2236,"height":1216,"caption":"Portal Urbano"},"image":{"@id":"https:\/\/experienciadevida.com.ar\/portalurbano\/#\/schema\/logo\/image\/"},"sameAs":["https:\/\/www.facebook.com\/Portal-Urbano-171542830093757\/","https:\/\/twitter.com\/portalurbanook","https:\/\/www.instagram.com\/_portalurbano\/","https:\/\/www.youtube.com\/channel\/UCXhagIfszH8KxFiOok79zbA?view_as=subscriber"]},{"@type":"Person","@id":"https:\/\/experienciadevida.com.ar\/portalurbano\/#\/schema\/person\/02dd326b1c4b056e9cc972486934a3a7","name":"admpu17wp","image":{"@type":"ImageObject","inLanguage":"es","@id":"https:\/\/experienciadevida.com.ar\/portalurbano\/#\/schema\/person\/image\/","url":"https:\/\/secure.gravatar.com\/avatar\/830d4c57adaae6630765e449a6908047?s=96&d=mm&r=g","contentUrl":"https:\/\/secure.gravatar.com\/avatar\/830d4c57adaae6630765e449a6908047?s=96&d=mm&r=g","caption":"admpu17wp"}}]}},"featured_image_urls":{"full":["https:\/\/experienciadevida.com.ar\/portalurbano\/wp-content\/uploads\/2020\/03\/FERNANDEZINTENDENTES-e1585000753306.jpg",765,429,false],"thumbnail":["https:\/\/experienciadevida.com.ar\/portalurbano\/wp-content\/uploads\/2020\/03\/FERNANDEZINTENDENTES-150x150.jpg",150,150,true],"medium":["https:\/\/experienciadevida.com.ar\/portalurbano\/wp-content\/uploads\/2020\/03\/FERNANDEZINTENDENTES-300x168.jpg",300,168,true],"medium_large":["https:\/\/experienciadevida.com.ar\/portalurbano\/wp-content\/uploads\/2020\/03\/FERNANDEZINTENDENTES-768x431.jpg",640,359,true],"large":["https:\/\/experienciadevida.com.ar\/portalurbano\/wp-content\/uploads\/2020\/03\/FERNANDEZINTENDENTES-1024x575.jpg",640,359,true],"ug_big":["https:\/\/experienciadevida.com.ar\/portalurbano\/wp-content\/uploads\/2020\/03\/FERNANDEZINTENDENTES-768x431.jpg",768,431,true],"1536x1536":["https:\/\/experienciadevida.com.ar\/portalurbano\/wp-content\/uploads\/2020\/03\/FERNANDEZINTENDENTES-e1585000753306.jpg",765,429,false],"2048x2048":["https:\/\/experienciadevida.com.ar\/portalurbano\/wp-content\/uploads\/2020\/03\/FERNANDEZINTENDENTES-e1585000753306.jpg",765,429,false],"newsever-slider-full":["https:\/\/experienciadevida.com.ar\/portalurbano\/wp-content\/uploads\/2020\/03\/FERNANDEZINTENDENTES-e1585000753306.jpg",765,429,false],"newsever-featured":["https:\/\/experienciadevida.com.ar\/portalurbano\/wp-content\/uploads\/2020\/03\/FERNANDEZINTENDENTES-e1585000753306.jpg",765,429,false],"newsever-medium":["https:\/\/experienciadevida.com.ar\/portalurbano\/wp-content\/uploads\/2020\/03\/FERNANDEZINTENDENTES-e1585000753306.jpg",720,404,false],"web-stories-poster-portrait":["https:\/\/experienciadevida.com.ar\/portalurbano\/wp-content\/uploads\/2020\/03\/FERNANDEZINTENDENTES-e1585000753306.jpg",640,359,false],"web-stories-publisher-logo":["https:\/\/experienciadevida.com.ar\/portalurbano\/wp-content\/uploads\/2020\/03\/FERNANDEZINTENDENTES-e1585000753306.jpg",96,54,false],"web-stories-thumbnail":["https:\/\/experienciadevida.com.ar\/portalurbano\/wp-content\/uploads\/2020\/03\/FERNANDEZINTENDENTES-e1585000753306.jpg",150,84,false]},"author_info":{"display_name":"admpu17wp","author_link":"https:\/\/experienciadevida.com.ar\/portalurbano\/author\/admpu17wp\/"},"category_info":"<a href=\"https:\/\/experienciadevida.com.ar\/portalurbano\/category\/nacion\/coronavirus\/\" rel=\"category tag\">Coronavirus<\/a>","tag_info":"Coronavirus","comment_count":"0","amp_enabled":true,"_links":{"self":[{"href":"https:\/\/experienciadevida.com.ar\/portalurbano\/wp-json\/wp\/v2\/posts\/105015"}],"collection":[{"href":"https:\/\/experienciadevida.com.ar\/portalurbano\/wp-json\/wp\/v2\/posts"}],"about":[{"href":"https:\/\/experienciadevida.com.ar\/portalurbano\/wp-json\/wp\/v2\/types\/post"}],"author":[{"embeddable":true,"href":"https:\/\/experienciadevida.com.ar\/portalurbano\/wp-json\/wp\/v2\/users\/1"}],"replies":[{"embeddable":true,"href":"https:\/\/experienciadevida.com.ar\/portalurbano\/wp-json\/wp\/v2\/comments?post=105015"}],"version-history":[{"count":1,"href":"https:\/\/experienciadevida.com.ar\/portalurbano\/wp-json\/wp\/v2\/posts\/105015\/revisions"}],"predecessor-version":[{"id":105017,"href":"https:\/\/experienciadevida.com.ar\/portalurbano\/wp-json\/wp\/v2\/posts\/105015\/revisions\/105017"}],"wp:featuredmedia":[{"embeddable":true,"href":"https:\/\/experienciadevida.com.ar\/portalurbano\/wp-json\/wp\/v2\/media\/105016"}],"wp:attachment":[{"href":"https:\/\/experienciadevida.com.ar\/portalurbano\/wp-json\/wp\/v2\/media?parent=105015"}],"wp:term":[{"taxonomy":"category","embeddable":true,"href":"https:\/\/experienciadevida.com.ar\/portalurbano\/wp-json\/wp\/v2\/categories?post=105015"},{"taxonomy":"post_tag","embeddable":true,"href":"https:\/\/experienciadevida.com.ar\/portalurbano\/wp-json\/wp\/v2\/tags?post=105015"}],"curies":[{"name":"wp","href":"https:\/\/api.w.org\/{rel}","templated":true}]}}