{"id":104630,"date":"2020-03-19T19:41:24","date_gmt":"2020-03-19T22:41:24","guid":{"rendered":"https:\/\/experienciadevida.com.ar\/portalurbano\/?p=104630"},"modified":"2020-03-19T19:41:24","modified_gmt":"2020-03-19T22:41:24","slug":"los-medios-y-la-sociedad-civil-de-argentina-se-unen-frente-al-coronavirus-somosresponsables","status":"publish","type":"post","link":"https:\/\/experienciadevida.com.ar\/portalurbano\/los-medios-y-la-sociedad-civil-de-argentina-se-unen-frente-al-coronavirus-somosresponsables\/","title":{"rendered":"Los medios y la sociedad civil de Argentina se unen frente al coronavirus: #SomosResponsables"},"content":{"rendered":"<p><strong>Todos los medios period\u00edsticos del pa\u00eds se unieron en un mensaje conjunto para todos los argentinos<\/strong><\/p>\n<hr \/>\n<p class=\"capital\">Los medios period\u00edsticos de todo el pa\u00eds junto a numerosas instituciones del mundo acad\u00e9mico, profesional y de la comunicaci\u00f3n se unieron en un mensaje conjunto para que los argentinos &#8220;viralicemos la responsabilidad&#8221;.<\/p>\n<p>Con la consigna\u00a0<b>#SomosResponsables\u00a0<\/b>, la campa\u00f1a promueve el compromiso de la sociedad con las conductas b\u00e1sicas para enfrentar el enorme desaf\u00edo que implica la\u00a0<b>pandemia del\u00a0<\/b>coronavirus\u00a0:<\/p>\n<ul class=\"lista-desordenada\">\n<li><b>#SomosResponsables\u00a0<\/b>qued\u00e1ndonos en casa, salvo fuerza mayor. No son vacaciones.<\/li>\n<li><b>#SomosResponsables\u00a0<\/b>lav\u00e1ndonos bien y frecuentemente las manos con agua y jab\u00f3n, o en su defecto con alcohol en gel.<\/li>\n<li><b>#SomosResponsables\u00a0<\/b>evitando tocarnos la cara con las manos.<\/li>\n<li><b>#SomosResponsables\u00a0<\/b>ventilando los ambientes.<\/li>\n<li><b>#SomosResponsables\u00a0<\/b>manteniendo distancia social.<\/li>\n<li><b>#SomosResponsables\u00a0<\/b>aisl\u00e1ndonos 14 d\u00edas en caso de haber estado en un pa\u00eds de riesgo o en contacto con un potencial contagiado.<\/li>\n<li><b>#SomosResponsables\u00a0<\/b>denunciando a quien incumple una cuarentena.<\/li>\n<li><b>#SomosResponsables\u00a0<\/b>consultando al m\u00e9dico ante fiebre m\u00e1s tos, dolor de garganta o dificultades respiratorias.<\/li>\n<li><b>#SomosResponsables\u00a0<\/b>difundiendo informaci\u00f3n que provenga solo de fuentes confiables.<\/li>\n<\/ul>\n<div id=\"modalOverlay\"><\/div>\n<figure id=\"figure_3216209\" class=\"L epigrafe\" data-is=\"imagen\"><picture><source srcset=\"\/\/bucket3.glanacion.com\/anexos\/fotos\/09\/3216209w740.jpg\" media=\"(min-width: 768px)\" \/><source srcset=\"\/\/bucket3.glanacion.com\/anexos\/fotos\/09\/3216209w768.jpg\" media=\"(min-width: 380px)\" \/><img decoding=\"async\" src=\"https:\/\/bucket3.glanacion.com\/anexos\/fotos\/09\/3216209w380.jpg\" alt=\"#SomosResponsables, la campa\u00f1a de los medios argentinos por la pandemia de coronavirus\" \/><\/picture><figcaption><em><strong>#SomosResponsables, la campa\u00f1a de los medios argentinos por la pandemia de coronavirus\u00a0<span class=\"fuente\">Cr\u00e9dito: Adepa<\/span><\/strong><\/em><\/figcaption><\/figure>\n<p>Frente al avance global de la pandemia y el impacto que est\u00e1 teniendo en nuestro pa\u00eds, los medios unen sus voces y sus acciones en pos de un mensaje un\u00edvoco y contundente, para expresar junto a los ciudadanos de todo el pa\u00eds la necesidad de que nos comprometamos todos en la contenci\u00f3n del virus y en el cuidado de las personas.<\/p>\n<p>El \u00e9xito de las medidas que se anuncian en nuestro pa\u00eds depende del compromiso ciudadano y de la articulaci\u00f3n que podamos hacer entre el Estado, las organizaciones, las empresas, los medios, la sociedad civil y los ciudadanos.<\/p>\n<p>Esta iniciativa es impulsada por la\u00a0Asociaci\u00f3n de Entidades Period\u00edsticas Argentinas\u00a0<b>(Adepa)\u00a0<\/b>y cuenta con la adhesi\u00f3n de un grupo de importantes organizaciones de medios, de periodistas y de la industria de la publicidad y la comunicaci\u00f3n en nuestro pa\u00eds:\u00a0Academia Nacional de Periodismo\u00a0<b>, Agencias Independientes (Ai), Asociaci\u00f3n Argentina de Publicidad (AAP), Asociaci\u00f3n de Marketing Directo e Interactivo de Argentina (AMDIA), Asociaci\u00f3n de Periodismo Digital (APD), C\u00e1mara Argentina de Agencias de Medios (CAAM), C\u00edrculo de Creativos Argentinos (CCA), C\u00edrculo de Directores de Comunicaci\u00f3n (DirComs), Comisi\u00f3n Empresaria de Medios de Comunicaci\u00f3n Independientes (CEMCI), Consejo Profesional de Relaciones P\u00fablicas, Consejo Publicitario Argentino (CPA), Foro de Periodismo Argentino (Fopea), Interactive Advertising Bureau Argentina (IAB),\u00a0<\/b>y\u00a0<b>Uni\u00f3n de Agencias Interactivas (Interact).<\/b><\/p>\n<p>La campa\u00f1a invita a todos los medios, periodistas, instituciones y ciudadanos a sumarse en redes sociales con la consigna\u00a0<b>#SomosResponsables.<\/b><\/p>\n<div id=\"modalOverlay\"><\/div>\n<figure id=\"figure_3216639\" class=\"L epigrafe\" data-is=\"imagen\"><picture><source srcset=\"\/\/bucket3.glanacion.com\/anexos\/fotos\/39\/3216639w740.jpg\" media=\"(min-width: 768px)\" \/><source srcset=\"\/\/bucket3.glanacion.com\/anexos\/fotos\/39\/3216639w768.jpg\" media=\"(min-width: 380px)\" \/><img decoding=\"async\" src=\"https:\/\/bucket3.glanacion.com\/anexos\/fotos\/39\/3216639w380.jpg\" alt=\"Todos los medios period\u00edsticos del pa\u00eds se unieron en un mensaje conjunto para todos los argentinos en la lucha contra la pandemia de coronavirus\" \/><\/picture><figcaption>Todos los medios period\u00edsticos del pa\u00eds se unieron en un mensaje conjunto para todos los argentinos en la lucha contra la pandemia de coronavirus\u00a0<\/figcaption><\/figure>\n<p>La propuesta es ayudar a crear conciencia sobre la pandemia que afecta al pa\u00eds y c\u00f3mo enfrentarla desde la responsabilidad de cada uno. Adem\u00e1s de la ayuda en la difusi\u00f3n que brinden los medios y los comunicadores, la campa\u00f1a busca que los ciudadanos tambi\u00e9n participen.<\/p>\n<p>Por ejemplo, con videos breves, publicaciones en redes sociales, testimonios sobre c\u00f3mo una persona y su grupo de pertenencia se hacen responsables frente al virus; acciones que est\u00e9n tomando en el \u00e1mbito cotidiano y hogare\u00f1o, ejemplos de teletrabajo, actividades educativas a distancia, reuniones virtuales con amigos, y hasta actividad f\u00edsica en el hogar. Siempre usando el\u00a0<b>#SomosResponsables\u00a0<\/b>.<\/p>\n<p>La campa\u00f1a, al unir a medios e instituciones de los m\u00e1s diversos perfiles, alcances y estilos, y al sumar la participaci\u00f3n de toda la sociedad, busca dar un mensaje de unidad, responsabilidad, solidaridad y compromiso de todos frente a la pandemia.<\/p>\n","protected":false},"excerpt":{"rendered":"<p>Todos los medios period\u00edsticos del pa\u00eds se unieron en un mensaje conjunto para todos los&#8230;<\/p>\n","protected":false},"author":1,"featured_media":104634,"comment_status":"open","ping_status":"open","sticky":false,"template":"","format":"standard","meta":{"content-type":""},"categories":[39],"tags":[],"nelio_content":{"isAutoShareEnabled":false,"autoShareEndMode":"default","automationSources":{"useContentSentences":true,"useSocialTemplates":true,"useCustomSentences":false,"customSentences":[]},"followers":[1],"suggestedReferences":[],"includedReferences":[],"efiUrl":"","efiAlt":"","highlights":[]},"yoast_head":"<!-- This site is optimized with the Yoast SEO plugin v20.7 - https:\/\/yoast.com\/wordpress\/plugins\/seo\/ -->\n<title>Los medios y la sociedad civil de Argentina se unen frente al coronavirus: #SomosResponsables -<\/title>\n<meta name=\"robots\" content=\"index, follow, max-snippet:-1, max-image-preview:large, max-video-preview:-1\" \/>\n<link rel=\"canonical\" href=\"https:\/\/experienciadevida.com.ar\/portalurbano\/los-medios-y-la-sociedad-civil-de-argentina-se-unen-frente-al-coronavirus-somosresponsables\/\" \/>\n<meta property=\"og:locale\" content=\"es_ES\" \/>\n<meta property=\"og:type\" content=\"article\" \/>\n<meta property=\"og:title\" content=\"Los medios y la sociedad civil de Argentina se unen frente al coronavirus: #SomosResponsables -\" \/>\n<meta property=\"og:description\" content=\"Todos los medios period\u00edsticos del pa\u00eds se unieron en un mensaje conjunto para todos los...\" \/>\n<meta property=\"og:url\" content=\"https:\/\/experienciadevida.com.ar\/portalurbano\/los-medios-y-la-sociedad-civil-de-argentina-se-unen-frente-al-coronavirus-somosresponsables\/\" \/>\n<meta property=\"article:publisher\" content=\"https:\/\/www.facebook.com\/Portal-Urbano-171542830093757\/\" \/>\n<meta property=\"article:published_time\" content=\"2020-03-19T22:41:24+00:00\" \/>\n<meta property=\"og:image\" content=\"https:\/\/experienciadevida.com.ar\/portalurbano\/wp-content\/uploads\/2020\/03\/3216638w1033-e1584657519589.jpg\" \/>\n\t<meta property=\"og:image:width\" content=\"750\" \/>\n\t<meta property=\"og:image:height\" content=\"500\" \/>\n\t<meta property=\"og:image:type\" content=\"image\/jpeg\" \/>\n<meta name=\"author\" content=\"admpu17wp\" \/>\n<meta name=\"twitter:card\" content=\"summary_large_image\" \/>\n<meta name=\"twitter:creator\" content=\"@portalurbanook\" \/>\n<meta name=\"twitter:site\" content=\"@portalurbanook\" \/>\n<meta name=\"twitter:label1\" content=\"Escrito por\" \/>\n\t<meta name=\"twitter:data1\" content=\"admpu17wp\" \/>\n\t<meta name=\"twitter:label2\" content=\"Tiempo de lectura\" \/>\n\t<meta name=\"twitter:data2\" content=\"3 minutos\" \/>\n<script type=\"application\/ld+json\" class=\"yoast-schema-graph\">{\"@context\":\"https:\/\/schema.org\",\"@graph\":[{\"@type\":\"Article\",\"@id\":\"https:\/\/experienciadevida.com.ar\/portalurbano\/los-medios-y-la-sociedad-civil-de-argentina-se-unen-frente-al-coronavirus-somosresponsables\/#article\",\"isPartOf\":{\"@id\":\"https:\/\/experienciadevida.com.ar\/portalurbano\/los-medios-y-la-sociedad-civil-de-argentina-se-unen-frente-al-coronavirus-somosresponsables\/\"},\"author\":{\"name\":\"admpu17wp\",\"@id\":\"https:\/\/experienciadevida.com.ar\/portalurbano\/#\/schema\/person\/02dd326b1c4b056e9cc972486934a3a7\"},\"headline\":\"Los medios y la sociedad civil de Argentina se unen frente al coronavirus: #SomosResponsables\",\"datePublished\":\"2020-03-19T22:41:24+00:00\",\"dateModified\":\"2020-03-19T22:41:24+00:00\",\"mainEntityOfPage\":{\"@id\":\"https:\/\/experienciadevida.com.ar\/portalurbano\/los-medios-y-la-sociedad-civil-de-argentina-se-unen-frente-al-coronavirus-somosresponsables\/\"},\"wordCount\":658,\"commentCount\":0,\"publisher\":{\"@id\":\"https:\/\/experienciadevida.com.ar\/portalurbano\/#organization\"},\"articleSection\":[\"Naci\u00f3n\"],\"inLanguage\":\"es\",\"potentialAction\":[{\"@type\":\"CommentAction\",\"name\":\"Comment\",\"target\":[\"https:\/\/experienciadevida.com.ar\/portalurbano\/los-medios-y-la-sociedad-civil-de-argentina-se-unen-frente-al-coronavirus-somosresponsables\/#respond\"]}]},{\"@type\":\"WebPage\",\"@id\":\"https:\/\/experienciadevida.com.ar\/portalurbano\/los-medios-y-la-sociedad-civil-de-argentina-se-unen-frente-al-coronavirus-somosresponsables\/\",\"url\":\"https:\/\/experienciadevida.com.ar\/portalurbano\/los-medios-y-la-sociedad-civil-de-argentina-se-unen-frente-al-coronavirus-somosresponsables\/\",\"name\":\"Los medios y la sociedad civil de Argentina se unen frente al coronavirus: #SomosResponsables -\",\"isPartOf\":{\"@id\":\"https:\/\/experienciadevida.com.ar\/portalurbano\/#website\"},\"datePublished\":\"2020-03-19T22:41:24+00:00\",\"dateModified\":\"2020-03-19T22:41:24+00:00\",\"breadcrumb\":{\"@id\":\"https:\/\/experienciadevida.com.ar\/portalurbano\/los-medios-y-la-sociedad-civil-de-argentina-se-unen-frente-al-coronavirus-somosresponsables\/#breadcrumb\"},\"inLanguage\":\"es\",\"potentialAction\":[{\"@type\":\"ReadAction\",\"target\":[\"https:\/\/experienciadevida.com.ar\/portalurbano\/los-medios-y-la-sociedad-civil-de-argentina-se-unen-frente-al-coronavirus-somosresponsables\/\"]}]},{\"@type\":\"BreadcrumbList\",\"@id\":\"https:\/\/experienciadevida.com.ar\/portalurbano\/los-medios-y-la-sociedad-civil-de-argentina-se-unen-frente-al-coronavirus-somosresponsables\/#breadcrumb\",\"itemListElement\":[{\"@type\":\"ListItem\",\"position\":1,\"name\":\"Portada\",\"item\":\"https:\/\/experienciadevida.com.ar\/portalurbano\/\"},{\"@type\":\"ListItem\",\"position\":2,\"name\":\"Los medios y la sociedad civil de Argentina se unen frente al coronavirus: #SomosResponsables\"}]},{\"@type\":\"WebSite\",\"@id\":\"https:\/\/experienciadevida.com.ar\/portalurbano\/#website\",\"url\":\"https:\/\/experienciadevida.com.ar\/portalurbano\/\",\"name\":\"\",\"description\":\"\",\"publisher\":{\"@id\":\"https:\/\/experienciadevida.com.ar\/portalurbano\/#organization\"},\"potentialAction\":[{\"@type\":\"SearchAction\",\"target\":{\"@type\":\"EntryPoint\",\"urlTemplate\":\"https:\/\/experienciadevida.com.ar\/portalurbano\/?s={search_term_string}\"},\"query-input\":\"required name=search_term_string\"}],\"inLanguage\":\"es\"},{\"@type\":\"Organization\",\"@id\":\"https:\/\/experienciadevida.com.ar\/portalurbano\/#organization\",\"name\":\"Portal Urbano\",\"url\":\"https:\/\/experienciadevida.com.ar\/portalurbano\/\",\"logo\":{\"@type\":\"ImageObject\",\"inLanguage\":\"es\",\"@id\":\"https:\/\/experienciadevida.com.ar\/portalurbano\/#\/schema\/logo\/image\/\",\"url\":\"https:\/\/experienciadevida.com.ar\/portalurbano\/wp-content\/uploads\/2019\/09\/Logo-Original.png\",\"contentUrl\":\"https:\/\/experienciadevida.com.ar\/portalurbano\/wp-content\/uploads\/2019\/09\/Logo-Original.png\",\"width\":2236,\"height\":1216,\"caption\":\"Portal Urbano\"},\"image\":{\"@id\":\"https:\/\/experienciadevida.com.ar\/portalurbano\/#\/schema\/logo\/image\/\"},\"sameAs\":[\"https:\/\/www.facebook.com\/Portal-Urbano-171542830093757\/\",\"https:\/\/twitter.com\/portalurbanook\",\"https:\/\/www.instagram.com\/_portalurbano\/\",\"https:\/\/www.youtube.com\/channel\/UCXhagIfszH8KxFiOok79zbA?view_as=subscriber\"]},{\"@type\":\"Person\",\"@id\":\"https:\/\/experienciadevida.com.ar\/portalurbano\/#\/schema\/person\/02dd326b1c4b056e9cc972486934a3a7\",\"name\":\"admpu17wp\",\"image\":{\"@type\":\"ImageObject\",\"inLanguage\":\"es\",\"@id\":\"https:\/\/experienciadevida.com.ar\/portalurbano\/#\/schema\/person\/image\/\",\"url\":\"https:\/\/secure.gravatar.com\/avatar\/830d4c57adaae6630765e449a6908047?s=96&d=mm&r=g\",\"contentUrl\":\"https:\/\/secure.gravatar.com\/avatar\/830d4c57adaae6630765e449a6908047?s=96&d=mm&r=g\",\"caption\":\"admpu17wp\"}}]}<\/script>\n<!-- \/ Yoast SEO plugin. -->","yoast_head_json":{"title":"Los medios y la sociedad civil de Argentina se unen frente al coronavirus: #SomosResponsables -","robots":{"index":"index","follow":"follow","max-snippet":"max-snippet:-1","max-image-preview":"max-image-preview:large","max-video-preview":"max-video-preview:-1"},"canonical":"https:\/\/experienciadevida.com.ar\/portalurbano\/los-medios-y-la-sociedad-civil-de-argentina-se-unen-frente-al-coronavirus-somosresponsables\/","og_locale":"es_ES","og_type":"article","og_title":"Los medios y la sociedad civil de Argentina se unen frente al coronavirus: #SomosResponsables -","og_description":"Todos los medios period\u00edsticos del pa\u00eds se unieron en un mensaje conjunto para todos los...","og_url":"https:\/\/experienciadevida.com.ar\/portalurbano\/los-medios-y-la-sociedad-civil-de-argentina-se-unen-frente-al-coronavirus-somosresponsables\/","article_publisher":"https:\/\/www.facebook.com\/Portal-Urbano-171542830093757\/","article_published_time":"2020-03-19T22:41:24+00:00","og_image":[{"width":750,"height":500,"url":"https:\/\/experienciadevida.com.ar\/portalurbano\/wp-content\/uploads\/2020\/03\/3216638w1033-e1584657519589.jpg","type":"image\/jpeg"}],"author":"admpu17wp","twitter_card":"summary_large_image","twitter_creator":"@portalurbanook","twitter_site":"@portalurbanook","twitter_misc":{"Escrito por":"admpu17wp","Tiempo de lectura":"3 minutos"},"schema":{"@context":"https:\/\/schema.org","@graph":[{"@type":"Article","@id":"https:\/\/experienciadevida.com.ar\/portalurbano\/los-medios-y-la-sociedad-civil-de-argentina-se-unen-frente-al-coronavirus-somosresponsables\/#article","isPartOf":{"@id":"https:\/\/experienciadevida.com.ar\/portalurbano\/los-medios-y-la-sociedad-civil-de-argentina-se-unen-frente-al-coronavirus-somosresponsables\/"},"author":{"name":"admpu17wp","@id":"https:\/\/experienciadevida.com.ar\/portalurbano\/#\/schema\/person\/02dd326b1c4b056e9cc972486934a3a7"},"headline":"Los medios y la sociedad civil de Argentina se unen frente al coronavirus: #SomosResponsables","datePublished":"2020-03-19T22:41:24+00:00","dateModified":"2020-03-19T22:41:24+00:00","mainEntityOfPage":{"@id":"https:\/\/experienciadevida.com.ar\/portalurbano\/los-medios-y-la-sociedad-civil-de-argentina-se-unen-frente-al-coronavirus-somosresponsables\/"},"wordCount":658,"commentCount":0,"publisher":{"@id":"https:\/\/experienciadevida.com.ar\/portalurbano\/#organization"},"articleSection":["Naci\u00f3n"],"inLanguage":"es","potentialAction":[{"@type":"CommentAction","name":"Comment","target":["https:\/\/experienciadevida.com.ar\/portalurbano\/los-medios-y-la-sociedad-civil-de-argentina-se-unen-frente-al-coronavirus-somosresponsables\/#respond"]}]},{"@type":"WebPage","@id":"https:\/\/experienciadevida.com.ar\/portalurbano\/los-medios-y-la-sociedad-civil-de-argentina-se-unen-frente-al-coronavirus-somosresponsables\/","url":"https:\/\/experienciadevida.com.ar\/portalurbano\/los-medios-y-la-sociedad-civil-de-argentina-se-unen-frente-al-coronavirus-somosresponsables\/","name":"Los medios y la sociedad civil de Argentina se unen frente al coronavirus: #SomosResponsables -","isPartOf":{"@id":"https:\/\/experienciadevida.com.ar\/portalurbano\/#website"},"datePublished":"2020-03-19T22:41:24+00:00","dateModified":"2020-03-19T22:41:24+00:00","breadcrumb":{"@id":"https:\/\/experienciadevida.com.ar\/portalurbano\/los-medios-y-la-sociedad-civil-de-argentina-se-unen-frente-al-coronavirus-somosresponsables\/#breadcrumb"},"inLanguage":"es","potentialAction":[{"@type":"ReadAction","target":["https:\/\/experienciadevida.com.ar\/portalurbano\/los-medios-y-la-sociedad-civil-de-argentina-se-unen-frente-al-coronavirus-somosresponsables\/"]}]},{"@type":"BreadcrumbList","@id":"https:\/\/experienciadevida.com.ar\/portalurbano\/los-medios-y-la-sociedad-civil-de-argentina-se-unen-frente-al-coronavirus-somosresponsables\/#breadcrumb","itemListElement":[{"@type":"ListItem","position":1,"name":"Portada","item":"https:\/\/experienciadevida.com.ar\/portalurbano\/"},{"@type":"ListItem","position":2,"name":"Los medios y la sociedad civil de Argentina se unen frente al coronavirus: #SomosResponsables"}]},{"@type":"WebSite","@id":"https:\/\/experienciadevida.com.ar\/portalurbano\/#website","url":"https:\/\/experienciadevida.com.ar\/portalurbano\/","name":"","description":"","publisher":{"@id":"https:\/\/experienciadevida.com.ar\/portalurbano\/#organization"},"potentialAction":[{"@type":"SearchAction","target":{"@type":"EntryPoint","urlTemplate":"https:\/\/experienciadevida.com.ar\/portalurbano\/?s={search_term_string}"},"query-input":"required name=search_term_string"}],"inLanguage":"es"},{"@type":"Organization","@id":"https:\/\/experienciadevida.com.ar\/portalurbano\/#organization","name":"Portal Urbano","url":"https:\/\/experienciadevida.com.ar\/portalurbano\/","logo":{"@type":"ImageObject","inLanguage":"es","@id":"https:\/\/experienciadevida.com.ar\/portalurbano\/#\/schema\/logo\/image\/","url":"https:\/\/experienciadevida.com.ar\/portalurbano\/wp-content\/uploads\/2019\/09\/Logo-Original.png","contentUrl":"https:\/\/experienciadevida.com.ar\/portalurbano\/wp-content\/uploads\/2019\/09\/Logo-Original.png","width":2236,"height":1216,"caption":"Portal Urbano"},"image":{"@id":"https:\/\/experienciadevida.com.ar\/portalurbano\/#\/schema\/logo\/image\/"},"sameAs":["https:\/\/www.facebook.com\/Portal-Urbano-171542830093757\/","https:\/\/twitter.com\/portalurbanook","https:\/\/www.instagram.com\/_portalurbano\/","https:\/\/www.youtube.com\/channel\/UCXhagIfszH8KxFiOok79zbA?view_as=subscriber"]},{"@type":"Person","@id":"https:\/\/experienciadevida.com.ar\/portalurbano\/#\/schema\/person\/02dd326b1c4b056e9cc972486934a3a7","name":"admpu17wp","image":{"@type":"ImageObject","inLanguage":"es","@id":"https:\/\/experienciadevida.com.ar\/portalurbano\/#\/schema\/person\/image\/","url":"https:\/\/secure.gravatar.com\/avatar\/830d4c57adaae6630765e449a6908047?s=96&d=mm&r=g","contentUrl":"https:\/\/secure.gravatar.com\/avatar\/830d4c57adaae6630765e449a6908047?s=96&d=mm&r=g","caption":"admpu17wp"}}]}},"featured_image_urls":{"full":["https:\/\/experienciadevida.com.ar\/portalurbano\/wp-content\/uploads\/2020\/03\/3216638w1033-e1584657519589.jpg",750,500,false],"thumbnail":["https:\/\/experienciadevida.com.ar\/portalurbano\/wp-content\/uploads\/2020\/03\/3216638w1033-150x150.jpg",150,150,true],"medium":["https:\/\/experienciadevida.com.ar\/portalurbano\/wp-content\/uploads\/2020\/03\/3216638w1033-300x200.jpg",300,200,true],"medium_large":["https:\/\/experienciadevida.com.ar\/portalurbano\/wp-content\/uploads\/2020\/03\/3216638w1033-768x512.jpg",640,427,true],"large":["https:\/\/experienciadevida.com.ar\/portalurbano\/wp-content\/uploads\/2020\/03\/3216638w1033-1024x682.jpg",640,426,true],"ug_big":["https:\/\/experienciadevida.com.ar\/portalurbano\/wp-content\/uploads\/2020\/03\/3216638w1033-768x512.jpg",768,512,true],"1536x1536":["https:\/\/experienciadevida.com.ar\/portalurbano\/wp-content\/uploads\/2020\/03\/3216638w1033-e1584657519589.jpg",750,500,false],"2048x2048":["https:\/\/experienciadevida.com.ar\/portalurbano\/wp-content\/uploads\/2020\/03\/3216638w1033-e1584657519589.jpg",750,500,false],"newsever-slider-full":["https:\/\/experienciadevida.com.ar\/portalurbano\/wp-content\/uploads\/2020\/03\/3216638w1033-e1584657519589.jpg",750,500,false],"newsever-featured":["https:\/\/experienciadevida.com.ar\/portalurbano\/wp-content\/uploads\/2020\/03\/3216638w1033-e1584657519589.jpg",750,500,false],"newsever-medium":["https:\/\/experienciadevida.com.ar\/portalurbano\/wp-content\/uploads\/2020\/03\/3216638w1033-e1584657519589.jpg",713,475,false],"web-stories-poster-portrait":["https:\/\/experienciadevida.com.ar\/portalurbano\/wp-content\/uploads\/2020\/03\/3216638w1033-e1584657519589.jpg",640,427,false],"web-stories-publisher-logo":["https:\/\/experienciadevida.com.ar\/portalurbano\/wp-content\/uploads\/2020\/03\/3216638w1033-e1584657519589.jpg",96,64,false],"web-stories-thumbnail":["https:\/\/experienciadevida.com.ar\/portalurbano\/wp-content\/uploads\/2020\/03\/3216638w1033-e1584657519589.jpg",150,100,false]},"author_info":{"display_name":"admpu17wp","author_link":"https:\/\/experienciadevida.com.ar\/portalurbano\/author\/admpu17wp\/"},"category_info":"<a href=\"https:\/\/experienciadevida.com.ar\/portalurbano\/category\/nacion\/\" rel=\"category tag\">Naci\u00f3n<\/a>","tag_info":"Naci\u00f3n","comment_count":"0","amp_enabled":true,"_links":{"self":[{"href":"https:\/\/experienciadevida.com.ar\/portalurbano\/wp-json\/wp\/v2\/posts\/104630"}],"collection":[{"href":"https:\/\/experienciadevida.com.ar\/portalurbano\/wp-json\/wp\/v2\/posts"}],"about":[{"href":"https:\/\/experienciadevida.com.ar\/portalurbano\/wp-json\/wp\/v2\/types\/post"}],"author":[{"embeddable":true,"href":"https:\/\/experienciadevida.com.ar\/portalurbano\/wp-json\/wp\/v2\/users\/1"}],"replies":[{"embeddable":true,"href":"https:\/\/experienciadevida.com.ar\/portalurbano\/wp-json\/wp\/v2\/comments?post=104630"}],"version-history":[{"count":1,"href":"https:\/\/experienciadevida.com.ar\/portalurbano\/wp-json\/wp\/v2\/posts\/104630\/revisions"}],"predecessor-version":[{"id":104635,"href":"https:\/\/experienciadevida.com.ar\/portalurbano\/wp-json\/wp\/v2\/posts\/104630\/revisions\/104635"}],"wp:featuredmedia":[{"embeddable":true,"href":"https:\/\/experienciadevida.com.ar\/portalurbano\/wp-json\/wp\/v2\/media\/104634"}],"wp:attachment":[{"href":"https:\/\/experienciadevida.com.ar\/portalurbano\/wp-json\/wp\/v2\/media?parent=104630"}],"wp:term":[{"taxonomy":"category","embeddable":true,"href":"https:\/\/experienciadevida.com.ar\/portalurbano\/wp-json\/wp\/v2\/categories?post=104630"},{"taxonomy":"post_tag","embeddable":true,"href":"https:\/\/experienciadevida.com.ar\/portalurbano\/wp-json\/wp\/v2\/tags?post=104630"}],"curies":[{"name":"wp","href":"https:\/\/api.w.org\/{rel}","templated":true}]}}