{"id":104401,"date":"2020-03-17T20:36:44","date_gmt":"2020-03-17T23:36:44","guid":{"rendered":"https:\/\/experienciadevida.com.ar\/portalurbano\/?p=104401"},"modified":"2020-03-17T20:40:11","modified_gmt":"2020-03-17T23:40:11","slug":"coronavirus-en-argentina-el-gobierno-anuncio-un-amplio-paquete-economico","status":"publish","type":"post","link":"https:\/\/experienciadevida.com.ar\/portalurbano\/coronavirus-en-argentina-el-gobierno-anuncio-un-amplio-paquete-economico\/","title":{"rendered":"Coronavirus en Argentina: el Gobierno anunci\u00f3 un amplio paquete econ\u00f3mico"},"content":{"rendered":"<article id=\"article-post\" class=\"first\">\n<p class=\"interiorCopete\">Las medidas incluyen cr\u00e9ditos a baja tasa, fiscalizaci\u00f3n de precios y baja de impuestos<\/p>\n<div class=\"separator-line\">El Gobierno anunci\u00f3 una serie de medidas, entre ellas cr\u00e9ditos a baja tasa, fiscalizaci\u00f3n de precios y baja de impuestos, para mantener la actividad econ\u00f3mica, afectada por las restricciones sociales adoptadas ante la<strong>\u00a0pandemia por el Coronavirus.<\/strong><\/div>\n<div class=\"cuerpo\" data-twitter-link=\"https:\/\/twitter.com\/intent\/tweet?url=https:\/\/www.diariopopular.com.ar\/\/c466066&amp;via=poopulardiario&amp;related=Diario Popular&amp;text=\">\n<div id=\"div-gpt-ad-nota-108971\" class=\"banner-90\" data-mapping=\"mapping9\" data-google-query-id=\"CL2fp-rVougCFRoGuQYdnGQOog\">\n<div id=\"google_ads_iframe_\/7581181\/dp_universal_0__container__\"><\/div>\n<\/div>\n<\/div>\n<\/article>\n<article id=\"article-post\">\n<div class=\"cuerpo\" data-twitter-link=\"https:\/\/twitter.com\/intent\/tweet?url=https:\/\/www.diariopopular.com.ar\/\/c466066&amp;via=poopulardiario&amp;related=Diario Popular&amp;text=\">\n<div class=\"penci-pullqoute align-none\">\n<blockquote><p>&#8220;Anunciamos estas medidas para garantizar el trabajo y el abastecimiento&#8221; dijo hoy el ministro de Econom\u00eda, Mart\u00edn Guzm\u00e1n, en compa\u00f1\u00eda de su colega de Desarrollo Productivo, Mat\u00edas Kulfas, durante una conferencia de prensa en la Casa de Gobierno.<\/p><\/blockquote>\n<\/div>\n<div id=\"div-gpt-ad-nota-463022\" class=\"banner-90\" data-mapping=\"mapping9\" data-google-query-id=\"CL6fp-rVougCFRoGuQYdnGQOog\">\n<div id=\"google_ads_iframe_\/7581181\/dp_universal_1__container__\">Guzm\u00e1n anunci\u00f3 que se eximir\u00e1 &#8220;el pago de contribuciones patronales a los sectores afectados de forma cr\u00edtica por la emergencia&#8221;, como los sectores vinculados al turismo o el espect\u00e1culo.<\/div>\n<\/div>\n<div class=\"penci-pullqoute align-none\">\n<blockquote><p>Adem\u00e1s, asegur\u00f3 que &#8220;se ampliar\u00e1 el Programa de Recuperaci\u00f3n Productiva (REPRO) para garantizar el empleo de aquellos que trabajan en empresas afectadas por la emergencia sanitaria&#8221;.<\/p><\/blockquote>\n<\/div>\n<p>El ministro destac\u00f3 que &#8220;se reforzar\u00e1 el seguro de desempleo&#8221; adem\u00e1s de que se otorgar\u00e1 un pago extra de la Asignaci\u00f3n Universal por Hijo (AUH) y Asignaci\u00f3n Universal por Embarazo (AUE) por 3.100 pesos y se postergar\u00e1 el pago de las deudas de abril y mayo con ANSES de AUH y jubilados.<\/p>\n<p>Los jubilados y pensionados que perciben el haber m\u00ednimo recibir\u00e1n por \u00fanica vez un bono de 3.000 pesos y aquellos que est\u00e9n por debajo de 18.892 pesos cobrar\u00e1n la diferencia entre su haber y este monto, a\u00f1adi\u00f3 Econom\u00eda.<\/p>\n<section id=\"cuerpo\" data-module=\"nota-cuerpo\"><b>Estas son las 17 medidas anunciadas:<\/b><\/p>\n<ul class=\"lista-desordenada\">\n<li>Se eximir\u00e1 el pago de\u00a0<b>contribuciones patronales\u00a0<\/b>a los sectores afectados de forma cr\u00edtica por la emergencia.<\/li>\n<li>Se\u00a0<b>ampliar\u00e1 el Programa de Recuperaci\u00f3n Productiva (REPRO)\u00a0<\/b>para garantizar el empleo de aquellos que trabajan en empresas afectadas por la emergencia sanitaria.<\/li>\n<li>Se reforzar\u00e1 el seguro de desempleo.<\/li>\n<li>Se otorgar\u00e1 un pago extra de la Asignaci\u00f3n Universal por Hijo (AUH) y Asignaci\u00f3n Universal por Embarazo (AUE) por $3100. Y se postergar\u00e1 el pago de las deudas de abril y mayo con ANSES de AUH y jubilados.<\/li>\n<li>Los jubilados y pensionados que perciben el haber m\u00ednimo recibir\u00e1n por \u00fanica vez un bono de $3.000. Aquellos que est\u00e9n por debajo de $18.892 cobrar\u00e1n la diferencia entre su haber y este monto.<\/li>\n<li>Se fortalecer\u00e1 la provisi\u00f3n de alimentos en comedores comunitarios y espacios de contenci\u00f3n de sectores vulnerables.<\/li>\n<li>Se aumentar\u00e1 40% la partida presupuestaria para gastos de capital destinando $100.000 millones a obras de infraestructura, educaci\u00f3n y turismo.<\/li>\n<li>El Ministerio de Vivienda relanzar\u00e1 el\u00a0<b>Plan Procrear\u00a0<\/b>para impulsar el sector de la construcci\u00f3n y hacer posible la compra o refacci\u00f3n de hogares.<\/li>\n<li>Se establecer\u00e1n\u00a0<b>precios m\u00e1ximos por 30 d\u00edas\u00a0<\/b>(prorrogables)\u00a0<b>para un conjunto de productos\u00a0<\/b>alimenticios, de higiene personal, medicamentos e implementos m\u00e9dicos. Esos precios m\u00e1ximos se establecieron el 6 de marzo.<\/li>\n<li>Los consumidores podr\u00e1n conocer cu\u00e1nto pagar por cada producto a trav\u00e9s de un listado que estar\u00e1 disponible en los pr\u00f3ximos d\u00edas en la p\u00e1gina web de Precios Claros (\u00a0<a class=\"link\" href=\"http:\/\/www.preciosclaros.gob.ar\/\">www.preciosclaros.gob.ar)\u00a0<\/a>. Podr\u00e1n denunciar incumplimientos en Defensa del Consumidor: 0800-666-1518, por correo electr\u00f3nico a consultas@consumidor.gob.ar o por Twitter @DNDConsumidor<\/li>\n<li><b>Se incrementar\u00e1n las tareas de inspecci\u00f3n\u00a0<\/b>con la incorporaci\u00f3n de verificadores de diferentes dependencias p\u00fablicas y a trav\u00e9s de convenios con los municipios.<\/li>\n<li>Se solicitar\u00e1 a las industrias productoras de alimentos, art\u00edculos de higiene personal, medicamentos, insumos, equipamiento e implementos m\u00e9dicos que aumenten su producci\u00f3n para afrontar el crecimiento de la demanda.<\/li>\n<li>Se lanzar\u00e1 una serie de l\u00edneas de\u00a0<b>cr\u00e9ditos blandos por unos $350.000 millones\u00a0<\/b>para garantizar la producci\u00f3n y el abastecimiento de alimentos e insumos b\u00e1sicos, impulsar la actividad y financiar el funcionamiento de la econom\u00eda en esta coyuntura: una l\u00ednea por $320.000 millones que permitir\u00e1 proveer capital de trabajo a las empresas a tasas preferenciales por un plazo de 180 d\u00edas con tasa de inter\u00e9s ser\u00e1 26% anual; $25.000 millones en cr\u00e9ditos del Banco de la Naci\u00f3n Argentina a tasa diferencial para productores de alimentos, higiene personal y limpieza y productores de insumos m\u00e9dicos; $8.000 millones en financiamiento para la producci\u00f3n de equipamiento tecnol\u00f3gico para garantizar la modalidad de teletrabajo y $2.800 millones para el financiamiento de infraestructura en los parques industriales, con recursos del Ministerio de Desarrollo Productivo.<\/li>\n<li>Se renovar\u00e1 el\u00a0<b>programa Ahora 12\u00a0<\/b>por un plazo de seis meses.\u00a0<b>Expansi\u00f3n hacia compra online de productos nacionales,\u00a0<\/b>con \u00e9nfasis en Pymes.<\/li>\n<li>Se requerir\u00e1\u00a0<b>autorizaci\u00f3n previa para la exportaci\u00f3n de insumos\u00a0<\/b>y equipamiento m\u00e9dico que el pa\u00eds necesita para afrontar la pandemia.<\/li>\n<li>Programa de desarrollo y crecimiento de equipamiento m\u00e9dico, kits, insumos, juntos al Conicet, MinCYT, MDP, Mecon y Ministerio de Salud para estimular la innovaci\u00f3n y el crecimiento de la producci\u00f3n.<\/li>\n<li>Se\u00a0<b>acelerar\u00e1 el pago a reintegros a la exportaci\u00f3n\u00a0<\/b>para las firmas industriales.<\/li>\n<\/ul>\n<\/section>\n<\/div>\n<\/article>\n","protected":false},"excerpt":{"rendered":"<p>Las medidas incluyen cr\u00e9ditos a baja tasa, fiscalizaci\u00f3n de precios y baja de impuestos El&#8230;<\/p>\n","protected":false},"author":1,"featured_media":104403,"comment_status":"open","ping_status":"open","sticky":false,"template":"","format":"standard","meta":{"content-type":""},"categories":[39],"tags":[],"nelio_content":{"isAutoShareEnabled":false,"autoShareEndMode":"default","automationSources":{"useContentSentences":true,"useSocialTemplates":true,"useCustomSentences":false,"customSentences":[]},"followers":[1],"suggestedReferences":[],"includedReferences":["http:\/\/www.preciosclaros.gob.ar\/"],"efiUrl":"","efiAlt":"","highlights":[]},"yoast_head":"<!-- This site is optimized with the Yoast SEO plugin v20.7 - https:\/\/yoast.com\/wordpress\/plugins\/seo\/ -->\n<title>Coronavirus en Argentina: el Gobierno anunci\u00f3 un amplio paquete econ\u00f3mico -<\/title>\n<meta name=\"robots\" content=\"index, follow, max-snippet:-1, max-image-preview:large, max-video-preview:-1\" \/>\n<link rel=\"canonical\" href=\"https:\/\/experienciadevida.com.ar\/portalurbano\/coronavirus-en-argentina-el-gobierno-anuncio-un-amplio-paquete-economico\/\" \/>\n<meta property=\"og:locale\" content=\"es_ES\" \/>\n<meta property=\"og:type\" content=\"article\" \/>\n<meta property=\"og:title\" content=\"Coronavirus en Argentina: el Gobierno anunci\u00f3 un amplio paquete econ\u00f3mico -\" \/>\n<meta property=\"og:description\" content=\"Las medidas incluyen cr\u00e9ditos a baja tasa, fiscalizaci\u00f3n de precios y baja de impuestos El...\" \/>\n<meta property=\"og:url\" content=\"https:\/\/experienciadevida.com.ar\/portalurbano\/coronavirus-en-argentina-el-gobierno-anuncio-un-amplio-paquete-economico\/\" \/>\n<meta property=\"article:publisher\" content=\"https:\/\/www.facebook.com\/Portal-Urbano-171542830093757\/\" \/>\n<meta property=\"article:published_time\" content=\"2020-03-17T23:36:44+00:00\" \/>\n<meta property=\"article:modified_time\" content=\"2020-03-17T23:40:11+00:00\" \/>\n<meta property=\"og:image\" content=\"https:\/\/experienciadevida.com.ar\/portalurbano\/wp-content\/uploads\/2020\/03\/0006637908-e1584488051943.jpg\" \/>\n\t<meta property=\"og:image:width\" content=\"750\" \/>\n\t<meta property=\"og:image:height\" content=\"487\" \/>\n\t<meta property=\"og:image:type\" content=\"image\/jpeg\" \/>\n<meta name=\"author\" content=\"admpu17wp\" \/>\n<meta name=\"twitter:card\" content=\"summary_large_image\" \/>\n<meta name=\"twitter:creator\" content=\"@portalurbanook\" \/>\n<meta name=\"twitter:site\" content=\"@portalurbanook\" \/>\n<meta name=\"twitter:label1\" content=\"Escrito por\" \/>\n\t<meta name=\"twitter:data1\" content=\"admpu17wp\" \/>\n\t<meta name=\"twitter:label2\" content=\"Tiempo de lectura\" \/>\n\t<meta name=\"twitter:data2\" content=\"4 minutos\" \/>\n<script type=\"application\/ld+json\" class=\"yoast-schema-graph\">{\"@context\":\"https:\/\/schema.org\",\"@graph\":[{\"@type\":\"Article\",\"@id\":\"https:\/\/experienciadevida.com.ar\/portalurbano\/coronavirus-en-argentina-el-gobierno-anuncio-un-amplio-paquete-economico\/#article\",\"isPartOf\":{\"@id\":\"https:\/\/experienciadevida.com.ar\/portalurbano\/coronavirus-en-argentina-el-gobierno-anuncio-un-amplio-paquete-economico\/\"},\"author\":{\"name\":\"admpu17wp\",\"@id\":\"https:\/\/experienciadevida.com.ar\/portalurbano\/#\/schema\/person\/02dd326b1c4b056e9cc972486934a3a7\"},\"headline\":\"Coronavirus en Argentina: el Gobierno anunci\u00f3 un amplio paquete econ\u00f3mico\",\"datePublished\":\"2020-03-17T23:36:44+00:00\",\"dateModified\":\"2020-03-17T23:40:11+00:00\",\"mainEntityOfPage\":{\"@id\":\"https:\/\/experienciadevida.com.ar\/portalurbano\/coronavirus-en-argentina-el-gobierno-anuncio-un-amplio-paquete-economico\/\"},\"wordCount\":845,\"commentCount\":0,\"publisher\":{\"@id\":\"https:\/\/experienciadevida.com.ar\/portalurbano\/#organization\"},\"articleSection\":[\"Naci\u00f3n\"],\"inLanguage\":\"es\",\"potentialAction\":[{\"@type\":\"CommentAction\",\"name\":\"Comment\",\"target\":[\"https:\/\/experienciadevida.com.ar\/portalurbano\/coronavirus-en-argentina-el-gobierno-anuncio-un-amplio-paquete-economico\/#respond\"]}]},{\"@type\":\"WebPage\",\"@id\":\"https:\/\/experienciadevida.com.ar\/portalurbano\/coronavirus-en-argentina-el-gobierno-anuncio-un-amplio-paquete-economico\/\",\"url\":\"https:\/\/experienciadevida.com.ar\/portalurbano\/coronavirus-en-argentina-el-gobierno-anuncio-un-amplio-paquete-economico\/\",\"name\":\"Coronavirus en Argentina: el Gobierno anunci\u00f3 un amplio paquete econ\u00f3mico -\",\"isPartOf\":{\"@id\":\"https:\/\/experienciadevida.com.ar\/portalurbano\/#website\"},\"datePublished\":\"2020-03-17T23:36:44+00:00\",\"dateModified\":\"2020-03-17T23:40:11+00:00\",\"breadcrumb\":{\"@id\":\"https:\/\/experienciadevida.com.ar\/portalurbano\/coronavirus-en-argentina-el-gobierno-anuncio-un-amplio-paquete-economico\/#breadcrumb\"},\"inLanguage\":\"es\",\"potentialAction\":[{\"@type\":\"ReadAction\",\"target\":[\"https:\/\/experienciadevida.com.ar\/portalurbano\/coronavirus-en-argentina-el-gobierno-anuncio-un-amplio-paquete-economico\/\"]}]},{\"@type\":\"BreadcrumbList\",\"@id\":\"https:\/\/experienciadevida.com.ar\/portalurbano\/coronavirus-en-argentina-el-gobierno-anuncio-un-amplio-paquete-economico\/#breadcrumb\",\"itemListElement\":[{\"@type\":\"ListItem\",\"position\":1,\"name\":\"Portada\",\"item\":\"https:\/\/experienciadevida.com.ar\/portalurbano\/\"},{\"@type\":\"ListItem\",\"position\":2,\"name\":\"Coronavirus en Argentina: el Gobierno anunci\u00f3 un amplio paquete econ\u00f3mico\"}]},{\"@type\":\"WebSite\",\"@id\":\"https:\/\/experienciadevida.com.ar\/portalurbano\/#website\",\"url\":\"https:\/\/experienciadevida.com.ar\/portalurbano\/\",\"name\":\"\",\"description\":\"\",\"publisher\":{\"@id\":\"https:\/\/experienciadevida.com.ar\/portalurbano\/#organization\"},\"potentialAction\":[{\"@type\":\"SearchAction\",\"target\":{\"@type\":\"EntryPoint\",\"urlTemplate\":\"https:\/\/experienciadevida.com.ar\/portalurbano\/?s={search_term_string}\"},\"query-input\":\"required name=search_term_string\"}],\"inLanguage\":\"es\"},{\"@type\":\"Organization\",\"@id\":\"https:\/\/experienciadevida.com.ar\/portalurbano\/#organization\",\"name\":\"Portal Urbano\",\"url\":\"https:\/\/experienciadevida.com.ar\/portalurbano\/\",\"logo\":{\"@type\":\"ImageObject\",\"inLanguage\":\"es\",\"@id\":\"https:\/\/experienciadevida.com.ar\/portalurbano\/#\/schema\/logo\/image\/\",\"url\":\"https:\/\/experienciadevida.com.ar\/portalurbano\/wp-content\/uploads\/2019\/09\/Logo-Original.png\",\"contentUrl\":\"https:\/\/experienciadevida.com.ar\/portalurbano\/wp-content\/uploads\/2019\/09\/Logo-Original.png\",\"width\":2236,\"height\":1216,\"caption\":\"Portal Urbano\"},\"image\":{\"@id\":\"https:\/\/experienciadevida.com.ar\/portalurbano\/#\/schema\/logo\/image\/\"},\"sameAs\":[\"https:\/\/www.facebook.com\/Portal-Urbano-171542830093757\/\",\"https:\/\/twitter.com\/portalurbanook\",\"https:\/\/www.instagram.com\/_portalurbano\/\",\"https:\/\/www.youtube.com\/channel\/UCXhagIfszH8KxFiOok79zbA?view_as=subscriber\"]},{\"@type\":\"Person\",\"@id\":\"https:\/\/experienciadevida.com.ar\/portalurbano\/#\/schema\/person\/02dd326b1c4b056e9cc972486934a3a7\",\"name\":\"admpu17wp\",\"image\":{\"@type\":\"ImageObject\",\"inLanguage\":\"es\",\"@id\":\"https:\/\/experienciadevida.com.ar\/portalurbano\/#\/schema\/person\/image\/\",\"url\":\"https:\/\/secure.gravatar.com\/avatar\/830d4c57adaae6630765e449a6908047?s=96&d=mm&r=g\",\"contentUrl\":\"https:\/\/secure.gravatar.com\/avatar\/830d4c57adaae6630765e449a6908047?s=96&d=mm&r=g\",\"caption\":\"admpu17wp\"}}]}<\/script>\n<!-- \/ Yoast SEO plugin. -->","yoast_head_json":{"title":"Coronavirus en Argentina: el Gobierno anunci\u00f3 un amplio paquete econ\u00f3mico -","robots":{"index":"index","follow":"follow","max-snippet":"max-snippet:-1","max-image-preview":"max-image-preview:large","max-video-preview":"max-video-preview:-1"},"canonical":"https:\/\/experienciadevida.com.ar\/portalurbano\/coronavirus-en-argentina-el-gobierno-anuncio-un-amplio-paquete-economico\/","og_locale":"es_ES","og_type":"article","og_title":"Coronavirus en Argentina: el Gobierno anunci\u00f3 un amplio paquete econ\u00f3mico -","og_description":"Las medidas incluyen cr\u00e9ditos a baja tasa, fiscalizaci\u00f3n de precios y baja de impuestos El...","og_url":"https:\/\/experienciadevida.com.ar\/portalurbano\/coronavirus-en-argentina-el-gobierno-anuncio-un-amplio-paquete-economico\/","article_publisher":"https:\/\/www.facebook.com\/Portal-Urbano-171542830093757\/","article_published_time":"2020-03-17T23:36:44+00:00","article_modified_time":"2020-03-17T23:40:11+00:00","og_image":[{"width":750,"height":487,"url":"https:\/\/experienciadevida.com.ar\/portalurbano\/wp-content\/uploads\/2020\/03\/0006637908-e1584488051943.jpg","type":"image\/jpeg"}],"author":"admpu17wp","twitter_card":"summary_large_image","twitter_creator":"@portalurbanook","twitter_site":"@portalurbanook","twitter_misc":{"Escrito por":"admpu17wp","Tiempo de lectura":"4 minutos"},"schema":{"@context":"https:\/\/schema.org","@graph":[{"@type":"Article","@id":"https:\/\/experienciadevida.com.ar\/portalurbano\/coronavirus-en-argentina-el-gobierno-anuncio-un-amplio-paquete-economico\/#article","isPartOf":{"@id":"https:\/\/experienciadevida.com.ar\/portalurbano\/coronavirus-en-argentina-el-gobierno-anuncio-un-amplio-paquete-economico\/"},"author":{"name":"admpu17wp","@id":"https:\/\/experienciadevida.com.ar\/portalurbano\/#\/schema\/person\/02dd326b1c4b056e9cc972486934a3a7"},"headline":"Coronavirus en Argentina: el Gobierno anunci\u00f3 un amplio paquete econ\u00f3mico","datePublished":"2020-03-17T23:36:44+00:00","dateModified":"2020-03-17T23:40:11+00:00","mainEntityOfPage":{"@id":"https:\/\/experienciadevida.com.ar\/portalurbano\/coronavirus-en-argentina-el-gobierno-anuncio-un-amplio-paquete-economico\/"},"wordCount":845,"commentCount":0,"publisher":{"@id":"https:\/\/experienciadevida.com.ar\/portalurbano\/#organization"},"articleSection":["Naci\u00f3n"],"inLanguage":"es","potentialAction":[{"@type":"CommentAction","name":"Comment","target":["https:\/\/experienciadevida.com.ar\/portalurbano\/coronavirus-en-argentina-el-gobierno-anuncio-un-amplio-paquete-economico\/#respond"]}]},{"@type":"WebPage","@id":"https:\/\/experienciadevida.com.ar\/portalurbano\/coronavirus-en-argentina-el-gobierno-anuncio-un-amplio-paquete-economico\/","url":"https:\/\/experienciadevida.com.ar\/portalurbano\/coronavirus-en-argentina-el-gobierno-anuncio-un-amplio-paquete-economico\/","name":"Coronavirus en Argentina: el Gobierno anunci\u00f3 un amplio paquete econ\u00f3mico -","isPartOf":{"@id":"https:\/\/experienciadevida.com.ar\/portalurbano\/#website"},"datePublished":"2020-03-17T23:36:44+00:00","dateModified":"2020-03-17T23:40:11+00:00","breadcrumb":{"@id":"https:\/\/experienciadevida.com.ar\/portalurbano\/coronavirus-en-argentina-el-gobierno-anuncio-un-amplio-paquete-economico\/#breadcrumb"},"inLanguage":"es","potentialAction":[{"@type":"ReadAction","target":["https:\/\/experienciadevida.com.ar\/portalurbano\/coronavirus-en-argentina-el-gobierno-anuncio-un-amplio-paquete-economico\/"]}]},{"@type":"BreadcrumbList","@id":"https:\/\/experienciadevida.com.ar\/portalurbano\/coronavirus-en-argentina-el-gobierno-anuncio-un-amplio-paquete-economico\/#breadcrumb","itemListElement":[{"@type":"ListItem","position":1,"name":"Portada","item":"https:\/\/experienciadevida.com.ar\/portalurbano\/"},{"@type":"ListItem","position":2,"name":"Coronavirus en Argentina: el Gobierno anunci\u00f3 un amplio paquete econ\u00f3mico"}]},{"@type":"WebSite","@id":"https:\/\/experienciadevida.com.ar\/portalurbano\/#website","url":"https:\/\/experienciadevida.com.ar\/portalurbano\/","name":"","description":"","publisher":{"@id":"https:\/\/experienciadevida.com.ar\/portalurbano\/#organization"},"potentialAction":[{"@type":"SearchAction","target":{"@type":"EntryPoint","urlTemplate":"https:\/\/experienciadevida.com.ar\/portalurbano\/?s={search_term_string}"},"query-input":"required name=search_term_string"}],"inLanguage":"es"},{"@type":"Organization","@id":"https:\/\/experienciadevida.com.ar\/portalurbano\/#organization","name":"Portal Urbano","url":"https:\/\/experienciadevida.com.ar\/portalurbano\/","logo":{"@type":"ImageObject","inLanguage":"es","@id":"https:\/\/experienciadevida.com.ar\/portalurbano\/#\/schema\/logo\/image\/","url":"https:\/\/experienciadevida.com.ar\/portalurbano\/wp-content\/uploads\/2019\/09\/Logo-Original.png","contentUrl":"https:\/\/experienciadevida.com.ar\/portalurbano\/wp-content\/uploads\/2019\/09\/Logo-Original.png","width":2236,"height":1216,"caption":"Portal Urbano"},"image":{"@id":"https:\/\/experienciadevida.com.ar\/portalurbano\/#\/schema\/logo\/image\/"},"sameAs":["https:\/\/www.facebook.com\/Portal-Urbano-171542830093757\/","https:\/\/twitter.com\/portalurbanook","https:\/\/www.instagram.com\/_portalurbano\/","https:\/\/www.youtube.com\/channel\/UCXhagIfszH8KxFiOok79zbA?view_as=subscriber"]},{"@type":"Person","@id":"https:\/\/experienciadevida.com.ar\/portalurbano\/#\/schema\/person\/02dd326b1c4b056e9cc972486934a3a7","name":"admpu17wp","image":{"@type":"ImageObject","inLanguage":"es","@id":"https:\/\/experienciadevida.com.ar\/portalurbano\/#\/schema\/person\/image\/","url":"https:\/\/secure.gravatar.com\/avatar\/830d4c57adaae6630765e449a6908047?s=96&d=mm&r=g","contentUrl":"https:\/\/secure.gravatar.com\/avatar\/830d4c57adaae6630765e449a6908047?s=96&d=mm&r=g","caption":"admpu17wp"}}]}},"featured_image_urls":{"full":["https:\/\/experienciadevida.com.ar\/portalurbano\/wp-content\/uploads\/2020\/03\/0006637908-e1584488051943.jpg",750,487,false],"thumbnail":["https:\/\/experienciadevida.com.ar\/portalurbano\/wp-content\/uploads\/2020\/03\/0006637908-150x150.jpg",150,150,true],"medium":["https:\/\/experienciadevida.com.ar\/portalurbano\/wp-content\/uploads\/2020\/03\/0006637908-300x195.jpg",300,195,true],"medium_large":["https:\/\/experienciadevida.com.ar\/portalurbano\/wp-content\/uploads\/2020\/03\/0006637908-768x499.jpg",640,416,true],"large":["https:\/\/experienciadevida.com.ar\/portalurbano\/wp-content\/uploads\/2020\/03\/0006637908-e1584488051943.jpg",640,416,false],"ug_big":["https:\/\/experienciadevida.com.ar\/portalurbano\/wp-content\/uploads\/2020\/03\/0006637908-768x499.jpg",768,499,true],"1536x1536":["https:\/\/experienciadevida.com.ar\/portalurbano\/wp-content\/uploads\/2020\/03\/0006637908-e1584488051943.jpg",750,487,false],"2048x2048":["https:\/\/experienciadevida.com.ar\/portalurbano\/wp-content\/uploads\/2020\/03\/0006637908-e1584488051943.jpg",750,487,false],"newsever-slider-full":["https:\/\/experienciadevida.com.ar\/portalurbano\/wp-content\/uploads\/2020\/03\/0006637908-e1584488051943.jpg",750,487,false],"newsever-featured":["https:\/\/experienciadevida.com.ar\/portalurbano\/wp-content\/uploads\/2020\/03\/0006637908-e1584488051943.jpg",750,487,false],"newsever-medium":["https:\/\/experienciadevida.com.ar\/portalurbano\/wp-content\/uploads\/2020\/03\/0006637908-e1584488051943.jpg",720,468,false],"web-stories-poster-portrait":["https:\/\/experienciadevida.com.ar\/portalurbano\/wp-content\/uploads\/2020\/03\/0006637908-e1584488051943.jpg",640,416,false],"web-stories-publisher-logo":["https:\/\/experienciadevida.com.ar\/portalurbano\/wp-content\/uploads\/2020\/03\/0006637908-e1584488051943.jpg",96,62,false],"web-stories-thumbnail":["https:\/\/experienciadevida.com.ar\/portalurbano\/wp-content\/uploads\/2020\/03\/0006637908-e1584488051943.jpg",150,97,false]},"author_info":{"display_name":"admpu17wp","author_link":"https:\/\/experienciadevida.com.ar\/portalurbano\/author\/admpu17wp\/"},"category_info":"<a href=\"https:\/\/experienciadevida.com.ar\/portalurbano\/category\/nacion\/\" rel=\"category tag\">Naci\u00f3n<\/a>","tag_info":"Naci\u00f3n","comment_count":"0","amp_enabled":true,"_links":{"self":[{"href":"https:\/\/experienciadevida.com.ar\/portalurbano\/wp-json\/wp\/v2\/posts\/104401"}],"collection":[{"href":"https:\/\/experienciadevida.com.ar\/portalurbano\/wp-json\/wp\/v2\/posts"}],"about":[{"href":"https:\/\/experienciadevida.com.ar\/portalurbano\/wp-json\/wp\/v2\/types\/post"}],"author":[{"embeddable":true,"href":"https:\/\/experienciadevida.com.ar\/portalurbano\/wp-json\/wp\/v2\/users\/1"}],"replies":[{"embeddable":true,"href":"https:\/\/experienciadevida.com.ar\/portalurbano\/wp-json\/wp\/v2\/comments?post=104401"}],"version-history":[{"count":4,"href":"https:\/\/experienciadevida.com.ar\/portalurbano\/wp-json\/wp\/v2\/posts\/104401\/revisions"}],"predecessor-version":[{"id":104438,"href":"https:\/\/experienciadevida.com.ar\/portalurbano\/wp-json\/wp\/v2\/posts\/104401\/revisions\/104438"}],"wp:featuredmedia":[{"embeddable":true,"href":"https:\/\/experienciadevida.com.ar\/portalurbano\/wp-json\/wp\/v2\/media\/104403"}],"wp:attachment":[{"href":"https:\/\/experienciadevida.com.ar\/portalurbano\/wp-json\/wp\/v2\/media?parent=104401"}],"wp:term":[{"taxonomy":"category","embeddable":true,"href":"https:\/\/experienciadevida.com.ar\/portalurbano\/wp-json\/wp\/v2\/categories?post=104401"},{"taxonomy":"post_tag","embeddable":true,"href":"https:\/\/experienciadevida.com.ar\/portalurbano\/wp-json\/wp\/v2\/tags?post=104401"}],"curies":[{"name":"wp","href":"https:\/\/api.w.org\/{rel}","templated":true}]}}