{"id":104013,"date":"2020-03-13T21:22:30","date_gmt":"2020-03-14T00:22:30","guid":{"rendered":"https:\/\/experienciadevida.com.ar\/portalurbano\/?p=104013"},"modified":"2020-03-13T21:22:30","modified_gmt":"2020-03-14T00:22:30","slug":"abuelas-de-plaza-de-mayo-y-organismos-de-ddhh-suspenden-la-marcha-del-24-de-marzo","status":"publish","type":"post","link":"https:\/\/experienciadevida.com.ar\/portalurbano\/abuelas-de-plaza-de-mayo-y-organismos-de-ddhh-suspenden-la-marcha-del-24-de-marzo\/","title":{"rendered":"Abuelas de Plaza de Mayo y Organismos de DDHH suspenden la marcha del 24 de Marzo"},"content":{"rendered":"<p><strong>Abuelas de Plaza de Mayo y las organizaciones de Derechos Humanos<\/strong>, en concordancia con los protocolos sanitarios para evitar la propagaci\u00f3n del\u00a0<strong>Coronavirus<\/strong>, decidieron no realizar la hist\u00f3rica marcha\u00a0conmemorativa por la Memoria, la Verdad y la Justicia, al cumplirse un nuevo aniversario del\u00a0<strong>Golpe de Estado de 1976<\/strong>.<\/p>\n<p>El Presidente, <strong>Alberto Fern\u00e1ndez<\/strong>\u00a0unos d\u00edas atr\u00e1s se refiri\u00f3 a la tem\u00e1tica en una entrevista radial:\u00a0<strong>&#8220;Nos pregunt\u00e1bamos qu\u00e9 hacer con las movilizaciones del 24 de marzo, que son muy dif\u00edciles de contener porque la gente quiere salir y expresarse. Yo comparto la necesidad de mantener viva la memoria, pero estamos en riesgo&#8221;.<\/strong><\/p>\n<p><img decoding=\"async\" src=\"https:\/\/latecla-repos-dgf.aplinews.com\/archivos\/noticias\/fotografias\/109471_3.jpg\" width=\"100%\" \/><\/p>\n<p>Durante esta jornada, la Presidenta de &#8220;Abuelas&#8221; ya hab\u00eda evaluado la posibilidad de suspender los tradicionales actos, finalmente mediante un comunicado oficial de la organizaci\u00f3n, la noticia tuvo gran impacto:\u00a0<strong>&#8220;Los organismos de Derechos Humanos hemos decidido suspender la hist\u00f3rica marcha del 24 de marzo, ante la situaci\u00f3n de p\u00fablico conocimiento respecto al Coronavirus. Resulta de vital importancia seguir las medidas oficiales dispuestas en nuestro pa\u00eds y, especialmente, las recomendaciones preventivas del Gobierno Nacional&#8221;.<\/strong><\/p>\n<p>El apoyo de los diferentes arcos pol\u00edticos no se hizo esperar y ya son muchos los dirigentes que expresan su pesar por la decisi\u00f3n, aunque entienden la postura y acompa\u00f1an la elecci\u00f3n de\u00a0<strong>Abuelas de Plaza de Mayo.<\/strong><\/p>\n<p>&#8220;La decisi\u00f3n de no movilizarnos el 24 de marzo como lo hacemos desde hace tantos a\u00f1os es realmente algo muy impactante, pero entendemos que el cuidado de la poblaci\u00f3n requiere respuestas solidarias para contribuir con la prevenci\u00f3n y la salud de nuestro pueblo. No podemos ir a la plaza para evitar el contagio, pero queremos que se contagie la esperanza firme en el nunca m\u00e1s&#8221;.<\/p>\n<p>&#8211; Abuelas de Plaza de Mayo<\/p>\n<p>&#8211; Madres de Plaza de Mayo L\u00ednea Fundadora<\/p>\n<p>&#8211; Familiares de Desaparecidos y Detenidos por Razones Pol\u00edticas<\/p>\n<p>&#8211; H.I.J.O.S. Capital<\/p>\n<p>&#8211; Asamblea Permanente por los Derechos Humanos<\/p>\n<p>&#8211; Asamblea Permanente por los Derechos Humanos La Matanza<\/p>\n<p>&#8211; Asociaci\u00f3n Buena Memoria<\/p>\n<p>&#8211; Centro de Estudios Legales y Sociales<\/p>\n<p>&#8211; Comisi\u00f3n Memoria, Verdad y Justicia Zona Norte<\/p>\n<p>&#8211; Familiares y Compa\u00f1eros de los 12 de la Santa Cruz<\/p>\n<p>&#8211; Fundaci\u00f3n Memoria Hist\u00f3rica y Social Argentina<\/p>\n<p>&#8211; Liga Argentina por los Derechos Humanos<\/p>\n<p>&#8211; Movimiento Ecum\u00e9nico por los Derechos Humanos<\/p>\n","protected":false},"excerpt":{"rendered":"<p>Abuelas de Plaza de Mayo y las organizaciones de Derechos Humanos, en concordancia con los&#8230;<\/p>\n","protected":false},"author":1,"featured_media":104015,"comment_status":"open","ping_status":"open","sticky":false,"template":"","format":"standard","meta":{"content-type":""},"categories":[39],"tags":[],"nelio_content":{"isAutoShareEnabled":false,"autoShareEndMode":"default","automationSources":{"useContentSentences":true,"useSocialTemplates":true,"useCustomSentences":false,"customSentences":[]},"followers":[1],"suggestedReferences":[],"includedReferences":[],"efiUrl":"","efiAlt":"","highlights":[]},"yoast_head":"<!-- This site is optimized with the Yoast SEO plugin v20.7 - https:\/\/yoast.com\/wordpress\/plugins\/seo\/ -->\n<title>Abuelas de Plaza de Mayo y Organismos de DDHH suspenden la marcha del 24 de Marzo -<\/title>\n<meta name=\"robots\" content=\"index, follow, max-snippet:-1, max-image-preview:large, max-video-preview:-1\" \/>\n<link rel=\"canonical\" href=\"https:\/\/experienciadevida.com.ar\/portalurbano\/abuelas-de-plaza-de-mayo-y-organismos-de-ddhh-suspenden-la-marcha-del-24-de-marzo\/\" \/>\n<meta property=\"og:locale\" content=\"es_ES\" \/>\n<meta property=\"og:type\" content=\"article\" \/>\n<meta property=\"og:title\" content=\"Abuelas de Plaza de Mayo y Organismos de DDHH suspenden la marcha del 24 de Marzo -\" \/>\n<meta property=\"og:description\" content=\"Abuelas de Plaza de Mayo y las organizaciones de Derechos Humanos, en concordancia con los...\" \/>\n<meta property=\"og:url\" content=\"https:\/\/experienciadevida.com.ar\/portalurbano\/abuelas-de-plaza-de-mayo-y-organismos-de-ddhh-suspenden-la-marcha-del-24-de-marzo\/\" \/>\n<meta property=\"article:publisher\" content=\"https:\/\/www.facebook.com\/Portal-Urbano-171542830093757\/\" \/>\n<meta property=\"article:published_time\" content=\"2020-03-14T00:22:30+00:00\" \/>\n<meta property=\"og:image\" content=\"https:\/\/experienciadevida.com.ar\/portalurbano\/wp-content\/uploads\/2020\/03\/109470_3-e1584145314917.jpg\" \/>\n\t<meta property=\"og:image:width\" content=\"800\" \/>\n\t<meta property=\"og:image:height\" content=\"449\" \/>\n\t<meta property=\"og:image:type\" content=\"image\/jpeg\" \/>\n<meta name=\"author\" content=\"admpu17wp\" \/>\n<meta name=\"twitter:card\" content=\"summary_large_image\" \/>\n<meta name=\"twitter:creator\" content=\"@portalurbanook\" \/>\n<meta name=\"twitter:site\" content=\"@portalurbanook\" \/>\n<meta name=\"twitter:label1\" content=\"Escrito por\" \/>\n\t<meta name=\"twitter:data1\" content=\"admpu17wp\" \/>\n\t<meta name=\"twitter:label2\" content=\"Tiempo de lectura\" \/>\n\t<meta name=\"twitter:data2\" content=\"2 minutos\" \/>\n<script type=\"application\/ld+json\" class=\"yoast-schema-graph\">{\"@context\":\"https:\/\/schema.org\",\"@graph\":[{\"@type\":\"Article\",\"@id\":\"https:\/\/experienciadevida.com.ar\/portalurbano\/abuelas-de-plaza-de-mayo-y-organismos-de-ddhh-suspenden-la-marcha-del-24-de-marzo\/#article\",\"isPartOf\":{\"@id\":\"https:\/\/experienciadevida.com.ar\/portalurbano\/abuelas-de-plaza-de-mayo-y-organismos-de-ddhh-suspenden-la-marcha-del-24-de-marzo\/\"},\"author\":{\"name\":\"admpu17wp\",\"@id\":\"https:\/\/experienciadevida.com.ar\/portalurbano\/#\/schema\/person\/02dd326b1c4b056e9cc972486934a3a7\"},\"headline\":\"Abuelas de Plaza de Mayo y Organismos de DDHH suspenden la marcha del 24 de Marzo\",\"datePublished\":\"2020-03-14T00:22:30+00:00\",\"dateModified\":\"2020-03-14T00:22:30+00:00\",\"mainEntityOfPage\":{\"@id\":\"https:\/\/experienciadevida.com.ar\/portalurbano\/abuelas-de-plaza-de-mayo-y-organismos-de-ddhh-suspenden-la-marcha-del-24-de-marzo\/\"},\"wordCount\":417,\"commentCount\":0,\"publisher\":{\"@id\":\"https:\/\/experienciadevida.com.ar\/portalurbano\/#organization\"},\"articleSection\":[\"Naci\u00f3n\"],\"inLanguage\":\"es\",\"potentialAction\":[{\"@type\":\"CommentAction\",\"name\":\"Comment\",\"target\":[\"https:\/\/experienciadevida.com.ar\/portalurbano\/abuelas-de-plaza-de-mayo-y-organismos-de-ddhh-suspenden-la-marcha-del-24-de-marzo\/#respond\"]}]},{\"@type\":\"WebPage\",\"@id\":\"https:\/\/experienciadevida.com.ar\/portalurbano\/abuelas-de-plaza-de-mayo-y-organismos-de-ddhh-suspenden-la-marcha-del-24-de-marzo\/\",\"url\":\"https:\/\/experienciadevida.com.ar\/portalurbano\/abuelas-de-plaza-de-mayo-y-organismos-de-ddhh-suspenden-la-marcha-del-24-de-marzo\/\",\"name\":\"Abuelas de Plaza de Mayo y Organismos de DDHH suspenden la marcha del 24 de Marzo -\",\"isPartOf\":{\"@id\":\"https:\/\/experienciadevida.com.ar\/portalurbano\/#website\"},\"datePublished\":\"2020-03-14T00:22:30+00:00\",\"dateModified\":\"2020-03-14T00:22:30+00:00\",\"breadcrumb\":{\"@id\":\"https:\/\/experienciadevida.com.ar\/portalurbano\/abuelas-de-plaza-de-mayo-y-organismos-de-ddhh-suspenden-la-marcha-del-24-de-marzo\/#breadcrumb\"},\"inLanguage\":\"es\",\"potentialAction\":[{\"@type\":\"ReadAction\",\"target\":[\"https:\/\/experienciadevida.com.ar\/portalurbano\/abuelas-de-plaza-de-mayo-y-organismos-de-ddhh-suspenden-la-marcha-del-24-de-marzo\/\"]}]},{\"@type\":\"BreadcrumbList\",\"@id\":\"https:\/\/experienciadevida.com.ar\/portalurbano\/abuelas-de-plaza-de-mayo-y-organismos-de-ddhh-suspenden-la-marcha-del-24-de-marzo\/#breadcrumb\",\"itemListElement\":[{\"@type\":\"ListItem\",\"position\":1,\"name\":\"Portada\",\"item\":\"https:\/\/experienciadevida.com.ar\/portalurbano\/\"},{\"@type\":\"ListItem\",\"position\":2,\"name\":\"Abuelas de Plaza de Mayo y Organismos de DDHH suspenden la marcha del 24 de Marzo\"}]},{\"@type\":\"WebSite\",\"@id\":\"https:\/\/experienciadevida.com.ar\/portalurbano\/#website\",\"url\":\"https:\/\/experienciadevida.com.ar\/portalurbano\/\",\"name\":\"\",\"description\":\"\",\"publisher\":{\"@id\":\"https:\/\/experienciadevida.com.ar\/portalurbano\/#organization\"},\"potentialAction\":[{\"@type\":\"SearchAction\",\"target\":{\"@type\":\"EntryPoint\",\"urlTemplate\":\"https:\/\/experienciadevida.com.ar\/portalurbano\/?s={search_term_string}\"},\"query-input\":\"required name=search_term_string\"}],\"inLanguage\":\"es\"},{\"@type\":\"Organization\",\"@id\":\"https:\/\/experienciadevida.com.ar\/portalurbano\/#organization\",\"name\":\"Portal Urbano\",\"url\":\"https:\/\/experienciadevida.com.ar\/portalurbano\/\",\"logo\":{\"@type\":\"ImageObject\",\"inLanguage\":\"es\",\"@id\":\"https:\/\/experienciadevida.com.ar\/portalurbano\/#\/schema\/logo\/image\/\",\"url\":\"https:\/\/experienciadevida.com.ar\/portalurbano\/wp-content\/uploads\/2019\/09\/Logo-Original.png\",\"contentUrl\":\"https:\/\/experienciadevida.com.ar\/portalurbano\/wp-content\/uploads\/2019\/09\/Logo-Original.png\",\"width\":2236,\"height\":1216,\"caption\":\"Portal Urbano\"},\"image\":{\"@id\":\"https:\/\/experienciadevida.com.ar\/portalurbano\/#\/schema\/logo\/image\/\"},\"sameAs\":[\"https:\/\/www.facebook.com\/Portal-Urbano-171542830093757\/\",\"https:\/\/twitter.com\/portalurbanook\",\"https:\/\/www.instagram.com\/_portalurbano\/\",\"https:\/\/www.youtube.com\/channel\/UCXhagIfszH8KxFiOok79zbA?view_as=subscriber\"]},{\"@type\":\"Person\",\"@id\":\"https:\/\/experienciadevida.com.ar\/portalurbano\/#\/schema\/person\/02dd326b1c4b056e9cc972486934a3a7\",\"name\":\"admpu17wp\",\"image\":{\"@type\":\"ImageObject\",\"inLanguage\":\"es\",\"@id\":\"https:\/\/experienciadevida.com.ar\/portalurbano\/#\/schema\/person\/image\/\",\"url\":\"https:\/\/secure.gravatar.com\/avatar\/830d4c57adaae6630765e449a6908047?s=96&d=mm&r=g\",\"contentUrl\":\"https:\/\/secure.gravatar.com\/avatar\/830d4c57adaae6630765e449a6908047?s=96&d=mm&r=g\",\"caption\":\"admpu17wp\"}}]}<\/script>\n<!-- \/ Yoast SEO plugin. -->","yoast_head_json":{"title":"Abuelas de Plaza de Mayo y Organismos de DDHH suspenden la marcha del 24 de Marzo -","robots":{"index":"index","follow":"follow","max-snippet":"max-snippet:-1","max-image-preview":"max-image-preview:large","max-video-preview":"max-video-preview:-1"},"canonical":"https:\/\/experienciadevida.com.ar\/portalurbano\/abuelas-de-plaza-de-mayo-y-organismos-de-ddhh-suspenden-la-marcha-del-24-de-marzo\/","og_locale":"es_ES","og_type":"article","og_title":"Abuelas de Plaza de Mayo y Organismos de DDHH suspenden la marcha del 24 de Marzo -","og_description":"Abuelas de Plaza de Mayo y las organizaciones de Derechos Humanos, en concordancia con los...","og_url":"https:\/\/experienciadevida.com.ar\/portalurbano\/abuelas-de-plaza-de-mayo-y-organismos-de-ddhh-suspenden-la-marcha-del-24-de-marzo\/","article_publisher":"https:\/\/www.facebook.com\/Portal-Urbano-171542830093757\/","article_published_time":"2020-03-14T00:22:30+00:00","og_image":[{"width":800,"height":449,"url":"https:\/\/experienciadevida.com.ar\/portalurbano\/wp-content\/uploads\/2020\/03\/109470_3-e1584145314917.jpg","type":"image\/jpeg"}],"author":"admpu17wp","twitter_card":"summary_large_image","twitter_creator":"@portalurbanook","twitter_site":"@portalurbanook","twitter_misc":{"Escrito por":"admpu17wp","Tiempo de lectura":"2 minutos"},"schema":{"@context":"https:\/\/schema.org","@graph":[{"@type":"Article","@id":"https:\/\/experienciadevida.com.ar\/portalurbano\/abuelas-de-plaza-de-mayo-y-organismos-de-ddhh-suspenden-la-marcha-del-24-de-marzo\/#article","isPartOf":{"@id":"https:\/\/experienciadevida.com.ar\/portalurbano\/abuelas-de-plaza-de-mayo-y-organismos-de-ddhh-suspenden-la-marcha-del-24-de-marzo\/"},"author":{"name":"admpu17wp","@id":"https:\/\/experienciadevida.com.ar\/portalurbano\/#\/schema\/person\/02dd326b1c4b056e9cc972486934a3a7"},"headline":"Abuelas de Plaza de Mayo y Organismos de DDHH suspenden la marcha del 24 de Marzo","datePublished":"2020-03-14T00:22:30+00:00","dateModified":"2020-03-14T00:22:30+00:00","mainEntityOfPage":{"@id":"https:\/\/experienciadevida.com.ar\/portalurbano\/abuelas-de-plaza-de-mayo-y-organismos-de-ddhh-suspenden-la-marcha-del-24-de-marzo\/"},"wordCount":417,"commentCount":0,"publisher":{"@id":"https:\/\/experienciadevida.com.ar\/portalurbano\/#organization"},"articleSection":["Naci\u00f3n"],"inLanguage":"es","potentialAction":[{"@type":"CommentAction","name":"Comment","target":["https:\/\/experienciadevida.com.ar\/portalurbano\/abuelas-de-plaza-de-mayo-y-organismos-de-ddhh-suspenden-la-marcha-del-24-de-marzo\/#respond"]}]},{"@type":"WebPage","@id":"https:\/\/experienciadevida.com.ar\/portalurbano\/abuelas-de-plaza-de-mayo-y-organismos-de-ddhh-suspenden-la-marcha-del-24-de-marzo\/","url":"https:\/\/experienciadevida.com.ar\/portalurbano\/abuelas-de-plaza-de-mayo-y-organismos-de-ddhh-suspenden-la-marcha-del-24-de-marzo\/","name":"Abuelas de Plaza de Mayo y Organismos de DDHH suspenden la marcha del 24 de Marzo -","isPartOf":{"@id":"https:\/\/experienciadevida.com.ar\/portalurbano\/#website"},"datePublished":"2020-03-14T00:22:30+00:00","dateModified":"2020-03-14T00:22:30+00:00","breadcrumb":{"@id":"https:\/\/experienciadevida.com.ar\/portalurbano\/abuelas-de-plaza-de-mayo-y-organismos-de-ddhh-suspenden-la-marcha-del-24-de-marzo\/#breadcrumb"},"inLanguage":"es","potentialAction":[{"@type":"ReadAction","target":["https:\/\/experienciadevida.com.ar\/portalurbano\/abuelas-de-plaza-de-mayo-y-organismos-de-ddhh-suspenden-la-marcha-del-24-de-marzo\/"]}]},{"@type":"BreadcrumbList","@id":"https:\/\/experienciadevida.com.ar\/portalurbano\/abuelas-de-plaza-de-mayo-y-organismos-de-ddhh-suspenden-la-marcha-del-24-de-marzo\/#breadcrumb","itemListElement":[{"@type":"ListItem","position":1,"name":"Portada","item":"https:\/\/experienciadevida.com.ar\/portalurbano\/"},{"@type":"ListItem","position":2,"name":"Abuelas de Plaza de Mayo y Organismos de DDHH suspenden la marcha del 24 de Marzo"}]},{"@type":"WebSite","@id":"https:\/\/experienciadevida.com.ar\/portalurbano\/#website","url":"https:\/\/experienciadevida.com.ar\/portalurbano\/","name":"","description":"","publisher":{"@id":"https:\/\/experienciadevida.com.ar\/portalurbano\/#organization"},"potentialAction":[{"@type":"SearchAction","target":{"@type":"EntryPoint","urlTemplate":"https:\/\/experienciadevida.com.ar\/portalurbano\/?s={search_term_string}"},"query-input":"required name=search_term_string"}],"inLanguage":"es"},{"@type":"Organization","@id":"https:\/\/experienciadevida.com.ar\/portalurbano\/#organization","name":"Portal Urbano","url":"https:\/\/experienciadevida.com.ar\/portalurbano\/","logo":{"@type":"ImageObject","inLanguage":"es","@id":"https:\/\/experienciadevida.com.ar\/portalurbano\/#\/schema\/logo\/image\/","url":"https:\/\/experienciadevida.com.ar\/portalurbano\/wp-content\/uploads\/2019\/09\/Logo-Original.png","contentUrl":"https:\/\/experienciadevida.com.ar\/portalurbano\/wp-content\/uploads\/2019\/09\/Logo-Original.png","width":2236,"height":1216,"caption":"Portal Urbano"},"image":{"@id":"https:\/\/experienciadevida.com.ar\/portalurbano\/#\/schema\/logo\/image\/"},"sameAs":["https:\/\/www.facebook.com\/Portal-Urbano-171542830093757\/","https:\/\/twitter.com\/portalurbanook","https:\/\/www.instagram.com\/_portalurbano\/","https:\/\/www.youtube.com\/channel\/UCXhagIfszH8KxFiOok79zbA?view_as=subscriber"]},{"@type":"Person","@id":"https:\/\/experienciadevida.com.ar\/portalurbano\/#\/schema\/person\/02dd326b1c4b056e9cc972486934a3a7","name":"admpu17wp","image":{"@type":"ImageObject","inLanguage":"es","@id":"https:\/\/experienciadevida.com.ar\/portalurbano\/#\/schema\/person\/image\/","url":"https:\/\/secure.gravatar.com\/avatar\/830d4c57adaae6630765e449a6908047?s=96&d=mm&r=g","contentUrl":"https:\/\/secure.gravatar.com\/avatar\/830d4c57adaae6630765e449a6908047?s=96&d=mm&r=g","caption":"admpu17wp"}}]}},"featured_image_urls":{"full":["https:\/\/experienciadevida.com.ar\/portalurbano\/wp-content\/uploads\/2020\/03\/109470_3-e1584145314917.jpg",800,449,false],"thumbnail":["https:\/\/experienciadevida.com.ar\/portalurbano\/wp-content\/uploads\/2020\/03\/109470_3-150x150.jpg",150,150,true],"medium":["https:\/\/experienciadevida.com.ar\/portalurbano\/wp-content\/uploads\/2020\/03\/109470_3-300x168.jpg",300,168,true],"medium_large":["https:\/\/experienciadevida.com.ar\/portalurbano\/wp-content\/uploads\/2020\/03\/109470_3-768x431.jpg",640,359,true],"large":["https:\/\/experienciadevida.com.ar\/portalurbano\/wp-content\/uploads\/2020\/03\/109470_3-e1584145314917.jpg",640,359,false],"ug_big":["https:\/\/experienciadevida.com.ar\/portalurbano\/wp-content\/uploads\/2020\/03\/109470_3-768x431.jpg",768,431,true],"1536x1536":["https:\/\/experienciadevida.com.ar\/portalurbano\/wp-content\/uploads\/2020\/03\/109470_3-e1584145314917.jpg",800,449,false],"2048x2048":["https:\/\/experienciadevida.com.ar\/portalurbano\/wp-content\/uploads\/2020\/03\/109470_3-e1584145314917.jpg",800,449,false],"newsever-slider-full":["https:\/\/experienciadevida.com.ar\/portalurbano\/wp-content\/uploads\/2020\/03\/109470_3-e1584145314917.jpg",800,449,false],"newsever-featured":["https:\/\/experienciadevida.com.ar\/portalurbano\/wp-content\/uploads\/2020\/03\/109470_3-e1584145314917.jpg",800,449,false],"newsever-medium":["https:\/\/experienciadevida.com.ar\/portalurbano\/wp-content\/uploads\/2020\/03\/109470_3-e1584145314917.jpg",720,404,false],"web-stories-poster-portrait":["https:\/\/experienciadevida.com.ar\/portalurbano\/wp-content\/uploads\/2020\/03\/109470_3-e1584145314917.jpg",640,359,false],"web-stories-publisher-logo":["https:\/\/experienciadevida.com.ar\/portalurbano\/wp-content\/uploads\/2020\/03\/109470_3-e1584145314917.jpg",96,54,false],"web-stories-thumbnail":["https:\/\/experienciadevida.com.ar\/portalurbano\/wp-content\/uploads\/2020\/03\/109470_3-e1584145314917.jpg",150,84,false]},"author_info":{"display_name":"admpu17wp","author_link":"https:\/\/experienciadevida.com.ar\/portalurbano\/author\/admpu17wp\/"},"category_info":"<a href=\"https:\/\/experienciadevida.com.ar\/portalurbano\/category\/nacion\/\" rel=\"category tag\">Naci\u00f3n<\/a>","tag_info":"Naci\u00f3n","comment_count":"0","amp_enabled":true,"_links":{"self":[{"href":"https:\/\/experienciadevida.com.ar\/portalurbano\/wp-json\/wp\/v2\/posts\/104013"}],"collection":[{"href":"https:\/\/experienciadevida.com.ar\/portalurbano\/wp-json\/wp\/v2\/posts"}],"about":[{"href":"https:\/\/experienciadevida.com.ar\/portalurbano\/wp-json\/wp\/v2\/types\/post"}],"author":[{"embeddable":true,"href":"https:\/\/experienciadevida.com.ar\/portalurbano\/wp-json\/wp\/v2\/users\/1"}],"replies":[{"embeddable":true,"href":"https:\/\/experienciadevida.com.ar\/portalurbano\/wp-json\/wp\/v2\/comments?post=104013"}],"version-history":[{"count":1,"href":"https:\/\/experienciadevida.com.ar\/portalurbano\/wp-json\/wp\/v2\/posts\/104013\/revisions"}],"predecessor-version":[{"id":104016,"href":"https:\/\/experienciadevida.com.ar\/portalurbano\/wp-json\/wp\/v2\/posts\/104013\/revisions\/104016"}],"wp:featuredmedia":[{"embeddable":true,"href":"https:\/\/experienciadevida.com.ar\/portalurbano\/wp-json\/wp\/v2\/media\/104015"}],"wp:attachment":[{"href":"https:\/\/experienciadevida.com.ar\/portalurbano\/wp-json\/wp\/v2\/media?parent=104013"}],"wp:term":[{"taxonomy":"category","embeddable":true,"href":"https:\/\/experienciadevida.com.ar\/portalurbano\/wp-json\/wp\/v2\/categories?post=104013"},{"taxonomy":"post_tag","embeddable":true,"href":"https:\/\/experienciadevida.com.ar\/portalurbano\/wp-json\/wp\/v2\/tags?post=104013"}],"curies":[{"name":"wp","href":"https:\/\/api.w.org\/{rel}","templated":true}]}}