{"id":103918,"date":"2020-03-13T10:17:24","date_gmt":"2020-03-13T13:17:24","guid":{"rendered":"https:\/\/experienciadevida.com.ar\/portalurbano\/?p=103918"},"modified":"2020-03-13T10:17:39","modified_gmt":"2020-03-13T13:17:39","slug":"trotta-no-es-necesaria-la-suspension-de-las-clases","status":"publish","type":"post","link":"https:\/\/experienciadevida.com.ar\/portalurbano\/trotta-no-es-necesaria-la-suspension-de-las-clases\/","title":{"rendered":"Trotta: &#8220;No es necesaria la suspensi\u00f3n de las clases&#8221;"},"content":{"rendered":"<p class=\"interiorCopete\">El ministro de Educaci\u00f3n asegur\u00f3 que en este momento as\u00ed lo indican &#8220;los especialistas&#8221;, pero que el panorama &#8220;puede cambiar en las pr\u00f3ximas horas o la semana pr\u00f3xima&#8221;.<\/p>\n<p>El ministro de Educaci\u00f3n de la Naci\u00f3n, Nicol\u00e1s Trotta, asegur\u00f3 hoy que \u201cen este momento no es necesaria la suspensi\u00f3n de las clases seg\u00fan lo que indican los especialistas\u201d y explic\u00f3 que esta indicaci\u00f3n \u201cpuede cambiar en las pr\u00f3ximas horas o la semana pr\u00f3xima\u201d, en relaci\u00f3n a las medidas por la pandemia mundial de coronavirus.<\/p>\n<p>&#8220;El trabajo hoy es ver c\u00f3mo logramos detener el avance del contagio y con ese fin el Consejo de Expertos nos indican que la suspensi\u00f3n de clases no va a tener ning\u00fan impacto por el momento\u201d, se\u00f1al\u00f3 el titular de la cartera educativa.<\/p>\n<p>Trotta sostuvo que, no obstante, \u201c\u00e9sta es una indicaci\u00f3n que puede cambiar en las pr\u00f3ximas horas o d\u00edas\u201d y explic\u00f3 que \u201cestamos coordinando minuto a minuto con los especialistas\u201d.<\/p>\n<p>Y a\u00f1adi\u00f3 que, adem\u00e1s, \u201cestamos trabajando para prepararnos si en alg\u00fan momento hay que hacerlo para tener material pedag\u00f3gico si es que en alg\u00fan momento hay que suspender las clases\u201d.<\/p>\n<p>&#8220;Entiendo la preocupaci\u00f3n que tenemos como padres, pero m\u00e1s all\u00e1 de la mirada que de cada uno pueda tener tenemos que confiar en lo que dicen los especialistas\u201d, sostuvo.<\/p>\n<p>Hoy por la tarde, Trotta se reunir\u00e1 con los ministros de educaci\u00f3n de las 24 jurisdicciones, el Consejo Interuniversitario Nacional (CIN), el Consejo de Rectores Universitarios Privados (CRUP) y referentes de los cinco sindicatos docentes nacionales.<\/p>\n<p>El objetivo es llevar adelante una mesa de trabajo que articule a todos los actores del sistema educativo y evaluar las medidas vigentes y aquellas a adoptar ante el avance del coronavirus.<\/p>\n<p>&#8220;Tambi\u00e9n estar\u00e1n presentes especialistas para informar c\u00f3mo es la situaci\u00f3n al d\u00eda de hoy\u201d.<\/p>\n<p>No obstante, como el sistema educativo es de car\u00e1cter federal, cada provincia tiene la potestad para tomar sus propias definiciones.<\/p>\n<p>En efecto, el Gobierno de la provincia de Jujuy decidi\u00f3 ayer la suspensi\u00f3n de las clases por dos semanas, mientras que en Misiones tambi\u00e9n adopt\u00f3 esta medida pero como consecuencia del brote de dengue.<\/p>\n<div id=\"div-gpt-ad-nota-83093\" class=\"banner-90\" data-mapping=\"mapping9\" data-google-query-id=\"COfygP_Dl-gCFQUC1AoddpMGLQ\"><\/div>\n","protected":false},"excerpt":{"rendered":"<p>El ministro de Educaci\u00f3n asegur\u00f3 que en este momento as\u00ed lo indican &#8220;los especialistas&#8221;, pero&#8230;<\/p>\n","protected":false},"author":1,"featured_media":103919,"comment_status":"open","ping_status":"open","sticky":false,"template":"","format":"standard","meta":{"content-type":""},"categories":[39],"tags":[],"nelio_content":{"isAutoShareEnabled":false,"autoShareEndMode":"default","automationSources":{"useContentSentences":true,"useSocialTemplates":true,"useCustomSentences":false,"customSentences":[]},"followers":[1],"suggestedReferences":[],"includedReferences":[],"efiUrl":"","efiAlt":"","highlights":[]},"yoast_head":"<!-- This site is optimized with the Yoast SEO plugin v20.7 - https:\/\/yoast.com\/wordpress\/plugins\/seo\/ -->\n<title>Trotta: &quot;No es necesaria la suspensi\u00f3n de las clases&quot; -<\/title>\n<meta name=\"robots\" content=\"index, follow, max-snippet:-1, max-image-preview:large, max-video-preview:-1\" \/>\n<link rel=\"canonical\" href=\"https:\/\/experienciadevida.com.ar\/portalurbano\/trotta-no-es-necesaria-la-suspension-de-las-clases\/\" \/>\n<meta property=\"og:locale\" content=\"es_ES\" \/>\n<meta property=\"og:type\" content=\"article\" \/>\n<meta property=\"og:title\" content=\"Trotta: &quot;No es necesaria la suspensi\u00f3n de las clases&quot; -\" \/>\n<meta property=\"og:description\" content=\"El ministro de Educaci\u00f3n asegur\u00f3 que en este momento as\u00ed lo indican &#8220;los especialistas&#8221;, pero...\" \/>\n<meta property=\"og:url\" content=\"https:\/\/experienciadevida.com.ar\/portalurbano\/trotta-no-es-necesaria-la-suspension-de-las-clases\/\" \/>\n<meta property=\"article:publisher\" content=\"https:\/\/www.facebook.com\/Portal-Urbano-171542830093757\/\" \/>\n<meta property=\"article:published_time\" content=\"2020-03-13T13:17:24+00:00\" \/>\n<meta property=\"article:modified_time\" content=\"2020-03-13T13:17:39+00:00\" \/>\n<meta property=\"og:image\" content=\"https:\/\/experienciadevida.com.ar\/portalurbano\/wp-content\/uploads\/2020\/03\/SUSPENSI\u00d3N-e1584105307899.jpg\" \/>\n\t<meta property=\"og:image:width\" content=\"765\" \/>\n\t<meta property=\"og:image:height\" content=\"428\" \/>\n\t<meta property=\"og:image:type\" content=\"image\/jpeg\" \/>\n<meta name=\"author\" content=\"admpu17wp\" \/>\n<meta name=\"twitter:card\" content=\"summary_large_image\" \/>\n<meta name=\"twitter:creator\" content=\"@portalurbanook\" \/>\n<meta name=\"twitter:site\" content=\"@portalurbanook\" \/>\n<meta name=\"twitter:label1\" content=\"Escrito por\" \/>\n\t<meta name=\"twitter:data1\" content=\"admpu17wp\" \/>\n\t<meta name=\"twitter:label2\" content=\"Tiempo de lectura\" \/>\n\t<meta name=\"twitter:data2\" content=\"2 minutos\" \/>\n<script type=\"application\/ld+json\" class=\"yoast-schema-graph\">{\"@context\":\"https:\/\/schema.org\",\"@graph\":[{\"@type\":\"Article\",\"@id\":\"https:\/\/experienciadevida.com.ar\/portalurbano\/trotta-no-es-necesaria-la-suspension-de-las-clases\/#article\",\"isPartOf\":{\"@id\":\"https:\/\/experienciadevida.com.ar\/portalurbano\/trotta-no-es-necesaria-la-suspension-de-las-clases\/\"},\"author\":{\"name\":\"admpu17wp\",\"@id\":\"https:\/\/experienciadevida.com.ar\/portalurbano\/#\/schema\/person\/02dd326b1c4b056e9cc972486934a3a7\"},\"headline\":\"Trotta: &#8220;No es necesaria la suspensi\u00f3n de las clases&#8221;\",\"datePublished\":\"2020-03-13T13:17:24+00:00\",\"dateModified\":\"2020-03-13T13:17:39+00:00\",\"mainEntityOfPage\":{\"@id\":\"https:\/\/experienciadevida.com.ar\/portalurbano\/trotta-no-es-necesaria-la-suspension-de-las-clases\/\"},\"wordCount\":394,\"commentCount\":0,\"publisher\":{\"@id\":\"https:\/\/experienciadevida.com.ar\/portalurbano\/#organization\"},\"articleSection\":[\"Naci\u00f3n\"],\"inLanguage\":\"es\",\"potentialAction\":[{\"@type\":\"CommentAction\",\"name\":\"Comment\",\"target\":[\"https:\/\/experienciadevida.com.ar\/portalurbano\/trotta-no-es-necesaria-la-suspension-de-las-clases\/#respond\"]}]},{\"@type\":\"WebPage\",\"@id\":\"https:\/\/experienciadevida.com.ar\/portalurbano\/trotta-no-es-necesaria-la-suspension-de-las-clases\/\",\"url\":\"https:\/\/experienciadevida.com.ar\/portalurbano\/trotta-no-es-necesaria-la-suspension-de-las-clases\/\",\"name\":\"Trotta: \\\"No es necesaria la suspensi\u00f3n de las clases\\\" -\",\"isPartOf\":{\"@id\":\"https:\/\/experienciadevida.com.ar\/portalurbano\/#website\"},\"datePublished\":\"2020-03-13T13:17:24+00:00\",\"dateModified\":\"2020-03-13T13:17:39+00:00\",\"breadcrumb\":{\"@id\":\"https:\/\/experienciadevida.com.ar\/portalurbano\/trotta-no-es-necesaria-la-suspension-de-las-clases\/#breadcrumb\"},\"inLanguage\":\"es\",\"potentialAction\":[{\"@type\":\"ReadAction\",\"target\":[\"https:\/\/experienciadevida.com.ar\/portalurbano\/trotta-no-es-necesaria-la-suspension-de-las-clases\/\"]}]},{\"@type\":\"BreadcrumbList\",\"@id\":\"https:\/\/experienciadevida.com.ar\/portalurbano\/trotta-no-es-necesaria-la-suspension-de-las-clases\/#breadcrumb\",\"itemListElement\":[{\"@type\":\"ListItem\",\"position\":1,\"name\":\"Portada\",\"item\":\"https:\/\/experienciadevida.com.ar\/portalurbano\/\"},{\"@type\":\"ListItem\",\"position\":2,\"name\":\"Trotta: \u00abNo es necesaria la suspensi\u00f3n de las clases\u00bb\"}]},{\"@type\":\"WebSite\",\"@id\":\"https:\/\/experienciadevida.com.ar\/portalurbano\/#website\",\"url\":\"https:\/\/experienciadevida.com.ar\/portalurbano\/\",\"name\":\"\",\"description\":\"\",\"publisher\":{\"@id\":\"https:\/\/experienciadevida.com.ar\/portalurbano\/#organization\"},\"potentialAction\":[{\"@type\":\"SearchAction\",\"target\":{\"@type\":\"EntryPoint\",\"urlTemplate\":\"https:\/\/experienciadevida.com.ar\/portalurbano\/?s={search_term_string}\"},\"query-input\":\"required name=search_term_string\"}],\"inLanguage\":\"es\"},{\"@type\":\"Organization\",\"@id\":\"https:\/\/experienciadevida.com.ar\/portalurbano\/#organization\",\"name\":\"Portal Urbano\",\"url\":\"https:\/\/experienciadevida.com.ar\/portalurbano\/\",\"logo\":{\"@type\":\"ImageObject\",\"inLanguage\":\"es\",\"@id\":\"https:\/\/experienciadevida.com.ar\/portalurbano\/#\/schema\/logo\/image\/\",\"url\":\"https:\/\/experienciadevida.com.ar\/portalurbano\/wp-content\/uploads\/2019\/09\/Logo-Original.png\",\"contentUrl\":\"https:\/\/experienciadevida.com.ar\/portalurbano\/wp-content\/uploads\/2019\/09\/Logo-Original.png\",\"width\":2236,\"height\":1216,\"caption\":\"Portal Urbano\"},\"image\":{\"@id\":\"https:\/\/experienciadevida.com.ar\/portalurbano\/#\/schema\/logo\/image\/\"},\"sameAs\":[\"https:\/\/www.facebook.com\/Portal-Urbano-171542830093757\/\",\"https:\/\/twitter.com\/portalurbanook\",\"https:\/\/www.instagram.com\/_portalurbano\/\",\"https:\/\/www.youtube.com\/channel\/UCXhagIfszH8KxFiOok79zbA?view_as=subscriber\"]},{\"@type\":\"Person\",\"@id\":\"https:\/\/experienciadevida.com.ar\/portalurbano\/#\/schema\/person\/02dd326b1c4b056e9cc972486934a3a7\",\"name\":\"admpu17wp\",\"image\":{\"@type\":\"ImageObject\",\"inLanguage\":\"es\",\"@id\":\"https:\/\/experienciadevida.com.ar\/portalurbano\/#\/schema\/person\/image\/\",\"url\":\"https:\/\/secure.gravatar.com\/avatar\/830d4c57adaae6630765e449a6908047?s=96&d=mm&r=g\",\"contentUrl\":\"https:\/\/secure.gravatar.com\/avatar\/830d4c57adaae6630765e449a6908047?s=96&d=mm&r=g\",\"caption\":\"admpu17wp\"}}]}<\/script>\n<!-- \/ Yoast SEO plugin. -->","yoast_head_json":{"title":"Trotta: \"No es necesaria la suspensi\u00f3n de las clases\" -","robots":{"index":"index","follow":"follow","max-snippet":"max-snippet:-1","max-image-preview":"max-image-preview:large","max-video-preview":"max-video-preview:-1"},"canonical":"https:\/\/experienciadevida.com.ar\/portalurbano\/trotta-no-es-necesaria-la-suspension-de-las-clases\/","og_locale":"es_ES","og_type":"article","og_title":"Trotta: \"No es necesaria la suspensi\u00f3n de las clases\" -","og_description":"El ministro de Educaci\u00f3n asegur\u00f3 que en este momento as\u00ed lo indican &#8220;los especialistas&#8221;, pero...","og_url":"https:\/\/experienciadevida.com.ar\/portalurbano\/trotta-no-es-necesaria-la-suspension-de-las-clases\/","article_publisher":"https:\/\/www.facebook.com\/Portal-Urbano-171542830093757\/","article_published_time":"2020-03-13T13:17:24+00:00","article_modified_time":"2020-03-13T13:17:39+00:00","og_image":[{"width":765,"height":428,"url":"https:\/\/experienciadevida.com.ar\/portalurbano\/wp-content\/uploads\/2020\/03\/SUSPENSI\u00d3N-e1584105307899.jpg","type":"image\/jpeg"}],"author":"admpu17wp","twitter_card":"summary_large_image","twitter_creator":"@portalurbanook","twitter_site":"@portalurbanook","twitter_misc":{"Escrito por":"admpu17wp","Tiempo de lectura":"2 minutos"},"schema":{"@context":"https:\/\/schema.org","@graph":[{"@type":"Article","@id":"https:\/\/experienciadevida.com.ar\/portalurbano\/trotta-no-es-necesaria-la-suspension-de-las-clases\/#article","isPartOf":{"@id":"https:\/\/experienciadevida.com.ar\/portalurbano\/trotta-no-es-necesaria-la-suspension-de-las-clases\/"},"author":{"name":"admpu17wp","@id":"https:\/\/experienciadevida.com.ar\/portalurbano\/#\/schema\/person\/02dd326b1c4b056e9cc972486934a3a7"},"headline":"Trotta: &#8220;No es necesaria la suspensi\u00f3n de las clases&#8221;","datePublished":"2020-03-13T13:17:24+00:00","dateModified":"2020-03-13T13:17:39+00:00","mainEntityOfPage":{"@id":"https:\/\/experienciadevida.com.ar\/portalurbano\/trotta-no-es-necesaria-la-suspension-de-las-clases\/"},"wordCount":394,"commentCount":0,"publisher":{"@id":"https:\/\/experienciadevida.com.ar\/portalurbano\/#organization"},"articleSection":["Naci\u00f3n"],"inLanguage":"es","potentialAction":[{"@type":"CommentAction","name":"Comment","target":["https:\/\/experienciadevida.com.ar\/portalurbano\/trotta-no-es-necesaria-la-suspension-de-las-clases\/#respond"]}]},{"@type":"WebPage","@id":"https:\/\/experienciadevida.com.ar\/portalurbano\/trotta-no-es-necesaria-la-suspension-de-las-clases\/","url":"https:\/\/experienciadevida.com.ar\/portalurbano\/trotta-no-es-necesaria-la-suspension-de-las-clases\/","name":"Trotta: \"No es necesaria la suspensi\u00f3n de las clases\" -","isPartOf":{"@id":"https:\/\/experienciadevida.com.ar\/portalurbano\/#website"},"datePublished":"2020-03-13T13:17:24+00:00","dateModified":"2020-03-13T13:17:39+00:00","breadcrumb":{"@id":"https:\/\/experienciadevida.com.ar\/portalurbano\/trotta-no-es-necesaria-la-suspension-de-las-clases\/#breadcrumb"},"inLanguage":"es","potentialAction":[{"@type":"ReadAction","target":["https:\/\/experienciadevida.com.ar\/portalurbano\/trotta-no-es-necesaria-la-suspension-de-las-clases\/"]}]},{"@type":"BreadcrumbList","@id":"https:\/\/experienciadevida.com.ar\/portalurbano\/trotta-no-es-necesaria-la-suspension-de-las-clases\/#breadcrumb","itemListElement":[{"@type":"ListItem","position":1,"name":"Portada","item":"https:\/\/experienciadevida.com.ar\/portalurbano\/"},{"@type":"ListItem","position":2,"name":"Trotta: \u00abNo es necesaria la suspensi\u00f3n de las clases\u00bb"}]},{"@type":"WebSite","@id":"https:\/\/experienciadevida.com.ar\/portalurbano\/#website","url":"https:\/\/experienciadevida.com.ar\/portalurbano\/","name":"","description":"","publisher":{"@id":"https:\/\/experienciadevida.com.ar\/portalurbano\/#organization"},"potentialAction":[{"@type":"SearchAction","target":{"@type":"EntryPoint","urlTemplate":"https:\/\/experienciadevida.com.ar\/portalurbano\/?s={search_term_string}"},"query-input":"required name=search_term_string"}],"inLanguage":"es"},{"@type":"Organization","@id":"https:\/\/experienciadevida.com.ar\/portalurbano\/#organization","name":"Portal Urbano","url":"https:\/\/experienciadevida.com.ar\/portalurbano\/","logo":{"@type":"ImageObject","inLanguage":"es","@id":"https:\/\/experienciadevida.com.ar\/portalurbano\/#\/schema\/logo\/image\/","url":"https:\/\/experienciadevida.com.ar\/portalurbano\/wp-content\/uploads\/2019\/09\/Logo-Original.png","contentUrl":"https:\/\/experienciadevida.com.ar\/portalurbano\/wp-content\/uploads\/2019\/09\/Logo-Original.png","width":2236,"height":1216,"caption":"Portal Urbano"},"image":{"@id":"https:\/\/experienciadevida.com.ar\/portalurbano\/#\/schema\/logo\/image\/"},"sameAs":["https:\/\/www.facebook.com\/Portal-Urbano-171542830093757\/","https:\/\/twitter.com\/portalurbanook","https:\/\/www.instagram.com\/_portalurbano\/","https:\/\/www.youtube.com\/channel\/UCXhagIfszH8KxFiOok79zbA?view_as=subscriber"]},{"@type":"Person","@id":"https:\/\/experienciadevida.com.ar\/portalurbano\/#\/schema\/person\/02dd326b1c4b056e9cc972486934a3a7","name":"admpu17wp","image":{"@type":"ImageObject","inLanguage":"es","@id":"https:\/\/experienciadevida.com.ar\/portalurbano\/#\/schema\/person\/image\/","url":"https:\/\/secure.gravatar.com\/avatar\/830d4c57adaae6630765e449a6908047?s=96&d=mm&r=g","contentUrl":"https:\/\/secure.gravatar.com\/avatar\/830d4c57adaae6630765e449a6908047?s=96&d=mm&r=g","caption":"admpu17wp"}}]}},"featured_image_urls":{"full":["https:\/\/experienciadevida.com.ar\/portalurbano\/wp-content\/uploads\/2020\/03\/SUSPENSI\u00d3N-e1584105307899.jpg",765,428,false],"thumbnail":["https:\/\/experienciadevida.com.ar\/portalurbano\/wp-content\/uploads\/2020\/03\/SUSPENSI\u00d3N-150x150.jpg",150,150,true],"medium":["https:\/\/experienciadevida.com.ar\/portalurbano\/wp-content\/uploads\/2020\/03\/SUSPENSI\u00d3N-300x168.jpg",300,168,true],"medium_large":["https:\/\/experienciadevida.com.ar\/portalurbano\/wp-content\/uploads\/2020\/03\/SUSPENSI\u00d3N-768x430.jpg",640,358,true],"large":["https:\/\/experienciadevida.com.ar\/portalurbano\/wp-content\/uploads\/2020\/03\/SUSPENSI\u00d3N-1024x573.jpg",640,358,true],"ug_big":["https:\/\/experienciadevida.com.ar\/portalurbano\/wp-content\/uploads\/2020\/03\/SUSPENSI\u00d3N-768x430.jpg",768,430,true],"1536x1536":["https:\/\/experienciadevida.com.ar\/portalurbano\/wp-content\/uploads\/2020\/03\/SUSPENSI\u00d3N-e1584105307899.jpg",765,428,false],"2048x2048":["https:\/\/experienciadevida.com.ar\/portalurbano\/wp-content\/uploads\/2020\/03\/SUSPENSI\u00d3N-e1584105307899.jpg",765,428,false],"newsever-slider-full":["https:\/\/experienciadevida.com.ar\/portalurbano\/wp-content\/uploads\/2020\/03\/SUSPENSI\u00d3N-e1584105307899.jpg",765,428,false],"newsever-featured":["https:\/\/experienciadevida.com.ar\/portalurbano\/wp-content\/uploads\/2020\/03\/SUSPENSI\u00d3N-e1584105307899.jpg",765,428,false],"newsever-medium":["https:\/\/experienciadevida.com.ar\/portalurbano\/wp-content\/uploads\/2020\/03\/SUSPENSI\u00d3N-e1584105307899.jpg",720,403,false],"web-stories-poster-portrait":["https:\/\/experienciadevida.com.ar\/portalurbano\/wp-content\/uploads\/2020\/03\/SUSPENSI\u00d3N-e1584105307899.jpg",640,358,false],"web-stories-publisher-logo":["https:\/\/experienciadevida.com.ar\/portalurbano\/wp-content\/uploads\/2020\/03\/SUSPENSI\u00d3N-e1584105307899.jpg",96,54,false],"web-stories-thumbnail":["https:\/\/experienciadevida.com.ar\/portalurbano\/wp-content\/uploads\/2020\/03\/SUSPENSI\u00d3N-e1584105307899.jpg",150,84,false]},"author_info":{"display_name":"admpu17wp","author_link":"https:\/\/experienciadevida.com.ar\/portalurbano\/author\/admpu17wp\/"},"category_info":"<a href=\"https:\/\/experienciadevida.com.ar\/portalurbano\/category\/nacion\/\" rel=\"category tag\">Naci\u00f3n<\/a>","tag_info":"Naci\u00f3n","comment_count":"0","amp_enabled":true,"_links":{"self":[{"href":"https:\/\/experienciadevida.com.ar\/portalurbano\/wp-json\/wp\/v2\/posts\/103918"}],"collection":[{"href":"https:\/\/experienciadevida.com.ar\/portalurbano\/wp-json\/wp\/v2\/posts"}],"about":[{"href":"https:\/\/experienciadevida.com.ar\/portalurbano\/wp-json\/wp\/v2\/types\/post"}],"author":[{"embeddable":true,"href":"https:\/\/experienciadevida.com.ar\/portalurbano\/wp-json\/wp\/v2\/users\/1"}],"replies":[{"embeddable":true,"href":"https:\/\/experienciadevida.com.ar\/portalurbano\/wp-json\/wp\/v2\/comments?post=103918"}],"version-history":[{"count":1,"href":"https:\/\/experienciadevida.com.ar\/portalurbano\/wp-json\/wp\/v2\/posts\/103918\/revisions"}],"predecessor-version":[{"id":103920,"href":"https:\/\/experienciadevida.com.ar\/portalurbano\/wp-json\/wp\/v2\/posts\/103918\/revisions\/103920"}],"wp:featuredmedia":[{"embeddable":true,"href":"https:\/\/experienciadevida.com.ar\/portalurbano\/wp-json\/wp\/v2\/media\/103919"}],"wp:attachment":[{"href":"https:\/\/experienciadevida.com.ar\/portalurbano\/wp-json\/wp\/v2\/media?parent=103918"}],"wp:term":[{"taxonomy":"category","embeddable":true,"href":"https:\/\/experienciadevida.com.ar\/portalurbano\/wp-json\/wp\/v2\/categories?post=103918"},{"taxonomy":"post_tag","embeddable":true,"href":"https:\/\/experienciadevida.com.ar\/portalurbano\/wp-json\/wp\/v2\/tags?post=103918"}],"curies":[{"name":"wp","href":"https:\/\/api.w.org\/{rel}","templated":true}]}}