{"id":103710,"date":"2020-03-10T14:03:15","date_gmt":"2020-03-10T17:03:15","guid":{"rendered":"https:\/\/experienciadevida.com.ar\/portalurbano\/?p=103710"},"modified":"2020-03-10T14:03:37","modified_gmt":"2020-03-10T17:03:37","slug":"alberto-fernandez-a-veces-me-duele-mucho-la-intolerancia-de-los-que-no-entienden","status":"publish","type":"post","link":"https:\/\/experienciadevida.com.ar\/portalurbano\/alberto-fernandez-a-veces-me-duele-mucho-la-intolerancia-de-los-que-no-entienden\/","title":{"rendered":"Alberto Fern\u00e1ndez: &#8220;A veces me duele mucho la intolerancia de los que no entienden&#8221;"},"content":{"rendered":"<p class=\"interiorCopete\">El Presidente se refiri\u00f3 al paro que est\u00e1n llevando adelante las entidades del campo tras el aumento en las retenciones.<\/p>\n<p>El presidente\u00a0Alberto Fern\u00e1ndez se\u00f1al\u00f3 hoy que le &#8220;duele&#8221; la &#8220;intolerancia de quienes no entienden y hacen &#8220;paros raros&#8221;, tras la segunda jornada de protesta que est\u00e1 llevando adelante la Mesa de Enlace agropecuaria por el aumento en las retenciones.<\/p>\n<div id=\"div-gpt-ad-nota-932586\" class=\"banner-90\" data-mapping=\"mapping9\" data-google-query-id=\"CK20op2wkOgCFXMJ1AodM7MEhQ\">\n<p>&#8220;A veces me duele mucho la intolerancia de los que no entienden y a veces hacen paros raros. Pero, paciencia, entender\u00e1n. Siempre digo lo mismo: no tenemos a los medios, pero tenemos la raz\u00f3n. Y si tenemos la raz\u00f3n, la gente nos va a acompa\u00f1ar&#8221;, sostuvo el jefe de Estado en su visita a la ciudad de Quilmes.<\/p>\n<p>&#8220;Siempre digo que nosotros no tenemos a los medios, pero tenemos la raz\u00f3n. Y, si tenemos la raz\u00f3n, la gente nos va a acompa\u00f1ar&#8221;, concluy\u00f3 el jefe de Estado.<\/p>\n<p>Cabe destacar que\u00a0el Presidente hab\u00eda se\u00f1alado que el cese de comercializaci\u00f3n de cuatro d\u00edas dispuesto por la Mesa de Enlace es para \u201cbeneficio de los mayores productores de soja\u201d, al tiempo que reiter\u00f3 que su gobierno quiere pagar la deuda externa pero \u201cno a costa de los que peor est\u00e1n\u201d.<\/p>\n<p>Alberto Fern\u00e1ndez\u00a0encabez\u00f3 esta ma\u00f1ana un acto en el partido bonaerense de Quilmes donde\u00a0se present\u00f3 formalmente el listado de 170 medicamentos esenciales que forman parte del programa Vivir Mejor\u00a0y que llegar\u00e1n de forma gratuita a los 5 millones de afiliados del\u00a0PAMI\u00a0con el objetivo de garantizar el derecho a la salud de los jubilados.<\/p>\n<\/div>\n","protected":false},"excerpt":{"rendered":"<p>El Presidente se refiri\u00f3 al paro que est\u00e1n llevando adelante las entidades del campo tras&#8230;<\/p>\n","protected":false},"author":1,"featured_media":103711,"comment_status":"open","ping_status":"open","sticky":false,"template":"","format":"standard","meta":{"content-type":""},"categories":[39],"tags":[],"nelio_content":{"isAutoShareEnabled":false,"autoShareEndMode":"default","automationSources":{"useContentSentences":true,"useSocialTemplates":true,"useCustomSentences":false,"customSentences":[]},"followers":[1],"suggestedReferences":[],"includedReferences":[],"efiUrl":"","efiAlt":"","highlights":[]},"yoast_head":"<!-- This site is optimized with the Yoast SEO plugin v20.7 - https:\/\/yoast.com\/wordpress\/plugins\/seo\/ -->\n<title>Alberto Fern\u00e1ndez: &quot;A veces me duele mucho la intolerancia de los que no entienden&quot; -<\/title>\n<meta name=\"robots\" content=\"index, follow, max-snippet:-1, max-image-preview:large, max-video-preview:-1\" \/>\n<link rel=\"canonical\" href=\"https:\/\/experienciadevida.com.ar\/portalurbano\/alberto-fernandez-a-veces-me-duele-mucho-la-intolerancia-de-los-que-no-entienden\/\" \/>\n<meta property=\"og:locale\" content=\"es_ES\" \/>\n<meta property=\"og:type\" content=\"article\" \/>\n<meta property=\"og:title\" content=\"Alberto Fern\u00e1ndez: &quot;A veces me duele mucho la intolerancia de los que no entienden&quot; -\" \/>\n<meta property=\"og:description\" content=\"El Presidente se refiri\u00f3 al paro que est\u00e1n llevando adelante las entidades del campo tras...\" \/>\n<meta property=\"og:url\" content=\"https:\/\/experienciadevida.com.ar\/portalurbano\/alberto-fernandez-a-veces-me-duele-mucho-la-intolerancia-de-los-que-no-entienden\/\" \/>\n<meta property=\"article:publisher\" content=\"https:\/\/www.facebook.com\/Portal-Urbano-171542830093757\/\" \/>\n<meta property=\"article:published_time\" content=\"2020-03-10T17:03:15+00:00\" \/>\n<meta property=\"article:modified_time\" content=\"2020-03-10T17:03:37+00:00\" \/>\n<meta property=\"og:image\" content=\"https:\/\/experienciadevida.com.ar\/portalurbano\/wp-content\/uploads\/2020\/03\/FERNANDEZ-e1583859691848.jpg\" \/>\n\t<meta property=\"og:image:width\" content=\"765\" \/>\n\t<meta property=\"og:image:height\" content=\"540\" \/>\n\t<meta property=\"og:image:type\" content=\"image\/jpeg\" \/>\n<meta name=\"author\" content=\"admpu17wp\" \/>\n<meta name=\"twitter:card\" content=\"summary_large_image\" \/>\n<meta name=\"twitter:creator\" content=\"@portalurbanook\" \/>\n<meta name=\"twitter:site\" content=\"@portalurbanook\" \/>\n<meta name=\"twitter:label1\" content=\"Escrito por\" \/>\n\t<meta name=\"twitter:data1\" content=\"admpu17wp\" \/>\n\t<meta name=\"twitter:label2\" content=\"Tiempo de lectura\" \/>\n\t<meta name=\"twitter:data2\" content=\"1 minuto\" \/>\n<script type=\"application\/ld+json\" class=\"yoast-schema-graph\">{\"@context\":\"https:\/\/schema.org\",\"@graph\":[{\"@type\":\"Article\",\"@id\":\"https:\/\/experienciadevida.com.ar\/portalurbano\/alberto-fernandez-a-veces-me-duele-mucho-la-intolerancia-de-los-que-no-entienden\/#article\",\"isPartOf\":{\"@id\":\"https:\/\/experienciadevida.com.ar\/portalurbano\/alberto-fernandez-a-veces-me-duele-mucho-la-intolerancia-de-los-que-no-entienden\/\"},\"author\":{\"name\":\"admpu17wp\",\"@id\":\"https:\/\/experienciadevida.com.ar\/portalurbano\/#\/schema\/person\/02dd326b1c4b056e9cc972486934a3a7\"},\"headline\":\"Alberto Fern\u00e1ndez: &#8220;A veces me duele mucho la intolerancia de los que no entienden&#8221;\",\"datePublished\":\"2020-03-10T17:03:15+00:00\",\"dateModified\":\"2020-03-10T17:03:37+00:00\",\"mainEntityOfPage\":{\"@id\":\"https:\/\/experienciadevida.com.ar\/portalurbano\/alberto-fernandez-a-veces-me-duele-mucho-la-intolerancia-de-los-que-no-entienden\/\"},\"wordCount\":286,\"commentCount\":0,\"publisher\":{\"@id\":\"https:\/\/experienciadevida.com.ar\/portalurbano\/#organization\"},\"articleSection\":[\"Naci\u00f3n\"],\"inLanguage\":\"es\",\"potentialAction\":[{\"@type\":\"CommentAction\",\"name\":\"Comment\",\"target\":[\"https:\/\/experienciadevida.com.ar\/portalurbano\/alberto-fernandez-a-veces-me-duele-mucho-la-intolerancia-de-los-que-no-entienden\/#respond\"]}]},{\"@type\":\"WebPage\",\"@id\":\"https:\/\/experienciadevida.com.ar\/portalurbano\/alberto-fernandez-a-veces-me-duele-mucho-la-intolerancia-de-los-que-no-entienden\/\",\"url\":\"https:\/\/experienciadevida.com.ar\/portalurbano\/alberto-fernandez-a-veces-me-duele-mucho-la-intolerancia-de-los-que-no-entienden\/\",\"name\":\"Alberto Fern\u00e1ndez: \\\"A veces me duele mucho la intolerancia de los que no entienden\\\" -\",\"isPartOf\":{\"@id\":\"https:\/\/experienciadevida.com.ar\/portalurbano\/#website\"},\"datePublished\":\"2020-03-10T17:03:15+00:00\",\"dateModified\":\"2020-03-10T17:03:37+00:00\",\"breadcrumb\":{\"@id\":\"https:\/\/experienciadevida.com.ar\/portalurbano\/alberto-fernandez-a-veces-me-duele-mucho-la-intolerancia-de-los-que-no-entienden\/#breadcrumb\"},\"inLanguage\":\"es\",\"potentialAction\":[{\"@type\":\"ReadAction\",\"target\":[\"https:\/\/experienciadevida.com.ar\/portalurbano\/alberto-fernandez-a-veces-me-duele-mucho-la-intolerancia-de-los-que-no-entienden\/\"]}]},{\"@type\":\"BreadcrumbList\",\"@id\":\"https:\/\/experienciadevida.com.ar\/portalurbano\/alberto-fernandez-a-veces-me-duele-mucho-la-intolerancia-de-los-que-no-entienden\/#breadcrumb\",\"itemListElement\":[{\"@type\":\"ListItem\",\"position\":1,\"name\":\"Portada\",\"item\":\"https:\/\/experienciadevida.com.ar\/portalurbano\/\"},{\"@type\":\"ListItem\",\"position\":2,\"name\":\"Alberto Fern\u00e1ndez: \u00abA veces me duele mucho la intolerancia de los que no entienden\u00bb\"}]},{\"@type\":\"WebSite\",\"@id\":\"https:\/\/experienciadevida.com.ar\/portalurbano\/#website\",\"url\":\"https:\/\/experienciadevida.com.ar\/portalurbano\/\",\"name\":\"\",\"description\":\"\",\"publisher\":{\"@id\":\"https:\/\/experienciadevida.com.ar\/portalurbano\/#organization\"},\"potentialAction\":[{\"@type\":\"SearchAction\",\"target\":{\"@type\":\"EntryPoint\",\"urlTemplate\":\"https:\/\/experienciadevida.com.ar\/portalurbano\/?s={search_term_string}\"},\"query-input\":\"required name=search_term_string\"}],\"inLanguage\":\"es\"},{\"@type\":\"Organization\",\"@id\":\"https:\/\/experienciadevida.com.ar\/portalurbano\/#organization\",\"name\":\"Portal Urbano\",\"url\":\"https:\/\/experienciadevida.com.ar\/portalurbano\/\",\"logo\":{\"@type\":\"ImageObject\",\"inLanguage\":\"es\",\"@id\":\"https:\/\/experienciadevida.com.ar\/portalurbano\/#\/schema\/logo\/image\/\",\"url\":\"https:\/\/experienciadevida.com.ar\/portalurbano\/wp-content\/uploads\/2019\/09\/Logo-Original.png\",\"contentUrl\":\"https:\/\/experienciadevida.com.ar\/portalurbano\/wp-content\/uploads\/2019\/09\/Logo-Original.png\",\"width\":2236,\"height\":1216,\"caption\":\"Portal Urbano\"},\"image\":{\"@id\":\"https:\/\/experienciadevida.com.ar\/portalurbano\/#\/schema\/logo\/image\/\"},\"sameAs\":[\"https:\/\/www.facebook.com\/Portal-Urbano-171542830093757\/\",\"https:\/\/twitter.com\/portalurbanook\",\"https:\/\/www.instagram.com\/_portalurbano\/\",\"https:\/\/www.youtube.com\/channel\/UCXhagIfszH8KxFiOok79zbA?view_as=subscriber\"]},{\"@type\":\"Person\",\"@id\":\"https:\/\/experienciadevida.com.ar\/portalurbano\/#\/schema\/person\/02dd326b1c4b056e9cc972486934a3a7\",\"name\":\"admpu17wp\",\"image\":{\"@type\":\"ImageObject\",\"inLanguage\":\"es\",\"@id\":\"https:\/\/experienciadevida.com.ar\/portalurbano\/#\/schema\/person\/image\/\",\"url\":\"https:\/\/secure.gravatar.com\/avatar\/830d4c57adaae6630765e449a6908047?s=96&d=mm&r=g\",\"contentUrl\":\"https:\/\/secure.gravatar.com\/avatar\/830d4c57adaae6630765e449a6908047?s=96&d=mm&r=g\",\"caption\":\"admpu17wp\"}}]}<\/script>\n<!-- \/ Yoast SEO plugin. -->","yoast_head_json":{"title":"Alberto Fern\u00e1ndez: \"A veces me duele mucho la intolerancia de los que no entienden\" -","robots":{"index":"index","follow":"follow","max-snippet":"max-snippet:-1","max-image-preview":"max-image-preview:large","max-video-preview":"max-video-preview:-1"},"canonical":"https:\/\/experienciadevida.com.ar\/portalurbano\/alberto-fernandez-a-veces-me-duele-mucho-la-intolerancia-de-los-que-no-entienden\/","og_locale":"es_ES","og_type":"article","og_title":"Alberto Fern\u00e1ndez: \"A veces me duele mucho la intolerancia de los que no entienden\" -","og_description":"El Presidente se refiri\u00f3 al paro que est\u00e1n llevando adelante las entidades del campo tras...","og_url":"https:\/\/experienciadevida.com.ar\/portalurbano\/alberto-fernandez-a-veces-me-duele-mucho-la-intolerancia-de-los-que-no-entienden\/","article_publisher":"https:\/\/www.facebook.com\/Portal-Urbano-171542830093757\/","article_published_time":"2020-03-10T17:03:15+00:00","article_modified_time":"2020-03-10T17:03:37+00:00","og_image":[{"width":765,"height":540,"url":"https:\/\/experienciadevida.com.ar\/portalurbano\/wp-content\/uploads\/2020\/03\/FERNANDEZ-e1583859691848.jpg","type":"image\/jpeg"}],"author":"admpu17wp","twitter_card":"summary_large_image","twitter_creator":"@portalurbanook","twitter_site":"@portalurbanook","twitter_misc":{"Escrito por":"admpu17wp","Tiempo de lectura":"1 minuto"},"schema":{"@context":"https:\/\/schema.org","@graph":[{"@type":"Article","@id":"https:\/\/experienciadevida.com.ar\/portalurbano\/alberto-fernandez-a-veces-me-duele-mucho-la-intolerancia-de-los-que-no-entienden\/#article","isPartOf":{"@id":"https:\/\/experienciadevida.com.ar\/portalurbano\/alberto-fernandez-a-veces-me-duele-mucho-la-intolerancia-de-los-que-no-entienden\/"},"author":{"name":"admpu17wp","@id":"https:\/\/experienciadevida.com.ar\/portalurbano\/#\/schema\/person\/02dd326b1c4b056e9cc972486934a3a7"},"headline":"Alberto Fern\u00e1ndez: &#8220;A veces me duele mucho la intolerancia de los que no entienden&#8221;","datePublished":"2020-03-10T17:03:15+00:00","dateModified":"2020-03-10T17:03:37+00:00","mainEntityOfPage":{"@id":"https:\/\/experienciadevida.com.ar\/portalurbano\/alberto-fernandez-a-veces-me-duele-mucho-la-intolerancia-de-los-que-no-entienden\/"},"wordCount":286,"commentCount":0,"publisher":{"@id":"https:\/\/experienciadevida.com.ar\/portalurbano\/#organization"},"articleSection":["Naci\u00f3n"],"inLanguage":"es","potentialAction":[{"@type":"CommentAction","name":"Comment","target":["https:\/\/experienciadevida.com.ar\/portalurbano\/alberto-fernandez-a-veces-me-duele-mucho-la-intolerancia-de-los-que-no-entienden\/#respond"]}]},{"@type":"WebPage","@id":"https:\/\/experienciadevida.com.ar\/portalurbano\/alberto-fernandez-a-veces-me-duele-mucho-la-intolerancia-de-los-que-no-entienden\/","url":"https:\/\/experienciadevida.com.ar\/portalurbano\/alberto-fernandez-a-veces-me-duele-mucho-la-intolerancia-de-los-que-no-entienden\/","name":"Alberto Fern\u00e1ndez: \"A veces me duele mucho la intolerancia de los que no entienden\" -","isPartOf":{"@id":"https:\/\/experienciadevida.com.ar\/portalurbano\/#website"},"datePublished":"2020-03-10T17:03:15+00:00","dateModified":"2020-03-10T17:03:37+00:00","breadcrumb":{"@id":"https:\/\/experienciadevida.com.ar\/portalurbano\/alberto-fernandez-a-veces-me-duele-mucho-la-intolerancia-de-los-que-no-entienden\/#breadcrumb"},"inLanguage":"es","potentialAction":[{"@type":"ReadAction","target":["https:\/\/experienciadevida.com.ar\/portalurbano\/alberto-fernandez-a-veces-me-duele-mucho-la-intolerancia-de-los-que-no-entienden\/"]}]},{"@type":"BreadcrumbList","@id":"https:\/\/experienciadevida.com.ar\/portalurbano\/alberto-fernandez-a-veces-me-duele-mucho-la-intolerancia-de-los-que-no-entienden\/#breadcrumb","itemListElement":[{"@type":"ListItem","position":1,"name":"Portada","item":"https:\/\/experienciadevida.com.ar\/portalurbano\/"},{"@type":"ListItem","position":2,"name":"Alberto Fern\u00e1ndez: \u00abA veces me duele mucho la intolerancia de los que no entienden\u00bb"}]},{"@type":"WebSite","@id":"https:\/\/experienciadevida.com.ar\/portalurbano\/#website","url":"https:\/\/experienciadevida.com.ar\/portalurbano\/","name":"","description":"","publisher":{"@id":"https:\/\/experienciadevida.com.ar\/portalurbano\/#organization"},"potentialAction":[{"@type":"SearchAction","target":{"@type":"EntryPoint","urlTemplate":"https:\/\/experienciadevida.com.ar\/portalurbano\/?s={search_term_string}"},"query-input":"required name=search_term_string"}],"inLanguage":"es"},{"@type":"Organization","@id":"https:\/\/experienciadevida.com.ar\/portalurbano\/#organization","name":"Portal Urbano","url":"https:\/\/experienciadevida.com.ar\/portalurbano\/","logo":{"@type":"ImageObject","inLanguage":"es","@id":"https:\/\/experienciadevida.com.ar\/portalurbano\/#\/schema\/logo\/image\/","url":"https:\/\/experienciadevida.com.ar\/portalurbano\/wp-content\/uploads\/2019\/09\/Logo-Original.png","contentUrl":"https:\/\/experienciadevida.com.ar\/portalurbano\/wp-content\/uploads\/2019\/09\/Logo-Original.png","width":2236,"height":1216,"caption":"Portal Urbano"},"image":{"@id":"https:\/\/experienciadevida.com.ar\/portalurbano\/#\/schema\/logo\/image\/"},"sameAs":["https:\/\/www.facebook.com\/Portal-Urbano-171542830093757\/","https:\/\/twitter.com\/portalurbanook","https:\/\/www.instagram.com\/_portalurbano\/","https:\/\/www.youtube.com\/channel\/UCXhagIfszH8KxFiOok79zbA?view_as=subscriber"]},{"@type":"Person","@id":"https:\/\/experienciadevida.com.ar\/portalurbano\/#\/schema\/person\/02dd326b1c4b056e9cc972486934a3a7","name":"admpu17wp","image":{"@type":"ImageObject","inLanguage":"es","@id":"https:\/\/experienciadevida.com.ar\/portalurbano\/#\/schema\/person\/image\/","url":"https:\/\/secure.gravatar.com\/avatar\/830d4c57adaae6630765e449a6908047?s=96&d=mm&r=g","contentUrl":"https:\/\/secure.gravatar.com\/avatar\/830d4c57adaae6630765e449a6908047?s=96&d=mm&r=g","caption":"admpu17wp"}}]}},"featured_image_urls":{"full":["https:\/\/experienciadevida.com.ar\/portalurbano\/wp-content\/uploads\/2020\/03\/FERNANDEZ-e1583859691848.jpg",765,540,false],"thumbnail":["https:\/\/experienciadevida.com.ar\/portalurbano\/wp-content\/uploads\/2020\/03\/FERNANDEZ-150x150.jpg",150,150,true],"medium":["https:\/\/experienciadevida.com.ar\/portalurbano\/wp-content\/uploads\/2020\/03\/FERNANDEZ-300x212.jpg",300,212,true],"medium_large":["https:\/\/experienciadevida.com.ar\/portalurbano\/wp-content\/uploads\/2020\/03\/FERNANDEZ-768x542.jpg",640,452,true],"large":["https:\/\/experienciadevida.com.ar\/portalurbano\/wp-content\/uploads\/2020\/03\/FERNANDEZ-1024x722.jpg",640,451,true],"ug_big":["https:\/\/experienciadevida.com.ar\/portalurbano\/wp-content\/uploads\/2020\/03\/FERNANDEZ-768x542.jpg",768,542,true],"1536x1536":["https:\/\/experienciadevida.com.ar\/portalurbano\/wp-content\/uploads\/2020\/03\/FERNANDEZ-e1583859691848.jpg",765,540,false],"2048x2048":["https:\/\/experienciadevida.com.ar\/portalurbano\/wp-content\/uploads\/2020\/03\/FERNANDEZ-e1583859691848.jpg",765,540,false],"newsever-slider-full":["https:\/\/experienciadevida.com.ar\/portalurbano\/wp-content\/uploads\/2020\/03\/FERNANDEZ-e1583859691848.jpg",765,540,false],"newsever-featured":["https:\/\/experienciadevida.com.ar\/portalurbano\/wp-content\/uploads\/2020\/03\/FERNANDEZ-e1583859691848.jpg",765,540,false],"newsever-medium":["https:\/\/experienciadevida.com.ar\/portalurbano\/wp-content\/uploads\/2020\/03\/FERNANDEZ-e1583859691848.jpg",673,475,false],"web-stories-poster-portrait":["https:\/\/experienciadevida.com.ar\/portalurbano\/wp-content\/uploads\/2020\/03\/FERNANDEZ-e1583859691848.jpg",640,452,false],"web-stories-publisher-logo":["https:\/\/experienciadevida.com.ar\/portalurbano\/wp-content\/uploads\/2020\/03\/FERNANDEZ-e1583859691848.jpg",96,68,false],"web-stories-thumbnail":["https:\/\/experienciadevida.com.ar\/portalurbano\/wp-content\/uploads\/2020\/03\/FERNANDEZ-e1583859691848.jpg",150,106,false]},"author_info":{"display_name":"admpu17wp","author_link":"https:\/\/experienciadevida.com.ar\/portalurbano\/author\/admpu17wp\/"},"category_info":"<a href=\"https:\/\/experienciadevida.com.ar\/portalurbano\/category\/nacion\/\" rel=\"category tag\">Naci\u00f3n<\/a>","tag_info":"Naci\u00f3n","comment_count":"0","amp_enabled":true,"_links":{"self":[{"href":"https:\/\/experienciadevida.com.ar\/portalurbano\/wp-json\/wp\/v2\/posts\/103710"}],"collection":[{"href":"https:\/\/experienciadevida.com.ar\/portalurbano\/wp-json\/wp\/v2\/posts"}],"about":[{"href":"https:\/\/experienciadevida.com.ar\/portalurbano\/wp-json\/wp\/v2\/types\/post"}],"author":[{"embeddable":true,"href":"https:\/\/experienciadevida.com.ar\/portalurbano\/wp-json\/wp\/v2\/users\/1"}],"replies":[{"embeddable":true,"href":"https:\/\/experienciadevida.com.ar\/portalurbano\/wp-json\/wp\/v2\/comments?post=103710"}],"version-history":[{"count":1,"href":"https:\/\/experienciadevida.com.ar\/portalurbano\/wp-json\/wp\/v2\/posts\/103710\/revisions"}],"predecessor-version":[{"id":103712,"href":"https:\/\/experienciadevida.com.ar\/portalurbano\/wp-json\/wp\/v2\/posts\/103710\/revisions\/103712"}],"wp:featuredmedia":[{"embeddable":true,"href":"https:\/\/experienciadevida.com.ar\/portalurbano\/wp-json\/wp\/v2\/media\/103711"}],"wp:attachment":[{"href":"https:\/\/experienciadevida.com.ar\/portalurbano\/wp-json\/wp\/v2\/media?parent=103710"}],"wp:term":[{"taxonomy":"category","embeddable":true,"href":"https:\/\/experienciadevida.com.ar\/portalurbano\/wp-json\/wp\/v2\/categories?post=103710"},{"taxonomy":"post_tag","embeddable":true,"href":"https:\/\/experienciadevida.com.ar\/portalurbano\/wp-json\/wp\/v2\/tags?post=103710"}],"curies":[{"name":"wp","href":"https:\/\/api.w.org\/{rel}","templated":true}]}}