{"id":103639,"date":"2020-03-09T14:52:06","date_gmt":"2020-03-09T17:52:06","guid":{"rendered":"https:\/\/experienciadevida.com.ar\/portalurbano\/?p=103639"},"modified":"2020-03-09T14:52:29","modified_gmt":"2020-03-09T17:52:29","slug":"paro-del-campo-la-mayoria-de-los-productores-fueron-beneficiados-por-estas-medidas","status":"publish","type":"post","link":"https:\/\/experienciadevida.com.ar\/portalurbano\/paro-del-campo-la-mayoria-de-los-productores-fueron-beneficiados-por-estas-medidas\/","title":{"rendered":"Paro del campo: &#8220;la mayor\u00eda de los productores fueron beneficiados por estas medidas&#8221;"},"content":{"rendered":"<p class=\"interiorCopete\">El gobernador bonaerense cuestion\u00f3 el cese de comercializaci\u00f3n de granos dispuesto por la Coordinadora de Enlace de Entidades Agropecuarias (CEEA).<\/p>\n<p>El gobernador bonaerense,\u00a0Axel Killof, afirm\u00f3 hoy que \u201cla mayor\u00eda de los productores fueron beneficiados\u201d por el nuevo esquema de retenciones a las exportaciones, al cuestionar el cese de comercializaci\u00f3n de granos dispuesto por la Coordinadora de Enlace de Entidades Agropecuarias (CEEA).<\/p>\n<div id=\"div-gpt-ad-nota-594497\" class=\"banner-90\" data-mapping=\"mapping9\" data-google-query-id=\"CLuIrbH4jegCFWkFuQYd7O8Kqg\">\n<p>&#8220;Como siempre pasa cuando se toman medidas econ\u00f3micas, es dif\u00edcil favorecer al conjunto\u201d, se\u00f1al\u00f3 Kicillof, tras asistir al inicio del ciclo lectivo para el nivel secundario en la localidad de Escobar.<\/p>\n<p>El mandatario subray\u00f3 que \u201ccomo gobernador de la provincia de Buenos Aires y como ministro de Econom\u00eda siempre trat\u00e9 de encontrar al universo completo\u201d, y destac\u00f3 que\u00a0\u201cla gran mayor\u00eda de los productores del sector fueron beneficiados por est\u00e1s medidas\u201d.<\/p>\n<p>Por su parteel diputado nacional, Sergio Massa, remarc\u00f3 que &#8220;la clave es entender que de 26 cultivos exportables, 25 quedan igual o ven reducidas las retenciones&#8221;.<\/p>\n<p>&#8220;En el caso de la soja, 70% de los productores est\u00e1n abajo de las mil toneladas y ven reducidas las retenciones, en algunos casos a menos del 25 por ciento. Hay un 30% que produce y exporta m\u00e1s de mil toneladas y es al que le toca hacer el esfuerzo&#8221;, asegur\u00f3.<\/p>\n<p>Adem\u00e1s, el diputado expres\u00f3: &#8220;Se les pide un esfuerzo a los que exportan m\u00e1s de mil toneladas, que son menos del 30% de los productores pero representan m\u00e1s del 70% de la producci\u00f3n&#8221;.<\/p>\n<p>La medida de protesta de la Mesa de Enlace incluye movilizaciones a la vera de las rutas, por la decisi\u00f3n del gobierno nacional de aumentar de 30% a 33% los derechos de exportaci\u00f3n para la soja.<\/p>\n<p>La medida que realizan la Sociedad Rural Argentina (SRA), la Confederaci\u00f3n Intercooperativa Agropecuaria (Coninagro), Confederaciones Rurales Argentinas (CRA) y Federaci\u00f3n Agraria (FAA) se extender\u00e1 hasta la medianoche del jueves pr\u00f3ximo.<\/p>\n<div id=\"div-gpt-ad-nota-590766\" class=\"banner-90\" data-mapping=\"mapping9\" data-google-query-id=\"CIvTrrH4jegCFWkFuQYd7O8Kqg\"><\/div>\n<\/div>\n","protected":false},"excerpt":{"rendered":"<p>El gobernador bonaerense cuestion\u00f3 el cese de comercializaci\u00f3n de granos dispuesto por la Coordinadora de&#8230;<\/p>\n","protected":false},"author":1,"featured_media":103640,"comment_status":"open","ping_status":"open","sticky":false,"template":"","format":"standard","meta":{"content-type":""},"categories":[39],"tags":[],"nelio_content":{"isAutoShareEnabled":false,"autoShareEndMode":"default","automationSources":{"useContentSentences":true,"useSocialTemplates":true,"useCustomSentences":false,"customSentences":[]},"followers":[1],"suggestedReferences":[],"includedReferences":[],"efiUrl":"","efiAlt":"","highlights":[]},"yoast_head":"<!-- This site is optimized with the Yoast SEO plugin v20.7 - https:\/\/yoast.com\/wordpress\/plugins\/seo\/ -->\n<title>Paro del campo: &quot;la mayor\u00eda de los productores fueron beneficiados por estas medidas&quot; -<\/title>\n<meta name=\"robots\" content=\"index, follow, max-snippet:-1, max-image-preview:large, max-video-preview:-1\" \/>\n<link rel=\"canonical\" href=\"https:\/\/experienciadevida.com.ar\/portalurbano\/paro-del-campo-la-mayoria-de-los-productores-fueron-beneficiados-por-estas-medidas\/\" \/>\n<meta property=\"og:locale\" content=\"es_ES\" \/>\n<meta property=\"og:type\" content=\"article\" \/>\n<meta property=\"og:title\" content=\"Paro del campo: &quot;la mayor\u00eda de los productores fueron beneficiados por estas medidas&quot; -\" \/>\n<meta property=\"og:description\" content=\"El gobernador bonaerense cuestion\u00f3 el cese de comercializaci\u00f3n de granos dispuesto por la Coordinadora de...\" \/>\n<meta property=\"og:url\" content=\"https:\/\/experienciadevida.com.ar\/portalurbano\/paro-del-campo-la-mayoria-de-los-productores-fueron-beneficiados-por-estas-medidas\/\" \/>\n<meta property=\"article:publisher\" content=\"https:\/\/www.facebook.com\/Portal-Urbano-171542830093757\/\" \/>\n<meta property=\"article:published_time\" content=\"2020-03-09T17:52:06+00:00\" \/>\n<meta property=\"article:modified_time\" content=\"2020-03-09T17:52:29+00:00\" \/>\n<meta property=\"og:image\" content=\"https:\/\/experienciadevida.com.ar\/portalurbano\/wp-content\/uploads\/2020\/03\/KICILLOF-1-e1583776195914.jpg\" \/>\n\t<meta property=\"og:image:width\" content=\"765\" \/>\n\t<meta property=\"og:image:height\" content=\"544\" \/>\n\t<meta property=\"og:image:type\" content=\"image\/jpeg\" \/>\n<meta name=\"author\" content=\"admpu17wp\" \/>\n<meta name=\"twitter:card\" content=\"summary_large_image\" \/>\n<meta name=\"twitter:creator\" content=\"@portalurbanook\" \/>\n<meta name=\"twitter:site\" content=\"@portalurbanook\" \/>\n<meta name=\"twitter:label1\" content=\"Escrito por\" \/>\n\t<meta name=\"twitter:data1\" content=\"admpu17wp\" \/>\n\t<meta name=\"twitter:label2\" content=\"Tiempo de lectura\" \/>\n\t<meta name=\"twitter:data2\" content=\"2 minutos\" \/>\n<script type=\"application\/ld+json\" class=\"yoast-schema-graph\">{\"@context\":\"https:\/\/schema.org\",\"@graph\":[{\"@type\":\"Article\",\"@id\":\"https:\/\/experienciadevida.com.ar\/portalurbano\/paro-del-campo-la-mayoria-de-los-productores-fueron-beneficiados-por-estas-medidas\/#article\",\"isPartOf\":{\"@id\":\"https:\/\/experienciadevida.com.ar\/portalurbano\/paro-del-campo-la-mayoria-de-los-productores-fueron-beneficiados-por-estas-medidas\/\"},\"author\":{\"name\":\"admpu17wp\",\"@id\":\"https:\/\/experienciadevida.com.ar\/portalurbano\/#\/schema\/person\/02dd326b1c4b056e9cc972486934a3a7\"},\"headline\":\"Paro del campo: &#8220;la mayor\u00eda de los productores fueron beneficiados por estas medidas&#8221;\",\"datePublished\":\"2020-03-09T17:52:06+00:00\",\"dateModified\":\"2020-03-09T17:52:29+00:00\",\"mainEntityOfPage\":{\"@id\":\"https:\/\/experienciadevida.com.ar\/portalurbano\/paro-del-campo-la-mayoria-de-los-productores-fueron-beneficiados-por-estas-medidas\/\"},\"wordCount\":334,\"commentCount\":0,\"publisher\":{\"@id\":\"https:\/\/experienciadevida.com.ar\/portalurbano\/#organization\"},\"articleSection\":[\"Naci\u00f3n\"],\"inLanguage\":\"es\",\"potentialAction\":[{\"@type\":\"CommentAction\",\"name\":\"Comment\",\"target\":[\"https:\/\/experienciadevida.com.ar\/portalurbano\/paro-del-campo-la-mayoria-de-los-productores-fueron-beneficiados-por-estas-medidas\/#respond\"]}]},{\"@type\":\"WebPage\",\"@id\":\"https:\/\/experienciadevida.com.ar\/portalurbano\/paro-del-campo-la-mayoria-de-los-productores-fueron-beneficiados-por-estas-medidas\/\",\"url\":\"https:\/\/experienciadevida.com.ar\/portalurbano\/paro-del-campo-la-mayoria-de-los-productores-fueron-beneficiados-por-estas-medidas\/\",\"name\":\"Paro del campo: \\\"la mayor\u00eda de los productores fueron beneficiados por estas medidas\\\" -\",\"isPartOf\":{\"@id\":\"https:\/\/experienciadevida.com.ar\/portalurbano\/#website\"},\"datePublished\":\"2020-03-09T17:52:06+00:00\",\"dateModified\":\"2020-03-09T17:52:29+00:00\",\"breadcrumb\":{\"@id\":\"https:\/\/experienciadevida.com.ar\/portalurbano\/paro-del-campo-la-mayoria-de-los-productores-fueron-beneficiados-por-estas-medidas\/#breadcrumb\"},\"inLanguage\":\"es\",\"potentialAction\":[{\"@type\":\"ReadAction\",\"target\":[\"https:\/\/experienciadevida.com.ar\/portalurbano\/paro-del-campo-la-mayoria-de-los-productores-fueron-beneficiados-por-estas-medidas\/\"]}]},{\"@type\":\"BreadcrumbList\",\"@id\":\"https:\/\/experienciadevida.com.ar\/portalurbano\/paro-del-campo-la-mayoria-de-los-productores-fueron-beneficiados-por-estas-medidas\/#breadcrumb\",\"itemListElement\":[{\"@type\":\"ListItem\",\"position\":1,\"name\":\"Portada\",\"item\":\"https:\/\/experienciadevida.com.ar\/portalurbano\/\"},{\"@type\":\"ListItem\",\"position\":2,\"name\":\"Paro del campo: \u00abla mayor\u00eda de los productores fueron beneficiados por estas medidas\u00bb\"}]},{\"@type\":\"WebSite\",\"@id\":\"https:\/\/experienciadevida.com.ar\/portalurbano\/#website\",\"url\":\"https:\/\/experienciadevida.com.ar\/portalurbano\/\",\"name\":\"\",\"description\":\"\",\"publisher\":{\"@id\":\"https:\/\/experienciadevida.com.ar\/portalurbano\/#organization\"},\"potentialAction\":[{\"@type\":\"SearchAction\",\"target\":{\"@type\":\"EntryPoint\",\"urlTemplate\":\"https:\/\/experienciadevida.com.ar\/portalurbano\/?s={search_term_string}\"},\"query-input\":\"required name=search_term_string\"}],\"inLanguage\":\"es\"},{\"@type\":\"Organization\",\"@id\":\"https:\/\/experienciadevida.com.ar\/portalurbano\/#organization\",\"name\":\"Portal Urbano\",\"url\":\"https:\/\/experienciadevida.com.ar\/portalurbano\/\",\"logo\":{\"@type\":\"ImageObject\",\"inLanguage\":\"es\",\"@id\":\"https:\/\/experienciadevida.com.ar\/portalurbano\/#\/schema\/logo\/image\/\",\"url\":\"https:\/\/experienciadevida.com.ar\/portalurbano\/wp-content\/uploads\/2019\/09\/Logo-Original.png\",\"contentUrl\":\"https:\/\/experienciadevida.com.ar\/portalurbano\/wp-content\/uploads\/2019\/09\/Logo-Original.png\",\"width\":2236,\"height\":1216,\"caption\":\"Portal Urbano\"},\"image\":{\"@id\":\"https:\/\/experienciadevida.com.ar\/portalurbano\/#\/schema\/logo\/image\/\"},\"sameAs\":[\"https:\/\/www.facebook.com\/Portal-Urbano-171542830093757\/\",\"https:\/\/twitter.com\/portalurbanook\",\"https:\/\/www.instagram.com\/_portalurbano\/\",\"https:\/\/www.youtube.com\/channel\/UCXhagIfszH8KxFiOok79zbA?view_as=subscriber\"]},{\"@type\":\"Person\",\"@id\":\"https:\/\/experienciadevida.com.ar\/portalurbano\/#\/schema\/person\/02dd326b1c4b056e9cc972486934a3a7\",\"name\":\"admpu17wp\",\"image\":{\"@type\":\"ImageObject\",\"inLanguage\":\"es\",\"@id\":\"https:\/\/experienciadevida.com.ar\/portalurbano\/#\/schema\/person\/image\/\",\"url\":\"https:\/\/secure.gravatar.com\/avatar\/830d4c57adaae6630765e449a6908047?s=96&d=mm&r=g\",\"contentUrl\":\"https:\/\/secure.gravatar.com\/avatar\/830d4c57adaae6630765e449a6908047?s=96&d=mm&r=g\",\"caption\":\"admpu17wp\"}}]}<\/script>\n<!-- \/ Yoast SEO plugin. -->","yoast_head_json":{"title":"Paro del campo: \"la mayor\u00eda de los productores fueron beneficiados por estas medidas\" -","robots":{"index":"index","follow":"follow","max-snippet":"max-snippet:-1","max-image-preview":"max-image-preview:large","max-video-preview":"max-video-preview:-1"},"canonical":"https:\/\/experienciadevida.com.ar\/portalurbano\/paro-del-campo-la-mayoria-de-los-productores-fueron-beneficiados-por-estas-medidas\/","og_locale":"es_ES","og_type":"article","og_title":"Paro del campo: \"la mayor\u00eda de los productores fueron beneficiados por estas medidas\" -","og_description":"El gobernador bonaerense cuestion\u00f3 el cese de comercializaci\u00f3n de granos dispuesto por la Coordinadora de...","og_url":"https:\/\/experienciadevida.com.ar\/portalurbano\/paro-del-campo-la-mayoria-de-los-productores-fueron-beneficiados-por-estas-medidas\/","article_publisher":"https:\/\/www.facebook.com\/Portal-Urbano-171542830093757\/","article_published_time":"2020-03-09T17:52:06+00:00","article_modified_time":"2020-03-09T17:52:29+00:00","og_image":[{"width":765,"height":544,"url":"https:\/\/experienciadevida.com.ar\/portalurbano\/wp-content\/uploads\/2020\/03\/KICILLOF-1-e1583776195914.jpg","type":"image\/jpeg"}],"author":"admpu17wp","twitter_card":"summary_large_image","twitter_creator":"@portalurbanook","twitter_site":"@portalurbanook","twitter_misc":{"Escrito por":"admpu17wp","Tiempo de lectura":"2 minutos"},"schema":{"@context":"https:\/\/schema.org","@graph":[{"@type":"Article","@id":"https:\/\/experienciadevida.com.ar\/portalurbano\/paro-del-campo-la-mayoria-de-los-productores-fueron-beneficiados-por-estas-medidas\/#article","isPartOf":{"@id":"https:\/\/experienciadevida.com.ar\/portalurbano\/paro-del-campo-la-mayoria-de-los-productores-fueron-beneficiados-por-estas-medidas\/"},"author":{"name":"admpu17wp","@id":"https:\/\/experienciadevida.com.ar\/portalurbano\/#\/schema\/person\/02dd326b1c4b056e9cc972486934a3a7"},"headline":"Paro del campo: &#8220;la mayor\u00eda de los productores fueron beneficiados por estas medidas&#8221;","datePublished":"2020-03-09T17:52:06+00:00","dateModified":"2020-03-09T17:52:29+00:00","mainEntityOfPage":{"@id":"https:\/\/experienciadevida.com.ar\/portalurbano\/paro-del-campo-la-mayoria-de-los-productores-fueron-beneficiados-por-estas-medidas\/"},"wordCount":334,"commentCount":0,"publisher":{"@id":"https:\/\/experienciadevida.com.ar\/portalurbano\/#organization"},"articleSection":["Naci\u00f3n"],"inLanguage":"es","potentialAction":[{"@type":"CommentAction","name":"Comment","target":["https:\/\/experienciadevida.com.ar\/portalurbano\/paro-del-campo-la-mayoria-de-los-productores-fueron-beneficiados-por-estas-medidas\/#respond"]}]},{"@type":"WebPage","@id":"https:\/\/experienciadevida.com.ar\/portalurbano\/paro-del-campo-la-mayoria-de-los-productores-fueron-beneficiados-por-estas-medidas\/","url":"https:\/\/experienciadevida.com.ar\/portalurbano\/paro-del-campo-la-mayoria-de-los-productores-fueron-beneficiados-por-estas-medidas\/","name":"Paro del campo: \"la mayor\u00eda de los productores fueron beneficiados por estas medidas\" -","isPartOf":{"@id":"https:\/\/experienciadevida.com.ar\/portalurbano\/#website"},"datePublished":"2020-03-09T17:52:06+00:00","dateModified":"2020-03-09T17:52:29+00:00","breadcrumb":{"@id":"https:\/\/experienciadevida.com.ar\/portalurbano\/paro-del-campo-la-mayoria-de-los-productores-fueron-beneficiados-por-estas-medidas\/#breadcrumb"},"inLanguage":"es","potentialAction":[{"@type":"ReadAction","target":["https:\/\/experienciadevida.com.ar\/portalurbano\/paro-del-campo-la-mayoria-de-los-productores-fueron-beneficiados-por-estas-medidas\/"]}]},{"@type":"BreadcrumbList","@id":"https:\/\/experienciadevida.com.ar\/portalurbano\/paro-del-campo-la-mayoria-de-los-productores-fueron-beneficiados-por-estas-medidas\/#breadcrumb","itemListElement":[{"@type":"ListItem","position":1,"name":"Portada","item":"https:\/\/experienciadevida.com.ar\/portalurbano\/"},{"@type":"ListItem","position":2,"name":"Paro del campo: \u00abla mayor\u00eda de los productores fueron beneficiados por estas medidas\u00bb"}]},{"@type":"WebSite","@id":"https:\/\/experienciadevida.com.ar\/portalurbano\/#website","url":"https:\/\/experienciadevida.com.ar\/portalurbano\/","name":"","description":"","publisher":{"@id":"https:\/\/experienciadevida.com.ar\/portalurbano\/#organization"},"potentialAction":[{"@type":"SearchAction","target":{"@type":"EntryPoint","urlTemplate":"https:\/\/experienciadevida.com.ar\/portalurbano\/?s={search_term_string}"},"query-input":"required name=search_term_string"}],"inLanguage":"es"},{"@type":"Organization","@id":"https:\/\/experienciadevida.com.ar\/portalurbano\/#organization","name":"Portal Urbano","url":"https:\/\/experienciadevida.com.ar\/portalurbano\/","logo":{"@type":"ImageObject","inLanguage":"es","@id":"https:\/\/experienciadevida.com.ar\/portalurbano\/#\/schema\/logo\/image\/","url":"https:\/\/experienciadevida.com.ar\/portalurbano\/wp-content\/uploads\/2019\/09\/Logo-Original.png","contentUrl":"https:\/\/experienciadevida.com.ar\/portalurbano\/wp-content\/uploads\/2019\/09\/Logo-Original.png","width":2236,"height":1216,"caption":"Portal Urbano"},"image":{"@id":"https:\/\/experienciadevida.com.ar\/portalurbano\/#\/schema\/logo\/image\/"},"sameAs":["https:\/\/www.facebook.com\/Portal-Urbano-171542830093757\/","https:\/\/twitter.com\/portalurbanook","https:\/\/www.instagram.com\/_portalurbano\/","https:\/\/www.youtube.com\/channel\/UCXhagIfszH8KxFiOok79zbA?view_as=subscriber"]},{"@type":"Person","@id":"https:\/\/experienciadevida.com.ar\/portalurbano\/#\/schema\/person\/02dd326b1c4b056e9cc972486934a3a7","name":"admpu17wp","image":{"@type":"ImageObject","inLanguage":"es","@id":"https:\/\/experienciadevida.com.ar\/portalurbano\/#\/schema\/person\/image\/","url":"https:\/\/secure.gravatar.com\/avatar\/830d4c57adaae6630765e449a6908047?s=96&d=mm&r=g","contentUrl":"https:\/\/secure.gravatar.com\/avatar\/830d4c57adaae6630765e449a6908047?s=96&d=mm&r=g","caption":"admpu17wp"}}]}},"featured_image_urls":{"full":["https:\/\/experienciadevida.com.ar\/portalurbano\/wp-content\/uploads\/2020\/03\/KICILLOF-1-e1583776195914.jpg",765,544,false],"thumbnail":["https:\/\/experienciadevida.com.ar\/portalurbano\/wp-content\/uploads\/2020\/03\/KICILLOF-1-150x150.jpg",150,150,true],"medium":["https:\/\/experienciadevida.com.ar\/portalurbano\/wp-content\/uploads\/2020\/03\/KICILLOF-1-300x213.jpg",300,213,true],"medium_large":["https:\/\/experienciadevida.com.ar\/portalurbano\/wp-content\/uploads\/2020\/03\/KICILLOF-1-768x546.jpg",640,455,true],"large":["https:\/\/experienciadevida.com.ar\/portalurbano\/wp-content\/uploads\/2020\/03\/KICILLOF-1-1024x728.jpg",640,455,true],"ug_big":["https:\/\/experienciadevida.com.ar\/portalurbano\/wp-content\/uploads\/2020\/03\/KICILLOF-1-768x546.jpg",768,546,true],"1536x1536":["https:\/\/experienciadevida.com.ar\/portalurbano\/wp-content\/uploads\/2020\/03\/KICILLOF-1-e1583776195914.jpg",765,544,false],"2048x2048":["https:\/\/experienciadevida.com.ar\/portalurbano\/wp-content\/uploads\/2020\/03\/KICILLOF-1-e1583776195914.jpg",765,544,false],"newsever-slider-full":["https:\/\/experienciadevida.com.ar\/portalurbano\/wp-content\/uploads\/2020\/03\/KICILLOF-1-e1583776195914.jpg",765,544,false],"newsever-featured":["https:\/\/experienciadevida.com.ar\/portalurbano\/wp-content\/uploads\/2020\/03\/KICILLOF-1-e1583776195914.jpg",765,544,false],"newsever-medium":["https:\/\/experienciadevida.com.ar\/portalurbano\/wp-content\/uploads\/2020\/03\/KICILLOF-1-e1583776195914.jpg",668,475,false],"web-stories-poster-portrait":["https:\/\/experienciadevida.com.ar\/portalurbano\/wp-content\/uploads\/2020\/03\/KICILLOF-1-e1583776195914.jpg",640,455,false],"web-stories-publisher-logo":["https:\/\/experienciadevida.com.ar\/portalurbano\/wp-content\/uploads\/2020\/03\/KICILLOF-1-e1583776195914.jpg",96,68,false],"web-stories-thumbnail":["https:\/\/experienciadevida.com.ar\/portalurbano\/wp-content\/uploads\/2020\/03\/KICILLOF-1-e1583776195914.jpg",150,107,false]},"author_info":{"display_name":"admpu17wp","author_link":"https:\/\/experienciadevida.com.ar\/portalurbano\/author\/admpu17wp\/"},"category_info":"<a href=\"https:\/\/experienciadevida.com.ar\/portalurbano\/category\/nacion\/\" rel=\"category tag\">Naci\u00f3n<\/a>","tag_info":"Naci\u00f3n","comment_count":"0","amp_enabled":true,"_links":{"self":[{"href":"https:\/\/experienciadevida.com.ar\/portalurbano\/wp-json\/wp\/v2\/posts\/103639"}],"collection":[{"href":"https:\/\/experienciadevida.com.ar\/portalurbano\/wp-json\/wp\/v2\/posts"}],"about":[{"href":"https:\/\/experienciadevida.com.ar\/portalurbano\/wp-json\/wp\/v2\/types\/post"}],"author":[{"embeddable":true,"href":"https:\/\/experienciadevida.com.ar\/portalurbano\/wp-json\/wp\/v2\/users\/1"}],"replies":[{"embeddable":true,"href":"https:\/\/experienciadevida.com.ar\/portalurbano\/wp-json\/wp\/v2\/comments?post=103639"}],"version-history":[{"count":1,"href":"https:\/\/experienciadevida.com.ar\/portalurbano\/wp-json\/wp\/v2\/posts\/103639\/revisions"}],"predecessor-version":[{"id":103641,"href":"https:\/\/experienciadevida.com.ar\/portalurbano\/wp-json\/wp\/v2\/posts\/103639\/revisions\/103641"}],"wp:featuredmedia":[{"embeddable":true,"href":"https:\/\/experienciadevida.com.ar\/portalurbano\/wp-json\/wp\/v2\/media\/103640"}],"wp:attachment":[{"href":"https:\/\/experienciadevida.com.ar\/portalurbano\/wp-json\/wp\/v2\/media?parent=103639"}],"wp:term":[{"taxonomy":"category","embeddable":true,"href":"https:\/\/experienciadevida.com.ar\/portalurbano\/wp-json\/wp\/v2\/categories?post=103639"},{"taxonomy":"post_tag","embeddable":true,"href":"https:\/\/experienciadevida.com.ar\/portalurbano\/wp-json\/wp\/v2\/tags?post=103639"}],"curies":[{"name":"wp","href":"https:\/\/api.w.org\/{rel}","templated":true}]}}