{"id":103604,"date":"2020-03-09T11:05:31","date_gmt":"2020-03-09T14:05:31","guid":{"rendered":"https:\/\/experienciadevida.com.ar\/portalurbano\/?p=103604"},"modified":"2020-03-09T11:05:48","modified_gmt":"2020-03-09T14:05:48","slug":"el-aborto-sera-legal-hasta-la-semana-14-de-gestacion","status":"publish","type":"post","link":"https:\/\/experienciadevida.com.ar\/portalurbano\/el-aborto-sera-legal-hasta-la-semana-14-de-gestacion\/","title":{"rendered":"El aborto ser\u00e1 legal hasta la semana 14 de gestaci\u00f3n"},"content":{"rendered":"<p>Lo adelant\u00f3 el Ministro de Salud, Gin\u00e9s Gonz\u00e1lez Garc\u00eda, quien explic\u00f3: &#8220;<em>van a ir muchas chicas, pero las que m\u00e1s me interesan son las que llegan tarde, mal, que no tienen acceso&#8221;.<\/em><\/p>\n<p>El Ministro de Salud Gin\u00e9s Gonz\u00e1lez Garc\u00eda, adelant\u00f3 que el proyecto de legalizaci\u00f3n del aborto que el Ejecutivo enviar\u00e1 al Congreso permitir\u00e1 la interrupci\u00f3n del embarazo hasta la semana 14 y que incluir\u00e1 &#8220;<em>la objeci\u00f3n de conciencia&#8221;. Al explicar los motivos por los cuales se propondr\u00e1 que sean 14 semanas, dijo que &#8220;van a ir muchas chicas, pero las que m\u00e1s me interesan son las que llegan tarde, mal, que no tienen acceso. Ten\u00e9s que darle un par de semanas porque eso despu\u00e9s de eso no se puede. Esa es la raz\u00f3n, no es una pelea biol\u00f3gica del tama\u00f1o del embri\u00f3n, es un problema de accesibilidad, nada m\u00e1s&#8221;.<\/em><\/p>\n<p>En referencia a la\u00a0despenalizaci\u00f3n, el ministro se\u00f1al\u00f3 que\u00a0&#8220;el proyecto va a ser muy expl\u00edcito, pero va a tener penas, no sobre la mujer, pero s\u00ed con el que cobre, el que salga fuera de la norma, el que lo haga despu\u00e9s de las 14 semanas, con el m\u00e9dico que lo haga, el que usufruct\u00fae econ\u00f3micamente, el que no cumpla con las causales como riesgo de vida de la mujer o violaci\u00f3n&#8221;.<\/p>\n<p>Gonz\u00e1lez Garc\u00eda\u00a0adelant\u00f3 que incluir\u00e1 la posibilidad de\u00a0<em>&#8220;objeci\u00f3n de conciencia individual&#8221;,<\/em> pero tambi\u00e9n apunt\u00f3 que\u00a0<em>&#8220;hasta ahora no est\u00e1 escrito&#8221;\u00a0<\/em>que pueda haber objeciones institucionales.<\/p>\n<p>&#8220;La batalla no est\u00e1 ah\u00ed, la batalla est\u00e1 en que salga y que salga con los aspectos centrales como \u00e9ste, totalmente resueltos. Va a salir tambi\u00e9n con despenalizaci\u00f3n absoluta. Ac\u00e1 hay que irritar lo menos posible y preservando de fondo todas las cosas que son importantes, que es la accesibilidad, el derecho a la informaci\u00f3n&#8221;, finaliz\u00f3 Gin\u00e9s.<\/p>\n<p>En su discurso ante la\u00a0Asamblea Legislativa\u00a0el 5 de febrero pasado, el presidente\u00a0Alberto Fern\u00e1ndez\u00a0anunci\u00f3 el env\u00edo al\u00a0Congreso de &#8220;una ley que termine con la penalizaci\u00f3n del aborto y permita la atenci\u00f3n de cualquier aborto en los centros de salud p\u00fablica&#8221;.<\/p>\n<article id=\"article-post\">\n<div class=\"cuerpo\" data-twitter-link=\"https:\/\/twitter.com\/intent\/tweet?url=https:\/\/www.diariopopular.com.ar\/\/c464205&amp;via=poopulardiario&amp;related=Diario Popular&amp;text=\">\n<p>Luego, en declaraciones p\u00fablicas, el\u00a0Presidente\u00a0ampli\u00f3:\u00a0&#8220;Hay que despenalizar y legalizar el aborto, las dos cosas, porque de otro modo no puede funcionar, para que todas las mujeres tengan la posibilidad de acceder a la salud p\u00fablica para tener la atenci\u00f3n adecuada&#8221;, aunque dijo que\u00a0&#8220;legal, no significa que sea obligatoria&#8221;.<\/p>\n<\/div>\n<\/article>\n<div class=\"object-important-people\"><\/div>\n","protected":false},"excerpt":{"rendered":"<p>Lo adelant\u00f3 el Ministro de Salud, Gin\u00e9s Gonz\u00e1lez Garc\u00eda, quien explic\u00f3: &#8220;van a ir muchas&#8230;<\/p>\n","protected":false},"author":1,"featured_media":103027,"comment_status":"open","ping_status":"open","sticky":false,"template":"","format":"standard","meta":{"content-type":""},"categories":[39],"tags":[],"nelio_content":{"isAutoShareEnabled":false,"autoShareEndMode":"default","automationSources":{"useContentSentences":true,"useSocialTemplates":true,"useCustomSentences":false,"customSentences":[]},"followers":[1],"suggestedReferences":[],"includedReferences":[],"efiUrl":"","efiAlt":"","highlights":[]},"yoast_head":"<!-- This site is optimized with the Yoast SEO plugin v20.7 - https:\/\/yoast.com\/wordpress\/plugins\/seo\/ -->\n<title>El aborto ser\u00e1 legal hasta la semana 14 de gestaci\u00f3n -<\/title>\n<meta name=\"robots\" content=\"index, follow, max-snippet:-1, max-image-preview:large, max-video-preview:-1\" \/>\n<link rel=\"canonical\" href=\"https:\/\/experienciadevida.com.ar\/portalurbano\/el-aborto-sera-legal-hasta-la-semana-14-de-gestacion\/\" \/>\n<meta property=\"og:locale\" content=\"es_ES\" \/>\n<meta property=\"og:type\" content=\"article\" \/>\n<meta property=\"og:title\" content=\"El aborto ser\u00e1 legal hasta la semana 14 de gestaci\u00f3n -\" \/>\n<meta property=\"og:description\" content=\"Lo adelant\u00f3 el Ministro de Salud, Gin\u00e9s Gonz\u00e1lez Garc\u00eda, quien explic\u00f3: &#8220;van a ir muchas...\" \/>\n<meta property=\"og:url\" content=\"https:\/\/experienciadevida.com.ar\/portalurbano\/el-aborto-sera-legal-hasta-la-semana-14-de-gestacion\/\" \/>\n<meta property=\"article:publisher\" content=\"https:\/\/www.facebook.com\/Portal-Urbano-171542830093757\/\" \/>\n<meta property=\"article:published_time\" content=\"2020-03-09T14:05:31+00:00\" \/>\n<meta property=\"article:modified_time\" content=\"2020-03-09T14:05:48+00:00\" \/>\n<meta property=\"og:image\" content=\"https:\/\/experienciadevida.com.ar\/portalurbano\/wp-content\/uploads\/2020\/03\/MINISTRO.jpg\" \/>\n\t<meta property=\"og:image:width\" content=\"1140\" \/>\n\t<meta property=\"og:image:height\" content=\"680\" \/>\n\t<meta property=\"og:image:type\" content=\"image\/jpeg\" \/>\n<meta name=\"author\" content=\"admpu17wp\" \/>\n<meta name=\"twitter:card\" content=\"summary_large_image\" \/>\n<meta name=\"twitter:creator\" content=\"@portalurbanook\" \/>\n<meta name=\"twitter:site\" content=\"@portalurbanook\" \/>\n<meta name=\"twitter:label1\" content=\"Escrito por\" \/>\n\t<meta name=\"twitter:data1\" content=\"admpu17wp\" \/>\n\t<meta name=\"twitter:label2\" content=\"Tiempo de lectura\" \/>\n\t<meta name=\"twitter:data2\" content=\"2 minutos\" \/>\n<script type=\"application\/ld+json\" class=\"yoast-schema-graph\">{\"@context\":\"https:\/\/schema.org\",\"@graph\":[{\"@type\":\"Article\",\"@id\":\"https:\/\/experienciadevida.com.ar\/portalurbano\/el-aborto-sera-legal-hasta-la-semana-14-de-gestacion\/#article\",\"isPartOf\":{\"@id\":\"https:\/\/experienciadevida.com.ar\/portalurbano\/el-aborto-sera-legal-hasta-la-semana-14-de-gestacion\/\"},\"author\":{\"name\":\"admpu17wp\",\"@id\":\"https:\/\/experienciadevida.com.ar\/portalurbano\/#\/schema\/person\/02dd326b1c4b056e9cc972486934a3a7\"},\"headline\":\"El aborto ser\u00e1 legal hasta la semana 14 de gestaci\u00f3n\",\"datePublished\":\"2020-03-09T14:05:31+00:00\",\"dateModified\":\"2020-03-09T14:05:48+00:00\",\"mainEntityOfPage\":{\"@id\":\"https:\/\/experienciadevida.com.ar\/portalurbano\/el-aborto-sera-legal-hasta-la-semana-14-de-gestacion\/\"},\"wordCount\":440,\"commentCount\":0,\"publisher\":{\"@id\":\"https:\/\/experienciadevida.com.ar\/portalurbano\/#organization\"},\"articleSection\":[\"Naci\u00f3n\"],\"inLanguage\":\"es\",\"potentialAction\":[{\"@type\":\"CommentAction\",\"name\":\"Comment\",\"target\":[\"https:\/\/experienciadevida.com.ar\/portalurbano\/el-aborto-sera-legal-hasta-la-semana-14-de-gestacion\/#respond\"]}]},{\"@type\":\"WebPage\",\"@id\":\"https:\/\/experienciadevida.com.ar\/portalurbano\/el-aborto-sera-legal-hasta-la-semana-14-de-gestacion\/\",\"url\":\"https:\/\/experienciadevida.com.ar\/portalurbano\/el-aborto-sera-legal-hasta-la-semana-14-de-gestacion\/\",\"name\":\"El aborto ser\u00e1 legal hasta la semana 14 de gestaci\u00f3n -\",\"isPartOf\":{\"@id\":\"https:\/\/experienciadevida.com.ar\/portalurbano\/#website\"},\"datePublished\":\"2020-03-09T14:05:31+00:00\",\"dateModified\":\"2020-03-09T14:05:48+00:00\",\"breadcrumb\":{\"@id\":\"https:\/\/experienciadevida.com.ar\/portalurbano\/el-aborto-sera-legal-hasta-la-semana-14-de-gestacion\/#breadcrumb\"},\"inLanguage\":\"es\",\"potentialAction\":[{\"@type\":\"ReadAction\",\"target\":[\"https:\/\/experienciadevida.com.ar\/portalurbano\/el-aborto-sera-legal-hasta-la-semana-14-de-gestacion\/\"]}]},{\"@type\":\"BreadcrumbList\",\"@id\":\"https:\/\/experienciadevida.com.ar\/portalurbano\/el-aborto-sera-legal-hasta-la-semana-14-de-gestacion\/#breadcrumb\",\"itemListElement\":[{\"@type\":\"ListItem\",\"position\":1,\"name\":\"Portada\",\"item\":\"https:\/\/experienciadevida.com.ar\/portalurbano\/\"},{\"@type\":\"ListItem\",\"position\":2,\"name\":\"El aborto ser\u00e1 legal hasta la semana 14 de gestaci\u00f3n\"}]},{\"@type\":\"WebSite\",\"@id\":\"https:\/\/experienciadevida.com.ar\/portalurbano\/#website\",\"url\":\"https:\/\/experienciadevida.com.ar\/portalurbano\/\",\"name\":\"\",\"description\":\"\",\"publisher\":{\"@id\":\"https:\/\/experienciadevida.com.ar\/portalurbano\/#organization\"},\"potentialAction\":[{\"@type\":\"SearchAction\",\"target\":{\"@type\":\"EntryPoint\",\"urlTemplate\":\"https:\/\/experienciadevida.com.ar\/portalurbano\/?s={search_term_string}\"},\"query-input\":\"required name=search_term_string\"}],\"inLanguage\":\"es\"},{\"@type\":\"Organization\",\"@id\":\"https:\/\/experienciadevida.com.ar\/portalurbano\/#organization\",\"name\":\"Portal Urbano\",\"url\":\"https:\/\/experienciadevida.com.ar\/portalurbano\/\",\"logo\":{\"@type\":\"ImageObject\",\"inLanguage\":\"es\",\"@id\":\"https:\/\/experienciadevida.com.ar\/portalurbano\/#\/schema\/logo\/image\/\",\"url\":\"https:\/\/experienciadevida.com.ar\/portalurbano\/wp-content\/uploads\/2019\/09\/Logo-Original.png\",\"contentUrl\":\"https:\/\/experienciadevida.com.ar\/portalurbano\/wp-content\/uploads\/2019\/09\/Logo-Original.png\",\"width\":2236,\"height\":1216,\"caption\":\"Portal Urbano\"},\"image\":{\"@id\":\"https:\/\/experienciadevida.com.ar\/portalurbano\/#\/schema\/logo\/image\/\"},\"sameAs\":[\"https:\/\/www.facebook.com\/Portal-Urbano-171542830093757\/\",\"https:\/\/twitter.com\/portalurbanook\",\"https:\/\/www.instagram.com\/_portalurbano\/\",\"https:\/\/www.youtube.com\/channel\/UCXhagIfszH8KxFiOok79zbA?view_as=subscriber\"]},{\"@type\":\"Person\",\"@id\":\"https:\/\/experienciadevida.com.ar\/portalurbano\/#\/schema\/person\/02dd326b1c4b056e9cc972486934a3a7\",\"name\":\"admpu17wp\",\"image\":{\"@type\":\"ImageObject\",\"inLanguage\":\"es\",\"@id\":\"https:\/\/experienciadevida.com.ar\/portalurbano\/#\/schema\/person\/image\/\",\"url\":\"https:\/\/secure.gravatar.com\/avatar\/830d4c57adaae6630765e449a6908047?s=96&d=mm&r=g\",\"contentUrl\":\"https:\/\/secure.gravatar.com\/avatar\/830d4c57adaae6630765e449a6908047?s=96&d=mm&r=g\",\"caption\":\"admpu17wp\"}}]}<\/script>\n<!-- \/ Yoast SEO plugin. -->","yoast_head_json":{"title":"El aborto ser\u00e1 legal hasta la semana 14 de gestaci\u00f3n -","robots":{"index":"index","follow":"follow","max-snippet":"max-snippet:-1","max-image-preview":"max-image-preview:large","max-video-preview":"max-video-preview:-1"},"canonical":"https:\/\/experienciadevida.com.ar\/portalurbano\/el-aborto-sera-legal-hasta-la-semana-14-de-gestacion\/","og_locale":"es_ES","og_type":"article","og_title":"El aborto ser\u00e1 legal hasta la semana 14 de gestaci\u00f3n -","og_description":"Lo adelant\u00f3 el Ministro de Salud, Gin\u00e9s Gonz\u00e1lez Garc\u00eda, quien explic\u00f3: &#8220;van a ir muchas...","og_url":"https:\/\/experienciadevida.com.ar\/portalurbano\/el-aborto-sera-legal-hasta-la-semana-14-de-gestacion\/","article_publisher":"https:\/\/www.facebook.com\/Portal-Urbano-171542830093757\/","article_published_time":"2020-03-09T14:05:31+00:00","article_modified_time":"2020-03-09T14:05:48+00:00","og_image":[{"width":1140,"height":680,"url":"https:\/\/experienciadevida.com.ar\/portalurbano\/wp-content\/uploads\/2020\/03\/MINISTRO.jpg","type":"image\/jpeg"}],"author":"admpu17wp","twitter_card":"summary_large_image","twitter_creator":"@portalurbanook","twitter_site":"@portalurbanook","twitter_misc":{"Escrito por":"admpu17wp","Tiempo de lectura":"2 minutos"},"schema":{"@context":"https:\/\/schema.org","@graph":[{"@type":"Article","@id":"https:\/\/experienciadevida.com.ar\/portalurbano\/el-aborto-sera-legal-hasta-la-semana-14-de-gestacion\/#article","isPartOf":{"@id":"https:\/\/experienciadevida.com.ar\/portalurbano\/el-aborto-sera-legal-hasta-la-semana-14-de-gestacion\/"},"author":{"name":"admpu17wp","@id":"https:\/\/experienciadevida.com.ar\/portalurbano\/#\/schema\/person\/02dd326b1c4b056e9cc972486934a3a7"},"headline":"El aborto ser\u00e1 legal hasta la semana 14 de gestaci\u00f3n","datePublished":"2020-03-09T14:05:31+00:00","dateModified":"2020-03-09T14:05:48+00:00","mainEntityOfPage":{"@id":"https:\/\/experienciadevida.com.ar\/portalurbano\/el-aborto-sera-legal-hasta-la-semana-14-de-gestacion\/"},"wordCount":440,"commentCount":0,"publisher":{"@id":"https:\/\/experienciadevida.com.ar\/portalurbano\/#organization"},"articleSection":["Naci\u00f3n"],"inLanguage":"es","potentialAction":[{"@type":"CommentAction","name":"Comment","target":["https:\/\/experienciadevida.com.ar\/portalurbano\/el-aborto-sera-legal-hasta-la-semana-14-de-gestacion\/#respond"]}]},{"@type":"WebPage","@id":"https:\/\/experienciadevida.com.ar\/portalurbano\/el-aborto-sera-legal-hasta-la-semana-14-de-gestacion\/","url":"https:\/\/experienciadevida.com.ar\/portalurbano\/el-aborto-sera-legal-hasta-la-semana-14-de-gestacion\/","name":"El aborto ser\u00e1 legal hasta la semana 14 de gestaci\u00f3n -","isPartOf":{"@id":"https:\/\/experienciadevida.com.ar\/portalurbano\/#website"},"datePublished":"2020-03-09T14:05:31+00:00","dateModified":"2020-03-09T14:05:48+00:00","breadcrumb":{"@id":"https:\/\/experienciadevida.com.ar\/portalurbano\/el-aborto-sera-legal-hasta-la-semana-14-de-gestacion\/#breadcrumb"},"inLanguage":"es","potentialAction":[{"@type":"ReadAction","target":["https:\/\/experienciadevida.com.ar\/portalurbano\/el-aborto-sera-legal-hasta-la-semana-14-de-gestacion\/"]}]},{"@type":"BreadcrumbList","@id":"https:\/\/experienciadevida.com.ar\/portalurbano\/el-aborto-sera-legal-hasta-la-semana-14-de-gestacion\/#breadcrumb","itemListElement":[{"@type":"ListItem","position":1,"name":"Portada","item":"https:\/\/experienciadevida.com.ar\/portalurbano\/"},{"@type":"ListItem","position":2,"name":"El aborto ser\u00e1 legal hasta la semana 14 de gestaci\u00f3n"}]},{"@type":"WebSite","@id":"https:\/\/experienciadevida.com.ar\/portalurbano\/#website","url":"https:\/\/experienciadevida.com.ar\/portalurbano\/","name":"","description":"","publisher":{"@id":"https:\/\/experienciadevida.com.ar\/portalurbano\/#organization"},"potentialAction":[{"@type":"SearchAction","target":{"@type":"EntryPoint","urlTemplate":"https:\/\/experienciadevida.com.ar\/portalurbano\/?s={search_term_string}"},"query-input":"required name=search_term_string"}],"inLanguage":"es"},{"@type":"Organization","@id":"https:\/\/experienciadevida.com.ar\/portalurbano\/#organization","name":"Portal Urbano","url":"https:\/\/experienciadevida.com.ar\/portalurbano\/","logo":{"@type":"ImageObject","inLanguage":"es","@id":"https:\/\/experienciadevida.com.ar\/portalurbano\/#\/schema\/logo\/image\/","url":"https:\/\/experienciadevida.com.ar\/portalurbano\/wp-content\/uploads\/2019\/09\/Logo-Original.png","contentUrl":"https:\/\/experienciadevida.com.ar\/portalurbano\/wp-content\/uploads\/2019\/09\/Logo-Original.png","width":2236,"height":1216,"caption":"Portal Urbano"},"image":{"@id":"https:\/\/experienciadevida.com.ar\/portalurbano\/#\/schema\/logo\/image\/"},"sameAs":["https:\/\/www.facebook.com\/Portal-Urbano-171542830093757\/","https:\/\/twitter.com\/portalurbanook","https:\/\/www.instagram.com\/_portalurbano\/","https:\/\/www.youtube.com\/channel\/UCXhagIfszH8KxFiOok79zbA?view_as=subscriber"]},{"@type":"Person","@id":"https:\/\/experienciadevida.com.ar\/portalurbano\/#\/schema\/person\/02dd326b1c4b056e9cc972486934a3a7","name":"admpu17wp","image":{"@type":"ImageObject","inLanguage":"es","@id":"https:\/\/experienciadevida.com.ar\/portalurbano\/#\/schema\/person\/image\/","url":"https:\/\/secure.gravatar.com\/avatar\/830d4c57adaae6630765e449a6908047?s=96&d=mm&r=g","contentUrl":"https:\/\/secure.gravatar.com\/avatar\/830d4c57adaae6630765e449a6908047?s=96&d=mm&r=g","caption":"admpu17wp"}}]}},"featured_image_urls":{"full":["https:\/\/experienciadevida.com.ar\/portalurbano\/wp-content\/uploads\/2020\/03\/MINISTRO.jpg",1140,680,false],"thumbnail":["https:\/\/experienciadevida.com.ar\/portalurbano\/wp-content\/uploads\/2020\/03\/MINISTRO-150x150.jpg",150,150,true],"medium":["https:\/\/experienciadevida.com.ar\/portalurbano\/wp-content\/uploads\/2020\/03\/MINISTRO-300x179.jpg",300,179,true],"medium_large":["https:\/\/experienciadevida.com.ar\/portalurbano\/wp-content\/uploads\/2020\/03\/MINISTRO-768x458.jpg",640,382,true],"large":["https:\/\/experienciadevida.com.ar\/portalurbano\/wp-content\/uploads\/2020\/03\/MINISTRO-1024x611.jpg",640,382,true],"ug_big":["https:\/\/experienciadevida.com.ar\/portalurbano\/wp-content\/uploads\/2020\/03\/MINISTRO-768x458.jpg",768,458,true],"1536x1536":["https:\/\/experienciadevida.com.ar\/portalurbano\/wp-content\/uploads\/2020\/03\/MINISTRO.jpg",1140,680,false],"2048x2048":["https:\/\/experienciadevida.com.ar\/portalurbano\/wp-content\/uploads\/2020\/03\/MINISTRO.jpg",1140,680,false],"newsever-slider-full":["https:\/\/experienciadevida.com.ar\/portalurbano\/wp-content\/uploads\/2020\/03\/MINISTRO.jpg",1140,680,false],"newsever-featured":["https:\/\/experienciadevida.com.ar\/portalurbano\/wp-content\/uploads\/2020\/03\/MINISTRO.jpg",1024,611,false],"newsever-medium":["https:\/\/experienciadevida.com.ar\/portalurbano\/wp-content\/uploads\/2020\/03\/MINISTRO.jpg",720,429,false],"web-stories-poster-portrait":["https:\/\/experienciadevida.com.ar\/portalurbano\/wp-content\/uploads\/2020\/03\/MINISTRO.jpg",640,382,false],"web-stories-publisher-logo":["https:\/\/experienciadevida.com.ar\/portalurbano\/wp-content\/uploads\/2020\/03\/MINISTRO.jpg",96,57,false],"web-stories-thumbnail":["https:\/\/experienciadevida.com.ar\/portalurbano\/wp-content\/uploads\/2020\/03\/MINISTRO.jpg",150,89,false]},"author_info":{"display_name":"admpu17wp","author_link":"https:\/\/experienciadevida.com.ar\/portalurbano\/author\/admpu17wp\/"},"category_info":"<a href=\"https:\/\/experienciadevida.com.ar\/portalurbano\/category\/nacion\/\" rel=\"category tag\">Naci\u00f3n<\/a>","tag_info":"Naci\u00f3n","comment_count":"0","amp_enabled":true,"_links":{"self":[{"href":"https:\/\/experienciadevida.com.ar\/portalurbano\/wp-json\/wp\/v2\/posts\/103604"}],"collection":[{"href":"https:\/\/experienciadevida.com.ar\/portalurbano\/wp-json\/wp\/v2\/posts"}],"about":[{"href":"https:\/\/experienciadevida.com.ar\/portalurbano\/wp-json\/wp\/v2\/types\/post"}],"author":[{"embeddable":true,"href":"https:\/\/experienciadevida.com.ar\/portalurbano\/wp-json\/wp\/v2\/users\/1"}],"replies":[{"embeddable":true,"href":"https:\/\/experienciadevida.com.ar\/portalurbano\/wp-json\/wp\/v2\/comments?post=103604"}],"version-history":[{"count":1,"href":"https:\/\/experienciadevida.com.ar\/portalurbano\/wp-json\/wp\/v2\/posts\/103604\/revisions"}],"predecessor-version":[{"id":103605,"href":"https:\/\/experienciadevida.com.ar\/portalurbano\/wp-json\/wp\/v2\/posts\/103604\/revisions\/103605"}],"wp:featuredmedia":[{"embeddable":true,"href":"https:\/\/experienciadevida.com.ar\/portalurbano\/wp-json\/wp\/v2\/media\/103027"}],"wp:attachment":[{"href":"https:\/\/experienciadevida.com.ar\/portalurbano\/wp-json\/wp\/v2\/media?parent=103604"}],"wp:term":[{"taxonomy":"category","embeddable":true,"href":"https:\/\/experienciadevida.com.ar\/portalurbano\/wp-json\/wp\/v2\/categories?post=103604"},{"taxonomy":"post_tag","embeddable":true,"href":"https:\/\/experienciadevida.com.ar\/portalurbano\/wp-json\/wp\/v2\/tags?post=103604"}],"curies":[{"name":"wp","href":"https:\/\/api.w.org\/{rel}","templated":true}]}}