{"id":103593,"date":"2020-03-09T10:47:30","date_gmt":"2020-03-09T13:47:30","guid":{"rendered":"https:\/\/experienciadevida.com.ar\/portalurbano\/?p=103593"},"modified":"2020-03-09T10:48:45","modified_gmt":"2020-03-09T13:48:45","slug":"el-campo-comienza-el-paro-por-cuatro-dias-en-todo-el-pais","status":"publish","type":"post","link":"https:\/\/experienciadevida.com.ar\/portalurbano\/el-campo-comienza-el-paro-por-cuatro-dias-en-todo-el-pais\/","title":{"rendered":"El campo comienza el paro por cuatro d\u00edas en todo el pa\u00eds"},"content":{"rendered":"<p class=\"interiorCopete\">La Mesa de Enlace comenzar\u00e1 desde la 00 un paro que se extender\u00e1 hasta el jueves para reclamar contra la suba de retenciones. No habr\u00e1 cortes de rutas, pero esperan un &#8220;alto acatamiento&#8221; de productores.<\/p>\n<article id=\"article-post\" class=\"first\">\n<div class=\"cuerpo\" data-twitter-link=\"https:\/\/twitter.com\/intent\/tweet?url=https:\/\/www.diariopopular.com.ar\/\/c464140&amp;via=poopulardiario&amp;related=Diario Popular&amp;text=\">\n<p>Comienza el\u00a0paro de cuatro d\u00edas\u00a0convocado por las entidades que conforman laMesa de Enlace, que comprende un\u00a0cese en la comercializaci\u00f3n de grano y movilizaciones\u00a0a la vera de las rutas, enprotesta por la decisi\u00f3n del gobierno\u00a0nacional de\u00a0elevar en tres puntos porcentual las retenciones\u00a0a las exportaciones de\u00a0soja.<\/p>\n<\/div>\n<\/article>\n<article id=\"article-post\">\n<div class=\"cuerpo\" data-twitter-link=\"https:\/\/twitter.com\/intent\/tweet?url=https:\/\/www.diariopopular.com.ar\/\/c464140&amp;via=poopulardiario&amp;related=Diario Popular&amp;text=\">\n<p>La medida que realizan la\u00a0Sociedad Rural Argentina (SRA),\u00a0Coninagro,\u00a0Confederaciones Rurales Argentinas (CRA)\u00a0y\u00a0Federaci\u00f3n Agraria (FAA)\u00a0se extender\u00e1 hasta la medianoche del jueves, y se realizar\u00e1 sin cortes de rutas ni desabastecimiento de alimentos perecederos, de acuerdo con lo expresado por las entidades rurales.<\/p>\n<p>El paro es objetado por diversas regionales de Federaci\u00f3n Agraria\u00a0-que decidi\u00f3 dar a sus afiliados libertad de acci\u00f3n- y por entidades representativas de econom\u00edas regionales.<\/p>\n<p>&#8220;Hay una disconformidad con el aumento en las retenciones. Las bases est\u00e1n muy disconformes, se sienten desprotegidas y hay un problema de desconfianza muy grande. En atenci\u00f3n a tanto descontento se ha decretado este cese de comercializaci\u00f3n&#8221;, indic\u00f3 el titular de\u00a0CRA,\u00a0Carlos\u00a0Iannizzotto, al anunciar la medida.<\/p>\n<p>El directivo agrario remarc\u00f3 que\u00a0&#8220;es muy importante destacar que es una medida por una cuesti\u00f3n interna del sector, que no peligra la paz social ni mucho menos el di\u00e1logo&#8221;, a la vez que expres\u00f3 que se&#8221;invit\u00f3&#8221;\u00a0al sector ganadero para que tampoco haya comercializaci\u00f3n y que no habr\u00e1\u00a0&#8220;tractorazo&#8221;\u00a0ni corte de rutas porque\u00a0&#8220;no es oportuno&#8221;.<\/p>\n<p>El ex presidente de la\u00a0FAA,\u00a0Eduardo\u00a0Buzzi, asegur\u00f3 que\u00a0&#8220;es lamentable la decisi\u00f3n de ir a un paro&#8221;\u00a0y dijo estar\u00a0&#8220;sorprendido&#8221;\u00a0por la adhesi\u00f3n de la entidad a la medida de fuerza.<\/p>\n<p>&#8220;Lamentablemente, hoy se impone un sector que alienta la protesta m\u00e1s all\u00e1 de la l\u00f3gica pol\u00edtica y de la negociaci\u00f3n que est\u00e1 abierta&#8221;, expres\u00f3.<\/p>\n<p>Dirigentes de la filial de Tandil de la Federaci\u00f3n Agraria una de las fuerzas m\u00e1s poderosas por la regi\u00f3n que representa adelantaron que no se sumar\u00e1n a la medida de fuerza, mientras que elDistrito III de la FAA Entre R\u00edos\u00a0dijo que adhiere porque\u00a0&#8220;en Entre R\u00edos se mantiene la unidad de los productores y sus entidades, como un mandato indiscutido de las bases&#8221;.<\/p>\n<p>Frente a este cuadro de situaci\u00f3n, el presidente de la\u00a0FAA,\u00a0Carlos Achetoni, reconoci\u00f3 que\u00a0&#8220;ha habido algunas advertencias de algunos sectores propios de qu\u00e9 puede pasar si tomamos esta medida, por lo cual hemos liberado a las bases para que cada una se exprese, y se adhiera o no, si quiere el paro&#8221;.<\/p>\n<p>Sobre el debate en el seno de\u00a0FAA,\u00a0Achetoni\u00a0dijo que en su entidad cost\u00f3\u00a0&#8220;mucho&#8221;\u00a0avalar el paro\u00a0&#8220;producto de que hay pol\u00edtica interna oficialista de por medio&#8221;, y sostuvo que\u00a0&#8220;hay mucha gente asustada de que, si va al paro, se le van a sacar los beneficios de esta segmentaci\u00f3n&#8221;\u00a0anunciada por el\u00a0Gobierno.<\/p>\n<p>Esta segmentaci\u00f3n\u00a0establece compensaciones para productores de soja de hasta 1.000 toneladas anuales, a los cuales no afectar\u00e1 el incremento de 3 puntos porcentuales en las retenciones a la soja dispuesto por el\u00a0Ejecutivo.<\/p>\n<p>Los\u00a0productores m\u00e1s peque\u00f1os\u00a0-de hasta 50 toneladas de soja por a\u00f1o- tendr\u00e1n una\u00a0al\u00edcuota de 20%, trece puntos porcentuales por debajo de lo que\u00a0abonar\u00e1n los grandes productores de m\u00e1s de 1000 toneladas anuales.<\/p>\n<p>En cuanto a la influencia de la oposici\u00f3n en el reclamo de las entidades ruralistas,\u00a0Achetoni\u00a0consider\u00f3:\u00a0&#8220;Pueden haber actores que se mezclan con el descontento generalizado, como tambi\u00e9n hay actores dentro de mi entidad que est\u00e1n protegiendo o trabajando para el Gobierno. Esto hace mal de cualquiera de los dos lados, porque empa\u00f1a la realidad que queremos mostrar&#8221;.<\/p>\n<div id=\"div-gpt-ad-nota-535218\" class=\"banner-90\" data-mapping=\"mapping9\" data-google-query-id=\"COKx8pnCjegCFU4GuQYdrdQPnQ\">\n<article id=\"article-post\">\n<div class=\"cuerpo\" data-twitter-link=\"https:\/\/twitter.com\/intent\/tweet?url=https:\/\/www.diariopopular.com.ar\/\/c464140&amp;via=poopulardiario&amp;related=Diario Popular&amp;text=\">\n<p>En este contexto, el secretario deAlimentos y Bioeconom\u00eda del Ministerio de Agricultura, Ganader\u00eda y Pesca,\u00a0Marcelo\u00a0Al\u00f3s, destac\u00f3 la necesidad de\u00a0&#8220;preservar el equilibrio fiscal despu\u00e9s de a\u00f1os con una compleja situaci\u00f3n fiscal&#8221;, y remarc\u00f3 que, &#8220;en 25 productos, se han bajado las retenciones como est\u00edmulo, y solamente se increment\u00f3 un solo producto que es la soja, en tres puntos&#8221;.<\/p>\n<p>Al\u00f3s\u00a0tambi\u00e9n adelant\u00f3 que\u00a0&#8220;est\u00e1 en estudio&#8221;\u00a0reducir gradualmente la al\u00edcuota del 5%\u00a0que tributan las\u00a0exportaciones vitivin\u00edcolas.<\/p>\n<p>&#8220;Vamos a seguir trabajando para establecer esquemas que nos garanticen la recaudaci\u00f3n, pero que sirvan para que se paguen menos retenciones y se exporte m\u00e1s a trav\u00e9s de incentivos para exportar con valor agregado&#8221;, se\u00f1al\u00f3.<\/p>\n<p>Por el lado de las econom\u00edas regionales, representantes de diversas entidades consideraron la baja de las retenciones en determinados productos como una&#8221;medida positiva&#8221;\u00a0que\u00a0&#8220;incentiva la producci\u00f3n&#8221;.<\/p>\n<p>&#8220;Hoy d\u00eda tenemos un contexto internacional con un derrumbe de las cotizaciones de aceite por el coronavirus, a tal punto que el mercado del Mar Negro (mercado de referencia para los precios) dej\u00f3 de operar, por lo que esta baja de retenciones viene justo, porque fue como un salvataje&#8221;, indic\u00f3 el presidente de la\u00a0Asociaci\u00f3n Argentina de Girasol (Asagir),\u00a0Juan Mart\u00edn Salas.<\/p>\n<p>En la misma sinton\u00eda, el presidente de la\u00a0C\u00e1mara Argentina del Man\u00ed (CAM),\u00a0Eduardo\u00a0Nervi, dijo que\u00a0&#8220;esta reducci\u00f3n de retenciones va a tener un impacto de freno en la baja del \u00e1rea de siembra y veremos si podemos lograr un crecimiento&#8221;; mientras que, desde la\u00a0Asociaci\u00f3n Argentina de Productores Porcinos (AAPP), indicaron que\u00a0&#8220;esta medida beneficia al sector porcino, permitiendo el crecimiento sostenido del mismo e incentivando el desarrollo de nuevos mercados de exportaci\u00f3n&#8221;.<\/p>\n<\/div>\n<\/article>\n<div class=\"object-important-people\"><\/div>\n<\/div>\n<\/div>\n<\/article>\n","protected":false},"excerpt":{"rendered":"<p>La Mesa de Enlace comenzar\u00e1 desde la 00 un paro que se extender\u00e1 hasta el&#8230;<\/p>\n","protected":false},"author":1,"featured_media":103279,"comment_status":"open","ping_status":"open","sticky":false,"template":"","format":"standard","meta":{"content-type":""},"categories":[39],"tags":[],"nelio_content":{"isAutoShareEnabled":false,"autoShareEndMode":"default","automationSources":{"useContentSentences":true,"useSocialTemplates":true,"useCustomSentences":false,"customSentences":[]},"followers":[1],"suggestedReferences":[],"includedReferences":[],"efiUrl":"","efiAlt":"","highlights":[]},"yoast_head":"<!-- This site is optimized with the Yoast SEO plugin v20.7 - https:\/\/yoast.com\/wordpress\/plugins\/seo\/ -->\n<title>El campo comienza el paro por cuatro d\u00edas en todo el pa\u00eds -<\/title>\n<meta name=\"robots\" content=\"index, follow, max-snippet:-1, max-image-preview:large, max-video-preview:-1\" \/>\n<link rel=\"canonical\" href=\"https:\/\/experienciadevida.com.ar\/portalurbano\/el-campo-comienza-el-paro-por-cuatro-dias-en-todo-el-pais\/\" \/>\n<meta property=\"og:locale\" content=\"es_ES\" \/>\n<meta property=\"og:type\" content=\"article\" \/>\n<meta property=\"og:title\" content=\"El campo comienza el paro por cuatro d\u00edas en todo el pa\u00eds -\" \/>\n<meta property=\"og:description\" content=\"La Mesa de Enlace comenzar\u00e1 desde la 00 un paro que se extender\u00e1 hasta el...\" \/>\n<meta property=\"og:url\" content=\"https:\/\/experienciadevida.com.ar\/portalurbano\/el-campo-comienza-el-paro-por-cuatro-dias-en-todo-el-pais\/\" \/>\n<meta property=\"article:publisher\" content=\"https:\/\/www.facebook.com\/Portal-Urbano-171542830093757\/\" \/>\n<meta property=\"article:published_time\" content=\"2020-03-09T13:47:30+00:00\" \/>\n<meta property=\"article:modified_time\" content=\"2020-03-09T13:48:45+00:00\" \/>\n<meta property=\"og:image\" content=\"https:\/\/experienciadevida.com.ar\/portalurbano\/wp-content\/uploads\/2020\/03\/CAMPO-e1583443157567.jpg\" \/>\n\t<meta property=\"og:image:width\" content=\"765\" \/>\n\t<meta property=\"og:image:height\" content=\"401\" \/>\n\t<meta property=\"og:image:type\" content=\"image\/jpeg\" \/>\n<meta name=\"author\" content=\"admpu17wp\" \/>\n<meta name=\"twitter:card\" content=\"summary_large_image\" \/>\n<meta name=\"twitter:creator\" content=\"@portalurbanook\" \/>\n<meta name=\"twitter:site\" content=\"@portalurbanook\" \/>\n<meta name=\"twitter:label1\" content=\"Escrito por\" \/>\n\t<meta name=\"twitter:data1\" content=\"admpu17wp\" \/>\n\t<meta name=\"twitter:label2\" content=\"Tiempo de lectura\" \/>\n\t<meta name=\"twitter:data2\" content=\"5 minutos\" \/>\n<script type=\"application\/ld+json\" class=\"yoast-schema-graph\">{\"@context\":\"https:\/\/schema.org\",\"@graph\":[{\"@type\":\"Article\",\"@id\":\"https:\/\/experienciadevida.com.ar\/portalurbano\/el-campo-comienza-el-paro-por-cuatro-dias-en-todo-el-pais\/#article\",\"isPartOf\":{\"@id\":\"https:\/\/experienciadevida.com.ar\/portalurbano\/el-campo-comienza-el-paro-por-cuatro-dias-en-todo-el-pais\/\"},\"author\":{\"name\":\"admpu17wp\",\"@id\":\"https:\/\/experienciadevida.com.ar\/portalurbano\/#\/schema\/person\/02dd326b1c4b056e9cc972486934a3a7\"},\"headline\":\"El campo comienza el paro por cuatro d\u00edas en todo el pa\u00eds\",\"datePublished\":\"2020-03-09T13:47:30+00:00\",\"dateModified\":\"2020-03-09T13:48:45+00:00\",\"mainEntityOfPage\":{\"@id\":\"https:\/\/experienciadevida.com.ar\/portalurbano\/el-campo-comienza-el-paro-por-cuatro-dias-en-todo-el-pais\/\"},\"wordCount\":975,\"commentCount\":0,\"publisher\":{\"@id\":\"https:\/\/experienciadevida.com.ar\/portalurbano\/#organization\"},\"articleSection\":[\"Naci\u00f3n\"],\"inLanguage\":\"es\",\"potentialAction\":[{\"@type\":\"CommentAction\",\"name\":\"Comment\",\"target\":[\"https:\/\/experienciadevida.com.ar\/portalurbano\/el-campo-comienza-el-paro-por-cuatro-dias-en-todo-el-pais\/#respond\"]}]},{\"@type\":\"WebPage\",\"@id\":\"https:\/\/experienciadevida.com.ar\/portalurbano\/el-campo-comienza-el-paro-por-cuatro-dias-en-todo-el-pais\/\",\"url\":\"https:\/\/experienciadevida.com.ar\/portalurbano\/el-campo-comienza-el-paro-por-cuatro-dias-en-todo-el-pais\/\",\"name\":\"El campo comienza el paro por cuatro d\u00edas en todo el pa\u00eds -\",\"isPartOf\":{\"@id\":\"https:\/\/experienciadevida.com.ar\/portalurbano\/#website\"},\"datePublished\":\"2020-03-09T13:47:30+00:00\",\"dateModified\":\"2020-03-09T13:48:45+00:00\",\"breadcrumb\":{\"@id\":\"https:\/\/experienciadevida.com.ar\/portalurbano\/el-campo-comienza-el-paro-por-cuatro-dias-en-todo-el-pais\/#breadcrumb\"},\"inLanguage\":\"es\",\"potentialAction\":[{\"@type\":\"ReadAction\",\"target\":[\"https:\/\/experienciadevida.com.ar\/portalurbano\/el-campo-comienza-el-paro-por-cuatro-dias-en-todo-el-pais\/\"]}]},{\"@type\":\"BreadcrumbList\",\"@id\":\"https:\/\/experienciadevida.com.ar\/portalurbano\/el-campo-comienza-el-paro-por-cuatro-dias-en-todo-el-pais\/#breadcrumb\",\"itemListElement\":[{\"@type\":\"ListItem\",\"position\":1,\"name\":\"Portada\",\"item\":\"https:\/\/experienciadevida.com.ar\/portalurbano\/\"},{\"@type\":\"ListItem\",\"position\":2,\"name\":\"El campo comienza el paro por cuatro d\u00edas en todo el pa\u00eds\"}]},{\"@type\":\"WebSite\",\"@id\":\"https:\/\/experienciadevida.com.ar\/portalurbano\/#website\",\"url\":\"https:\/\/experienciadevida.com.ar\/portalurbano\/\",\"name\":\"\",\"description\":\"\",\"publisher\":{\"@id\":\"https:\/\/experienciadevida.com.ar\/portalurbano\/#organization\"},\"potentialAction\":[{\"@type\":\"SearchAction\",\"target\":{\"@type\":\"EntryPoint\",\"urlTemplate\":\"https:\/\/experienciadevida.com.ar\/portalurbano\/?s={search_term_string}\"},\"query-input\":\"required name=search_term_string\"}],\"inLanguage\":\"es\"},{\"@type\":\"Organization\",\"@id\":\"https:\/\/experienciadevida.com.ar\/portalurbano\/#organization\",\"name\":\"Portal Urbano\",\"url\":\"https:\/\/experienciadevida.com.ar\/portalurbano\/\",\"logo\":{\"@type\":\"ImageObject\",\"inLanguage\":\"es\",\"@id\":\"https:\/\/experienciadevida.com.ar\/portalurbano\/#\/schema\/logo\/image\/\",\"url\":\"https:\/\/experienciadevida.com.ar\/portalurbano\/wp-content\/uploads\/2019\/09\/Logo-Original.png\",\"contentUrl\":\"https:\/\/experienciadevida.com.ar\/portalurbano\/wp-content\/uploads\/2019\/09\/Logo-Original.png\",\"width\":2236,\"height\":1216,\"caption\":\"Portal Urbano\"},\"image\":{\"@id\":\"https:\/\/experienciadevida.com.ar\/portalurbano\/#\/schema\/logo\/image\/\"},\"sameAs\":[\"https:\/\/www.facebook.com\/Portal-Urbano-171542830093757\/\",\"https:\/\/twitter.com\/portalurbanook\",\"https:\/\/www.instagram.com\/_portalurbano\/\",\"https:\/\/www.youtube.com\/channel\/UCXhagIfszH8KxFiOok79zbA?view_as=subscriber\"]},{\"@type\":\"Person\",\"@id\":\"https:\/\/experienciadevida.com.ar\/portalurbano\/#\/schema\/person\/02dd326b1c4b056e9cc972486934a3a7\",\"name\":\"admpu17wp\",\"image\":{\"@type\":\"ImageObject\",\"inLanguage\":\"es\",\"@id\":\"https:\/\/experienciadevida.com.ar\/portalurbano\/#\/schema\/person\/image\/\",\"url\":\"https:\/\/secure.gravatar.com\/avatar\/830d4c57adaae6630765e449a6908047?s=96&d=mm&r=g\",\"contentUrl\":\"https:\/\/secure.gravatar.com\/avatar\/830d4c57adaae6630765e449a6908047?s=96&d=mm&r=g\",\"caption\":\"admpu17wp\"}}]}<\/script>\n<!-- \/ Yoast SEO plugin. -->","yoast_head_json":{"title":"El campo comienza el paro por cuatro d\u00edas en todo el pa\u00eds -","robots":{"index":"index","follow":"follow","max-snippet":"max-snippet:-1","max-image-preview":"max-image-preview:large","max-video-preview":"max-video-preview:-1"},"canonical":"https:\/\/experienciadevida.com.ar\/portalurbano\/el-campo-comienza-el-paro-por-cuatro-dias-en-todo-el-pais\/","og_locale":"es_ES","og_type":"article","og_title":"El campo comienza el paro por cuatro d\u00edas en todo el pa\u00eds -","og_description":"La Mesa de Enlace comenzar\u00e1 desde la 00 un paro que se extender\u00e1 hasta el...","og_url":"https:\/\/experienciadevida.com.ar\/portalurbano\/el-campo-comienza-el-paro-por-cuatro-dias-en-todo-el-pais\/","article_publisher":"https:\/\/www.facebook.com\/Portal-Urbano-171542830093757\/","article_published_time":"2020-03-09T13:47:30+00:00","article_modified_time":"2020-03-09T13:48:45+00:00","og_image":[{"width":765,"height":401,"url":"https:\/\/experienciadevida.com.ar\/portalurbano\/wp-content\/uploads\/2020\/03\/CAMPO-e1583443157567.jpg","type":"image\/jpeg"}],"author":"admpu17wp","twitter_card":"summary_large_image","twitter_creator":"@portalurbanook","twitter_site":"@portalurbanook","twitter_misc":{"Escrito por":"admpu17wp","Tiempo de lectura":"5 minutos"},"schema":{"@context":"https:\/\/schema.org","@graph":[{"@type":"Article","@id":"https:\/\/experienciadevida.com.ar\/portalurbano\/el-campo-comienza-el-paro-por-cuatro-dias-en-todo-el-pais\/#article","isPartOf":{"@id":"https:\/\/experienciadevida.com.ar\/portalurbano\/el-campo-comienza-el-paro-por-cuatro-dias-en-todo-el-pais\/"},"author":{"name":"admpu17wp","@id":"https:\/\/experienciadevida.com.ar\/portalurbano\/#\/schema\/person\/02dd326b1c4b056e9cc972486934a3a7"},"headline":"El campo comienza el paro por cuatro d\u00edas en todo el pa\u00eds","datePublished":"2020-03-09T13:47:30+00:00","dateModified":"2020-03-09T13:48:45+00:00","mainEntityOfPage":{"@id":"https:\/\/experienciadevida.com.ar\/portalurbano\/el-campo-comienza-el-paro-por-cuatro-dias-en-todo-el-pais\/"},"wordCount":975,"commentCount":0,"publisher":{"@id":"https:\/\/experienciadevida.com.ar\/portalurbano\/#organization"},"articleSection":["Naci\u00f3n"],"inLanguage":"es","potentialAction":[{"@type":"CommentAction","name":"Comment","target":["https:\/\/experienciadevida.com.ar\/portalurbano\/el-campo-comienza-el-paro-por-cuatro-dias-en-todo-el-pais\/#respond"]}]},{"@type":"WebPage","@id":"https:\/\/experienciadevida.com.ar\/portalurbano\/el-campo-comienza-el-paro-por-cuatro-dias-en-todo-el-pais\/","url":"https:\/\/experienciadevida.com.ar\/portalurbano\/el-campo-comienza-el-paro-por-cuatro-dias-en-todo-el-pais\/","name":"El campo comienza el paro por cuatro d\u00edas en todo el pa\u00eds -","isPartOf":{"@id":"https:\/\/experienciadevida.com.ar\/portalurbano\/#website"},"datePublished":"2020-03-09T13:47:30+00:00","dateModified":"2020-03-09T13:48:45+00:00","breadcrumb":{"@id":"https:\/\/experienciadevida.com.ar\/portalurbano\/el-campo-comienza-el-paro-por-cuatro-dias-en-todo-el-pais\/#breadcrumb"},"inLanguage":"es","potentialAction":[{"@type":"ReadAction","target":["https:\/\/experienciadevida.com.ar\/portalurbano\/el-campo-comienza-el-paro-por-cuatro-dias-en-todo-el-pais\/"]}]},{"@type":"BreadcrumbList","@id":"https:\/\/experienciadevida.com.ar\/portalurbano\/el-campo-comienza-el-paro-por-cuatro-dias-en-todo-el-pais\/#breadcrumb","itemListElement":[{"@type":"ListItem","position":1,"name":"Portada","item":"https:\/\/experienciadevida.com.ar\/portalurbano\/"},{"@type":"ListItem","position":2,"name":"El campo comienza el paro por cuatro d\u00edas en todo el pa\u00eds"}]},{"@type":"WebSite","@id":"https:\/\/experienciadevida.com.ar\/portalurbano\/#website","url":"https:\/\/experienciadevida.com.ar\/portalurbano\/","name":"","description":"","publisher":{"@id":"https:\/\/experienciadevida.com.ar\/portalurbano\/#organization"},"potentialAction":[{"@type":"SearchAction","target":{"@type":"EntryPoint","urlTemplate":"https:\/\/experienciadevida.com.ar\/portalurbano\/?s={search_term_string}"},"query-input":"required name=search_term_string"}],"inLanguage":"es"},{"@type":"Organization","@id":"https:\/\/experienciadevida.com.ar\/portalurbano\/#organization","name":"Portal Urbano","url":"https:\/\/experienciadevida.com.ar\/portalurbano\/","logo":{"@type":"ImageObject","inLanguage":"es","@id":"https:\/\/experienciadevida.com.ar\/portalurbano\/#\/schema\/logo\/image\/","url":"https:\/\/experienciadevida.com.ar\/portalurbano\/wp-content\/uploads\/2019\/09\/Logo-Original.png","contentUrl":"https:\/\/experienciadevida.com.ar\/portalurbano\/wp-content\/uploads\/2019\/09\/Logo-Original.png","width":2236,"height":1216,"caption":"Portal Urbano"},"image":{"@id":"https:\/\/experienciadevida.com.ar\/portalurbano\/#\/schema\/logo\/image\/"},"sameAs":["https:\/\/www.facebook.com\/Portal-Urbano-171542830093757\/","https:\/\/twitter.com\/portalurbanook","https:\/\/www.instagram.com\/_portalurbano\/","https:\/\/www.youtube.com\/channel\/UCXhagIfszH8KxFiOok79zbA?view_as=subscriber"]},{"@type":"Person","@id":"https:\/\/experienciadevida.com.ar\/portalurbano\/#\/schema\/person\/02dd326b1c4b056e9cc972486934a3a7","name":"admpu17wp","image":{"@type":"ImageObject","inLanguage":"es","@id":"https:\/\/experienciadevida.com.ar\/portalurbano\/#\/schema\/person\/image\/","url":"https:\/\/secure.gravatar.com\/avatar\/830d4c57adaae6630765e449a6908047?s=96&d=mm&r=g","contentUrl":"https:\/\/secure.gravatar.com\/avatar\/830d4c57adaae6630765e449a6908047?s=96&d=mm&r=g","caption":"admpu17wp"}}]}},"featured_image_urls":{"full":["https:\/\/experienciadevida.com.ar\/portalurbano\/wp-content\/uploads\/2020\/03\/CAMPO-e1583443157567.jpg",765,401,false],"thumbnail":["https:\/\/experienciadevida.com.ar\/portalurbano\/wp-content\/uploads\/2020\/03\/CAMPO-150x150.jpg",150,150,true],"medium":["https:\/\/experienciadevida.com.ar\/portalurbano\/wp-content\/uploads\/2020\/03\/CAMPO-300x157.jpg",300,157,true],"medium_large":["https:\/\/experienciadevida.com.ar\/portalurbano\/wp-content\/uploads\/2020\/03\/CAMPO-768x403.jpg",640,336,true],"large":["https:\/\/experienciadevida.com.ar\/portalurbano\/wp-content\/uploads\/2020\/03\/CAMPO-1024x537.jpg",640,336,true],"ug_big":["https:\/\/experienciadevida.com.ar\/portalurbano\/wp-content\/uploads\/2020\/03\/CAMPO-768x403.jpg",768,403,true],"1536x1536":["https:\/\/experienciadevida.com.ar\/portalurbano\/wp-content\/uploads\/2020\/03\/CAMPO-e1583443157567.jpg",765,401,false],"2048x2048":["https:\/\/experienciadevida.com.ar\/portalurbano\/wp-content\/uploads\/2020\/03\/CAMPO-e1583443157567.jpg",765,401,false],"newsever-slider-full":["https:\/\/experienciadevida.com.ar\/portalurbano\/wp-content\/uploads\/2020\/03\/CAMPO-e1583443157567.jpg",765,401,false],"newsever-featured":["https:\/\/experienciadevida.com.ar\/portalurbano\/wp-content\/uploads\/2020\/03\/CAMPO-e1583443157567.jpg",765,401,false],"newsever-medium":["https:\/\/experienciadevida.com.ar\/portalurbano\/wp-content\/uploads\/2020\/03\/CAMPO-e1583443157567.jpg",720,377,false],"web-stories-poster-portrait":["https:\/\/experienciadevida.com.ar\/portalurbano\/wp-content\/uploads\/2020\/03\/CAMPO-e1583443157567.jpg",640,335,false],"web-stories-publisher-logo":["https:\/\/experienciadevida.com.ar\/portalurbano\/wp-content\/uploads\/2020\/03\/CAMPO-e1583443157567.jpg",96,50,false],"web-stories-thumbnail":["https:\/\/experienciadevida.com.ar\/portalurbano\/wp-content\/uploads\/2020\/03\/CAMPO-e1583443157567.jpg",150,79,false]},"author_info":{"display_name":"admpu17wp","author_link":"https:\/\/experienciadevida.com.ar\/portalurbano\/author\/admpu17wp\/"},"category_info":"<a href=\"https:\/\/experienciadevida.com.ar\/portalurbano\/category\/nacion\/\" rel=\"category tag\">Naci\u00f3n<\/a>","tag_info":"Naci\u00f3n","comment_count":"0","amp_enabled":true,"_links":{"self":[{"href":"https:\/\/experienciadevida.com.ar\/portalurbano\/wp-json\/wp\/v2\/posts\/103593"}],"collection":[{"href":"https:\/\/experienciadevida.com.ar\/portalurbano\/wp-json\/wp\/v2\/posts"}],"about":[{"href":"https:\/\/experienciadevida.com.ar\/portalurbano\/wp-json\/wp\/v2\/types\/post"}],"author":[{"embeddable":true,"href":"https:\/\/experienciadevida.com.ar\/portalurbano\/wp-json\/wp\/v2\/users\/1"}],"replies":[{"embeddable":true,"href":"https:\/\/experienciadevida.com.ar\/portalurbano\/wp-json\/wp\/v2\/comments?post=103593"}],"version-history":[{"count":1,"href":"https:\/\/experienciadevida.com.ar\/portalurbano\/wp-json\/wp\/v2\/posts\/103593\/revisions"}],"predecessor-version":[{"id":103594,"href":"https:\/\/experienciadevida.com.ar\/portalurbano\/wp-json\/wp\/v2\/posts\/103593\/revisions\/103594"}],"wp:featuredmedia":[{"embeddable":true,"href":"https:\/\/experienciadevida.com.ar\/portalurbano\/wp-json\/wp\/v2\/media\/103279"}],"wp:attachment":[{"href":"https:\/\/experienciadevida.com.ar\/portalurbano\/wp-json\/wp\/v2\/media?parent=103593"}],"wp:term":[{"taxonomy":"category","embeddable":true,"href":"https:\/\/experienciadevida.com.ar\/portalurbano\/wp-json\/wp\/v2\/categories?post=103593"},{"taxonomy":"post_tag","embeddable":true,"href":"https:\/\/experienciadevida.com.ar\/portalurbano\/wp-json\/wp\/v2\/tags?post=103593"}],"curies":[{"name":"wp","href":"https:\/\/api.w.org\/{rel}","templated":true}]}}