{"id":103219,"date":"2020-03-05T11:37:30","date_gmt":"2020-03-05T14:37:30","guid":{"rendered":"https:\/\/experienciadevida.com.ar\/portalurbano\/?p=103219"},"modified":"2020-03-05T11:37:48","modified_gmt":"2020-03-05T14:37:48","slug":"la-afi-ya-no-tiene-facultades-represivas-policiales-y-de-investigacion","status":"publish","type":"post","link":"https:\/\/experienciadevida.com.ar\/portalurbano\/la-afi-ya-no-tiene-facultades-represivas-policiales-y-de-investigacion\/","title":{"rendered":"La AFI ya no tiene facultades &#8220;represivas, policiales y de investigaci\u00f3n&#8221;"},"content":{"rendered":"<p>El decreto de Alberto Fern\u00e1ndez fue anunciado este jueves, en el bolet\u00edn oficial. A su vez, se desclasific\u00f3 sobre el atentado a la AMIA, salvo la identidad de esp\u00edas y archivos extranjeros.<\/p>\n<p>El gobierno nacional oficializ\u00f3 hoy las modificaciones en el funcionamiento de la Agencia Federal de Inteligencia (AFI), y estableci\u00f3 que \u201cning\u00fan organismo de inteligencia podr\u00e1 realizar tareas represivas, poseer facultades compulsivas, ni cumplir funciones policiales o de investigaci\u00f3n criminal\u201d.<\/p>\n<div id=\"div-gpt-ad-nota-592534\" class=\"banner-90\" data-mapping=\"mapping9\" data-google-query-id=\"CMq347jCg-gCFWcFuQYdb6EJGQ\">\n<p>A trav\u00e9s del decreto 214 publicado hoy en el Bolet\u00edn Oficial, el presidente Alberto Fern\u00e1ndez modific\u00f3 de esta manera la Ley de Inteligencia Nacional 25.520 que hab\u00eda establecido una \u201cexcepci\u00f3n que permite a los organismos de inteligencia participar como auxiliares de la justicia en las investigaciones criminales\u201d.<\/p>\n<p>La norma lleva la firma del jefe de Estado; el jefe de Gabinete, Santiago Cafiero y la totalidad de los ministros que integran el gabinete nacional.<\/p>\n<p>En los considerandos de la medida, se considera que \u201ccorresponde limitar de forma urgente ese resquicio legal, que permiti\u00f3 generar y retroalimentar v\u00ednculos espurios desarrollados entre organismos de inteligencia y algunos sectores del sistema de justicia, franqueando la participaci\u00f3n de aqu\u00e9llos en funciones totalmente ajenas a sus verdaderas \u00e1reas de incumbencia\u201d.<\/p>\n<p>En la disposici\u00f3n, Fern\u00e1ndez indic\u00f3 que tom\u00f3 estas medidas despu\u00e9s del DNU N\u00b052\/19, a trav\u00e9s del cual se dispuso la \u201cintervenci\u00f3n de la Agencia Federal de Inteligencia (AFI)\u201d y la \u201cderogaci\u00f3n\u201d del Decreto N\u00b0 656 del 6 de mayo de 2016\u0094, por el cual el gobierno de Mauricio Macri hab\u00eda eliminado el r\u00e9gimen que obligaba a darle transparencia al manejo de fondos de ese organismo.<\/p>\n<p>Para el Presidente, ese decreto de Macri \u201cimplic\u00f3 un retroceso institucional en materia de democratizaci\u00f3n y publicidad del Sistema de Inteligencia Nacional regido por la Ley N\u00b0 25.520 y, en especial, su modificatoria N\u00b0 27.126\u201d.<\/p>\n<p>En la medida, se indic\u00f3 que la derogaci\u00f3n del decreto firmado por Macri \u201ctuvo por objeto promover avances respecto de la protecci\u00f3n de derechos constitucionales y convencionales de los habitantes de la Naci\u00f3n, el resguardo del Estado de Derecho y el principio republicano de gobierno consagrados en la Constituci\u00f3n Nacional\u201d.<\/p>\n<p>Por eso, la nueva administraci\u00f3n estableci\u00f3 que \u201cning\u00fan organismo de inteligencia podr\u00e1 realizar tareas represivas, poseer facultades compulsivas, ni cumplir funciones policiales o de investigaci\u00f3n criminal\u201d.<\/p>\n<p>Tampoco le estar\u00e1 permitido \u201cobtener informaci\u00f3n, producir inteligencia o almacenar datos sobre personas, por el solo hecho de su raza, fe religiosa, acciones privadas, u opini\u00f3n pol\u00edtica, o de adhesi\u00f3n o pertenencia a organizaciones partidarias, sociales, sindicales, comunitarias, cooperativas, asistenciales, culturales o laborales, as\u00ed como por la actividad l\u00edcita que desarrollen en cualquier esfera de acci\u00f3n\u201d.<\/p>\n<p>A la vez, ning\u00fan organismo de la AFI podr\u00e1 \u201cinfluir de cualquier modo en la situaci\u00f3n institucional, pol\u00edtica, militar, policial, social y econ\u00f3mica del pa\u00eds, en su pol\u00edtica exterior, en la vida interna de los partidos pol\u00edticos legalmente constituidos, en la opini\u00f3n p\u00fablica, en personas, en medios de difusi\u00f3n o en asociaciones o agrupaciones legales de cualquier tipo\u201d.<\/p>\n<p>As\u00ed como tampoco, sostiene el decreto, \u201crevelar o divulgar cualquier tipo de informaci\u00f3n adquirida en ejercicio de sus funciones relativa a cualquier habitante o a personas jur\u00eddicas, ya sean p\u00fablicas o privadas, salvo que mediare orden o dispensa judicial\u201d.<\/p>\n<p>Por \u00faltimo, la norma considera que \u201cdeviene necesario adoptar una medida urgente para lograr bases s\u00f3lidas para el referido reordenamiento, disponiendo una modificaci\u00f3n esencial sobre una de las \u00e1reas del Sistema de Inteligencia Nacional que mayores distorsiones ha evidenciado, como es su interacci\u00f3n con el sistema de administraci\u00f3n de justicia\u201d.<\/p>\n<p>Desclasificaci\u00f3n de informaci\u00f3n sobre el atentado a la AMIA<\/p>\n<\/div>\n<div class=\"banner-90\" data-mapping=\"mapping9\" data-google-query-id=\"COuq5bjCg-gCFWcFuQYdb6EJGQ\">\n<p>El Presidente, a su vez, desclasific\u00f3 la informaci\u00f3n y documentaci\u00f3n relacionada con el atentado a la AMIA que est\u00e9 en manos del Gobierno, salvo la identidad de los agentes de inteligencia locales y extranjeros y los archivos aportados por otros pa\u00edses.<\/p>\n<p>La medida fue adoptada a trav\u00e9s del Decreto 213\/2020, publicado este jueves en el Bolet\u00edn Oficial y en el que se advierte que &#8220;persisten en la actualidad diversos obst\u00e1culos para un acceso pleno al derecho a la informaci\u00f3n y a la verdad por parte de las v\u00edctimas y familiares&#8221; de la voladura de la sede de la mutual jud\u00eda.<\/p>\n<p>La decisi\u00f3n hab\u00eda sido anunciada por el propio jefe de Estado en su discurso ante la Asamblea Legislativa durante la apertura de sesiones ordinarias.<\/p>\n<p>El decreto establece que se le otorgar\u00e1 car\u00e1cter p\u00fablico &#8220;a toda aquella informaci\u00f3n brindada desde el Estado Nacional para los procesos judiciales que ya cuentan con sentencia, relativos al atentado perpetrado contra la AMIA, su encubrimiento y dem\u00e1s delitos conexos, incluyendo los legajos de investigaci\u00f3n y la totalidad de la informaci\u00f3n brindada desde el Estado Nacional en las audiencias de los juicios realizados, permitiendo que las mismas trasciendan el \u00e1mbito oficial&#8221;.<\/p>\n<p>A la vez, se aclara que &#8220;deber\u00e1n adoptarse los recaudos pertinentes para resguardar la identidad de los agentes que declararon en los procesos referidos, como as\u00ed tambi\u00e9n para resguardar toda la informaci\u00f3n y documentaci\u00f3n relativa a representantes de otros pa\u00edses, en particular respecto de la identidad de los agentes de inteligencia extranjeros&#8221;.<\/p>\n<p>El texto tambi\u00e9n desclasifica de manera &#8220;absoluta&#8221; a &#8220;la totalidad de la informaci\u00f3n y documentaci\u00f3n relacionada&#8221; con el atentado de &#8220;todas las dependencias de la Administraci\u00f3n P\u00fablica Nacional, incluyendo toda informaci\u00f3n tratada en resoluciones y decretos dictados oportunamente&#8221;, salvo lo que concierne a esp\u00edas extranjeros.<\/p>\n<\/div>\n<div class=\"banner-90\" data-mapping=\"mapping9\" data-google-query-id=\"CKqs5bjCg-gCFWcFuQYdb6EJGQ\">\n<p>El Presidente justific\u00f3 la decisi\u00f3n al advertir que, pese a que hubo desclasificaciones en anteriores gestiones, &#8220;persisten en la actualidad diversos obst\u00e1culos para un acceso pleno al derecho a la informaci\u00f3n y a la verdad por parte de las v\u00edctimas y familiares del atentado ocurrido en el a\u00f1o 1994 y su encubrimiento&#8221;.<\/p>\n<p>&#8220;Esta situaci\u00f3n afecta a la sociedad en su conjunto ya que sin duda alguna existe una vinculaci\u00f3n inescindible entre democracia, derechos humanos y verdad, que el Estado debe sostener en sus acciones&#8221;, afirm\u00f3.<\/p>\n<p>Y a\u00f1adi\u00f3 que &#8220;el derecho a la verdad&#8221; incluye &#8220;garantizar el acceso a la informaci\u00f3n relativa a las violaciones a los derechos humanos que se encuentra en instalaciones y archivos estatales&#8221;.<\/p>\n<p>Ante ello, se remarc\u00f3 que en este caso &#8220;mantener clasificaciones de seguridad de car\u00e1cter no p\u00fablico resulta contrario a la b\u00fasqueda de la verdad&#8221;, as\u00ed como es &#8220;imperioso comenzar un trabajo definitivo sobre la informaci\u00f3n para impulsar un proceso de transparencia y publicidad&#8221; en el manejo de los archivos existente en el \u00e1mbito estatal.<\/p>\n<p>El decreto tambi\u00e9n cre\u00f3 una mesa de di\u00e1logo en el \u00e1mbito de la Jefatura de Gabinete para &#8220;procurar transparencia y eficacia en la recolecci\u00f3n, tratamiento y difusi\u00f3n de la informaci\u00f3n estatal&#8221;: estar\u00e1 integrada por la Agencia Federal de Inteligencia (AFI), los ministerios de Justicia, Seguridad y Relaciones Exteriores, as\u00ed como tambi\u00e9n se invitar\u00e1 al Ministerio P\u00fablico Fiscal, v\u00edctimas, familiares y querellantes.<\/p>\n<\/div>\n","protected":false},"excerpt":{"rendered":"<p>El decreto de Alberto Fern\u00e1ndez fue anunciado este jueves, en el bolet\u00edn oficial. A su&#8230;<\/p>\n","protected":false},"author":1,"featured_media":103220,"comment_status":"open","ping_status":"open","sticky":false,"template":"","format":"standard","meta":{"content-type":""},"categories":[39],"tags":[],"nelio_content":{"isAutoShareEnabled":false,"autoShareEndMode":"default","automationSources":{"useContentSentences":true,"useSocialTemplates":true,"useCustomSentences":false,"customSentences":[]},"followers":[1],"suggestedReferences":[],"includedReferences":[],"efiUrl":"","efiAlt":"","highlights":[]},"yoast_head":"<!-- This site is optimized with the Yoast SEO plugin v20.7 - https:\/\/yoast.com\/wordpress\/plugins\/seo\/ -->\n<title>La AFI ya no tiene facultades &quot;represivas, policiales y de investigaci\u00f3n&quot; -<\/title>\n<meta name=\"robots\" content=\"index, follow, max-snippet:-1, max-image-preview:large, max-video-preview:-1\" \/>\n<link rel=\"canonical\" href=\"https:\/\/experienciadevida.com.ar\/portalurbano\/la-afi-ya-no-tiene-facultades-represivas-policiales-y-de-investigacion\/\" \/>\n<meta property=\"og:locale\" content=\"es_ES\" \/>\n<meta property=\"og:type\" content=\"article\" \/>\n<meta property=\"og:title\" content=\"La AFI ya no tiene facultades &quot;represivas, policiales y de investigaci\u00f3n&quot; -\" \/>\n<meta property=\"og:description\" content=\"El decreto de Alberto Fern\u00e1ndez fue anunciado este jueves, en el bolet\u00edn oficial. A su...\" \/>\n<meta property=\"og:url\" content=\"https:\/\/experienciadevida.com.ar\/portalurbano\/la-afi-ya-no-tiene-facultades-represivas-policiales-y-de-investigacion\/\" \/>\n<meta property=\"article:publisher\" content=\"https:\/\/www.facebook.com\/Portal-Urbano-171542830093757\/\" \/>\n<meta property=\"article:published_time\" content=\"2020-03-05T14:37:30+00:00\" \/>\n<meta property=\"article:modified_time\" content=\"2020-03-05T14:37:48+00:00\" \/>\n<meta property=\"og:image\" content=\"https:\/\/experienciadevida.com.ar\/portalurbano\/wp-content\/uploads\/2020\/03\/AFI.jpg\" \/>\n\t<meta property=\"og:image:width\" content=\"765\" \/>\n\t<meta property=\"og:image:height\" content=\"434\" \/>\n\t<meta property=\"og:image:type\" content=\"image\/jpeg\" \/>\n<meta name=\"author\" content=\"admpu17wp\" \/>\n<meta name=\"twitter:card\" content=\"summary_large_image\" \/>\n<meta name=\"twitter:creator\" content=\"@portalurbanook\" \/>\n<meta name=\"twitter:site\" content=\"@portalurbanook\" \/>\n<meta name=\"twitter:label1\" content=\"Escrito por\" \/>\n\t<meta name=\"twitter:data1\" content=\"admpu17wp\" \/>\n\t<meta name=\"twitter:label2\" content=\"Tiempo de lectura\" \/>\n\t<meta name=\"twitter:data2\" content=\"6 minutos\" \/>\n<script type=\"application\/ld+json\" class=\"yoast-schema-graph\">{\"@context\":\"https:\/\/schema.org\",\"@graph\":[{\"@type\":\"Article\",\"@id\":\"https:\/\/experienciadevida.com.ar\/portalurbano\/la-afi-ya-no-tiene-facultades-represivas-policiales-y-de-investigacion\/#article\",\"isPartOf\":{\"@id\":\"https:\/\/experienciadevida.com.ar\/portalurbano\/la-afi-ya-no-tiene-facultades-represivas-policiales-y-de-investigacion\/\"},\"author\":{\"name\":\"admpu17wp\",\"@id\":\"https:\/\/experienciadevida.com.ar\/portalurbano\/#\/schema\/person\/02dd326b1c4b056e9cc972486934a3a7\"},\"headline\":\"La AFI ya no tiene facultades &#8220;represivas, policiales y de investigaci\u00f3n&#8221;\",\"datePublished\":\"2020-03-05T14:37:30+00:00\",\"dateModified\":\"2020-03-05T14:37:48+00:00\",\"mainEntityOfPage\":{\"@id\":\"https:\/\/experienciadevida.com.ar\/portalurbano\/la-afi-ya-no-tiene-facultades-represivas-policiales-y-de-investigacion\/\"},\"wordCount\":1213,\"commentCount\":0,\"publisher\":{\"@id\":\"https:\/\/experienciadevida.com.ar\/portalurbano\/#organization\"},\"articleSection\":[\"Naci\u00f3n\"],\"inLanguage\":\"es\",\"potentialAction\":[{\"@type\":\"CommentAction\",\"name\":\"Comment\",\"target\":[\"https:\/\/experienciadevida.com.ar\/portalurbano\/la-afi-ya-no-tiene-facultades-represivas-policiales-y-de-investigacion\/#respond\"]}]},{\"@type\":\"WebPage\",\"@id\":\"https:\/\/experienciadevida.com.ar\/portalurbano\/la-afi-ya-no-tiene-facultades-represivas-policiales-y-de-investigacion\/\",\"url\":\"https:\/\/experienciadevida.com.ar\/portalurbano\/la-afi-ya-no-tiene-facultades-represivas-policiales-y-de-investigacion\/\",\"name\":\"La AFI ya no tiene facultades \\\"represivas, policiales y de investigaci\u00f3n\\\" -\",\"isPartOf\":{\"@id\":\"https:\/\/experienciadevida.com.ar\/portalurbano\/#website\"},\"datePublished\":\"2020-03-05T14:37:30+00:00\",\"dateModified\":\"2020-03-05T14:37:48+00:00\",\"breadcrumb\":{\"@id\":\"https:\/\/experienciadevida.com.ar\/portalurbano\/la-afi-ya-no-tiene-facultades-represivas-policiales-y-de-investigacion\/#breadcrumb\"},\"inLanguage\":\"es\",\"potentialAction\":[{\"@type\":\"ReadAction\",\"target\":[\"https:\/\/experienciadevida.com.ar\/portalurbano\/la-afi-ya-no-tiene-facultades-represivas-policiales-y-de-investigacion\/\"]}]},{\"@type\":\"BreadcrumbList\",\"@id\":\"https:\/\/experienciadevida.com.ar\/portalurbano\/la-afi-ya-no-tiene-facultades-represivas-policiales-y-de-investigacion\/#breadcrumb\",\"itemListElement\":[{\"@type\":\"ListItem\",\"position\":1,\"name\":\"Portada\",\"item\":\"https:\/\/experienciadevida.com.ar\/portalurbano\/\"},{\"@type\":\"ListItem\",\"position\":2,\"name\":\"La AFI ya no tiene facultades \u00abrepresivas, policiales y de investigaci\u00f3n\u00bb\"}]},{\"@type\":\"WebSite\",\"@id\":\"https:\/\/experienciadevida.com.ar\/portalurbano\/#website\",\"url\":\"https:\/\/experienciadevida.com.ar\/portalurbano\/\",\"name\":\"\",\"description\":\"\",\"publisher\":{\"@id\":\"https:\/\/experienciadevida.com.ar\/portalurbano\/#organization\"},\"potentialAction\":[{\"@type\":\"SearchAction\",\"target\":{\"@type\":\"EntryPoint\",\"urlTemplate\":\"https:\/\/experienciadevida.com.ar\/portalurbano\/?s={search_term_string}\"},\"query-input\":\"required name=search_term_string\"}],\"inLanguage\":\"es\"},{\"@type\":\"Organization\",\"@id\":\"https:\/\/experienciadevida.com.ar\/portalurbano\/#organization\",\"name\":\"Portal Urbano\",\"url\":\"https:\/\/experienciadevida.com.ar\/portalurbano\/\",\"logo\":{\"@type\":\"ImageObject\",\"inLanguage\":\"es\",\"@id\":\"https:\/\/experienciadevida.com.ar\/portalurbano\/#\/schema\/logo\/image\/\",\"url\":\"https:\/\/experienciadevida.com.ar\/portalurbano\/wp-content\/uploads\/2019\/09\/Logo-Original.png\",\"contentUrl\":\"https:\/\/experienciadevida.com.ar\/portalurbano\/wp-content\/uploads\/2019\/09\/Logo-Original.png\",\"width\":2236,\"height\":1216,\"caption\":\"Portal Urbano\"},\"image\":{\"@id\":\"https:\/\/experienciadevida.com.ar\/portalurbano\/#\/schema\/logo\/image\/\"},\"sameAs\":[\"https:\/\/www.facebook.com\/Portal-Urbano-171542830093757\/\",\"https:\/\/twitter.com\/portalurbanook\",\"https:\/\/www.instagram.com\/_portalurbano\/\",\"https:\/\/www.youtube.com\/channel\/UCXhagIfszH8KxFiOok79zbA?view_as=subscriber\"]},{\"@type\":\"Person\",\"@id\":\"https:\/\/experienciadevida.com.ar\/portalurbano\/#\/schema\/person\/02dd326b1c4b056e9cc972486934a3a7\",\"name\":\"admpu17wp\",\"image\":{\"@type\":\"ImageObject\",\"inLanguage\":\"es\",\"@id\":\"https:\/\/experienciadevida.com.ar\/portalurbano\/#\/schema\/person\/image\/\",\"url\":\"https:\/\/secure.gravatar.com\/avatar\/830d4c57adaae6630765e449a6908047?s=96&d=mm&r=g\",\"contentUrl\":\"https:\/\/secure.gravatar.com\/avatar\/830d4c57adaae6630765e449a6908047?s=96&d=mm&r=g\",\"caption\":\"admpu17wp\"}}]}<\/script>\n<!-- \/ Yoast SEO plugin. -->","yoast_head_json":{"title":"La AFI ya no tiene facultades \"represivas, policiales y de investigaci\u00f3n\" -","robots":{"index":"index","follow":"follow","max-snippet":"max-snippet:-1","max-image-preview":"max-image-preview:large","max-video-preview":"max-video-preview:-1"},"canonical":"https:\/\/experienciadevida.com.ar\/portalurbano\/la-afi-ya-no-tiene-facultades-represivas-policiales-y-de-investigacion\/","og_locale":"es_ES","og_type":"article","og_title":"La AFI ya no tiene facultades \"represivas, policiales y de investigaci\u00f3n\" -","og_description":"El decreto de Alberto Fern\u00e1ndez fue anunciado este jueves, en el bolet\u00edn oficial. A su...","og_url":"https:\/\/experienciadevida.com.ar\/portalurbano\/la-afi-ya-no-tiene-facultades-represivas-policiales-y-de-investigacion\/","article_publisher":"https:\/\/www.facebook.com\/Portal-Urbano-171542830093757\/","article_published_time":"2020-03-05T14:37:30+00:00","article_modified_time":"2020-03-05T14:37:48+00:00","og_image":[{"width":765,"height":434,"url":"https:\/\/experienciadevida.com.ar\/portalurbano\/wp-content\/uploads\/2020\/03\/AFI.jpg","type":"image\/jpeg"}],"author":"admpu17wp","twitter_card":"summary_large_image","twitter_creator":"@portalurbanook","twitter_site":"@portalurbanook","twitter_misc":{"Escrito por":"admpu17wp","Tiempo de lectura":"6 minutos"},"schema":{"@context":"https:\/\/schema.org","@graph":[{"@type":"Article","@id":"https:\/\/experienciadevida.com.ar\/portalurbano\/la-afi-ya-no-tiene-facultades-represivas-policiales-y-de-investigacion\/#article","isPartOf":{"@id":"https:\/\/experienciadevida.com.ar\/portalurbano\/la-afi-ya-no-tiene-facultades-represivas-policiales-y-de-investigacion\/"},"author":{"name":"admpu17wp","@id":"https:\/\/experienciadevida.com.ar\/portalurbano\/#\/schema\/person\/02dd326b1c4b056e9cc972486934a3a7"},"headline":"La AFI ya no tiene facultades &#8220;represivas, policiales y de investigaci\u00f3n&#8221;","datePublished":"2020-03-05T14:37:30+00:00","dateModified":"2020-03-05T14:37:48+00:00","mainEntityOfPage":{"@id":"https:\/\/experienciadevida.com.ar\/portalurbano\/la-afi-ya-no-tiene-facultades-represivas-policiales-y-de-investigacion\/"},"wordCount":1213,"commentCount":0,"publisher":{"@id":"https:\/\/experienciadevida.com.ar\/portalurbano\/#organization"},"articleSection":["Naci\u00f3n"],"inLanguage":"es","potentialAction":[{"@type":"CommentAction","name":"Comment","target":["https:\/\/experienciadevida.com.ar\/portalurbano\/la-afi-ya-no-tiene-facultades-represivas-policiales-y-de-investigacion\/#respond"]}]},{"@type":"WebPage","@id":"https:\/\/experienciadevida.com.ar\/portalurbano\/la-afi-ya-no-tiene-facultades-represivas-policiales-y-de-investigacion\/","url":"https:\/\/experienciadevida.com.ar\/portalurbano\/la-afi-ya-no-tiene-facultades-represivas-policiales-y-de-investigacion\/","name":"La AFI ya no tiene facultades \"represivas, policiales y de investigaci\u00f3n\" -","isPartOf":{"@id":"https:\/\/experienciadevida.com.ar\/portalurbano\/#website"},"datePublished":"2020-03-05T14:37:30+00:00","dateModified":"2020-03-05T14:37:48+00:00","breadcrumb":{"@id":"https:\/\/experienciadevida.com.ar\/portalurbano\/la-afi-ya-no-tiene-facultades-represivas-policiales-y-de-investigacion\/#breadcrumb"},"inLanguage":"es","potentialAction":[{"@type":"ReadAction","target":["https:\/\/experienciadevida.com.ar\/portalurbano\/la-afi-ya-no-tiene-facultades-represivas-policiales-y-de-investigacion\/"]}]},{"@type":"BreadcrumbList","@id":"https:\/\/experienciadevida.com.ar\/portalurbano\/la-afi-ya-no-tiene-facultades-represivas-policiales-y-de-investigacion\/#breadcrumb","itemListElement":[{"@type":"ListItem","position":1,"name":"Portada","item":"https:\/\/experienciadevida.com.ar\/portalurbano\/"},{"@type":"ListItem","position":2,"name":"La AFI ya no tiene facultades \u00abrepresivas, policiales y de investigaci\u00f3n\u00bb"}]},{"@type":"WebSite","@id":"https:\/\/experienciadevida.com.ar\/portalurbano\/#website","url":"https:\/\/experienciadevida.com.ar\/portalurbano\/","name":"","description":"","publisher":{"@id":"https:\/\/experienciadevida.com.ar\/portalurbano\/#organization"},"potentialAction":[{"@type":"SearchAction","target":{"@type":"EntryPoint","urlTemplate":"https:\/\/experienciadevida.com.ar\/portalurbano\/?s={search_term_string}"},"query-input":"required name=search_term_string"}],"inLanguage":"es"},{"@type":"Organization","@id":"https:\/\/experienciadevida.com.ar\/portalurbano\/#organization","name":"Portal Urbano","url":"https:\/\/experienciadevida.com.ar\/portalurbano\/","logo":{"@type":"ImageObject","inLanguage":"es","@id":"https:\/\/experienciadevida.com.ar\/portalurbano\/#\/schema\/logo\/image\/","url":"https:\/\/experienciadevida.com.ar\/portalurbano\/wp-content\/uploads\/2019\/09\/Logo-Original.png","contentUrl":"https:\/\/experienciadevida.com.ar\/portalurbano\/wp-content\/uploads\/2019\/09\/Logo-Original.png","width":2236,"height":1216,"caption":"Portal Urbano"},"image":{"@id":"https:\/\/experienciadevida.com.ar\/portalurbano\/#\/schema\/logo\/image\/"},"sameAs":["https:\/\/www.facebook.com\/Portal-Urbano-171542830093757\/","https:\/\/twitter.com\/portalurbanook","https:\/\/www.instagram.com\/_portalurbano\/","https:\/\/www.youtube.com\/channel\/UCXhagIfszH8KxFiOok79zbA?view_as=subscriber"]},{"@type":"Person","@id":"https:\/\/experienciadevida.com.ar\/portalurbano\/#\/schema\/person\/02dd326b1c4b056e9cc972486934a3a7","name":"admpu17wp","image":{"@type":"ImageObject","inLanguage":"es","@id":"https:\/\/experienciadevida.com.ar\/portalurbano\/#\/schema\/person\/image\/","url":"https:\/\/secure.gravatar.com\/avatar\/830d4c57adaae6630765e449a6908047?s=96&d=mm&r=g","contentUrl":"https:\/\/secure.gravatar.com\/avatar\/830d4c57adaae6630765e449a6908047?s=96&d=mm&r=g","caption":"admpu17wp"}}]}},"featured_image_urls":{"full":["https:\/\/experienciadevida.com.ar\/portalurbano\/wp-content\/uploads\/2020\/03\/AFI.jpg",765,434,false],"thumbnail":["https:\/\/experienciadevida.com.ar\/portalurbano\/wp-content\/uploads\/2020\/03\/AFI-150x150.jpg",150,150,true],"medium":["https:\/\/experienciadevida.com.ar\/portalurbano\/wp-content\/uploads\/2020\/03\/AFI-300x170.jpg",300,170,true],"medium_large":["https:\/\/experienciadevida.com.ar\/portalurbano\/wp-content\/uploads\/2020\/03\/AFI.jpg",640,363,false],"large":["https:\/\/experienciadevida.com.ar\/portalurbano\/wp-content\/uploads\/2020\/03\/AFI.jpg",640,363,false],"ug_big":["https:\/\/experienciadevida.com.ar\/portalurbano\/wp-content\/uploads\/2020\/03\/AFI.jpg",765,434,false],"1536x1536":["https:\/\/experienciadevida.com.ar\/portalurbano\/wp-content\/uploads\/2020\/03\/AFI.jpg",765,434,false],"2048x2048":["https:\/\/experienciadevida.com.ar\/portalurbano\/wp-content\/uploads\/2020\/03\/AFI.jpg",765,434,false],"newsever-slider-full":["https:\/\/experienciadevida.com.ar\/portalurbano\/wp-content\/uploads\/2020\/03\/AFI.jpg",765,434,false],"newsever-featured":["https:\/\/experienciadevida.com.ar\/portalurbano\/wp-content\/uploads\/2020\/03\/AFI.jpg",765,434,false],"newsever-medium":["https:\/\/experienciadevida.com.ar\/portalurbano\/wp-content\/uploads\/2020\/03\/AFI.jpg",720,408,false],"web-stories-poster-portrait":["https:\/\/experienciadevida.com.ar\/portalurbano\/wp-content\/uploads\/2020\/03\/AFI.jpg",640,363,false],"web-stories-publisher-logo":["https:\/\/experienciadevida.com.ar\/portalurbano\/wp-content\/uploads\/2020\/03\/AFI.jpg",96,54,false],"web-stories-thumbnail":["https:\/\/experienciadevida.com.ar\/portalurbano\/wp-content\/uploads\/2020\/03\/AFI.jpg",150,85,false]},"author_info":{"display_name":"admpu17wp","author_link":"https:\/\/experienciadevida.com.ar\/portalurbano\/author\/admpu17wp\/"},"category_info":"<a href=\"https:\/\/experienciadevida.com.ar\/portalurbano\/category\/nacion\/\" rel=\"category tag\">Naci\u00f3n<\/a>","tag_info":"Naci\u00f3n","comment_count":"0","amp_enabled":true,"_links":{"self":[{"href":"https:\/\/experienciadevida.com.ar\/portalurbano\/wp-json\/wp\/v2\/posts\/103219"}],"collection":[{"href":"https:\/\/experienciadevida.com.ar\/portalurbano\/wp-json\/wp\/v2\/posts"}],"about":[{"href":"https:\/\/experienciadevida.com.ar\/portalurbano\/wp-json\/wp\/v2\/types\/post"}],"author":[{"embeddable":true,"href":"https:\/\/experienciadevida.com.ar\/portalurbano\/wp-json\/wp\/v2\/users\/1"}],"replies":[{"embeddable":true,"href":"https:\/\/experienciadevida.com.ar\/portalurbano\/wp-json\/wp\/v2\/comments?post=103219"}],"version-history":[{"count":1,"href":"https:\/\/experienciadevida.com.ar\/portalurbano\/wp-json\/wp\/v2\/posts\/103219\/revisions"}],"predecessor-version":[{"id":103221,"href":"https:\/\/experienciadevida.com.ar\/portalurbano\/wp-json\/wp\/v2\/posts\/103219\/revisions\/103221"}],"wp:featuredmedia":[{"embeddable":true,"href":"https:\/\/experienciadevida.com.ar\/portalurbano\/wp-json\/wp\/v2\/media\/103220"}],"wp:attachment":[{"href":"https:\/\/experienciadevida.com.ar\/portalurbano\/wp-json\/wp\/v2\/media?parent=103219"}],"wp:term":[{"taxonomy":"category","embeddable":true,"href":"https:\/\/experienciadevida.com.ar\/portalurbano\/wp-json\/wp\/v2\/categories?post=103219"},{"taxonomy":"post_tag","embeddable":true,"href":"https:\/\/experienciadevida.com.ar\/portalurbano\/wp-json\/wp\/v2\/tags?post=103219"}],"curies":[{"name":"wp","href":"https:\/\/api.w.org\/{rel}","templated":true}]}}